{"id":50879,"date":"2020-11-18T11:30:19","date_gmt":"2020-11-18T17:30:19","guid":{"rendered":"https:\/\/reporteroshoy.mx\/noticias\/?p=50879"},"modified":"2020-11-19T22:26:02","modified_gmt":"2020-11-20T04:26:02","slug":"protestan-en-alemania-contra-restricciones-por-covid-19","status":"publish","type":"post","link":"https:\/\/reporteroshoy.mx\/noticias\/protestan-en-alemania-contra-restricciones-por-covid-19\/","title":{"rendered":"Protestan en Alemania contra restricciones por COVID-19"},"content":{"rendered":"<p style=\"text-align: justify;\">Alemania; 18 de noviembre de 2020 (Exc\u00e9lsior).- La polic\u00eda alemana\u00a0dispers\u00f3 este mi\u00e9rcoles con\u00a0ca\u00f1ones de agua\u00a0una\u00a0manifestaci\u00f3n\u00a0para protestar contra las\u00a0medidas restrictivas\u00a0impuestas debido a la\u00a0pandemia\u00a0de\u00a0coronavirus, ante la\u00a0negativa\u00a0de los\u00a0presentes\u00a0a ponerse el\u00a0cubrebocas, seg\u00fan reportes de prensa.<\/p>\n<p style=\"text-align: justify;\">Poco antes, la\u00a0polic\u00eda\u00a0hab\u00eda ordenado la\u00a0disoluci\u00f3n\u00a0de esta\u00a0concentraci\u00f3n\u00a0de entre\u00a05 mil y 10 mil personas, cerca de la puerta de\u00a0Brandemburgo, en el coraz\u00f3n de la\u00a0capital alemana, tras haberles instado sin \u00e9xito a que respetaran las\u00a0medidas sanitarias.<\/p>\n<p><img loading=\"lazy\" decoding=\"async\" class=\"wp-image-50880 aligncenter\" src=\"https:\/\/reporteroshoy.mx\/noticias\/wp-content\/uploads\/2020\/11\/Alemania.jpg\" alt=\"\" width=\"600\" height=\"338\" \/><\/p>\n<p style=\"text-align: justify;\">Los manifestantes portaban pancartas donde se pod\u00eda ver a pol\u00edticos alemanes, incluida la canciller Angela Merkel, vestidos como presos y con un letrero de \u00abculpables\u00bb.<\/p>\n<p style=\"text-align: justify;\">En foros de Internet, se compararon las medidas del gobierno a la Ley Habilitante de 1933 que entreg\u00f3 poderes excepcionales al l\u00edder nazi Adolf Hitler.<\/p>\n","protected":false},"excerpt":{"rendered":"<p>Entre 5 mil y 10 mil personas protestaron sin cubrebocas en Berl\u00edn contra las medidas restrictivas impuestas debido a la pandemia.<\/p>\n","protected":false},"author":9,"featured_media":50880,"comment_status":"open","ping_status":"closed","sticky":false,"template":"","format":"standard","meta":{"footnotes":""},"categories":[10],"tags":[1963,9849,257,10754],"class_list":["post-50879","post","type-post","status-publish","format-standard","has-post-thumbnail","hentry","category-internacional","tag-alemania","tag-covid-19","tag-protesta","tag-restricciones"],"yoast_head":"<!-- This site is optimized with the Yoast SEO plugin v28.4 - https:\/\/yoast.com\/product\/yoast-seo-wordpress\/ -->\n<title>Protestan en Alemania contra restricciones por COVID-19<\/title>\n<meta name=\"description\" content=\"Entre 5 mil y 10 mil personas protestaron sin cubrebocas en Berl\u00edn contra las medidas restrictivas impuestas debido a la pandemia.\" \/>\n<meta name=\"robots\" content=\"index, follow, max-snippet:-1, max-image-preview:large, max-video-preview:-1\" \/>\n<link rel=\"canonical\" href=\"https:\/\/reporteroshoy.mx\/noticias\/protestan-en-alemania-contra-restricciones-por-covid-19\/\" \/>\n<meta property=\"og:locale\" content=\"es_ES\" \/>\n<meta property=\"og:type\" content=\"article\" \/>\n<meta property=\"og:title\" content=\"Protestan en Alemania contra restricciones por COVID-19\" \/>\n<meta property=\"og:description\" content=\"Entre 5 mil y 10 mil personas protestaron sin cubrebocas en Berl\u00edn contra las medidas restrictivas impuestas debido a la pandemia.\" \/>\n<meta property=\"og:url\" content=\"https:\/\/reporteroshoy.mx\/noticias\/protestan-en-alemania-contra-restricciones-por-covid-19\/\" \/>\n<meta property=\"og:site_name\" content=\"Reporteros Hoy | Noticias de Yucat\u00e1n\" \/>\n<meta property=\"article:publisher\" content=\"http:\/\/www.facebook.com\/reporteroshoymx\" \/>\n<meta property=\"article:published_time\" content=\"2020-11-18T17:30:19+00:00\" \/>\n<meta property=\"article:modified_time\" content=\"2020-11-20T04:26:02+00:00\" \/>\n<meta property=\"og:image\" content=\"https:\/\/reporteroshoy.mx\/noticias\/wp-content\/uploads\/2020\/11\/Alemania.jpg\" \/>\n\t<meta property=\"og:image:width\" content=\"768\" \/>\n\t<meta property=\"og:image:height\" content=\"432\" \/>\n\t<meta property=\"og:image:type\" content=\"image\/jpeg\" \/>\n<meta name=\"author\" content=\"Reporteros Hoy WP\" \/>\n<meta name=\"twitter:card\" content=\"summary_large_image\" \/>\n<meta name=\"twitter:creator\" content=\"@reporteroshoy\" \/>\n<meta name=\"twitter:site\" content=\"@reporteroshoy\" \/>\n<meta name=\"twitter:label1\" content=\"Escrito por\" \/>\n\t<meta name=\"twitter:data1\" content=\"Reporteros Hoy WP\" \/>\n\t<meta name=\"twitter:label2\" content=\"Tiempo de lectura\" \/>\n\t<meta name=\"twitter:data2\" content=\"1 minuto\" \/>\n<script type=\"application\/ld+json\" class=\"yoast-schema-graph\">{\"@context\":\"https:\\\/\\\/schema.org\",\"@graph\":[{\"@type\":\"Article\",\"@id\":\"https:\\\/\\\/reporteroshoy.mx\\\/noticias\\\/protestan-en-alemania-contra-restricciones-por-covid-19\\\/#article\",\"isPartOf\":{\"@id\":\"https:\\\/\\\/reporteroshoy.mx\\\/noticias\\\/protestan-en-alemania-contra-restricciones-por-covid-19\\\/\"},\"author\":{\"name\":\"Reporteros Hoy WP\",\"@id\":\"https:\\\/\\\/reporteroshoy.mx\\\/noticias\\\/#\\\/schema\\\/person\\\/c977527e57c958a62c5cefe8fe47876e\"},\"headline\":\"Protestan en Alemania contra restricciones por COVID-19\",\"datePublished\":\"2020-11-18T17:30:19+00:00\",\"dateModified\":\"2020-11-20T04:26:02+00:00\",\"mainEntityOfPage\":{\"@id\":\"https:\\\/\\\/reporteroshoy.mx\\\/noticias\\\/protestan-en-alemania-contra-restricciones-por-covid-19\\\/\"},\"wordCount\":156,\"commentCount\":0,\"image\":{\"@id\":\"https:\\\/\\\/reporteroshoy.mx\\\/noticias\\\/protestan-en-alemania-contra-restricciones-por-covid-19\\\/#primaryimage\"},\"thumbnailUrl\":\"https:\\\/\\\/reporteroshoy.mx\\\/noticias\\\/wp-content\\\/uploads\\\/2020\\\/11\\\/Alemania.jpg\",\"keywords\":[\"Alemania\",\"Covid-19\",\"Protesta\",\"Restricciones\"],\"articleSection\":[\"Internacional\"],\"inLanguage\":\"es\",\"potentialAction\":[{\"@type\":\"CommentAction\",\"name\":\"Comment\",\"target\":[\"https:\\\/\\\/reporteroshoy.mx\\\/noticias\\\/protestan-en-alemania-contra-restricciones-por-covid-19\\\/#respond\"]}]},{\"@type\":\"WebPage\",\"@id\":\"https:\\\/\\\/reporteroshoy.mx\\\/noticias\\\/protestan-en-alemania-contra-restricciones-por-covid-19\\\/\",\"url\":\"https:\\\/\\\/reporteroshoy.mx\\\/noticias\\\/protestan-en-alemania-contra-restricciones-por-covid-19\\\/\",\"name\":\"Protestan en Alemania contra restricciones por COVID-19\",\"isPartOf\":{\"@id\":\"https:\\\/\\\/reporteroshoy.mx\\\/noticias\\\/#website\"},\"primaryImageOfPage\":{\"@id\":\"https:\\\/\\\/reporteroshoy.mx\\\/noticias\\\/protestan-en-alemania-contra-restricciones-por-covid-19\\\/#primaryimage\"},\"image\":{\"@id\":\"https:\\\/\\\/reporteroshoy.mx\\\/noticias\\\/protestan-en-alemania-contra-restricciones-por-covid-19\\\/#primaryimage\"},\"thumbnailUrl\":\"https:\\\/\\\/reporteroshoy.mx\\\/noticias\\\/wp-content\\\/uploads\\\/2020\\\/11\\\/Alemania.jpg\",\"datePublished\":\"2020-11-18T17:30:19+00:00\",\"dateModified\":\"2020-11-20T04:26:02+00:00\",\"author\":{\"@id\":\"https:\\\/\\\/reporteroshoy.mx\\\/noticias\\\/#\\\/schema\\\/person\\\/c977527e57c958a62c5cefe8fe47876e\"},\"description\":\"Entre 5 mil y 10 mil personas protestaron sin cubrebocas en Berl\u00edn contra las medidas restrictivas impuestas debido a la pandemia.\",\"breadcrumb\":{\"@id\":\"https:\\\/\\\/reporteroshoy.mx\\\/noticias\\\/protestan-en-alemania-contra-restricciones-por-covid-19\\\/#breadcrumb\"},\"inLanguage\":\"es\",\"potentialAction\":[{\"@type\":\"ReadAction\",\"target\":[\"https:\\\/\\\/reporteroshoy.mx\\\/noticias\\\/protestan-en-alemania-contra-restricciones-por-covid-19\\\/\"]}]},{\"@type\":\"ImageObject\",\"inLanguage\":\"es\",\"@id\":\"https:\\\/\\\/reporteroshoy.mx\\\/noticias\\\/protestan-en-alemania-contra-restricciones-por-covid-19\\\/#primaryimage\",\"url\":\"https:\\\/\\\/reporteroshoy.mx\\\/noticias\\\/wp-content\\\/uploads\\\/2020\\\/11\\\/Alemania.jpg\",\"contentUrl\":\"https:\\\/\\\/reporteroshoy.mx\\\/noticias\\\/wp-content\\\/uploads\\\/2020\\\/11\\\/Alemania.jpg\",\"width\":768,\"height\":432},{\"@type\":\"BreadcrumbList\",\"@id\":\"https:\\\/\\\/reporteroshoy.mx\\\/noticias\\\/protestan-en-alemania-contra-restricciones-por-covid-19\\\/#breadcrumb\",\"itemListElement\":[{\"@type\":\"ListItem\",\"position\":1,\"name\":\"Portada\",\"item\":\"https:\\\/\\\/reporteroshoy.mx\\\/noticias\\\/\"},{\"@type\":\"ListItem\",\"position\":2,\"name\":\"Protestan en Alemania contra restricciones por COVID-19\"}]},{\"@type\":\"WebSite\",\"@id\":\"https:\\\/\\\/reporteroshoy.mx\\\/noticias\\\/#website\",\"url\":\"https:\\\/\\\/reporteroshoy.mx\\\/noticias\\\/\",\"name\":\"Reporteros Hoy | Noticias de Yucat\u00e1n\",\"description\":\"Peri\u00f3dico digital con noticias diarias desde M\u00e9rida, Yucat\u00e1n para el mundo.\",\"potentialAction\":[{\"@type\":\"SearchAction\",\"target\":{\"@type\":\"EntryPoint\",\"urlTemplate\":\"https:\\\/\\\/reporteroshoy.mx\\\/noticias\\\/?s={search_term_string}\"},\"query-input\":{\"@type\":\"PropertyValueSpecification\",\"valueRequired\":true,\"valueName\":\"search_term_string\"}}],\"inLanguage\":\"es\"},{\"@type\":\"Person\",\"@id\":\"https:\\\/\\\/reporteroshoy.mx\\\/noticias\\\/#\\\/schema\\\/person\\\/c977527e57c958a62c5cefe8fe47876e\",\"name\":\"Reporteros Hoy WP\",\"image\":{\"@type\":\"ImageObject\",\"inLanguage\":\"es\",\"@id\":\"https:\\\/\\\/secure.gravatar.com\\\/avatar\\\/fd2917f79a7dae30f8ac9ddc2f35e1756bb59e25e01d1cd09deaa64df7b2f73e?s=96&d=mm&r=g\",\"url\":\"https:\\\/\\\/secure.gravatar.com\\\/avatar\\\/fd2917f79a7dae30f8ac9ddc2f35e1756bb59e25e01d1cd09deaa64df7b2f73e?s=96&d=mm&r=g\",\"contentUrl\":\"https:\\\/\\\/secure.gravatar.com\\\/avatar\\\/fd2917f79a7dae30f8ac9ddc2f35e1756bb59e25e01d1cd09deaa64df7b2f73e?s=96&d=mm&r=g\",\"caption\":\"Reporteros Hoy WP\"},\"url\":\"https:\\\/\\\/reporteroshoy.mx\\\/noticias\\\/author\\\/walfer\\\/\"}]}<\/script>\n<!-- \/ Yoast SEO plugin. -->","yoast_head_json":{"title":"Protestan en Alemania contra restricciones por COVID-19","description":"Entre 5 mil y 10 mil personas protestaron sin cubrebocas en Berl\u00edn contra las medidas restrictivas impuestas debido a la pandemia.","robots":{"index":"index","follow":"follow","max-snippet":"max-snippet:-1","max-image-preview":"max-image-preview:large","max-video-preview":"max-video-preview:-1"},"canonical":"https:\/\/reporteroshoy.mx\/noticias\/protestan-en-alemania-contra-restricciones-por-covid-19\/","og_locale":"es_ES","og_type":"article","og_title":"Protestan en Alemania contra restricciones por COVID-19","og_description":"Entre 5 mil y 10 mil personas protestaron sin cubrebocas en Berl\u00edn contra las medidas restrictivas impuestas debido a la pandemia.","og_url":"https:\/\/reporteroshoy.mx\/noticias\/protestan-en-alemania-contra-restricciones-por-covid-19\/","og_site_name":"Reporteros Hoy | Noticias de Yucat\u00e1n","article_publisher":"http:\/\/www.facebook.com\/reporteroshoymx","article_published_time":"2020-11-18T17:30:19+00:00","article_modified_time":"2020-11-20T04:26:02+00:00","og_image":[{"width":768,"height":432,"url":"https:\/\/reporteroshoy.mx\/noticias\/wp-content\/uploads\/2020\/11\/Alemania.jpg","type":"image\/jpeg"}],"author":"Reporteros Hoy WP","twitter_card":"summary_large_image","twitter_creator":"@reporteroshoy","twitter_site":"@reporteroshoy","twitter_misc":{"Escrito por":"Reporteros Hoy WP","Tiempo de lectura":"1 minuto"},"schema":{"@context":"https:\/\/schema.org","@graph":[{"@type":"Article","@id":"https:\/\/reporteroshoy.mx\/noticias\/protestan-en-alemania-contra-restricciones-por-covid-19\/#article","isPartOf":{"@id":"https:\/\/reporteroshoy.mx\/noticias\/protestan-en-alemania-contra-restricciones-por-covid-19\/"},"author":{"name":"Reporteros Hoy WP","@id":"https:\/\/reporteroshoy.mx\/noticias\/#\/schema\/person\/c977527e57c958a62c5cefe8fe47876e"},"headline":"Protestan en Alemania contra restricciones por COVID-19","datePublished":"2020-11-18T17:30:19+00:00","dateModified":"2020-11-20T04:26:02+00:00","mainEntityOfPage":{"@id":"https:\/\/reporteroshoy.mx\/noticias\/protestan-en-alemania-contra-restricciones-por-covid-19\/"},"wordCount":156,"commentCount":0,"image":{"@id":"https:\/\/reporteroshoy.mx\/noticias\/protestan-en-alemania-contra-restricciones-por-covid-19\/#primaryimage"},"thumbnailUrl":"https:\/\/reporteroshoy.mx\/noticias\/wp-content\/uploads\/2020\/11\/Alemania.jpg","keywords":["Alemania","Covid-19","Protesta","Restricciones"],"articleSection":["Internacional"],"inLanguage":"es","potentialAction":[{"@type":"CommentAction","name":"Comment","target":["https:\/\/reporteroshoy.mx\/noticias\/protestan-en-alemania-contra-restricciones-por-covid-19\/#respond"]}]},{"@type":"WebPage","@id":"https:\/\/reporteroshoy.mx\/noticias\/protestan-en-alemania-contra-restricciones-por-covid-19\/","url":"https:\/\/reporteroshoy.mx\/noticias\/protestan-en-alemania-contra-restricciones-por-covid-19\/","name":"Protestan en Alemania contra restricciones por COVID-19","isPartOf":{"@id":"https:\/\/reporteroshoy.mx\/noticias\/#website"},"primaryImageOfPage":{"@id":"https:\/\/reporteroshoy.mx\/noticias\/protestan-en-alemania-contra-restricciones-por-covid-19\/#primaryimage"},"image":{"@id":"https:\/\/reporteroshoy.mx\/noticias\/protestan-en-alemania-contra-restricciones-por-covid-19\/#primaryimage"},"thumbnailUrl":"https:\/\/reporteroshoy.mx\/noticias\/wp-content\/uploads\/2020\/11\/Alemania.jpg","datePublished":"2020-11-18T17:30:19+00:00","dateModified":"2020-11-20T04:26:02+00:00","author":{"@id":"https:\/\/reporteroshoy.mx\/noticias\/#\/schema\/person\/c977527e57c958a62c5cefe8fe47876e"},"description":"Entre 5 mil y 10 mil personas protestaron sin cubrebocas en Berl\u00edn contra las medidas restrictivas impuestas debido a la pandemia.","breadcrumb":{"@id":"https:\/\/reporteroshoy.mx\/noticias\/protestan-en-alemania-contra-restricciones-por-covid-19\/#breadcrumb"},"inLanguage":"es","potentialAction":[{"@type":"ReadAction","target":["https:\/\/reporteroshoy.mx\/noticias\/protestan-en-alemania-contra-restricciones-por-covid-19\/"]}]},{"@type":"ImageObject","inLanguage":"es","@id":"https:\/\/reporteroshoy.mx\/noticias\/protestan-en-alemania-contra-restricciones-por-covid-19\/#primaryimage","url":"https:\/\/reporteroshoy.mx\/noticias\/wp-content\/uploads\/2020\/11\/Alemania.jpg","contentUrl":"https:\/\/reporteroshoy.mx\/noticias\/wp-content\/uploads\/2020\/11\/Alemania.jpg","width":768,"height":432},{"@type":"BreadcrumbList","@id":"https:\/\/reporteroshoy.mx\/noticias\/protestan-en-alemania-contra-restricciones-por-covid-19\/#breadcrumb","itemListElement":[{"@type":"ListItem","position":1,"name":"Portada","item":"https:\/\/reporteroshoy.mx\/noticias\/"},{"@type":"ListItem","position":2,"name":"Protestan en Alemania contra restricciones por COVID-19"}]},{"@type":"WebSite","@id":"https:\/\/reporteroshoy.mx\/noticias\/#website","url":"https:\/\/reporteroshoy.mx\/noticias\/","name":"Reporteros Hoy | Noticias de Yucat\u00e1n","description":"Peri\u00f3dico digital con noticias diarias desde M\u00e9rida, Yucat\u00e1n para el mundo.","potentialAction":[{"@type":"SearchAction","target":{"@type":"EntryPoint","urlTemplate":"https:\/\/reporteroshoy.mx\/noticias\/?s={search_term_string}"},"query-input":{"@type":"PropertyValueSpecification","valueRequired":true,"valueName":"search_term_string"}}],"inLanguage":"es"},{"@type":"Person","@id":"https:\/\/reporteroshoy.mx\/noticias\/#\/schema\/person\/c977527e57c958a62c5cefe8fe47876e","name":"Reporteros Hoy WP","image":{"@type":"ImageObject","inLanguage":"es","@id":"https:\/\/secure.gravatar.com\/avatar\/fd2917f79a7dae30f8ac9ddc2f35e1756bb59e25e01d1cd09deaa64df7b2f73e?s=96&d=mm&r=g","url":"https:\/\/secure.gravatar.com\/avatar\/fd2917f79a7dae30f8ac9ddc2f35e1756bb59e25e01d1cd09deaa64df7b2f73e?s=96&d=mm&r=g","contentUrl":"https:\/\/secure.gravatar.com\/avatar\/fd2917f79a7dae30f8ac9ddc2f35e1756bb59e25e01d1cd09deaa64df7b2f73e?s=96&d=mm&r=g","caption":"Reporteros Hoy WP"},"url":"https:\/\/reporteroshoy.mx\/noticias\/author\/walfer\/"}]}},"_links":{"self":[{"href":"https:\/\/reporteroshoy.mx\/noticias\/wp-json\/wp\/v2\/posts\/50879","targetHints":{"allow":["GET"]}}],"collection":[{"href":"https:\/\/reporteroshoy.mx\/noticias\/wp-json\/wp\/v2\/posts"}],"about":[{"href":"https:\/\/reporteroshoy.mx\/noticias\/wp-json\/wp\/v2\/types\/post"}],"author":[{"embeddable":true,"href":"https:\/\/reporteroshoy.mx\/noticias\/wp-json\/wp\/v2\/users\/9"}],"replies":[{"embeddable":true,"href":"https:\/\/reporteroshoy.mx\/noticias\/wp-json\/wp\/v2\/comments?post=50879"}],"version-history":[{"count":0,"href":"https:\/\/reporteroshoy.mx\/noticias\/wp-json\/wp\/v2\/posts\/50879\/revisions"}],"wp:featuredmedia":[{"embeddable":true,"href":"https:\/\/reporteroshoy.mx\/noticias\/wp-json\/wp\/v2\/media\/50880"}],"wp:attachment":[{"href":"https:\/\/reporteroshoy.mx\/noticias\/wp-json\/wp\/v2\/media?parent=50879"}],"wp:term":[{"taxonomy":"category","embeddable":true,"href":"https:\/\/reporteroshoy.mx\/noticias\/wp-json\/wp\/v2\/categories?post=50879"},{"taxonomy":"post_tag","embeddable":true,"href":"https:\/\/reporteroshoy.mx\/noticias\/wp-json\/wp\/v2\/tags?post=50879"}],"curies":[{"name":"wp","href":"https:\/\/api.w.org\/{rel}","templated":true}]}}