{"id":51220,"date":"2020-11-23T15:00:02","date_gmt":"2020-11-23T21:00:02","guid":{"rendered":"https:\/\/reporteroshoy.mx\/noticias\/?p=51220"},"modified":"2020-11-24T12:57:29","modified_gmt":"2020-11-24T18:57:29","slug":"inundaciones-en-paso-deprimido-no-son-por-una-obra-mal-hecha-angelica-araujo","status":"publish","type":"post","link":"https:\/\/reporteroshoy.mx\/noticias\/inundaciones-en-paso-deprimido-no-son-por-una-obra-mal-hecha-angelica-araujo\/","title":{"rendered":"Inundaciones en \u2018paso deprimido\u2019 no son por una obra mal hecha: Ang\u00e9lica"},"content":{"rendered":"<p style=\"text-align: justify;\">M\u00e9rida, Yucat\u00e1n, 23 de noviembre de 2020 (ACOM). &#8211; La ex alcaldesa de M\u00e9rida, Ang\u00e9lica Araujo Lara, asegur\u00f3 que las inundaciones que se han registrado en el llamado \u2018paso deprimido\u2019 se deben a la falta de capacidad de la actual administraci\u00f3n municipal de resolver el problema y no a una obra mal hecha.<\/p>\n<p style=\"text-align: justify;\">Al reaparecer en un acto del PRI, la ex mun\u00edcipe asegur\u00f3 que la pol\u00e9mica obra que se ubica en el cruce de Circuito Colonias y Prolongaci\u00f3n de Paseo de Montejo, en su momento, cont\u00f3 con todos los estudios t\u00e9cnicos y permisos para su realizaci\u00f3n.<\/p>\n<p><img loading=\"lazy\" decoding=\"async\" class=\"alignnone size-full wp-image-51218\" src=\"https:\/\/reporteroshoy.mx\/noticias\/wp-content\/uploads\/2020\/11\/ANGELICA-ARAUJO.jpeg\" alt=\"\" width=\"768\" height=\"443\" \/><\/p>\n<p style=\"text-align: justify;\">\u201cEs lamentable, llevamos m\u00e1s de diez a\u00f1os que se realiz\u00f3 esta construcci\u00f3n estemos hablando de c\u00f3mo darles mantenimiento a unas bombas, de c\u00f3mo lograr el funcionamiento a una importante arteria vial como lo es Paseo de Montejo\u201d, apunt\u00f3.<\/p>\n<p style=\"text-align: justify;\">Afirm\u00f3 que la obra fue hecha por una empresa con reconocimiento internacional, la cual contin\u00faa realizando diferentes trabajos de infraestructura en la capital yucateca.<\/p>\n<p style=\"text-align: justify;\">\u201cA veces se recurre a estrategias netamente de car\u00e1cter pol\u00edtico para descalificar a una autoridad diferente al partido que nos gobierna, entonces, hay que entenderlo, as\u00ed la poblaci\u00f3n lo percibe y a m\u00ed la verdad me anima que los ciudadanos les exijan a sus autoridades que resuelvan, no s\u00f3lo ese tema, sino el del tianguis de los autom\u00f3viles, de las luminarias\u201d, expuso.<\/p>\n","protected":false},"excerpt":{"rendered":"<p>La ex alcaldesa de M\u00e9rida rompe el silencio sobre esta pol\u00e9mica vialidad que sigue bajo el agua por las lluvias. <\/p>\n","protected":false},"author":5,"featured_media":0,"comment_status":"open","ping_status":"closed","sticky":false,"template":"","format":"standard","meta":{"footnotes":""},"categories":[17],"tags":[15041,811,12250],"class_list":["post-51220","post","type-post","status-publish","format-standard","hentry","category-yucatan","tag-angelica-araujo-lara","tag-inundaciones","tag-paso-deprimido"],"yoast_head":"<!-- This site is optimized with the Yoast SEO plugin v28.3 - https:\/\/yoast.com\/product\/yoast-seo-wordpress\/ -->\n<title>Inundaciones en \u2018paso deprimido\u2019 no son por una obra mal hecha: Ang\u00e9lica Araujo<\/title>\n<meta name=\"description\" content=\"La ex alcaldesa de M\u00e9rida rompe el silencio sobre esta pol\u00e9mica vialidad que sigue bajo el agua por las lluvias.\" \/>\n<meta name=\"robots\" content=\"index, follow, max-snippet:-1, max-image-preview:large, max-video-preview:-1\" \/>\n<link rel=\"canonical\" href=\"https:\/\/reporteroshoy.mx\/noticias\/inundaciones-en-paso-deprimido-no-son-por-una-obra-mal-hecha-angelica-araujo\/\" \/>\n<meta property=\"og:locale\" content=\"es_ES\" \/>\n<meta property=\"og:type\" content=\"article\" \/>\n<meta property=\"og:title\" content=\"Inundaciones en \u2018paso deprimido\u2019 no son por una obra mal hecha: Ang\u00e9lica Araujo\" \/>\n<meta property=\"og:description\" content=\"La ex alcaldesa de M\u00e9rida rompe el silencio sobre esta pol\u00e9mica vialidad que sigue bajo el agua por las lluvias.\" \/>\n<meta property=\"og:url\" content=\"https:\/\/reporteroshoy.mx\/noticias\/inundaciones-en-paso-deprimido-no-son-por-una-obra-mal-hecha-angelica-araujo\/\" \/>\n<meta property=\"og:site_name\" content=\"Reporteros Hoy | Noticias de Yucat\u00e1n\" \/>\n<meta property=\"article:publisher\" content=\"http:\/\/www.facebook.com\/reporteroshoymx\" \/>\n<meta property=\"article:published_time\" content=\"2020-11-23T21:00:02+00:00\" \/>\n<meta property=\"article:modified_time\" content=\"2020-11-24T18:57:29+00:00\" \/>\n<meta property=\"og:image\" content=\"https:\/\/reporteroshoy.mx\/noticias\/wp-content\/uploads\/2020\/11\/ANGELICA-ARAUJO_.jpeg\" \/>\n\t<meta property=\"og:image:width\" content=\"768\" \/>\n\t<meta property=\"og:image:height\" content=\"486\" \/>\n\t<meta property=\"og:image:type\" content=\"image\/jpeg\" \/>\n<meta name=\"author\" content=\"Reporteros Hoy IM\" \/>\n<meta name=\"twitter:card\" content=\"summary_large_image\" \/>\n<meta name=\"twitter:creator\" content=\"@reporteroshoy\" \/>\n<meta name=\"twitter:site\" content=\"@reporteroshoy\" \/>\n<meta name=\"twitter:label1\" content=\"Escrito por\" \/>\n\t<meta name=\"twitter:data1\" content=\"Reporteros Hoy IM\" \/>\n\t<meta name=\"twitter:label2\" content=\"Tiempo de lectura\" \/>\n\t<meta name=\"twitter:data2\" content=\"1 minuto\" \/>\n<script type=\"application\/ld+json\" class=\"yoast-schema-graph\">{\"@context\":\"https:\\\/\\\/schema.org\",\"@graph\":[{\"@type\":\"Article\",\"@id\":\"https:\\\/\\\/reporteroshoy.mx\\\/noticias\\\/inundaciones-en-paso-deprimido-no-son-por-una-obra-mal-hecha-angelica-araujo\\\/#article\",\"isPartOf\":{\"@id\":\"https:\\\/\\\/reporteroshoy.mx\\\/noticias\\\/inundaciones-en-paso-deprimido-no-son-por-una-obra-mal-hecha-angelica-araujo\\\/\"},\"author\":{\"name\":\"Reporteros Hoy IM\",\"@id\":\"https:\\\/\\\/reporteroshoy.mx\\\/noticias\\\/#\\\/schema\\\/person\\\/948520f0d88b01be2e5266bc4acbbc15\"},\"headline\":\"Inundaciones en \u2018paso deprimido\u2019 no son por una obra mal hecha: Ang\u00e9lica\",\"datePublished\":\"2020-11-23T21:00:02+00:00\",\"dateModified\":\"2020-11-24T18:57:29+00:00\",\"mainEntityOfPage\":{\"@id\":\"https:\\\/\\\/reporteroshoy.mx\\\/noticias\\\/inundaciones-en-paso-deprimido-no-son-por-una-obra-mal-hecha-angelica-araujo\\\/\"},\"wordCount\":253,\"commentCount\":0,\"image\":{\"@id\":\"https:\\\/\\\/reporteroshoy.mx\\\/noticias\\\/inundaciones-en-paso-deprimido-no-son-por-una-obra-mal-hecha-angelica-araujo\\\/#primaryimage\"},\"thumbnailUrl\":\"https:\\\/\\\/reporteroshoy.mx\\\/noticias\\\/wp-content\\\/uploads\\\/2020\\\/11\\\/ANGELICA-ARAUJO.jpeg\",\"keywords\":[\"Ang\u00e9lica Araujo Lara\",\"Inundaciones\",\"paso deprimido\"],\"articleSection\":[\"Yucat\u00e1n\"],\"inLanguage\":\"es\",\"potentialAction\":[{\"@type\":\"CommentAction\",\"name\":\"Comment\",\"target\":[\"https:\\\/\\\/reporteroshoy.mx\\\/noticias\\\/inundaciones-en-paso-deprimido-no-son-por-una-obra-mal-hecha-angelica-araujo\\\/#respond\"]}]},{\"@type\":\"WebPage\",\"@id\":\"https:\\\/\\\/reporteroshoy.mx\\\/noticias\\\/inundaciones-en-paso-deprimido-no-son-por-una-obra-mal-hecha-angelica-araujo\\\/\",\"url\":\"https:\\\/\\\/reporteroshoy.mx\\\/noticias\\\/inundaciones-en-paso-deprimido-no-son-por-una-obra-mal-hecha-angelica-araujo\\\/\",\"name\":\"Inundaciones en \u2018paso deprimido\u2019 no son por una obra mal hecha: Ang\u00e9lica Araujo\",\"isPartOf\":{\"@id\":\"https:\\\/\\\/reporteroshoy.mx\\\/noticias\\\/#website\"},\"primaryImageOfPage\":{\"@id\":\"https:\\\/\\\/reporteroshoy.mx\\\/noticias\\\/inundaciones-en-paso-deprimido-no-son-por-una-obra-mal-hecha-angelica-araujo\\\/#primaryimage\"},\"image\":{\"@id\":\"https:\\\/\\\/reporteroshoy.mx\\\/noticias\\\/inundaciones-en-paso-deprimido-no-son-por-una-obra-mal-hecha-angelica-araujo\\\/#primaryimage\"},\"thumbnailUrl\":\"https:\\\/\\\/reporteroshoy.mx\\\/noticias\\\/wp-content\\\/uploads\\\/2020\\\/11\\\/ANGELICA-ARAUJO.jpeg\",\"datePublished\":\"2020-11-23T21:00:02+00:00\",\"dateModified\":\"2020-11-24T18:57:29+00:00\",\"author\":{\"@id\":\"https:\\\/\\\/reporteroshoy.mx\\\/noticias\\\/#\\\/schema\\\/person\\\/948520f0d88b01be2e5266bc4acbbc15\"},\"description\":\"La ex alcaldesa de M\u00e9rida rompe el silencio sobre esta pol\u00e9mica vialidad que sigue bajo el agua por las lluvias.\",\"breadcrumb\":{\"@id\":\"https:\\\/\\\/reporteroshoy.mx\\\/noticias\\\/inundaciones-en-paso-deprimido-no-son-por-una-obra-mal-hecha-angelica-araujo\\\/#breadcrumb\"},\"inLanguage\":\"es\",\"potentialAction\":[{\"@type\":\"ReadAction\",\"target\":[\"https:\\\/\\\/reporteroshoy.mx\\\/noticias\\\/inundaciones-en-paso-deprimido-no-son-por-una-obra-mal-hecha-angelica-araujo\\\/\"]}]},{\"@type\":\"ImageObject\",\"inLanguage\":\"es\",\"@id\":\"https:\\\/\\\/reporteroshoy.mx\\\/noticias\\\/inundaciones-en-paso-deprimido-no-son-por-una-obra-mal-hecha-angelica-araujo\\\/#primaryimage\",\"url\":\"https:\\\/\\\/reporteroshoy.mx\\\/noticias\\\/wp-content\\\/uploads\\\/2020\\\/11\\\/ANGELICA-ARAUJO.jpeg\",\"contentUrl\":\"https:\\\/\\\/reporteroshoy.mx\\\/noticias\\\/wp-content\\\/uploads\\\/2020\\\/11\\\/ANGELICA-ARAUJO.jpeg\",\"width\":768,\"height\":443},{\"@type\":\"BreadcrumbList\",\"@id\":\"https:\\\/\\\/reporteroshoy.mx\\\/noticias\\\/inundaciones-en-paso-deprimido-no-son-por-una-obra-mal-hecha-angelica-araujo\\\/#breadcrumb\",\"itemListElement\":[{\"@type\":\"ListItem\",\"position\":1,\"name\":\"Portada\",\"item\":\"https:\\\/\\\/reporteroshoy.mx\\\/noticias\\\/\"},{\"@type\":\"ListItem\",\"position\":2,\"name\":\"Inundaciones en \u2018paso deprimido\u2019 no son por una obra mal hecha: Ang\u00e9lica\"}]},{\"@type\":\"WebSite\",\"@id\":\"https:\\\/\\\/reporteroshoy.mx\\\/noticias\\\/#website\",\"url\":\"https:\\\/\\\/reporteroshoy.mx\\\/noticias\\\/\",\"name\":\"Reporteros Hoy | Noticias de Yucat\u00e1n\",\"description\":\"Peri\u00f3dico digital con noticias diarias desde M\u00e9rida, Yucat\u00e1n para el mundo.\",\"potentialAction\":[{\"@type\":\"SearchAction\",\"target\":{\"@type\":\"EntryPoint\",\"urlTemplate\":\"https:\\\/\\\/reporteroshoy.mx\\\/noticias\\\/?s={search_term_string}\"},\"query-input\":{\"@type\":\"PropertyValueSpecification\",\"valueRequired\":true,\"valueName\":\"search_term_string\"}}],\"inLanguage\":\"es\"},{\"@type\":\"Person\",\"@id\":\"https:\\\/\\\/reporteroshoy.mx\\\/noticias\\\/#\\\/schema\\\/person\\\/948520f0d88b01be2e5266bc4acbbc15\",\"name\":\"Reporteros Hoy IM\",\"image\":{\"@type\":\"ImageObject\",\"inLanguage\":\"es\",\"@id\":\"https:\\\/\\\/secure.gravatar.com\\\/avatar\\\/d843030b96552826ac048bdfe26f2895604b800ed0c880ee55765a74d95dfc65?s=96&d=mm&r=g\",\"url\":\"https:\\\/\\\/secure.gravatar.com\\\/avatar\\\/d843030b96552826ac048bdfe26f2895604b800ed0c880ee55765a74d95dfc65?s=96&d=mm&r=g\",\"contentUrl\":\"https:\\\/\\\/secure.gravatar.com\\\/avatar\\\/d843030b96552826ac048bdfe26f2895604b800ed0c880ee55765a74d95dfc65?s=96&d=mm&r=g\",\"caption\":\"Reporteros Hoy IM\"},\"url\":\"https:\\\/\\\/reporteroshoy.mx\\\/noticias\\\/author\\\/israel\\\/\"}]}<\/script>\n<!-- \/ Yoast SEO plugin. -->","yoast_head_json":{"title":"Inundaciones en \u2018paso deprimido\u2019 no son por una obra mal hecha: Ang\u00e9lica Araujo","description":"La ex alcaldesa de M\u00e9rida rompe el silencio sobre esta pol\u00e9mica vialidad que sigue bajo el agua por las lluvias.","robots":{"index":"index","follow":"follow","max-snippet":"max-snippet:-1","max-image-preview":"max-image-preview:large","max-video-preview":"max-video-preview:-1"},"canonical":"https:\/\/reporteroshoy.mx\/noticias\/inundaciones-en-paso-deprimido-no-son-por-una-obra-mal-hecha-angelica-araujo\/","og_locale":"es_ES","og_type":"article","og_title":"Inundaciones en \u2018paso deprimido\u2019 no son por una obra mal hecha: Ang\u00e9lica Araujo","og_description":"La ex alcaldesa de M\u00e9rida rompe el silencio sobre esta pol\u00e9mica vialidad que sigue bajo el agua por las lluvias.","og_url":"https:\/\/reporteroshoy.mx\/noticias\/inundaciones-en-paso-deprimido-no-son-por-una-obra-mal-hecha-angelica-araujo\/","og_site_name":"Reporteros Hoy | Noticias de Yucat\u00e1n","article_publisher":"http:\/\/www.facebook.com\/reporteroshoymx","article_published_time":"2020-11-23T21:00:02+00:00","article_modified_time":"2020-11-24T18:57:29+00:00","og_image":[{"width":768,"height":486,"url":"https:\/\/reporteroshoy.mx\/noticias\/wp-content\/uploads\/2020\/11\/ANGELICA-ARAUJO_.jpeg","type":"image\/jpeg"}],"author":"Reporteros Hoy IM","twitter_card":"summary_large_image","twitter_creator":"@reporteroshoy","twitter_site":"@reporteroshoy","twitter_misc":{"Escrito por":"Reporteros Hoy IM","Tiempo de lectura":"1 minuto"},"schema":{"@context":"https:\/\/schema.org","@graph":[{"@type":"Article","@id":"https:\/\/reporteroshoy.mx\/noticias\/inundaciones-en-paso-deprimido-no-son-por-una-obra-mal-hecha-angelica-araujo\/#article","isPartOf":{"@id":"https:\/\/reporteroshoy.mx\/noticias\/inundaciones-en-paso-deprimido-no-son-por-una-obra-mal-hecha-angelica-araujo\/"},"author":{"name":"Reporteros Hoy IM","@id":"https:\/\/reporteroshoy.mx\/noticias\/#\/schema\/person\/948520f0d88b01be2e5266bc4acbbc15"},"headline":"Inundaciones en \u2018paso deprimido\u2019 no son por una obra mal hecha: Ang\u00e9lica","datePublished":"2020-11-23T21:00:02+00:00","dateModified":"2020-11-24T18:57:29+00:00","mainEntityOfPage":{"@id":"https:\/\/reporteroshoy.mx\/noticias\/inundaciones-en-paso-deprimido-no-son-por-una-obra-mal-hecha-angelica-araujo\/"},"wordCount":253,"commentCount":0,"image":{"@id":"https:\/\/reporteroshoy.mx\/noticias\/inundaciones-en-paso-deprimido-no-son-por-una-obra-mal-hecha-angelica-araujo\/#primaryimage"},"thumbnailUrl":"https:\/\/reporteroshoy.mx\/noticias\/wp-content\/uploads\/2020\/11\/ANGELICA-ARAUJO.jpeg","keywords":["Ang\u00e9lica Araujo Lara","Inundaciones","paso deprimido"],"articleSection":["Yucat\u00e1n"],"inLanguage":"es","potentialAction":[{"@type":"CommentAction","name":"Comment","target":["https:\/\/reporteroshoy.mx\/noticias\/inundaciones-en-paso-deprimido-no-son-por-una-obra-mal-hecha-angelica-araujo\/#respond"]}]},{"@type":"WebPage","@id":"https:\/\/reporteroshoy.mx\/noticias\/inundaciones-en-paso-deprimido-no-son-por-una-obra-mal-hecha-angelica-araujo\/","url":"https:\/\/reporteroshoy.mx\/noticias\/inundaciones-en-paso-deprimido-no-son-por-una-obra-mal-hecha-angelica-araujo\/","name":"Inundaciones en \u2018paso deprimido\u2019 no son por una obra mal hecha: Ang\u00e9lica Araujo","isPartOf":{"@id":"https:\/\/reporteroshoy.mx\/noticias\/#website"},"primaryImageOfPage":{"@id":"https:\/\/reporteroshoy.mx\/noticias\/inundaciones-en-paso-deprimido-no-son-por-una-obra-mal-hecha-angelica-araujo\/#primaryimage"},"image":{"@id":"https:\/\/reporteroshoy.mx\/noticias\/inundaciones-en-paso-deprimido-no-son-por-una-obra-mal-hecha-angelica-araujo\/#primaryimage"},"thumbnailUrl":"https:\/\/reporteroshoy.mx\/noticias\/wp-content\/uploads\/2020\/11\/ANGELICA-ARAUJO.jpeg","datePublished":"2020-11-23T21:00:02+00:00","dateModified":"2020-11-24T18:57:29+00:00","author":{"@id":"https:\/\/reporteroshoy.mx\/noticias\/#\/schema\/person\/948520f0d88b01be2e5266bc4acbbc15"},"description":"La ex alcaldesa de M\u00e9rida rompe el silencio sobre esta pol\u00e9mica vialidad que sigue bajo el agua por las lluvias.","breadcrumb":{"@id":"https:\/\/reporteroshoy.mx\/noticias\/inundaciones-en-paso-deprimido-no-son-por-una-obra-mal-hecha-angelica-araujo\/#breadcrumb"},"inLanguage":"es","potentialAction":[{"@type":"ReadAction","target":["https:\/\/reporteroshoy.mx\/noticias\/inundaciones-en-paso-deprimido-no-son-por-una-obra-mal-hecha-angelica-araujo\/"]}]},{"@type":"ImageObject","inLanguage":"es","@id":"https:\/\/reporteroshoy.mx\/noticias\/inundaciones-en-paso-deprimido-no-son-por-una-obra-mal-hecha-angelica-araujo\/#primaryimage","url":"https:\/\/reporteroshoy.mx\/noticias\/wp-content\/uploads\/2020\/11\/ANGELICA-ARAUJO.jpeg","contentUrl":"https:\/\/reporteroshoy.mx\/noticias\/wp-content\/uploads\/2020\/11\/ANGELICA-ARAUJO.jpeg","width":768,"height":443},{"@type":"BreadcrumbList","@id":"https:\/\/reporteroshoy.mx\/noticias\/inundaciones-en-paso-deprimido-no-son-por-una-obra-mal-hecha-angelica-araujo\/#breadcrumb","itemListElement":[{"@type":"ListItem","position":1,"name":"Portada","item":"https:\/\/reporteroshoy.mx\/noticias\/"},{"@type":"ListItem","position":2,"name":"Inundaciones en \u2018paso deprimido\u2019 no son por una obra mal hecha: Ang\u00e9lica"}]},{"@type":"WebSite","@id":"https:\/\/reporteroshoy.mx\/noticias\/#website","url":"https:\/\/reporteroshoy.mx\/noticias\/","name":"Reporteros Hoy | Noticias de Yucat\u00e1n","description":"Peri\u00f3dico digital con noticias diarias desde M\u00e9rida, Yucat\u00e1n para el mundo.","potentialAction":[{"@type":"SearchAction","target":{"@type":"EntryPoint","urlTemplate":"https:\/\/reporteroshoy.mx\/noticias\/?s={search_term_string}"},"query-input":{"@type":"PropertyValueSpecification","valueRequired":true,"valueName":"search_term_string"}}],"inLanguage":"es"},{"@type":"Person","@id":"https:\/\/reporteroshoy.mx\/noticias\/#\/schema\/person\/948520f0d88b01be2e5266bc4acbbc15","name":"Reporteros Hoy IM","image":{"@type":"ImageObject","inLanguage":"es","@id":"https:\/\/secure.gravatar.com\/avatar\/d843030b96552826ac048bdfe26f2895604b800ed0c880ee55765a74d95dfc65?s=96&d=mm&r=g","url":"https:\/\/secure.gravatar.com\/avatar\/d843030b96552826ac048bdfe26f2895604b800ed0c880ee55765a74d95dfc65?s=96&d=mm&r=g","contentUrl":"https:\/\/secure.gravatar.com\/avatar\/d843030b96552826ac048bdfe26f2895604b800ed0c880ee55765a74d95dfc65?s=96&d=mm&r=g","caption":"Reporteros Hoy IM"},"url":"https:\/\/reporteroshoy.mx\/noticias\/author\/israel\/"}]}},"_links":{"self":[{"href":"https:\/\/reporteroshoy.mx\/noticias\/wp-json\/wp\/v2\/posts\/51220","targetHints":{"allow":["GET"]}}],"collection":[{"href":"https:\/\/reporteroshoy.mx\/noticias\/wp-json\/wp\/v2\/posts"}],"about":[{"href":"https:\/\/reporteroshoy.mx\/noticias\/wp-json\/wp\/v2\/types\/post"}],"author":[{"embeddable":true,"href":"https:\/\/reporteroshoy.mx\/noticias\/wp-json\/wp\/v2\/users\/5"}],"replies":[{"embeddable":true,"href":"https:\/\/reporteroshoy.mx\/noticias\/wp-json\/wp\/v2\/comments?post=51220"}],"version-history":[{"count":0,"href":"https:\/\/reporteroshoy.mx\/noticias\/wp-json\/wp\/v2\/posts\/51220\/revisions"}],"wp:attachment":[{"href":"https:\/\/reporteroshoy.mx\/noticias\/wp-json\/wp\/v2\/media?parent=51220"}],"wp:term":[{"taxonomy":"category","embeddable":true,"href":"https:\/\/reporteroshoy.mx\/noticias\/wp-json\/wp\/v2\/categories?post=51220"},{"taxonomy":"post_tag","embeddable":true,"href":"https:\/\/reporteroshoy.mx\/noticias\/wp-json\/wp\/v2\/tags?post=51220"}],"curies":[{"name":"wp","href":"https:\/\/api.w.org\/{rel}","templated":true}]}}