{"id":51249,"date":"2020-11-23T20:00:53","date_gmt":"2020-11-24T02:00:53","guid":{"rendered":"https:\/\/reporteroshoy.mx\/noticias\/?p=51249"},"modified":"2020-11-24T13:01:28","modified_gmt":"2020-11-24T19:01:28","slug":"extraen-bola-de-pelos-de-15-centimetros-del-estomago-de-una-nina","status":"publish","type":"post","link":"https:\/\/reporteroshoy.mx\/noticias\/extraen-bola-de-pelos-de-15-centimetros-del-estomago-de-una-nina\/","title":{"rendered":"Extraen bola de pelos de 15 cent\u00edmetros del est\u00f3mago de una ni\u00f1a"},"content":{"rendered":"<p style=\"text-align: justify;\"><span style=\"color: #000000;\">Rusia, 23 de noviembre de 2020 (SDP).- Una ni\u00f1a de 12 a\u00f1os con una bola de pelos en el est\u00f3mago fue sometida a una cirug\u00eda para retirarle el &#8216;tricobezoar&#8217; (acumulaci\u00f3n de pelos consumidos por una persona o un animal) y poner fin a los recurrentes dolores que padec\u00eda en el abdomen.<\/span><\/p>\n<p style=\"text-align: justify;\"><span style=\"color: #000000;\"><img loading=\"lazy\" decoding=\"async\" class=\"wp-image-51251 aligncenter\" src=\"https:\/\/reporteroshoy.mx\/noticias\/wp-content\/uploads\/2020\/11\/bola-de-pelos.jpeg\" alt=\"\" width=\"592\" height=\"336\" \/><\/span><\/p>\n<p style=\"text-align: justify;\"><span style=\"color: #000000;\">La menor de edad, originaria de la rep\u00fablica de Buriatia, Rusia, tambi\u00e9n sufr\u00eda de v\u00f3mitos y p\u00e9rdida de apetito hasta que los m\u00e9dicos le realizaron un an\u00e1lisis por endoscop\u00eda, encontrando una obstrucci\u00f3n del tracto digestivo que comenzaba en la parte inferior del es\u00f3fago. Ahora una foto de la bola de pelos est\u00e1 en la cuenta de Instagram del hospital cl\u00ednico infantil.<\/span><\/p>\n<p style=\"text-align: justify;\"><span style=\"color: #000000;\">Posteriormente, una imagen por rayos X revel\u00f3 la presencia de un bulto similar a un tumor. De acuerdo con los cirujanos, la bola de pelos med\u00eda al menos 15 cent\u00edmetros de largo y recordaba el aspecto de una bota de fieltro de lana. En cuanto a la paciente, esta ya ha sido dada de alta.<\/span><\/p>\n<blockquote class=\"instagram-media\" style=\"background: #FFF; border: 0; border-radius: 3px; box-shadow: 0 0 1px 0 rgba(0,0,0,0.5),0 1px 10px 0 rgba(0,0,0,0.15); margin: 1px; max-width: 540px; min-width: 326px; padding: 0; width: calc(100% - 2px);\" data-instgrm-captioned=\"\" data-instgrm-permalink=\"https:\/\/www.instagram.com\/p\/CH4X8YdMopw\/?utm_source=ig_embed&amp;utm_campaign=loading\" data-instgrm-version=\"13\">\n<div style=\"padding: 16px;\">\n<p>&nbsp;<\/p>\n<div style=\"display: flex; flex-direction: row; align-items: center;\">\n<div style=\"background-color: #f4f4f4; border-radius: 50%; flex-grow: 0; height: 40px; margin-right: 14px; width: 40px;\"><\/div>\n<div style=\"display: flex; flex-direction: column; flex-grow: 1; justify-content: center;\">\n<div style=\"background-color: #f4f4f4; border-radius: 4px; flex-grow: 0; height: 14px; margin-bottom: 6px; width: 100px;\"><\/div>\n<div style=\"background-color: #f4f4f4; border-radius: 4px; flex-grow: 0; height: 14px; width: 60px;\"><\/div>\n<\/div>\n<\/div>\n<div style=\"padding: 19% 0;\"><\/div>\n<div style=\"display: block; height: 50px; margin: 0 auto 12px; width: 50px;\"><\/div>\n<div style=\"padding-top: 8px;\">\n<div style=\"color: #3897f0; font-family: Arial,sans-serif; font-size: 14px; font-style: normal; font-weight: 550; line-height: 18px;\"><span style=\"color: #000000;\">Ver esta publicaci\u00f3n en Instagram<\/span><\/div>\n<\/div>\n<div style=\"padding: 12.5% 0;\"><\/div>\n<div style=\"display: flex; flex-direction: row; margin-bottom: 14px; align-items: center;\">\n<div>\n<div style=\"background-color: #f4f4f4; border-radius: 50%; height: 12.5px; width: 12.5px; transform: translateX(0px) translateY(7px);\"><\/div>\n<div style=\"background-color: #f4f4f4; height: 12.5px; transform: rotate(-45deg) translateX(3px) translateY(1px); width: 12.5px; flex-grow: 0; margin-right: 14px; margin-left: 2px;\"><\/div>\n<div style=\"background-color: #f4f4f4; border-radius: 50%; height: 12.5px; width: 12.5px; transform: translateX(9px) translateY(-18px);\"><\/div>\n<\/div>\n<div style=\"margin-left: 8px;\">\n<div style=\"background-color: #f4f4f4; border-radius: 50%; flex-grow: 0; height: 20px; width: 20px;\"><\/div>\n<div style=\"width: 0; height: 0; border-top: 2px solid transparent; border-left: 6px solid #f4f4f4; border-bottom: 2px solid transparent; transform: translateX(16px) translateY(-4px) rotate(30deg);\"><\/div>\n<\/div>\n<div style=\"margin-left: auto;\">\n<div style=\"width: 0px; border-top: 8px solid #F4F4F4; border-right: 8px solid transparent; transform: translateY(16px);\"><\/div>\n<div style=\"background-color: #f4f4f4; flex-grow: 0; height: 12px; width: 16px; transform: translateY(-4px);\"><\/div>\n<div style=\"width: 0; height: 0; border-top: 8px solid #F4F4F4; border-left: 8px solid transparent; transform: translateY(-4px) translateX(8px);\"><\/div>\n<\/div>\n<\/div>\n<div style=\"display: flex; flex-direction: column; flex-grow: 1; justify-content: center; margin-bottom: 24px;\">\n<div style=\"background-color: #f4f4f4; border-radius: 4px; flex-grow: 0; height: 14px; margin-bottom: 6px; width: 224px;\"><\/div>\n<div style=\"background-color: #f4f4f4; border-radius: 4px; flex-grow: 0; height: 14px; width: 144px;\"><\/div>\n<\/div>\n<p>&nbsp;<\/p>\n<p style=\"color: #c9c8cd; font-family: Arial,sans-serif; font-size: 14px; line-height: 17px; margin-bottom: 0; margin-top: 8px; overflow: hidden; padding: 8px 0 7px; text-align: center; text-overflow: ellipsis; white-space: nowrap;\"><span style=\"color: #000000;\"><a style=\"color: #000000; font-family: Arial, sans-serif; font-size: 14px; font-style: normal; font-weight: normal; line-height: 17px; text-decoration: none;\" href=\"https:\/\/www.instagram.com\/p\/CH4X8YdMopw\/?utm_source=ig_embed&amp;utm_campaign=loading\" target=\"_blank\" rel=\"noopener noreferrer\">Una publicaci\u00f3n compartida de \u0413\u0410\u0423\u0417 \u00ab\u0414\u0420\u041a\u0411\u00bb \u041c\u0417 \u0420\u0411 (@drkb_03)<\/a><\/span><\/p>\n<\/div>\n<\/blockquote>\n<p style=\"text-align: justify;\"><span style=\"color: #000000;\"><script async src=\"\/\/www.instagram.com\/embed.js\"><\/script><\/span><\/p>\n<p style=\"text-align: justify;\"><span style=\"color: #000000;\">Desde el hospital se confirm\u00f3 que el personal m\u00e9dico de la zona nunca hab\u00eda visto un &#8216;tricobezoar&#8217; de semejantes proporciones en toda su carrera profesional. Por este motivo, aconsejaron a los padres de la ni\u00f1a a prestar m\u00e1s atenci\u00f3n a los malos h\u00e1bitos de sus hijos para prevenir este y otros tipos de problemas.<\/span><\/p>\n<p id=\"m203-202-204\" class=\"paragraph \" style=\"text-align: justify;\"><span style=\"color: #000000;\">Las\u00a0<strong>bolas de pelos<\/strong>\u00a0tambi\u00e9n pueden llegar hasta el interior de nuestro cuerpo a trav\u00e9s de los besos que les damos a nuestras mascotas. Pero adem\u00e1s, un estudio realizado por la Universidad Kitasato en Jap\u00f3n, revel\u00f3 que el hocico de perros y gatos tiene una bacteria que al entrar en contacto con los flu\u00eddos humanos puede incrementar el riesgo de desarrollar\u00a0<u>c\u00e1ncer de est\u00f3mago<\/u>.<\/span><\/p>\n<p id=\"m208-207-209\" class=\"paragraph \" style=\"text-align: justify;\"><span style=\"color: #000000;\">La investigaci\u00f3n, a cargo del profesor Masahiko Nakamura, explica que existe la presencia del pat\u00f3geno Helicobacter Heilmanni en la saliva, desechos fecales y en zonas bucales de las mascotas, por lo que no es recomendable tener este tipo de acercamientos con los animales.<\/span><\/p>\n","protected":false},"excerpt":{"rendered":"<p>El extra\u00f1o caso se dio en Rusia, la ni\u00f1a sufr\u00eda de recurrentes dolores abdominales a causa de la bola de pelos.<\/p>\n","protected":false},"author":6,"featured_media":51251,"comment_status":"open","ping_status":"closed","sticky":false,"template":"","format":"standard","meta":{"footnotes":""},"categories":[10],"tags":[15045,376],"class_list":["post-51249","post","type-post","status-publish","format-standard","has-post-thumbnail","hentry","category-internacional","tag-bola-de-pelos","tag-notas-curiosas"],"yoast_head":"<!-- This site is optimized with the Yoast SEO plugin v28.3 - https:\/\/yoast.com\/product\/yoast-seo-wordpress\/ -->\n<title>Extraen bola de pelos de 15 cent\u00edmetros del est\u00f3mago de una ni\u00f1a<\/title>\n<meta name=\"description\" content=\"El extra\u00f1o caso se dio en Rusia, la ni\u00f1a sufr\u00eda de recurrentes dolores abdominales a causa de la bola de pelos.\" \/>\n<meta name=\"robots\" content=\"index, follow, max-snippet:-1, max-image-preview:large, max-video-preview:-1\" \/>\n<link rel=\"canonical\" href=\"https:\/\/reporteroshoy.mx\/noticias\/extraen-bola-de-pelos-de-15-centimetros-del-estomago-de-una-nina\/\" \/>\n<meta property=\"og:locale\" content=\"es_ES\" \/>\n<meta property=\"og:type\" content=\"article\" \/>\n<meta property=\"og:title\" content=\"Extraen bola de pelos de 15 cent\u00edmetros del est\u00f3mago de una ni\u00f1a\" \/>\n<meta property=\"og:description\" content=\"El extra\u00f1o caso se dio en Rusia, la ni\u00f1a sufr\u00eda de recurrentes dolores abdominales a causa de la bola de pelos.\" \/>\n<meta property=\"og:url\" content=\"https:\/\/reporteroshoy.mx\/noticias\/extraen-bola-de-pelos-de-15-centimetros-del-estomago-de-una-nina\/\" \/>\n<meta property=\"og:site_name\" content=\"Reporteros Hoy | Noticias de Yucat\u00e1n\" \/>\n<meta property=\"article:publisher\" content=\"http:\/\/www.facebook.com\/reporteroshoymx\" \/>\n<meta property=\"article:published_time\" content=\"2020-11-24T02:00:53+00:00\" \/>\n<meta property=\"article:modified_time\" content=\"2020-11-24T19:01:28+00:00\" \/>\n<meta property=\"og:image\" content=\"https:\/\/reporteroshoy.mx\/noticias\/wp-content\/uploads\/2020\/11\/bola-de-pelos.jpeg\" \/>\n\t<meta property=\"og:image:width\" content=\"768\" \/>\n\t<meta property=\"og:image:height\" content=\"435\" \/>\n\t<meta property=\"og:image:type\" content=\"image\/jpeg\" \/>\n<meta name=\"author\" content=\"Reporteros Hoy GS\" \/>\n<meta name=\"twitter:card\" content=\"summary_large_image\" \/>\n<meta name=\"twitter:creator\" content=\"@reporteroshoy\" \/>\n<meta name=\"twitter:site\" content=\"@reporteroshoy\" \/>\n<meta name=\"twitter:label1\" content=\"Escrito por\" \/>\n\t<meta name=\"twitter:data1\" content=\"Reporteros Hoy GS\" \/>\n\t<meta name=\"twitter:label2\" content=\"Tiempo de lectura\" \/>\n\t<meta name=\"twitter:data2\" content=\"2 minutos\" \/>\n<script type=\"application\/ld+json\" class=\"yoast-schema-graph\">{\"@context\":\"https:\\\/\\\/schema.org\",\"@graph\":[{\"@type\":\"Article\",\"@id\":\"https:\\\/\\\/reporteroshoy.mx\\\/noticias\\\/extraen-bola-de-pelos-de-15-centimetros-del-estomago-de-una-nina\\\/#article\",\"isPartOf\":{\"@id\":\"https:\\\/\\\/reporteroshoy.mx\\\/noticias\\\/extraen-bola-de-pelos-de-15-centimetros-del-estomago-de-una-nina\\\/\"},\"author\":{\"name\":\"Reporteros Hoy GS\",\"@id\":\"https:\\\/\\\/reporteroshoy.mx\\\/noticias\\\/#\\\/schema\\\/person\\\/49ae631fc906b44554e4ba3866c505d7\"},\"headline\":\"Extraen bola de pelos de 15 cent\u00edmetros del est\u00f3mago de una ni\u00f1a\",\"datePublished\":\"2020-11-24T02:00:53+00:00\",\"dateModified\":\"2020-11-24T19:01:28+00:00\",\"mainEntityOfPage\":{\"@id\":\"https:\\\/\\\/reporteroshoy.mx\\\/noticias\\\/extraen-bola-de-pelos-de-15-centimetros-del-estomago-de-una-nina\\\/\"},\"wordCount\":391,\"commentCount\":0,\"image\":{\"@id\":\"https:\\\/\\\/reporteroshoy.mx\\\/noticias\\\/extraen-bola-de-pelos-de-15-centimetros-del-estomago-de-una-nina\\\/#primaryimage\"},\"thumbnailUrl\":\"https:\\\/\\\/reporteroshoy.mx\\\/noticias\\\/wp-content\\\/uploads\\\/2020\\\/11\\\/bola-de-pelos.jpeg\",\"keywords\":[\"bola de pelos\",\"notas curiosas\"],\"articleSection\":[\"Internacional\"],\"inLanguage\":\"es\",\"potentialAction\":[{\"@type\":\"CommentAction\",\"name\":\"Comment\",\"target\":[\"https:\\\/\\\/reporteroshoy.mx\\\/noticias\\\/extraen-bola-de-pelos-de-15-centimetros-del-estomago-de-una-nina\\\/#respond\"]}]},{\"@type\":\"WebPage\",\"@id\":\"https:\\\/\\\/reporteroshoy.mx\\\/noticias\\\/extraen-bola-de-pelos-de-15-centimetros-del-estomago-de-una-nina\\\/\",\"url\":\"https:\\\/\\\/reporteroshoy.mx\\\/noticias\\\/extraen-bola-de-pelos-de-15-centimetros-del-estomago-de-una-nina\\\/\",\"name\":\"Extraen bola de pelos de 15 cent\u00edmetros del est\u00f3mago de una ni\u00f1a\",\"isPartOf\":{\"@id\":\"https:\\\/\\\/reporteroshoy.mx\\\/noticias\\\/#website\"},\"primaryImageOfPage\":{\"@id\":\"https:\\\/\\\/reporteroshoy.mx\\\/noticias\\\/extraen-bola-de-pelos-de-15-centimetros-del-estomago-de-una-nina\\\/#primaryimage\"},\"image\":{\"@id\":\"https:\\\/\\\/reporteroshoy.mx\\\/noticias\\\/extraen-bola-de-pelos-de-15-centimetros-del-estomago-de-una-nina\\\/#primaryimage\"},\"thumbnailUrl\":\"https:\\\/\\\/reporteroshoy.mx\\\/noticias\\\/wp-content\\\/uploads\\\/2020\\\/11\\\/bola-de-pelos.jpeg\",\"datePublished\":\"2020-11-24T02:00:53+00:00\",\"dateModified\":\"2020-11-24T19:01:28+00:00\",\"author\":{\"@id\":\"https:\\\/\\\/reporteroshoy.mx\\\/noticias\\\/#\\\/schema\\\/person\\\/49ae631fc906b44554e4ba3866c505d7\"},\"description\":\"El extra\u00f1o caso se dio en Rusia, la ni\u00f1a sufr\u00eda de recurrentes dolores abdominales a causa de la bola de pelos.\",\"breadcrumb\":{\"@id\":\"https:\\\/\\\/reporteroshoy.mx\\\/noticias\\\/extraen-bola-de-pelos-de-15-centimetros-del-estomago-de-una-nina\\\/#breadcrumb\"},\"inLanguage\":\"es\",\"potentialAction\":[{\"@type\":\"ReadAction\",\"target\":[\"https:\\\/\\\/reporteroshoy.mx\\\/noticias\\\/extraen-bola-de-pelos-de-15-centimetros-del-estomago-de-una-nina\\\/\"]}]},{\"@type\":\"ImageObject\",\"inLanguage\":\"es\",\"@id\":\"https:\\\/\\\/reporteroshoy.mx\\\/noticias\\\/extraen-bola-de-pelos-de-15-centimetros-del-estomago-de-una-nina\\\/#primaryimage\",\"url\":\"https:\\\/\\\/reporteroshoy.mx\\\/noticias\\\/wp-content\\\/uploads\\\/2020\\\/11\\\/bola-de-pelos.jpeg\",\"contentUrl\":\"https:\\\/\\\/reporteroshoy.mx\\\/noticias\\\/wp-content\\\/uploads\\\/2020\\\/11\\\/bola-de-pelos.jpeg\",\"width\":768,\"height\":435},{\"@type\":\"BreadcrumbList\",\"@id\":\"https:\\\/\\\/reporteroshoy.mx\\\/noticias\\\/extraen-bola-de-pelos-de-15-centimetros-del-estomago-de-una-nina\\\/#breadcrumb\",\"itemListElement\":[{\"@type\":\"ListItem\",\"position\":1,\"name\":\"Portada\",\"item\":\"https:\\\/\\\/reporteroshoy.mx\\\/noticias\\\/\"},{\"@type\":\"ListItem\",\"position\":2,\"name\":\"Extraen bola de pelos de 15 cent\u00edmetros del est\u00f3mago de una ni\u00f1a\"}]},{\"@type\":\"WebSite\",\"@id\":\"https:\\\/\\\/reporteroshoy.mx\\\/noticias\\\/#website\",\"url\":\"https:\\\/\\\/reporteroshoy.mx\\\/noticias\\\/\",\"name\":\"Reporteros Hoy | Noticias de Yucat\u00e1n\",\"description\":\"Peri\u00f3dico digital con noticias diarias desde M\u00e9rida, Yucat\u00e1n para el mundo.\",\"potentialAction\":[{\"@type\":\"SearchAction\",\"target\":{\"@type\":\"EntryPoint\",\"urlTemplate\":\"https:\\\/\\\/reporteroshoy.mx\\\/noticias\\\/?s={search_term_string}\"},\"query-input\":{\"@type\":\"PropertyValueSpecification\",\"valueRequired\":true,\"valueName\":\"search_term_string\"}}],\"inLanguage\":\"es\"},{\"@type\":\"Person\",\"@id\":\"https:\\\/\\\/reporteroshoy.mx\\\/noticias\\\/#\\\/schema\\\/person\\\/49ae631fc906b44554e4ba3866c505d7\",\"name\":\"Reporteros Hoy GS\",\"image\":{\"@type\":\"ImageObject\",\"inLanguage\":\"es\",\"@id\":\"https:\\\/\\\/secure.gravatar.com\\\/avatar\\\/00d32adb620345c3db2cfc175917f65c584e1e338fdc49ad126aa1f9830eb6a9?s=96&d=mm&r=g\",\"url\":\"https:\\\/\\\/secure.gravatar.com\\\/avatar\\\/00d32adb620345c3db2cfc175917f65c584e1e338fdc49ad126aa1f9830eb6a9?s=96&d=mm&r=g\",\"contentUrl\":\"https:\\\/\\\/secure.gravatar.com\\\/avatar\\\/00d32adb620345c3db2cfc175917f65c584e1e338fdc49ad126aa1f9830eb6a9?s=96&d=mm&r=g\",\"caption\":\"Reporteros Hoy GS\"},\"url\":\"https:\\\/\\\/reporteroshoy.mx\\\/noticias\\\/author\\\/lupis\\\/\"}]}<\/script>\n<!-- \/ Yoast SEO plugin. -->","yoast_head_json":{"title":"Extraen bola de pelos de 15 cent\u00edmetros del est\u00f3mago de una ni\u00f1a","description":"El extra\u00f1o caso se dio en Rusia, la ni\u00f1a sufr\u00eda de recurrentes dolores abdominales a causa de la bola de pelos.","robots":{"index":"index","follow":"follow","max-snippet":"max-snippet:-1","max-image-preview":"max-image-preview:large","max-video-preview":"max-video-preview:-1"},"canonical":"https:\/\/reporteroshoy.mx\/noticias\/extraen-bola-de-pelos-de-15-centimetros-del-estomago-de-una-nina\/","og_locale":"es_ES","og_type":"article","og_title":"Extraen bola de pelos de 15 cent\u00edmetros del est\u00f3mago de una ni\u00f1a","og_description":"El extra\u00f1o caso se dio en Rusia, la ni\u00f1a sufr\u00eda de recurrentes dolores abdominales a causa de la bola de pelos.","og_url":"https:\/\/reporteroshoy.mx\/noticias\/extraen-bola-de-pelos-de-15-centimetros-del-estomago-de-una-nina\/","og_site_name":"Reporteros Hoy | Noticias de Yucat\u00e1n","article_publisher":"http:\/\/www.facebook.com\/reporteroshoymx","article_published_time":"2020-11-24T02:00:53+00:00","article_modified_time":"2020-11-24T19:01:28+00:00","og_image":[{"width":768,"height":435,"url":"https:\/\/reporteroshoy.mx\/noticias\/wp-content\/uploads\/2020\/11\/bola-de-pelos.jpeg","type":"image\/jpeg"}],"author":"Reporteros Hoy GS","twitter_card":"summary_large_image","twitter_creator":"@reporteroshoy","twitter_site":"@reporteroshoy","twitter_misc":{"Escrito por":"Reporteros Hoy GS","Tiempo de lectura":"2 minutos"},"schema":{"@context":"https:\/\/schema.org","@graph":[{"@type":"Article","@id":"https:\/\/reporteroshoy.mx\/noticias\/extraen-bola-de-pelos-de-15-centimetros-del-estomago-de-una-nina\/#article","isPartOf":{"@id":"https:\/\/reporteroshoy.mx\/noticias\/extraen-bola-de-pelos-de-15-centimetros-del-estomago-de-una-nina\/"},"author":{"name":"Reporteros Hoy GS","@id":"https:\/\/reporteroshoy.mx\/noticias\/#\/schema\/person\/49ae631fc906b44554e4ba3866c505d7"},"headline":"Extraen bola de pelos de 15 cent\u00edmetros del est\u00f3mago de una ni\u00f1a","datePublished":"2020-11-24T02:00:53+00:00","dateModified":"2020-11-24T19:01:28+00:00","mainEntityOfPage":{"@id":"https:\/\/reporteroshoy.mx\/noticias\/extraen-bola-de-pelos-de-15-centimetros-del-estomago-de-una-nina\/"},"wordCount":391,"commentCount":0,"image":{"@id":"https:\/\/reporteroshoy.mx\/noticias\/extraen-bola-de-pelos-de-15-centimetros-del-estomago-de-una-nina\/#primaryimage"},"thumbnailUrl":"https:\/\/reporteroshoy.mx\/noticias\/wp-content\/uploads\/2020\/11\/bola-de-pelos.jpeg","keywords":["bola de pelos","notas curiosas"],"articleSection":["Internacional"],"inLanguage":"es","potentialAction":[{"@type":"CommentAction","name":"Comment","target":["https:\/\/reporteroshoy.mx\/noticias\/extraen-bola-de-pelos-de-15-centimetros-del-estomago-de-una-nina\/#respond"]}]},{"@type":"WebPage","@id":"https:\/\/reporteroshoy.mx\/noticias\/extraen-bola-de-pelos-de-15-centimetros-del-estomago-de-una-nina\/","url":"https:\/\/reporteroshoy.mx\/noticias\/extraen-bola-de-pelos-de-15-centimetros-del-estomago-de-una-nina\/","name":"Extraen bola de pelos de 15 cent\u00edmetros del est\u00f3mago de una ni\u00f1a","isPartOf":{"@id":"https:\/\/reporteroshoy.mx\/noticias\/#website"},"primaryImageOfPage":{"@id":"https:\/\/reporteroshoy.mx\/noticias\/extraen-bola-de-pelos-de-15-centimetros-del-estomago-de-una-nina\/#primaryimage"},"image":{"@id":"https:\/\/reporteroshoy.mx\/noticias\/extraen-bola-de-pelos-de-15-centimetros-del-estomago-de-una-nina\/#primaryimage"},"thumbnailUrl":"https:\/\/reporteroshoy.mx\/noticias\/wp-content\/uploads\/2020\/11\/bola-de-pelos.jpeg","datePublished":"2020-11-24T02:00:53+00:00","dateModified":"2020-11-24T19:01:28+00:00","author":{"@id":"https:\/\/reporteroshoy.mx\/noticias\/#\/schema\/person\/49ae631fc906b44554e4ba3866c505d7"},"description":"El extra\u00f1o caso se dio en Rusia, la ni\u00f1a sufr\u00eda de recurrentes dolores abdominales a causa de la bola de pelos.","breadcrumb":{"@id":"https:\/\/reporteroshoy.mx\/noticias\/extraen-bola-de-pelos-de-15-centimetros-del-estomago-de-una-nina\/#breadcrumb"},"inLanguage":"es","potentialAction":[{"@type":"ReadAction","target":["https:\/\/reporteroshoy.mx\/noticias\/extraen-bola-de-pelos-de-15-centimetros-del-estomago-de-una-nina\/"]}]},{"@type":"ImageObject","inLanguage":"es","@id":"https:\/\/reporteroshoy.mx\/noticias\/extraen-bola-de-pelos-de-15-centimetros-del-estomago-de-una-nina\/#primaryimage","url":"https:\/\/reporteroshoy.mx\/noticias\/wp-content\/uploads\/2020\/11\/bola-de-pelos.jpeg","contentUrl":"https:\/\/reporteroshoy.mx\/noticias\/wp-content\/uploads\/2020\/11\/bola-de-pelos.jpeg","width":768,"height":435},{"@type":"BreadcrumbList","@id":"https:\/\/reporteroshoy.mx\/noticias\/extraen-bola-de-pelos-de-15-centimetros-del-estomago-de-una-nina\/#breadcrumb","itemListElement":[{"@type":"ListItem","position":1,"name":"Portada","item":"https:\/\/reporteroshoy.mx\/noticias\/"},{"@type":"ListItem","position":2,"name":"Extraen bola de pelos de 15 cent\u00edmetros del est\u00f3mago de una ni\u00f1a"}]},{"@type":"WebSite","@id":"https:\/\/reporteroshoy.mx\/noticias\/#website","url":"https:\/\/reporteroshoy.mx\/noticias\/","name":"Reporteros Hoy | Noticias de Yucat\u00e1n","description":"Peri\u00f3dico digital con noticias diarias desde M\u00e9rida, Yucat\u00e1n para el mundo.","potentialAction":[{"@type":"SearchAction","target":{"@type":"EntryPoint","urlTemplate":"https:\/\/reporteroshoy.mx\/noticias\/?s={search_term_string}"},"query-input":{"@type":"PropertyValueSpecification","valueRequired":true,"valueName":"search_term_string"}}],"inLanguage":"es"},{"@type":"Person","@id":"https:\/\/reporteroshoy.mx\/noticias\/#\/schema\/person\/49ae631fc906b44554e4ba3866c505d7","name":"Reporteros Hoy GS","image":{"@type":"ImageObject","inLanguage":"es","@id":"https:\/\/secure.gravatar.com\/avatar\/00d32adb620345c3db2cfc175917f65c584e1e338fdc49ad126aa1f9830eb6a9?s=96&d=mm&r=g","url":"https:\/\/secure.gravatar.com\/avatar\/00d32adb620345c3db2cfc175917f65c584e1e338fdc49ad126aa1f9830eb6a9?s=96&d=mm&r=g","contentUrl":"https:\/\/secure.gravatar.com\/avatar\/00d32adb620345c3db2cfc175917f65c584e1e338fdc49ad126aa1f9830eb6a9?s=96&d=mm&r=g","caption":"Reporteros Hoy GS"},"url":"https:\/\/reporteroshoy.mx\/noticias\/author\/lupis\/"}]}},"_links":{"self":[{"href":"https:\/\/reporteroshoy.mx\/noticias\/wp-json\/wp\/v2\/posts\/51249","targetHints":{"allow":["GET"]}}],"collection":[{"href":"https:\/\/reporteroshoy.mx\/noticias\/wp-json\/wp\/v2\/posts"}],"about":[{"href":"https:\/\/reporteroshoy.mx\/noticias\/wp-json\/wp\/v2\/types\/post"}],"author":[{"embeddable":true,"href":"https:\/\/reporteroshoy.mx\/noticias\/wp-json\/wp\/v2\/users\/6"}],"replies":[{"embeddable":true,"href":"https:\/\/reporteroshoy.mx\/noticias\/wp-json\/wp\/v2\/comments?post=51249"}],"version-history":[{"count":0,"href":"https:\/\/reporteroshoy.mx\/noticias\/wp-json\/wp\/v2\/posts\/51249\/revisions"}],"wp:featuredmedia":[{"embeddable":true,"href":"https:\/\/reporteroshoy.mx\/noticias\/wp-json\/wp\/v2\/media\/51251"}],"wp:attachment":[{"href":"https:\/\/reporteroshoy.mx\/noticias\/wp-json\/wp\/v2\/media?parent=51249"}],"wp:term":[{"taxonomy":"category","embeddable":true,"href":"https:\/\/reporteroshoy.mx\/noticias\/wp-json\/wp\/v2\/categories?post=51249"},{"taxonomy":"post_tag","embeddable":true,"href":"https:\/\/reporteroshoy.mx\/noticias\/wp-json\/wp\/v2\/tags?post=51249"}],"curies":[{"name":"wp","href":"https:\/\/api.w.org\/{rel}","templated":true}]}}