{"id":51832,"date":"2020-12-01T22:00:32","date_gmt":"2020-12-02T04:00:32","guid":{"rendered":"https:\/\/reporteroshoy.mx\/noticias\/?p=51832"},"modified":"2020-12-02T10:19:20","modified_gmt":"2020-12-02T16:19:20","slug":"te-quisiste-lucir-y-te-llevo-el-trailer","status":"publish","type":"post","link":"https:\/\/reporteroshoy.mx\/noticias\/te-quisiste-lucir-y-te-llevo-el-trailer\/","title":{"rendered":"Te quisiste lucir\u2026 y te llev\u00f3 el tr\u00e1iler"},"content":{"rendered":"<p style=\"text-align: justify;\">M\u00e9rida, Yucat\u00e1n, 1 de diciembre de 2020 (ACOM).- Por intentar ganar el paso a un tr\u00e1iler, el conductor de un Aveo termin\u00f3 destrozando su veh\u00edculo en la v\u00eda federal M\u00e9rida-Tetiz.<\/p>\n<p style=\"text-align: justify;\">Los hechos ocurrieron alrededor de las 20:00 horas de este martes, cuando el conductor de un auto Aveo, intent\u00f3 salir de la gasolinera ubicada en el kil\u00f3metro 2 de la carretera Federal M\u00e9rida-Tetiz, pero en su maniobra para incorporarse sobre dicha v\u00eda, fue impactado por un tr\u00e1iler al que intent\u00f3 ganarle el paso y que ten\u00eda preferencia a la circulaci\u00f3n.<\/p>\n<p style=\"text-align: justify;\"><img loading=\"lazy\" decoding=\"async\" class=\"wp-image-51833 aligncenter\" src=\"https:\/\/reporteroshoy.mx\/noticias\/wp-content\/uploads\/2020\/12\/triler-1.jpeg\" alt=\"\" width=\"594\" height=\"322\" \/><\/p>\n<p style=\"text-align: justify;\">Por fortuna solamente se registraron da\u00f1os materiales sin vidas que lamentar.<\/p>\n<p style=\"text-align: justify;\">Al lugar arribaron elementos de la Polic\u00eda Estatal quienes acordonaron el \u00e1rea para invitar un nuevo incidente en lo que se espera la verificaci\u00f3n de alg\u00fan agente de la Guardia Nacional, al ser una v\u00eda federal.<\/p>\n<p style=\"text-align: justify;\">De igual forma, en la zona ya se encontraban ambas aseguradoras para el deslinde de responsabilidades de los hechos.<\/p>\n","protected":false},"excerpt":{"rendered":"<p>Mal inici\u00f3 el mes de diciembre el conductor de un Aveo, quiso ganarle a una pesada unidad, pero no le alcanz\u00f3 y termin\u00f3 con el veh\u00edculo destrozado. Al menos sali\u00f3 con vida.<\/p>\n","protected":false},"author":6,"featured_media":51834,"comment_status":"open","ping_status":"closed","sticky":false,"template":"","format":"standard","meta":{"footnotes":""},"categories":[14],"tags":[146,15169,9098],"class_list":["post-51832","post","type-post","status-publish","format-standard","has-post-thumbnail","hentry","category-policia","tag-accidente","tag-accidente-en-la-merida-tetiz","tag-aveo"],"yoast_head":"<!-- This site is optimized with the Yoast SEO plugin v28.4 - https:\/\/yoast.com\/product\/yoast-seo-wordpress\/ -->\n<title>Te quisiste lucir\u2026 y te llev\u00f3 el tr\u00e1iler<\/title>\n<meta name=\"description\" content=\"Mal inici\u00f3 el mes de diciembre el conductor de un Aveo, quiso ganarle a una pesada unidad, pero no le alcanz\u00f3 y termin\u00f3 con el veh\u00edculo destrozado. Al menos sali\u00f3 con vida.\" \/>\n<meta name=\"robots\" content=\"index, follow, max-snippet:-1, max-image-preview:large, max-video-preview:-1\" \/>\n<link rel=\"canonical\" href=\"https:\/\/reporteroshoy.mx\/noticias\/te-quisiste-lucir-y-te-llevo-el-trailer\/\" \/>\n<meta property=\"og:locale\" content=\"es_ES\" \/>\n<meta property=\"og:type\" content=\"article\" \/>\n<meta property=\"og:title\" content=\"Te quisiste lucir\u2026 y te llev\u00f3 el tr\u00e1iler\" \/>\n<meta property=\"og:description\" content=\"Mal inici\u00f3 el mes de diciembre el conductor de un Aveo, quiso ganarle a una pesada unidad, pero no le alcanz\u00f3 y termin\u00f3 con el veh\u00edculo destrozado. Al menos sali\u00f3 con vida.\" \/>\n<meta property=\"og:url\" content=\"https:\/\/reporteroshoy.mx\/noticias\/te-quisiste-lucir-y-te-llevo-el-trailer\/\" \/>\n<meta property=\"og:site_name\" content=\"Reporteros Hoy | Noticias de Yucat\u00e1n\" \/>\n<meta property=\"article:publisher\" content=\"http:\/\/www.facebook.com\/reporteroshoymx\" \/>\n<meta property=\"article:published_time\" content=\"2020-12-02T04:00:32+00:00\" \/>\n<meta property=\"article:modified_time\" content=\"2020-12-02T16:19:20+00:00\" \/>\n<meta property=\"og:image\" content=\"https:\/\/reporteroshoy.mx\/noticias\/wp-content\/uploads\/2020\/12\/triler-2.jpeg\" \/>\n\t<meta property=\"og:image:width\" content=\"768\" \/>\n\t<meta property=\"og:image:height\" content=\"398\" \/>\n\t<meta property=\"og:image:type\" content=\"image\/jpeg\" \/>\n<meta name=\"author\" content=\"Reporteros Hoy GS\" \/>\n<meta name=\"twitter:card\" content=\"summary_large_image\" \/>\n<meta name=\"twitter:creator\" content=\"@reporteroshoy\" \/>\n<meta name=\"twitter:site\" content=\"@reporteroshoy\" \/>\n<meta name=\"twitter:label1\" content=\"Escrito por\" \/>\n\t<meta name=\"twitter:data1\" content=\"Reporteros Hoy GS\" \/>\n\t<meta name=\"twitter:label2\" content=\"Tiempo de lectura\" \/>\n\t<meta name=\"twitter:data2\" content=\"1 minuto\" \/>\n<script type=\"application\/ld+json\" class=\"yoast-schema-graph\">{\"@context\":\"https:\\\/\\\/schema.org\",\"@graph\":[{\"@type\":\"Article\",\"@id\":\"https:\\\/\\\/reporteroshoy.mx\\\/noticias\\\/te-quisiste-lucir-y-te-llevo-el-trailer\\\/#article\",\"isPartOf\":{\"@id\":\"https:\\\/\\\/reporteroshoy.mx\\\/noticias\\\/te-quisiste-lucir-y-te-llevo-el-trailer\\\/\"},\"author\":{\"name\":\"Reporteros Hoy GS\",\"@id\":\"https:\\\/\\\/reporteroshoy.mx\\\/noticias\\\/#\\\/schema\\\/person\\\/49ae631fc906b44554e4ba3866c505d7\"},\"headline\":\"Te quisiste lucir\u2026 y te llev\u00f3 el tr\u00e1iler\",\"datePublished\":\"2020-12-02T04:00:32+00:00\",\"dateModified\":\"2020-12-02T16:19:20+00:00\",\"mainEntityOfPage\":{\"@id\":\"https:\\\/\\\/reporteroshoy.mx\\\/noticias\\\/te-quisiste-lucir-y-te-llevo-el-trailer\\\/\"},\"wordCount\":179,\"commentCount\":0,\"image\":{\"@id\":\"https:\\\/\\\/reporteroshoy.mx\\\/noticias\\\/te-quisiste-lucir-y-te-llevo-el-trailer\\\/#primaryimage\"},\"thumbnailUrl\":\"https:\\\/\\\/reporteroshoy.mx\\\/noticias\\\/wp-content\\\/uploads\\\/2020\\\/12\\\/triler-2.jpeg\",\"keywords\":[\"accidente\",\"accidente en la M\u00e9rida Tetiz\",\"Aveo\"],\"articleSection\":[\"Polic\u00eda\"],\"inLanguage\":\"es\",\"potentialAction\":[{\"@type\":\"CommentAction\",\"name\":\"Comment\",\"target\":[\"https:\\\/\\\/reporteroshoy.mx\\\/noticias\\\/te-quisiste-lucir-y-te-llevo-el-trailer\\\/#respond\"]}]},{\"@type\":\"WebPage\",\"@id\":\"https:\\\/\\\/reporteroshoy.mx\\\/noticias\\\/te-quisiste-lucir-y-te-llevo-el-trailer\\\/\",\"url\":\"https:\\\/\\\/reporteroshoy.mx\\\/noticias\\\/te-quisiste-lucir-y-te-llevo-el-trailer\\\/\",\"name\":\"Te quisiste lucir\u2026 y te llev\u00f3 el tr\u00e1iler\",\"isPartOf\":{\"@id\":\"https:\\\/\\\/reporteroshoy.mx\\\/noticias\\\/#website\"},\"primaryImageOfPage\":{\"@id\":\"https:\\\/\\\/reporteroshoy.mx\\\/noticias\\\/te-quisiste-lucir-y-te-llevo-el-trailer\\\/#primaryimage\"},\"image\":{\"@id\":\"https:\\\/\\\/reporteroshoy.mx\\\/noticias\\\/te-quisiste-lucir-y-te-llevo-el-trailer\\\/#primaryimage\"},\"thumbnailUrl\":\"https:\\\/\\\/reporteroshoy.mx\\\/noticias\\\/wp-content\\\/uploads\\\/2020\\\/12\\\/triler-2.jpeg\",\"datePublished\":\"2020-12-02T04:00:32+00:00\",\"dateModified\":\"2020-12-02T16:19:20+00:00\",\"author\":{\"@id\":\"https:\\\/\\\/reporteroshoy.mx\\\/noticias\\\/#\\\/schema\\\/person\\\/49ae631fc906b44554e4ba3866c505d7\"},\"description\":\"Mal inici\u00f3 el mes de diciembre el conductor de un Aveo, quiso ganarle a una pesada unidad, pero no le alcanz\u00f3 y termin\u00f3 con el veh\u00edculo destrozado. Al menos sali\u00f3 con vida.\",\"breadcrumb\":{\"@id\":\"https:\\\/\\\/reporteroshoy.mx\\\/noticias\\\/te-quisiste-lucir-y-te-llevo-el-trailer\\\/#breadcrumb\"},\"inLanguage\":\"es\",\"potentialAction\":[{\"@type\":\"ReadAction\",\"target\":[\"https:\\\/\\\/reporteroshoy.mx\\\/noticias\\\/te-quisiste-lucir-y-te-llevo-el-trailer\\\/\"]}]},{\"@type\":\"ImageObject\",\"inLanguage\":\"es\",\"@id\":\"https:\\\/\\\/reporteroshoy.mx\\\/noticias\\\/te-quisiste-lucir-y-te-llevo-el-trailer\\\/#primaryimage\",\"url\":\"https:\\\/\\\/reporteroshoy.mx\\\/noticias\\\/wp-content\\\/uploads\\\/2020\\\/12\\\/triler-2.jpeg\",\"contentUrl\":\"https:\\\/\\\/reporteroshoy.mx\\\/noticias\\\/wp-content\\\/uploads\\\/2020\\\/12\\\/triler-2.jpeg\",\"width\":768,\"height\":398},{\"@type\":\"BreadcrumbList\",\"@id\":\"https:\\\/\\\/reporteroshoy.mx\\\/noticias\\\/te-quisiste-lucir-y-te-llevo-el-trailer\\\/#breadcrumb\",\"itemListElement\":[{\"@type\":\"ListItem\",\"position\":1,\"name\":\"Portada\",\"item\":\"https:\\\/\\\/reporteroshoy.mx\\\/noticias\\\/\"},{\"@type\":\"ListItem\",\"position\":2,\"name\":\"Te quisiste lucir\u2026 y te llev\u00f3 el tr\u00e1iler\"}]},{\"@type\":\"WebSite\",\"@id\":\"https:\\\/\\\/reporteroshoy.mx\\\/noticias\\\/#website\",\"url\":\"https:\\\/\\\/reporteroshoy.mx\\\/noticias\\\/\",\"name\":\"Reporteros Hoy | Noticias de Yucat\u00e1n\",\"description\":\"Peri\u00f3dico digital con noticias diarias desde M\u00e9rida, Yucat\u00e1n para el mundo.\",\"potentialAction\":[{\"@type\":\"SearchAction\",\"target\":{\"@type\":\"EntryPoint\",\"urlTemplate\":\"https:\\\/\\\/reporteroshoy.mx\\\/noticias\\\/?s={search_term_string}\"},\"query-input\":{\"@type\":\"PropertyValueSpecification\",\"valueRequired\":true,\"valueName\":\"search_term_string\"}}],\"inLanguage\":\"es\"},{\"@type\":\"Person\",\"@id\":\"https:\\\/\\\/reporteroshoy.mx\\\/noticias\\\/#\\\/schema\\\/person\\\/49ae631fc906b44554e4ba3866c505d7\",\"name\":\"Reporteros Hoy GS\",\"image\":{\"@type\":\"ImageObject\",\"inLanguage\":\"es\",\"@id\":\"https:\\\/\\\/secure.gravatar.com\\\/avatar\\\/00d32adb620345c3db2cfc175917f65c584e1e338fdc49ad126aa1f9830eb6a9?s=96&d=mm&r=g\",\"url\":\"https:\\\/\\\/secure.gravatar.com\\\/avatar\\\/00d32adb620345c3db2cfc175917f65c584e1e338fdc49ad126aa1f9830eb6a9?s=96&d=mm&r=g\",\"contentUrl\":\"https:\\\/\\\/secure.gravatar.com\\\/avatar\\\/00d32adb620345c3db2cfc175917f65c584e1e338fdc49ad126aa1f9830eb6a9?s=96&d=mm&r=g\",\"caption\":\"Reporteros Hoy GS\"},\"url\":\"https:\\\/\\\/reporteroshoy.mx\\\/noticias\\\/author\\\/lupis\\\/\"}]}<\/script>\n<!-- \/ Yoast SEO plugin. -->","yoast_head_json":{"title":"Te quisiste lucir\u2026 y te llev\u00f3 el tr\u00e1iler","description":"Mal inici\u00f3 el mes de diciembre el conductor de un Aveo, quiso ganarle a una pesada unidad, pero no le alcanz\u00f3 y termin\u00f3 con el veh\u00edculo destrozado. Al menos sali\u00f3 con vida.","robots":{"index":"index","follow":"follow","max-snippet":"max-snippet:-1","max-image-preview":"max-image-preview:large","max-video-preview":"max-video-preview:-1"},"canonical":"https:\/\/reporteroshoy.mx\/noticias\/te-quisiste-lucir-y-te-llevo-el-trailer\/","og_locale":"es_ES","og_type":"article","og_title":"Te quisiste lucir\u2026 y te llev\u00f3 el tr\u00e1iler","og_description":"Mal inici\u00f3 el mes de diciembre el conductor de un Aveo, quiso ganarle a una pesada unidad, pero no le alcanz\u00f3 y termin\u00f3 con el veh\u00edculo destrozado. Al menos sali\u00f3 con vida.","og_url":"https:\/\/reporteroshoy.mx\/noticias\/te-quisiste-lucir-y-te-llevo-el-trailer\/","og_site_name":"Reporteros Hoy | Noticias de Yucat\u00e1n","article_publisher":"http:\/\/www.facebook.com\/reporteroshoymx","article_published_time":"2020-12-02T04:00:32+00:00","article_modified_time":"2020-12-02T16:19:20+00:00","og_image":[{"width":768,"height":398,"url":"https:\/\/reporteroshoy.mx\/noticias\/wp-content\/uploads\/2020\/12\/triler-2.jpeg","type":"image\/jpeg"}],"author":"Reporteros Hoy GS","twitter_card":"summary_large_image","twitter_creator":"@reporteroshoy","twitter_site":"@reporteroshoy","twitter_misc":{"Escrito por":"Reporteros Hoy GS","Tiempo de lectura":"1 minuto"},"schema":{"@context":"https:\/\/schema.org","@graph":[{"@type":"Article","@id":"https:\/\/reporteroshoy.mx\/noticias\/te-quisiste-lucir-y-te-llevo-el-trailer\/#article","isPartOf":{"@id":"https:\/\/reporteroshoy.mx\/noticias\/te-quisiste-lucir-y-te-llevo-el-trailer\/"},"author":{"name":"Reporteros Hoy GS","@id":"https:\/\/reporteroshoy.mx\/noticias\/#\/schema\/person\/49ae631fc906b44554e4ba3866c505d7"},"headline":"Te quisiste lucir\u2026 y te llev\u00f3 el tr\u00e1iler","datePublished":"2020-12-02T04:00:32+00:00","dateModified":"2020-12-02T16:19:20+00:00","mainEntityOfPage":{"@id":"https:\/\/reporteroshoy.mx\/noticias\/te-quisiste-lucir-y-te-llevo-el-trailer\/"},"wordCount":179,"commentCount":0,"image":{"@id":"https:\/\/reporteroshoy.mx\/noticias\/te-quisiste-lucir-y-te-llevo-el-trailer\/#primaryimage"},"thumbnailUrl":"https:\/\/reporteroshoy.mx\/noticias\/wp-content\/uploads\/2020\/12\/triler-2.jpeg","keywords":["accidente","accidente en la M\u00e9rida Tetiz","Aveo"],"articleSection":["Polic\u00eda"],"inLanguage":"es","potentialAction":[{"@type":"CommentAction","name":"Comment","target":["https:\/\/reporteroshoy.mx\/noticias\/te-quisiste-lucir-y-te-llevo-el-trailer\/#respond"]}]},{"@type":"WebPage","@id":"https:\/\/reporteroshoy.mx\/noticias\/te-quisiste-lucir-y-te-llevo-el-trailer\/","url":"https:\/\/reporteroshoy.mx\/noticias\/te-quisiste-lucir-y-te-llevo-el-trailer\/","name":"Te quisiste lucir\u2026 y te llev\u00f3 el tr\u00e1iler","isPartOf":{"@id":"https:\/\/reporteroshoy.mx\/noticias\/#website"},"primaryImageOfPage":{"@id":"https:\/\/reporteroshoy.mx\/noticias\/te-quisiste-lucir-y-te-llevo-el-trailer\/#primaryimage"},"image":{"@id":"https:\/\/reporteroshoy.mx\/noticias\/te-quisiste-lucir-y-te-llevo-el-trailer\/#primaryimage"},"thumbnailUrl":"https:\/\/reporteroshoy.mx\/noticias\/wp-content\/uploads\/2020\/12\/triler-2.jpeg","datePublished":"2020-12-02T04:00:32+00:00","dateModified":"2020-12-02T16:19:20+00:00","author":{"@id":"https:\/\/reporteroshoy.mx\/noticias\/#\/schema\/person\/49ae631fc906b44554e4ba3866c505d7"},"description":"Mal inici\u00f3 el mes de diciembre el conductor de un Aveo, quiso ganarle a una pesada unidad, pero no le alcanz\u00f3 y termin\u00f3 con el veh\u00edculo destrozado. Al menos sali\u00f3 con vida.","breadcrumb":{"@id":"https:\/\/reporteroshoy.mx\/noticias\/te-quisiste-lucir-y-te-llevo-el-trailer\/#breadcrumb"},"inLanguage":"es","potentialAction":[{"@type":"ReadAction","target":["https:\/\/reporteroshoy.mx\/noticias\/te-quisiste-lucir-y-te-llevo-el-trailer\/"]}]},{"@type":"ImageObject","inLanguage":"es","@id":"https:\/\/reporteroshoy.mx\/noticias\/te-quisiste-lucir-y-te-llevo-el-trailer\/#primaryimage","url":"https:\/\/reporteroshoy.mx\/noticias\/wp-content\/uploads\/2020\/12\/triler-2.jpeg","contentUrl":"https:\/\/reporteroshoy.mx\/noticias\/wp-content\/uploads\/2020\/12\/triler-2.jpeg","width":768,"height":398},{"@type":"BreadcrumbList","@id":"https:\/\/reporteroshoy.mx\/noticias\/te-quisiste-lucir-y-te-llevo-el-trailer\/#breadcrumb","itemListElement":[{"@type":"ListItem","position":1,"name":"Portada","item":"https:\/\/reporteroshoy.mx\/noticias\/"},{"@type":"ListItem","position":2,"name":"Te quisiste lucir\u2026 y te llev\u00f3 el tr\u00e1iler"}]},{"@type":"WebSite","@id":"https:\/\/reporteroshoy.mx\/noticias\/#website","url":"https:\/\/reporteroshoy.mx\/noticias\/","name":"Reporteros Hoy | Noticias de Yucat\u00e1n","description":"Peri\u00f3dico digital con noticias diarias desde M\u00e9rida, Yucat\u00e1n para el mundo.","potentialAction":[{"@type":"SearchAction","target":{"@type":"EntryPoint","urlTemplate":"https:\/\/reporteroshoy.mx\/noticias\/?s={search_term_string}"},"query-input":{"@type":"PropertyValueSpecification","valueRequired":true,"valueName":"search_term_string"}}],"inLanguage":"es"},{"@type":"Person","@id":"https:\/\/reporteroshoy.mx\/noticias\/#\/schema\/person\/49ae631fc906b44554e4ba3866c505d7","name":"Reporteros Hoy GS","image":{"@type":"ImageObject","inLanguage":"es","@id":"https:\/\/secure.gravatar.com\/avatar\/00d32adb620345c3db2cfc175917f65c584e1e338fdc49ad126aa1f9830eb6a9?s=96&d=mm&r=g","url":"https:\/\/secure.gravatar.com\/avatar\/00d32adb620345c3db2cfc175917f65c584e1e338fdc49ad126aa1f9830eb6a9?s=96&d=mm&r=g","contentUrl":"https:\/\/secure.gravatar.com\/avatar\/00d32adb620345c3db2cfc175917f65c584e1e338fdc49ad126aa1f9830eb6a9?s=96&d=mm&r=g","caption":"Reporteros Hoy GS"},"url":"https:\/\/reporteroshoy.mx\/noticias\/author\/lupis\/"}]}},"_links":{"self":[{"href":"https:\/\/reporteroshoy.mx\/noticias\/wp-json\/wp\/v2\/posts\/51832","targetHints":{"allow":["GET"]}}],"collection":[{"href":"https:\/\/reporteroshoy.mx\/noticias\/wp-json\/wp\/v2\/posts"}],"about":[{"href":"https:\/\/reporteroshoy.mx\/noticias\/wp-json\/wp\/v2\/types\/post"}],"author":[{"embeddable":true,"href":"https:\/\/reporteroshoy.mx\/noticias\/wp-json\/wp\/v2\/users\/6"}],"replies":[{"embeddable":true,"href":"https:\/\/reporteroshoy.mx\/noticias\/wp-json\/wp\/v2\/comments?post=51832"}],"version-history":[{"count":0,"href":"https:\/\/reporteroshoy.mx\/noticias\/wp-json\/wp\/v2\/posts\/51832\/revisions"}],"wp:featuredmedia":[{"embeddable":true,"href":"https:\/\/reporteroshoy.mx\/noticias\/wp-json\/wp\/v2\/media\/51834"}],"wp:attachment":[{"href":"https:\/\/reporteroshoy.mx\/noticias\/wp-json\/wp\/v2\/media?parent=51832"}],"wp:term":[{"taxonomy":"category","embeddable":true,"href":"https:\/\/reporteroshoy.mx\/noticias\/wp-json\/wp\/v2\/categories?post=51832"},{"taxonomy":"post_tag","embeddable":true,"href":"https:\/\/reporteroshoy.mx\/noticias\/wp-json\/wp\/v2\/tags?post=51832"}],"curies":[{"name":"wp","href":"https:\/\/api.w.org\/{rel}","templated":true}]}}