{"id":52199,"date":"2020-12-07T11:00:19","date_gmt":"2020-12-07T17:00:19","guid":{"rendered":"https:\/\/reporteroshoy.mx\/noticias\/?p=52199"},"modified":"2020-12-08T09:12:02","modified_gmt":"2020-12-08T15:12:02","slug":"otro-ivonnista-se-va-del-pri-renuncia-javier-osante","status":"publish","type":"post","link":"https:\/\/reporteroshoy.mx\/noticias\/otro-ivonnista-se-va-del-pri-renuncia-javier-osante\/","title":{"rendered":"Otro \u2018ivonnista\u2019 se va del PRI: renuncia Javier Osante"},"content":{"rendered":"<p>M\u00e9rida, Yucat\u00e1n, 7 de diciembre de 2020 (ACOM).- El ex secretario estatal de la Juventud, Javier Osante Sol\u00eds, renunci\u00f3 al PRI al que acus\u00f3 de cortar aspiraciones y cerrar el paso a la construcci\u00f3n de nuevos proyectos pol\u00edticos.<\/p>\n<p>En un video que difundi\u00f3 en sus redes sociales, el tambi\u00e9n ex diputado local dijo que los espacios son acaparados por los mismos de siempre y ese partido solo pide sumisi\u00f3n a sus militantes.<\/p>\n<p>\u201cEl peque\u00f1o grupo que se siente due\u00f1o del partido no est\u00e1 listo para esta conservaci\u00f3n\u201d expres\u00f3 el ex funcionario estatal.<\/p>\n<p>\u201cPor congruencia y para trabajar por Yucat\u00e1n sin ataduras y en total libertad, he renunciado al PRI\u201d puntualiz\u00f3.<\/p>\n<p><img loading=\"lazy\" decoding=\"async\" class=\"wp-image-52200 aligncenter\" src=\"https:\/\/reporteroshoy.mx\/noticias\/wp-content\/uploads\/2020\/12\/Javier-Osante.jpg\" alt=\"\" width=\"598\" height=\"337\" \/><\/p>\n<p>Aunque no confirm\u00f3 que se incorporar\u00e1 a Movimiento Ciudadano como lo han hecho otros priistas encabezados por su actual pareja sentimental, Ivonne Ortega Pacheco, se da por descontado que seguir\u00e1 esos pasos.<\/p>\n<p>\u201cSeguir\u00e9 trabajando junto a otras y otros ciudadanos, poniendo manos a la obra para mejorar nuestro presente y sobre todo, para construir un mejor futuro\u201d concluy\u00f3 su video-anuncio.<\/p>\n","protected":false},"excerpt":{"rendered":"<p>El exsecretario estatal de la Juventud acus\u00f3 al PRI de cortar aspiraciones y cerrar el paso a la construcci\u00f3n de nuevos proyectos pol\u00edticos.<\/p>\n","protected":false},"author":9,"featured_media":52200,"comment_status":"open","ping_status":"closed","sticky":false,"template":"","format":"standard","meta":{"footnotes":""},"categories":[17],"tags":[3169,15271,370,229],"class_list":["post-52199","post","type-post","status-publish","format-standard","has-post-thumbnail","hentry","category-yucatan","tag-ivonne-ortega","tag-javier-osante-solis","tag-pri","tag-pri-yucatan"],"yoast_head":"<!-- This site is optimized with the Yoast SEO plugin v28.4 - https:\/\/yoast.com\/product\/yoast-seo-wordpress\/ -->\n<title>Otro \u2018ivonnista\u2019 se va del PRI: renuncia Javier Osante<\/title>\n<meta name=\"description\" content=\"El exsecretario estatal de la Juventud acus\u00f3 al PRI de cortar aspiraciones y cerrar el paso a la construcci\u00f3n de nuevos proyectos pol\u00edticos.\" \/>\n<meta name=\"robots\" content=\"index, follow, max-snippet:-1, max-image-preview:large, max-video-preview:-1\" \/>\n<link rel=\"canonical\" href=\"https:\/\/reporteroshoy.mx\/noticias\/otro-ivonnista-se-va-del-pri-renuncia-javier-osante\/\" \/>\n<meta property=\"og:locale\" content=\"es_ES\" \/>\n<meta property=\"og:type\" content=\"article\" \/>\n<meta property=\"og:title\" content=\"Otro \u2018ivonnista\u2019 se va del PRI: renuncia Javier Osante\" \/>\n<meta property=\"og:description\" content=\"El exsecretario estatal de la Juventud acus\u00f3 al PRI de cortar aspiraciones y cerrar el paso a la construcci\u00f3n de nuevos proyectos pol\u00edticos.\" \/>\n<meta property=\"og:url\" content=\"https:\/\/reporteroshoy.mx\/noticias\/otro-ivonnista-se-va-del-pri-renuncia-javier-osante\/\" \/>\n<meta property=\"og:site_name\" content=\"Reporteros Hoy | Noticias de Yucat\u00e1n\" \/>\n<meta property=\"article:publisher\" content=\"http:\/\/www.facebook.com\/reporteroshoymx\" \/>\n<meta property=\"article:published_time\" content=\"2020-12-07T17:00:19+00:00\" \/>\n<meta property=\"article:modified_time\" content=\"2020-12-08T15:12:02+00:00\" \/>\n<meta property=\"og:image\" content=\"https:\/\/reporteroshoy.mx\/noticias\/wp-content\/uploads\/2020\/12\/Javier-Osante.jpg\" \/>\n\t<meta property=\"og:image:width\" content=\"768\" \/>\n\t<meta property=\"og:image:height\" content=\"432\" \/>\n\t<meta property=\"og:image:type\" content=\"image\/jpeg\" \/>\n<meta name=\"author\" content=\"Reporteros Hoy WP\" \/>\n<meta name=\"twitter:card\" content=\"summary_large_image\" \/>\n<meta name=\"twitter:creator\" content=\"@reporteroshoy\" \/>\n<meta name=\"twitter:site\" content=\"@reporteroshoy\" \/>\n<meta name=\"twitter:label1\" content=\"Escrito por\" \/>\n\t<meta name=\"twitter:data1\" content=\"Reporteros Hoy WP\" \/>\n\t<meta name=\"twitter:label2\" content=\"Tiempo de lectura\" \/>\n\t<meta name=\"twitter:data2\" content=\"1 minuto\" \/>\n<script type=\"application\/ld+json\" class=\"yoast-schema-graph\">{\"@context\":\"https:\\\/\\\/schema.org\",\"@graph\":[{\"@type\":\"Article\",\"@id\":\"https:\\\/\\\/reporteroshoy.mx\\\/noticias\\\/otro-ivonnista-se-va-del-pri-renuncia-javier-osante\\\/#article\",\"isPartOf\":{\"@id\":\"https:\\\/\\\/reporteroshoy.mx\\\/noticias\\\/otro-ivonnista-se-va-del-pri-renuncia-javier-osante\\\/\"},\"author\":{\"name\":\"Reporteros Hoy WP\",\"@id\":\"https:\\\/\\\/reporteroshoy.mx\\\/noticias\\\/#\\\/schema\\\/person\\\/c977527e57c958a62c5cefe8fe47876e\"},\"headline\":\"Otro \u2018ivonnista\u2019 se va del PRI: renuncia Javier Osante\",\"datePublished\":\"2020-12-07T17:00:19+00:00\",\"dateModified\":\"2020-12-08T15:12:02+00:00\",\"mainEntityOfPage\":{\"@id\":\"https:\\\/\\\/reporteroshoy.mx\\\/noticias\\\/otro-ivonnista-se-va-del-pri-renuncia-javier-osante\\\/\"},\"wordCount\":189,\"commentCount\":0,\"image\":{\"@id\":\"https:\\\/\\\/reporteroshoy.mx\\\/noticias\\\/otro-ivonnista-se-va-del-pri-renuncia-javier-osante\\\/#primaryimage\"},\"thumbnailUrl\":\"https:\\\/\\\/reporteroshoy.mx\\\/noticias\\\/wp-content\\\/uploads\\\/2020\\\/12\\\/Javier-Osante.jpg\",\"keywords\":[\"Ivonne Ortega\",\"Javier Osante Sol\u00eds\",\"PRI\",\"PRI Yucat\u00e1n\"],\"articleSection\":[\"Yucat\u00e1n\"],\"inLanguage\":\"es\",\"potentialAction\":[{\"@type\":\"CommentAction\",\"name\":\"Comment\",\"target\":[\"https:\\\/\\\/reporteroshoy.mx\\\/noticias\\\/otro-ivonnista-se-va-del-pri-renuncia-javier-osante\\\/#respond\"]}]},{\"@type\":\"WebPage\",\"@id\":\"https:\\\/\\\/reporteroshoy.mx\\\/noticias\\\/otro-ivonnista-se-va-del-pri-renuncia-javier-osante\\\/\",\"url\":\"https:\\\/\\\/reporteroshoy.mx\\\/noticias\\\/otro-ivonnista-se-va-del-pri-renuncia-javier-osante\\\/\",\"name\":\"Otro \u2018ivonnista\u2019 se va del PRI: renuncia Javier Osante\",\"isPartOf\":{\"@id\":\"https:\\\/\\\/reporteroshoy.mx\\\/noticias\\\/#website\"},\"primaryImageOfPage\":{\"@id\":\"https:\\\/\\\/reporteroshoy.mx\\\/noticias\\\/otro-ivonnista-se-va-del-pri-renuncia-javier-osante\\\/#primaryimage\"},\"image\":{\"@id\":\"https:\\\/\\\/reporteroshoy.mx\\\/noticias\\\/otro-ivonnista-se-va-del-pri-renuncia-javier-osante\\\/#primaryimage\"},\"thumbnailUrl\":\"https:\\\/\\\/reporteroshoy.mx\\\/noticias\\\/wp-content\\\/uploads\\\/2020\\\/12\\\/Javier-Osante.jpg\",\"datePublished\":\"2020-12-07T17:00:19+00:00\",\"dateModified\":\"2020-12-08T15:12:02+00:00\",\"author\":{\"@id\":\"https:\\\/\\\/reporteroshoy.mx\\\/noticias\\\/#\\\/schema\\\/person\\\/c977527e57c958a62c5cefe8fe47876e\"},\"description\":\"El exsecretario estatal de la Juventud acus\u00f3 al PRI de cortar aspiraciones y cerrar el paso a la construcci\u00f3n de nuevos proyectos pol\u00edticos.\",\"breadcrumb\":{\"@id\":\"https:\\\/\\\/reporteroshoy.mx\\\/noticias\\\/otro-ivonnista-se-va-del-pri-renuncia-javier-osante\\\/#breadcrumb\"},\"inLanguage\":\"es\",\"potentialAction\":[{\"@type\":\"ReadAction\",\"target\":[\"https:\\\/\\\/reporteroshoy.mx\\\/noticias\\\/otro-ivonnista-se-va-del-pri-renuncia-javier-osante\\\/\"]}]},{\"@type\":\"ImageObject\",\"inLanguage\":\"es\",\"@id\":\"https:\\\/\\\/reporteroshoy.mx\\\/noticias\\\/otro-ivonnista-se-va-del-pri-renuncia-javier-osante\\\/#primaryimage\",\"url\":\"https:\\\/\\\/reporteroshoy.mx\\\/noticias\\\/wp-content\\\/uploads\\\/2020\\\/12\\\/Javier-Osante.jpg\",\"contentUrl\":\"https:\\\/\\\/reporteroshoy.mx\\\/noticias\\\/wp-content\\\/uploads\\\/2020\\\/12\\\/Javier-Osante.jpg\",\"width\":768,\"height\":432},{\"@type\":\"BreadcrumbList\",\"@id\":\"https:\\\/\\\/reporteroshoy.mx\\\/noticias\\\/otro-ivonnista-se-va-del-pri-renuncia-javier-osante\\\/#breadcrumb\",\"itemListElement\":[{\"@type\":\"ListItem\",\"position\":1,\"name\":\"Portada\",\"item\":\"https:\\\/\\\/reporteroshoy.mx\\\/noticias\\\/\"},{\"@type\":\"ListItem\",\"position\":2,\"name\":\"Otro \u2018ivonnista\u2019 se va del PRI: renuncia Javier Osante\"}]},{\"@type\":\"WebSite\",\"@id\":\"https:\\\/\\\/reporteroshoy.mx\\\/noticias\\\/#website\",\"url\":\"https:\\\/\\\/reporteroshoy.mx\\\/noticias\\\/\",\"name\":\"Reporteros Hoy | Noticias de Yucat\u00e1n\",\"description\":\"Peri\u00f3dico digital con noticias diarias desde M\u00e9rida, Yucat\u00e1n para el mundo.\",\"potentialAction\":[{\"@type\":\"SearchAction\",\"target\":{\"@type\":\"EntryPoint\",\"urlTemplate\":\"https:\\\/\\\/reporteroshoy.mx\\\/noticias\\\/?s={search_term_string}\"},\"query-input\":{\"@type\":\"PropertyValueSpecification\",\"valueRequired\":true,\"valueName\":\"search_term_string\"}}],\"inLanguage\":\"es\"},{\"@type\":\"Person\",\"@id\":\"https:\\\/\\\/reporteroshoy.mx\\\/noticias\\\/#\\\/schema\\\/person\\\/c977527e57c958a62c5cefe8fe47876e\",\"name\":\"Reporteros Hoy WP\",\"image\":{\"@type\":\"ImageObject\",\"inLanguage\":\"es\",\"@id\":\"https:\\\/\\\/secure.gravatar.com\\\/avatar\\\/fd2917f79a7dae30f8ac9ddc2f35e1756bb59e25e01d1cd09deaa64df7b2f73e?s=96&d=mm&r=g\",\"url\":\"https:\\\/\\\/secure.gravatar.com\\\/avatar\\\/fd2917f79a7dae30f8ac9ddc2f35e1756bb59e25e01d1cd09deaa64df7b2f73e?s=96&d=mm&r=g\",\"contentUrl\":\"https:\\\/\\\/secure.gravatar.com\\\/avatar\\\/fd2917f79a7dae30f8ac9ddc2f35e1756bb59e25e01d1cd09deaa64df7b2f73e?s=96&d=mm&r=g\",\"caption\":\"Reporteros Hoy WP\"},\"url\":\"https:\\\/\\\/reporteroshoy.mx\\\/noticias\\\/author\\\/walfer\\\/\"}]}<\/script>\n<!-- \/ Yoast SEO plugin. -->","yoast_head_json":{"title":"Otro \u2018ivonnista\u2019 se va del PRI: renuncia Javier Osante","description":"El exsecretario estatal de la Juventud acus\u00f3 al PRI de cortar aspiraciones y cerrar el paso a la construcci\u00f3n de nuevos proyectos pol\u00edticos.","robots":{"index":"index","follow":"follow","max-snippet":"max-snippet:-1","max-image-preview":"max-image-preview:large","max-video-preview":"max-video-preview:-1"},"canonical":"https:\/\/reporteroshoy.mx\/noticias\/otro-ivonnista-se-va-del-pri-renuncia-javier-osante\/","og_locale":"es_ES","og_type":"article","og_title":"Otro \u2018ivonnista\u2019 se va del PRI: renuncia Javier Osante","og_description":"El exsecretario estatal de la Juventud acus\u00f3 al PRI de cortar aspiraciones y cerrar el paso a la construcci\u00f3n de nuevos proyectos pol\u00edticos.","og_url":"https:\/\/reporteroshoy.mx\/noticias\/otro-ivonnista-se-va-del-pri-renuncia-javier-osante\/","og_site_name":"Reporteros Hoy | Noticias de Yucat\u00e1n","article_publisher":"http:\/\/www.facebook.com\/reporteroshoymx","article_published_time":"2020-12-07T17:00:19+00:00","article_modified_time":"2020-12-08T15:12:02+00:00","og_image":[{"width":768,"height":432,"url":"https:\/\/reporteroshoy.mx\/noticias\/wp-content\/uploads\/2020\/12\/Javier-Osante.jpg","type":"image\/jpeg"}],"author":"Reporteros Hoy WP","twitter_card":"summary_large_image","twitter_creator":"@reporteroshoy","twitter_site":"@reporteroshoy","twitter_misc":{"Escrito por":"Reporteros Hoy WP","Tiempo de lectura":"1 minuto"},"schema":{"@context":"https:\/\/schema.org","@graph":[{"@type":"Article","@id":"https:\/\/reporteroshoy.mx\/noticias\/otro-ivonnista-se-va-del-pri-renuncia-javier-osante\/#article","isPartOf":{"@id":"https:\/\/reporteroshoy.mx\/noticias\/otro-ivonnista-se-va-del-pri-renuncia-javier-osante\/"},"author":{"name":"Reporteros Hoy WP","@id":"https:\/\/reporteroshoy.mx\/noticias\/#\/schema\/person\/c977527e57c958a62c5cefe8fe47876e"},"headline":"Otro \u2018ivonnista\u2019 se va del PRI: renuncia Javier Osante","datePublished":"2020-12-07T17:00:19+00:00","dateModified":"2020-12-08T15:12:02+00:00","mainEntityOfPage":{"@id":"https:\/\/reporteroshoy.mx\/noticias\/otro-ivonnista-se-va-del-pri-renuncia-javier-osante\/"},"wordCount":189,"commentCount":0,"image":{"@id":"https:\/\/reporteroshoy.mx\/noticias\/otro-ivonnista-se-va-del-pri-renuncia-javier-osante\/#primaryimage"},"thumbnailUrl":"https:\/\/reporteroshoy.mx\/noticias\/wp-content\/uploads\/2020\/12\/Javier-Osante.jpg","keywords":["Ivonne Ortega","Javier Osante Sol\u00eds","PRI","PRI Yucat\u00e1n"],"articleSection":["Yucat\u00e1n"],"inLanguage":"es","potentialAction":[{"@type":"CommentAction","name":"Comment","target":["https:\/\/reporteroshoy.mx\/noticias\/otro-ivonnista-se-va-del-pri-renuncia-javier-osante\/#respond"]}]},{"@type":"WebPage","@id":"https:\/\/reporteroshoy.mx\/noticias\/otro-ivonnista-se-va-del-pri-renuncia-javier-osante\/","url":"https:\/\/reporteroshoy.mx\/noticias\/otro-ivonnista-se-va-del-pri-renuncia-javier-osante\/","name":"Otro \u2018ivonnista\u2019 se va del PRI: renuncia Javier Osante","isPartOf":{"@id":"https:\/\/reporteroshoy.mx\/noticias\/#website"},"primaryImageOfPage":{"@id":"https:\/\/reporteroshoy.mx\/noticias\/otro-ivonnista-se-va-del-pri-renuncia-javier-osante\/#primaryimage"},"image":{"@id":"https:\/\/reporteroshoy.mx\/noticias\/otro-ivonnista-se-va-del-pri-renuncia-javier-osante\/#primaryimage"},"thumbnailUrl":"https:\/\/reporteroshoy.mx\/noticias\/wp-content\/uploads\/2020\/12\/Javier-Osante.jpg","datePublished":"2020-12-07T17:00:19+00:00","dateModified":"2020-12-08T15:12:02+00:00","author":{"@id":"https:\/\/reporteroshoy.mx\/noticias\/#\/schema\/person\/c977527e57c958a62c5cefe8fe47876e"},"description":"El exsecretario estatal de la Juventud acus\u00f3 al PRI de cortar aspiraciones y cerrar el paso a la construcci\u00f3n de nuevos proyectos pol\u00edticos.","breadcrumb":{"@id":"https:\/\/reporteroshoy.mx\/noticias\/otro-ivonnista-se-va-del-pri-renuncia-javier-osante\/#breadcrumb"},"inLanguage":"es","potentialAction":[{"@type":"ReadAction","target":["https:\/\/reporteroshoy.mx\/noticias\/otro-ivonnista-se-va-del-pri-renuncia-javier-osante\/"]}]},{"@type":"ImageObject","inLanguage":"es","@id":"https:\/\/reporteroshoy.mx\/noticias\/otro-ivonnista-se-va-del-pri-renuncia-javier-osante\/#primaryimage","url":"https:\/\/reporteroshoy.mx\/noticias\/wp-content\/uploads\/2020\/12\/Javier-Osante.jpg","contentUrl":"https:\/\/reporteroshoy.mx\/noticias\/wp-content\/uploads\/2020\/12\/Javier-Osante.jpg","width":768,"height":432},{"@type":"BreadcrumbList","@id":"https:\/\/reporteroshoy.mx\/noticias\/otro-ivonnista-se-va-del-pri-renuncia-javier-osante\/#breadcrumb","itemListElement":[{"@type":"ListItem","position":1,"name":"Portada","item":"https:\/\/reporteroshoy.mx\/noticias\/"},{"@type":"ListItem","position":2,"name":"Otro \u2018ivonnista\u2019 se va del PRI: renuncia Javier Osante"}]},{"@type":"WebSite","@id":"https:\/\/reporteroshoy.mx\/noticias\/#website","url":"https:\/\/reporteroshoy.mx\/noticias\/","name":"Reporteros Hoy | Noticias de Yucat\u00e1n","description":"Peri\u00f3dico digital con noticias diarias desde M\u00e9rida, Yucat\u00e1n para el mundo.","potentialAction":[{"@type":"SearchAction","target":{"@type":"EntryPoint","urlTemplate":"https:\/\/reporteroshoy.mx\/noticias\/?s={search_term_string}"},"query-input":{"@type":"PropertyValueSpecification","valueRequired":true,"valueName":"search_term_string"}}],"inLanguage":"es"},{"@type":"Person","@id":"https:\/\/reporteroshoy.mx\/noticias\/#\/schema\/person\/c977527e57c958a62c5cefe8fe47876e","name":"Reporteros Hoy WP","image":{"@type":"ImageObject","inLanguage":"es","@id":"https:\/\/secure.gravatar.com\/avatar\/fd2917f79a7dae30f8ac9ddc2f35e1756bb59e25e01d1cd09deaa64df7b2f73e?s=96&d=mm&r=g","url":"https:\/\/secure.gravatar.com\/avatar\/fd2917f79a7dae30f8ac9ddc2f35e1756bb59e25e01d1cd09deaa64df7b2f73e?s=96&d=mm&r=g","contentUrl":"https:\/\/secure.gravatar.com\/avatar\/fd2917f79a7dae30f8ac9ddc2f35e1756bb59e25e01d1cd09deaa64df7b2f73e?s=96&d=mm&r=g","caption":"Reporteros Hoy WP"},"url":"https:\/\/reporteroshoy.mx\/noticias\/author\/walfer\/"}]}},"_links":{"self":[{"href":"https:\/\/reporteroshoy.mx\/noticias\/wp-json\/wp\/v2\/posts\/52199","targetHints":{"allow":["GET"]}}],"collection":[{"href":"https:\/\/reporteroshoy.mx\/noticias\/wp-json\/wp\/v2\/posts"}],"about":[{"href":"https:\/\/reporteroshoy.mx\/noticias\/wp-json\/wp\/v2\/types\/post"}],"author":[{"embeddable":true,"href":"https:\/\/reporteroshoy.mx\/noticias\/wp-json\/wp\/v2\/users\/9"}],"replies":[{"embeddable":true,"href":"https:\/\/reporteroshoy.mx\/noticias\/wp-json\/wp\/v2\/comments?post=52199"}],"version-history":[{"count":0,"href":"https:\/\/reporteroshoy.mx\/noticias\/wp-json\/wp\/v2\/posts\/52199\/revisions"}],"wp:featuredmedia":[{"embeddable":true,"href":"https:\/\/reporteroshoy.mx\/noticias\/wp-json\/wp\/v2\/media\/52200"}],"wp:attachment":[{"href":"https:\/\/reporteroshoy.mx\/noticias\/wp-json\/wp\/v2\/media?parent=52199"}],"wp:term":[{"taxonomy":"category","embeddable":true,"href":"https:\/\/reporteroshoy.mx\/noticias\/wp-json\/wp\/v2\/categories?post=52199"},{"taxonomy":"post_tag","embeddable":true,"href":"https:\/\/reporteroshoy.mx\/noticias\/wp-json\/wp\/v2\/tags?post=52199"}],"curies":[{"name":"wp","href":"https:\/\/api.w.org\/{rel}","templated":true}]}}