{"id":52531,"date":"2020-12-10T19:30:07","date_gmt":"2020-12-11T01:30:07","guid":{"rendered":"https:\/\/reporteroshoy.mx\/noticias\/?p=52531"},"modified":"2020-12-11T12:10:25","modified_gmt":"2020-12-11T18:10:25","slug":"otro-padre-desobligado-es-imputado-le-valen-sus-dos-hijos","status":"publish","type":"post","link":"https:\/\/reporteroshoy.mx\/noticias\/otro-padre-desobligado-es-imputado-le-valen-sus-dos-hijos\/","title":{"rendered":"Otro padre desobligado es imputado; le valen sus dos hijos"},"content":{"rendered":"<p style=\"text-align: justify;\">M\u00e9rida, Yucat\u00e1n,10 de diciembre de 2020.- La Fiscal\u00eda General del Estado (FGE) formul\u00f3 la imputaci\u00f3n a D.J.P.C. por su presunta participaci\u00f3n en el delito de incumplimiento de las obligaciones de asistencia familiar en agravio de sus dos hijos, por lo que en su momento se present\u00f3 la querella correspondiente, misma que deriv\u00f3 en la causa penal 186\/2020.<\/p>\n<p style=\"text-align: justify;\">Despu\u00e9s de la denuncia interpuesta, los especialistas de la Fiscal\u00eda comenzaron la indagatoria, misma que arroj\u00f3 que la denunciante y el imputado tuvieron una relaci\u00f3n de hecho, de la cual procrearon dos hijos y al separarse, la querellante promovi\u00f3 sendos juicios ante un Juez de los Familiar, obteniendo un pago de pensi\u00f3n alimenticia, misma a la que ha sido omiso el hoy imputado, por lo que se inici\u00f3 la presente denuncia que se desahoga en el Juzgado Segundo de Control del Primer Distrito Judicial.<\/p>\n<p><img loading=\"lazy\" decoding=\"async\" class=\"wp-image-40559 aligncenter\" src=\"https:\/\/reporteroshoy.mx\/noticias\/wp-content\/uploads\/2020\/06\/JUECES_JUSTICIA-2.jpeg\" alt=\"\" width=\"571\" height=\"380\" \/><\/p>\n<p style=\"text-align: justify;\">Durante la audiencia celebrada en el Centro de Justicia Oral de M\u00e9rida, los fiscales adscritos, tras formular la imputaci\u00f3n del delito, presentaron los datos de prueba para pedir la vinculaci\u00f3n a proceso del imputado, quien solicit\u00f3 la ampliaci\u00f3n del t\u00e9rmino legal para definir su situaci\u00f3n jur\u00eddica, por lo que la Juez de Control estableci\u00f3 que la audiencia contin\u00fae el pr\u00f3ximo 14 de diciembre.<\/p>\n<p style=\"text-align: justify;\">Antes de concluir la diligencia judicial, los fiscales expusieron los argumentos para solicitar las medidas cautelares de presentaci\u00f3n peri\u00f3dica en el Centro Estatal de Medidas Cautelares, la presentaci\u00f3n de una garant\u00eda econ\u00f3mica, la prohibici\u00f3n de salir del Estado sin autorizaci\u00f3n judicial, as\u00ed como tambi\u00e9n la prohibici\u00f3n de acercarse a la v\u00edctima, su domicilio, lugar de trabajo y su familia, adem\u00e1s de utilizar un localizador electr\u00f3nico, las medidas fueron valoradas y otorgadas por la autoridad judicial por todo el tiempo que dure el proceso.<\/p>\n","protected":false},"excerpt":{"rendered":"<p>Tendr\u00e1 que utilizar un localizador electr\u00f3nico, en tanto se define su situaci\u00f3n jur\u00eddica. <\/p>\n","protected":false},"author":5,"featured_media":0,"comment_status":"open","ping_status":"closed","sticky":false,"template":"","format":"standard","meta":{"footnotes":""},"categories":[14],"tags":[3082,15328,8701],"class_list":["post-52531","post","type-post","status-publish","format-standard","hentry","category-policia","tag-imputado","tag-localizador-electronico","tag-padre-incumplido"],"yoast_head":"<!-- This site is optimized with the Yoast SEO plugin v28.3 - https:\/\/yoast.com\/product\/yoast-seo-wordpress\/ -->\n<title>Otro padre desobligado es imputado; le valen sus dos hijos<\/title>\n<meta name=\"description\" content=\"Tendr\u00e1 que utilizar un localizador electr\u00f3nico, en tanto se define su situaci\u00f3n jur\u00eddica.\" \/>\n<meta name=\"robots\" content=\"index, follow, max-snippet:-1, max-image-preview:large, max-video-preview:-1\" \/>\n<link rel=\"canonical\" href=\"https:\/\/reporteroshoy.mx\/noticias\/otro-padre-desobligado-es-imputado-le-valen-sus-dos-hijos\/\" \/>\n<meta property=\"og:locale\" content=\"es_ES\" \/>\n<meta property=\"og:type\" content=\"article\" \/>\n<meta property=\"og:title\" content=\"Otro padre desobligado es imputado; le valen sus dos hijos\" \/>\n<meta property=\"og:description\" content=\"Tendr\u00e1 que utilizar un localizador electr\u00f3nico, en tanto se define su situaci\u00f3n jur\u00eddica.\" \/>\n<meta property=\"og:url\" content=\"https:\/\/reporteroshoy.mx\/noticias\/otro-padre-desobligado-es-imputado-le-valen-sus-dos-hijos\/\" \/>\n<meta property=\"og:site_name\" content=\"Reporteros Hoy | Noticias de Yucat\u00e1n\" \/>\n<meta property=\"article:publisher\" content=\"http:\/\/www.facebook.com\/reporteroshoymx\" \/>\n<meta property=\"article:published_time\" content=\"2020-12-11T01:30:07+00:00\" \/>\n<meta property=\"article:modified_time\" content=\"2020-12-11T18:10:25+00:00\" \/>\n<meta property=\"og:image\" content=\"https:\/\/reporteroshoy.mx\/noticias\/wp-content\/uploads\/2020\/06\/JUECES_JUSTICIA-2.jpeg\" \/>\n\t<meta property=\"og:image:width\" content=\"768\" \/>\n\t<meta property=\"og:image:height\" content=\"510\" \/>\n\t<meta property=\"og:image:type\" content=\"image\/jpeg\" \/>\n<meta name=\"author\" content=\"Reporteros Hoy IM\" \/>\n<meta name=\"twitter:card\" content=\"summary_large_image\" \/>\n<meta name=\"twitter:creator\" content=\"@reporteroshoy\" \/>\n<meta name=\"twitter:site\" content=\"@reporteroshoy\" \/>\n<meta name=\"twitter:label1\" content=\"Escrito por\" \/>\n\t<meta name=\"twitter:data1\" content=\"Reporteros Hoy IM\" \/>\n\t<meta name=\"twitter:label2\" content=\"Tiempo de lectura\" \/>\n\t<meta name=\"twitter:data2\" content=\"2 minutos\" \/>\n<script type=\"application\/ld+json\" class=\"yoast-schema-graph\">{\"@context\":\"https:\\\/\\\/schema.org\",\"@graph\":[{\"@type\":\"Article\",\"@id\":\"https:\\\/\\\/reporteroshoy.mx\\\/noticias\\\/otro-padre-desobligado-es-imputado-le-valen-sus-dos-hijos\\\/#article\",\"isPartOf\":{\"@id\":\"https:\\\/\\\/reporteroshoy.mx\\\/noticias\\\/otro-padre-desobligado-es-imputado-le-valen-sus-dos-hijos\\\/\"},\"author\":{\"name\":\"Reporteros Hoy IM\",\"@id\":\"https:\\\/\\\/reporteroshoy.mx\\\/noticias\\\/#\\\/schema\\\/person\\\/948520f0d88b01be2e5266bc4acbbc15\"},\"headline\":\"Otro padre desobligado es imputado; le valen sus dos hijos\",\"datePublished\":\"2020-12-11T01:30:07+00:00\",\"dateModified\":\"2020-12-11T18:10:25+00:00\",\"mainEntityOfPage\":{\"@id\":\"https:\\\/\\\/reporteroshoy.mx\\\/noticias\\\/otro-padre-desobligado-es-imputado-le-valen-sus-dos-hijos\\\/\"},\"wordCount\":328,\"commentCount\":0,\"image\":{\"@id\":\"https:\\\/\\\/reporteroshoy.mx\\\/noticias\\\/otro-padre-desobligado-es-imputado-le-valen-sus-dos-hijos\\\/#primaryimage\"},\"thumbnailUrl\":\"https:\\\/\\\/reporteroshoy.mx\\\/noticias\\\/wp-content\\\/uploads\\\/2020\\\/06\\\/JUECES_JUSTICIA-2.jpeg\",\"keywords\":[\"Imputado\",\"localizador electr\u00f3nico\",\"Padre incumplido\"],\"articleSection\":[\"Polic\u00eda\"],\"inLanguage\":\"es\",\"potentialAction\":[{\"@type\":\"CommentAction\",\"name\":\"Comment\",\"target\":[\"https:\\\/\\\/reporteroshoy.mx\\\/noticias\\\/otro-padre-desobligado-es-imputado-le-valen-sus-dos-hijos\\\/#respond\"]}]},{\"@type\":\"WebPage\",\"@id\":\"https:\\\/\\\/reporteroshoy.mx\\\/noticias\\\/otro-padre-desobligado-es-imputado-le-valen-sus-dos-hijos\\\/\",\"url\":\"https:\\\/\\\/reporteroshoy.mx\\\/noticias\\\/otro-padre-desobligado-es-imputado-le-valen-sus-dos-hijos\\\/\",\"name\":\"Otro padre desobligado es imputado; le valen sus dos hijos\",\"isPartOf\":{\"@id\":\"https:\\\/\\\/reporteroshoy.mx\\\/noticias\\\/#website\"},\"primaryImageOfPage\":{\"@id\":\"https:\\\/\\\/reporteroshoy.mx\\\/noticias\\\/otro-padre-desobligado-es-imputado-le-valen-sus-dos-hijos\\\/#primaryimage\"},\"image\":{\"@id\":\"https:\\\/\\\/reporteroshoy.mx\\\/noticias\\\/otro-padre-desobligado-es-imputado-le-valen-sus-dos-hijos\\\/#primaryimage\"},\"thumbnailUrl\":\"https:\\\/\\\/reporteroshoy.mx\\\/noticias\\\/wp-content\\\/uploads\\\/2020\\\/06\\\/JUECES_JUSTICIA-2.jpeg\",\"datePublished\":\"2020-12-11T01:30:07+00:00\",\"dateModified\":\"2020-12-11T18:10:25+00:00\",\"author\":{\"@id\":\"https:\\\/\\\/reporteroshoy.mx\\\/noticias\\\/#\\\/schema\\\/person\\\/948520f0d88b01be2e5266bc4acbbc15\"},\"description\":\"Tendr\u00e1 que utilizar un localizador electr\u00f3nico, en tanto se define su situaci\u00f3n jur\u00eddica.\",\"breadcrumb\":{\"@id\":\"https:\\\/\\\/reporteroshoy.mx\\\/noticias\\\/otro-padre-desobligado-es-imputado-le-valen-sus-dos-hijos\\\/#breadcrumb\"},\"inLanguage\":\"es\",\"potentialAction\":[{\"@type\":\"ReadAction\",\"target\":[\"https:\\\/\\\/reporteroshoy.mx\\\/noticias\\\/otro-padre-desobligado-es-imputado-le-valen-sus-dos-hijos\\\/\"]}]},{\"@type\":\"ImageObject\",\"inLanguage\":\"es\",\"@id\":\"https:\\\/\\\/reporteroshoy.mx\\\/noticias\\\/otro-padre-desobligado-es-imputado-le-valen-sus-dos-hijos\\\/#primaryimage\",\"url\":\"\",\"contentUrl\":\"\"},{\"@type\":\"BreadcrumbList\",\"@id\":\"https:\\\/\\\/reporteroshoy.mx\\\/noticias\\\/otro-padre-desobligado-es-imputado-le-valen-sus-dos-hijos\\\/#breadcrumb\",\"itemListElement\":[{\"@type\":\"ListItem\",\"position\":1,\"name\":\"Portada\",\"item\":\"https:\\\/\\\/reporteroshoy.mx\\\/noticias\\\/\"},{\"@type\":\"ListItem\",\"position\":2,\"name\":\"Otro padre desobligado es imputado; le valen sus dos hijos\"}]},{\"@type\":\"WebSite\",\"@id\":\"https:\\\/\\\/reporteroshoy.mx\\\/noticias\\\/#website\",\"url\":\"https:\\\/\\\/reporteroshoy.mx\\\/noticias\\\/\",\"name\":\"Reporteros Hoy | Noticias de Yucat\u00e1n\",\"description\":\"Peri\u00f3dico digital con noticias diarias desde M\u00e9rida, Yucat\u00e1n para el mundo.\",\"potentialAction\":[{\"@type\":\"SearchAction\",\"target\":{\"@type\":\"EntryPoint\",\"urlTemplate\":\"https:\\\/\\\/reporteroshoy.mx\\\/noticias\\\/?s={search_term_string}\"},\"query-input\":{\"@type\":\"PropertyValueSpecification\",\"valueRequired\":true,\"valueName\":\"search_term_string\"}}],\"inLanguage\":\"es\"},{\"@type\":\"Person\",\"@id\":\"https:\\\/\\\/reporteroshoy.mx\\\/noticias\\\/#\\\/schema\\\/person\\\/948520f0d88b01be2e5266bc4acbbc15\",\"name\":\"Reporteros Hoy IM\",\"image\":{\"@type\":\"ImageObject\",\"inLanguage\":\"es\",\"@id\":\"https:\\\/\\\/secure.gravatar.com\\\/avatar\\\/d843030b96552826ac048bdfe26f2895604b800ed0c880ee55765a74d95dfc65?s=96&d=mm&r=g\",\"url\":\"https:\\\/\\\/secure.gravatar.com\\\/avatar\\\/d843030b96552826ac048bdfe26f2895604b800ed0c880ee55765a74d95dfc65?s=96&d=mm&r=g\",\"contentUrl\":\"https:\\\/\\\/secure.gravatar.com\\\/avatar\\\/d843030b96552826ac048bdfe26f2895604b800ed0c880ee55765a74d95dfc65?s=96&d=mm&r=g\",\"caption\":\"Reporteros Hoy IM\"},\"url\":\"https:\\\/\\\/reporteroshoy.mx\\\/noticias\\\/author\\\/israel\\\/\"}]}<\/script>\n<!-- \/ Yoast SEO plugin. -->","yoast_head_json":{"title":"Otro padre desobligado es imputado; le valen sus dos hijos","description":"Tendr\u00e1 que utilizar un localizador electr\u00f3nico, en tanto se define su situaci\u00f3n jur\u00eddica.","robots":{"index":"index","follow":"follow","max-snippet":"max-snippet:-1","max-image-preview":"max-image-preview:large","max-video-preview":"max-video-preview:-1"},"canonical":"https:\/\/reporteroshoy.mx\/noticias\/otro-padre-desobligado-es-imputado-le-valen-sus-dos-hijos\/","og_locale":"es_ES","og_type":"article","og_title":"Otro padre desobligado es imputado; le valen sus dos hijos","og_description":"Tendr\u00e1 que utilizar un localizador electr\u00f3nico, en tanto se define su situaci\u00f3n jur\u00eddica.","og_url":"https:\/\/reporteroshoy.mx\/noticias\/otro-padre-desobligado-es-imputado-le-valen-sus-dos-hijos\/","og_site_name":"Reporteros Hoy | Noticias de Yucat\u00e1n","article_publisher":"http:\/\/www.facebook.com\/reporteroshoymx","article_published_time":"2020-12-11T01:30:07+00:00","article_modified_time":"2020-12-11T18:10:25+00:00","og_image":[{"width":768,"height":510,"url":"https:\/\/reporteroshoy.mx\/noticias\/wp-content\/uploads\/2020\/06\/JUECES_JUSTICIA-2.jpeg","type":"image\/jpeg"}],"author":"Reporteros Hoy IM","twitter_card":"summary_large_image","twitter_creator":"@reporteroshoy","twitter_site":"@reporteroshoy","twitter_misc":{"Escrito por":"Reporteros Hoy IM","Tiempo de lectura":"2 minutos"},"schema":{"@context":"https:\/\/schema.org","@graph":[{"@type":"Article","@id":"https:\/\/reporteroshoy.mx\/noticias\/otro-padre-desobligado-es-imputado-le-valen-sus-dos-hijos\/#article","isPartOf":{"@id":"https:\/\/reporteroshoy.mx\/noticias\/otro-padre-desobligado-es-imputado-le-valen-sus-dos-hijos\/"},"author":{"name":"Reporteros Hoy IM","@id":"https:\/\/reporteroshoy.mx\/noticias\/#\/schema\/person\/948520f0d88b01be2e5266bc4acbbc15"},"headline":"Otro padre desobligado es imputado; le valen sus dos hijos","datePublished":"2020-12-11T01:30:07+00:00","dateModified":"2020-12-11T18:10:25+00:00","mainEntityOfPage":{"@id":"https:\/\/reporteroshoy.mx\/noticias\/otro-padre-desobligado-es-imputado-le-valen-sus-dos-hijos\/"},"wordCount":328,"commentCount":0,"image":{"@id":"https:\/\/reporteroshoy.mx\/noticias\/otro-padre-desobligado-es-imputado-le-valen-sus-dos-hijos\/#primaryimage"},"thumbnailUrl":"https:\/\/reporteroshoy.mx\/noticias\/wp-content\/uploads\/2020\/06\/JUECES_JUSTICIA-2.jpeg","keywords":["Imputado","localizador electr\u00f3nico","Padre incumplido"],"articleSection":["Polic\u00eda"],"inLanguage":"es","potentialAction":[{"@type":"CommentAction","name":"Comment","target":["https:\/\/reporteroshoy.mx\/noticias\/otro-padre-desobligado-es-imputado-le-valen-sus-dos-hijos\/#respond"]}]},{"@type":"WebPage","@id":"https:\/\/reporteroshoy.mx\/noticias\/otro-padre-desobligado-es-imputado-le-valen-sus-dos-hijos\/","url":"https:\/\/reporteroshoy.mx\/noticias\/otro-padre-desobligado-es-imputado-le-valen-sus-dos-hijos\/","name":"Otro padre desobligado es imputado; le valen sus dos hijos","isPartOf":{"@id":"https:\/\/reporteroshoy.mx\/noticias\/#website"},"primaryImageOfPage":{"@id":"https:\/\/reporteroshoy.mx\/noticias\/otro-padre-desobligado-es-imputado-le-valen-sus-dos-hijos\/#primaryimage"},"image":{"@id":"https:\/\/reporteroshoy.mx\/noticias\/otro-padre-desobligado-es-imputado-le-valen-sus-dos-hijos\/#primaryimage"},"thumbnailUrl":"https:\/\/reporteroshoy.mx\/noticias\/wp-content\/uploads\/2020\/06\/JUECES_JUSTICIA-2.jpeg","datePublished":"2020-12-11T01:30:07+00:00","dateModified":"2020-12-11T18:10:25+00:00","author":{"@id":"https:\/\/reporteroshoy.mx\/noticias\/#\/schema\/person\/948520f0d88b01be2e5266bc4acbbc15"},"description":"Tendr\u00e1 que utilizar un localizador electr\u00f3nico, en tanto se define su situaci\u00f3n jur\u00eddica.","breadcrumb":{"@id":"https:\/\/reporteroshoy.mx\/noticias\/otro-padre-desobligado-es-imputado-le-valen-sus-dos-hijos\/#breadcrumb"},"inLanguage":"es","potentialAction":[{"@type":"ReadAction","target":["https:\/\/reporteroshoy.mx\/noticias\/otro-padre-desobligado-es-imputado-le-valen-sus-dos-hijos\/"]}]},{"@type":"ImageObject","inLanguage":"es","@id":"https:\/\/reporteroshoy.mx\/noticias\/otro-padre-desobligado-es-imputado-le-valen-sus-dos-hijos\/#primaryimage","url":"","contentUrl":""},{"@type":"BreadcrumbList","@id":"https:\/\/reporteroshoy.mx\/noticias\/otro-padre-desobligado-es-imputado-le-valen-sus-dos-hijos\/#breadcrumb","itemListElement":[{"@type":"ListItem","position":1,"name":"Portada","item":"https:\/\/reporteroshoy.mx\/noticias\/"},{"@type":"ListItem","position":2,"name":"Otro padre desobligado es imputado; le valen sus dos hijos"}]},{"@type":"WebSite","@id":"https:\/\/reporteroshoy.mx\/noticias\/#website","url":"https:\/\/reporteroshoy.mx\/noticias\/","name":"Reporteros Hoy | Noticias de Yucat\u00e1n","description":"Peri\u00f3dico digital con noticias diarias desde M\u00e9rida, Yucat\u00e1n para el mundo.","potentialAction":[{"@type":"SearchAction","target":{"@type":"EntryPoint","urlTemplate":"https:\/\/reporteroshoy.mx\/noticias\/?s={search_term_string}"},"query-input":{"@type":"PropertyValueSpecification","valueRequired":true,"valueName":"search_term_string"}}],"inLanguage":"es"},{"@type":"Person","@id":"https:\/\/reporteroshoy.mx\/noticias\/#\/schema\/person\/948520f0d88b01be2e5266bc4acbbc15","name":"Reporteros Hoy IM","image":{"@type":"ImageObject","inLanguage":"es","@id":"https:\/\/secure.gravatar.com\/avatar\/d843030b96552826ac048bdfe26f2895604b800ed0c880ee55765a74d95dfc65?s=96&d=mm&r=g","url":"https:\/\/secure.gravatar.com\/avatar\/d843030b96552826ac048bdfe26f2895604b800ed0c880ee55765a74d95dfc65?s=96&d=mm&r=g","contentUrl":"https:\/\/secure.gravatar.com\/avatar\/d843030b96552826ac048bdfe26f2895604b800ed0c880ee55765a74d95dfc65?s=96&d=mm&r=g","caption":"Reporteros Hoy IM"},"url":"https:\/\/reporteroshoy.mx\/noticias\/author\/israel\/"}]}},"_links":{"self":[{"href":"https:\/\/reporteroshoy.mx\/noticias\/wp-json\/wp\/v2\/posts\/52531","targetHints":{"allow":["GET"]}}],"collection":[{"href":"https:\/\/reporteroshoy.mx\/noticias\/wp-json\/wp\/v2\/posts"}],"about":[{"href":"https:\/\/reporteroshoy.mx\/noticias\/wp-json\/wp\/v2\/types\/post"}],"author":[{"embeddable":true,"href":"https:\/\/reporteroshoy.mx\/noticias\/wp-json\/wp\/v2\/users\/5"}],"replies":[{"embeddable":true,"href":"https:\/\/reporteroshoy.mx\/noticias\/wp-json\/wp\/v2\/comments?post=52531"}],"version-history":[{"count":0,"href":"https:\/\/reporteroshoy.mx\/noticias\/wp-json\/wp\/v2\/posts\/52531\/revisions"}],"wp:attachment":[{"href":"https:\/\/reporteroshoy.mx\/noticias\/wp-json\/wp\/v2\/media?parent=52531"}],"wp:term":[{"taxonomy":"category","embeddable":true,"href":"https:\/\/reporteroshoy.mx\/noticias\/wp-json\/wp\/v2\/categories?post=52531"},{"taxonomy":"post_tag","embeddable":true,"href":"https:\/\/reporteroshoy.mx\/noticias\/wp-json\/wp\/v2\/tags?post=52531"}],"curies":[{"name":"wp","href":"https:\/\/api.w.org\/{rel}","templated":true}]}}