{"id":52598,"date":"2020-12-11T17:30:55","date_gmt":"2020-12-11T23:30:55","guid":{"rendered":"https:\/\/reporteroshoy.mx\/noticias\/?p=52598"},"modified":"2020-12-12T11:43:46","modified_gmt":"2020-12-12T17:43:46","slug":"continua-analisis-del-paquete-fiscal-estatal-para-2021","status":"publish","type":"post","link":"https:\/\/reporteroshoy.mx\/noticias\/continua-analisis-del-paquete-fiscal-estatal-para-2021\/","title":{"rendered":"Contin\u00faa an\u00e1lisis del Paquete Fiscal estatal para 2021"},"content":{"rendered":"<p style=\"text-align: justify;\"><span style=\"color: #000000;\">M\u00e9rida, Yucat\u00e1n, 11 de diciembre de 2020.- La comisi\u00f3n de Presupuesto, Patrimonio Estatal y Municipal continu\u00f3 el an\u00e1lisis del Paquete Fiscal estatal para el ejercicio 2021, en la cual se solicit\u00f3 la elaboraci\u00f3n del proyecto de dictamen de las reformas a la Ley de Hacienda, en materia de servicios que presta el Poder Legislativo.<\/span><\/p>\n<p style=\"text-align: justify;\"><span style=\"color: #000000;\">Al comenzar la Ley de Ingresos del Estado para 2021, a nombre de la fracci\u00f3n del PRI, la diputada Lila Fr\u00edas Castillo, solicit\u00f3 desechar la iniciativa para modificar la Ley de Hacienda, el C\u00f3digo Fiscal del Estado y la Ley que crea el Instituto de Seguridad Jur\u00eddica Patrimonial de Yucat\u00e1n, en materia de aval\u00faos, porque transgrede el derecho humano de libertad del trabajo y afecta el principio de igualdad en detrimento de los profesionales de dicha rama en la entidad.<\/span><\/p>\n<p><span style=\"color: #000000;\"><img loading=\"lazy\" decoding=\"async\" class=\"wp-image-52597 aligncenter\" src=\"https:\/\/reporteroshoy.mx\/noticias\/wp-content\/uploads\/2020\/12\/CONGRESO_LILA-FRIAS_111220_1.jpg\" alt=\"\" width=\"634\" height=\"419\" \/><\/span><\/p>\n<p style=\"text-align: justify;\"><span style=\"color: #000000;\">Tambi\u00e9n, continu\u00f3, invade esferas municipales en materia de catastro, limita las funciones de los corredores y valuadores p\u00fablicos, \u201cno es viable para que pueda ser adecuada al marco legal vigente\u201d.<\/span><\/p>\n<p style=\"text-align: justify;\"><span style=\"color: #000000;\">En la misma propuesta, se\u00f1al\u00f3 la licencia \u00fanica ambiental no debe ser impactada en la reforma a la Ley de Hacienda estatal, porque la regulaci\u00f3n normativa al respecto no ha sido modificada por esta Legislatura, toda vez que la iniciativa para modificar diversas leyes, en materia de mejora regulatoria y simplificaci\u00f3n administrativa a\u00fan se encuentran en proceso legislativo en la Comisi\u00f3n de Desarrollo Econ\u00f3mico y Fomento al Empleo.<\/span><\/p>\n<p style=\"text-align: justify;\"><span style=\"color: #000000;\">Por otro lado, Fr\u00edas Castillo indic\u00f3 que la bancada del PRI est\u00e1 en contra de los montos contemplados dentro del proyecto de Presupuesto de Egresos para el 2021, en particular para el Poder Legislativo del Estado, que en octubre pasado aval\u00f3 una cantidad de $262,342,027.00, pero en el documento se plantea $220,004,107.00, con un decremento de $42,337,920.00, es decir, 16.14%.<\/span><\/p>\n<p style=\"text-align: justify;\"><span style=\"color: #000000;\">\u201cYa que esto arriesga la operatividad de este cuerpo legislativo comprometiendo incluso el cumplimiento de las obligaciones constitucionales de la siguiente Legislatura\u201d, a\u00f1adi\u00f3.<\/span><\/p>\n<p style=\"text-align: justify;\"><span style=\"color: #000000;\">Asimismo, mencion\u00f3 que a la Orquesta Sinf\u00f3nica de Yucat\u00e1n recibi\u00f3 este a\u00f1o la cantidad de $41\u2019363,746.00 y para el pr\u00f3ximo a\u00f1o se proyecta $17\u2019019,822.00, que representa una disminuci\u00f3n de $24\u2019343,924.00, es decir, un decremento de 58.85%.<\/span><\/p>\n<p style=\"text-align: justify;\"><span style=\"color: #000000;\">\u201cEn todo caso, se hubiera reducido en \u00e1reas no esenciales sin afectar el patrimonio cultural de Yucat\u00e1n\u201d, declar\u00f3.<\/span><\/p>\n<p style=\"text-align: justify;\"><span style=\"color: #000000;\">Por lo anterior, la legisladora solicit\u00f3 que se declare un receso para que esta Comisi\u00f3n permanente analice los temas antes vertidos.<\/span><\/p>\n<p><span style=\"color: #000000;\"><img loading=\"lazy\" decoding=\"async\" class=\"wp-image-52596 aligncenter\" src=\"https:\/\/reporteroshoy.mx\/noticias\/wp-content\/uploads\/2020\/12\/CONGRESO_111220_1.jpg\" alt=\"\" width=\"594\" height=\"389\" \/><\/span><\/p>\n<p style=\"text-align: justify;\"><span style=\"color: #000000;\">La coordinadora de la fracci\u00f3n del PAN, Rosa Adriana D\u00edaz Lizama, concord\u00f3 con hacer un receso para el estudio de los planteamientos, pero manifest\u00f3 su inconformidad sobre la solicitud del presupuesto del Congreso estatal porque \u201cno parece demostrar empat\u00eda hacia los ciudadanos yucatecos\u201d.<\/span><\/p>\n<p style=\"text-align: justify;\"><span style=\"color: #000000;\">La diputada sin partido, Milagros Romero Bastarrachea, aclar\u00f3 que en el presupuesto del Legislativo estatal, \u201cno estamos peleando el ramo mil que se refiere a los sueldos y las compensaciones, sino a la operaci\u00f3n b\u00e1sica del Congreso\u201d, porque \u201cno podemos defender otros presupuestos y no el propio\u201d; por lo que tambi\u00e9n se mostr\u00f3 de acuerdo en realizar un receso para hacer un an\u00e1lisis minucioso y buscar un producto legislativo \u201cque nos represente a todos\u201d.<\/span><\/p>\n<p><span style=\"color: #000000;\"><img loading=\"lazy\" decoding=\"async\" class=\"wp-image-52595 aligncenter\" src=\"https:\/\/reporteroshoy.mx\/noticias\/wp-content\/uploads\/2020\/12\/CONGRESO_111220_3.jpg\" alt=\"\" width=\"643\" height=\"425\" \/><\/span><\/p>\n<p style=\"text-align: justify;\"><span style=\"color: #000000;\">En su turno, el diputado del PRI, Luis Borjas Romero, solicit\u00f3 que la iniciativa en materia de aval\u00faos sea analizada de manera compartida con la comisi\u00f3n de Justicia y Seguridad P\u00fablica, la cual preside, porque impacta leyes que atiende dicho cuerpo colegiado.<\/span><\/p>\n<p style=\"text-align: justify;\"><span style=\"color: #000000;\">En respuesta, el presidente de la comisi\u00f3n de Presupuesto, V\u00edctor S\u00e1nchez Roca, inform\u00f3 que no tiene la facultad para hacerlo, solo la Mesa Directiva, por lo que continuar\u00e1n con el desarrollo regular como parte de una iniciativa del paquete fiscal estatal; para finalizar, declar\u00f3 un receso para reanudar actividades el lunes 14 de diciembre a las 9 de la ma\u00f1ana.<\/span><\/p>\n<h4><span style=\"color: #000000;\"><strong>Vigilancia<\/strong><\/span><\/h4>\n<p style=\"text-align: justify;\"><span style=\"color: #000000;\">En la comisi\u00f3n de Vigilancia de la Cuenta P\u00fablica, Transparencia y Anticorrupci\u00f3n, sus integrantes aprobaron por unanimidad la segunda entrega de los informes individuales, correspondientes a la revisi\u00f3n y fiscalizaci\u00f3n de la Cuenta P\u00fablica 2019, que contienen 127 auditor\u00edas de 66 municipios, 8 organismos p\u00fablicos y 53 entidades y organismos aut\u00f3nomos.<\/span><\/p>\n<p style=\"text-align: justify;\"><span style=\"color: #000000;\">De la misma manera, avalaron la terna de candidatas para ocupar al cargo de Comisionada del Instituto Estatal de Transparencia, Acceso a la Informaci\u00f3n P\u00fablica y Protecci\u00f3n de Datos Personales, integrada por las mismas aspirantes que en la anterior ocasi\u00f3n: Adriana de Le\u00f3n Carmona, Mar\u00eda Gilda Segovia Chab y Maury Zayuri Valle Valencia.<\/span><\/p>\n","protected":false},"excerpt":{"rendered":"<p>Proponen desechar una propuesta en materia de aval\u00faos.<\/p>\n","protected":false},"author":5,"featured_media":52597,"comment_status":"open","ping_status":"closed","sticky":false,"template":"","format":"standard","meta":{"footnotes":""},"categories":[7],"tags":[1974,321,13937],"class_list":["post-52598","post","type-post","status-publish","format-standard","has-post-thumbnail","hentry","category-gobierno","tag-analisis","tag-congreso-de-yucatan","tag-paquete-economico-2021"],"yoast_head":"<!-- This site is optimized with the Yoast SEO plugin v28.4 - https:\/\/yoast.com\/product\/yoast-seo-wordpress\/ -->\n<title>Contin\u00faa an\u00e1lisis del Paquete Fiscal estatal para 2021<\/title>\n<meta name=\"description\" content=\"Proponen desechar una propuesta en materia de aval\u00faos.\" \/>\n<meta name=\"robots\" content=\"index, follow, max-snippet:-1, max-image-preview:large, max-video-preview:-1\" \/>\n<link rel=\"canonical\" href=\"https:\/\/reporteroshoy.mx\/noticias\/continua-analisis-del-paquete-fiscal-estatal-para-2021\/\" \/>\n<meta property=\"og:locale\" content=\"es_ES\" \/>\n<meta property=\"og:type\" content=\"article\" \/>\n<meta property=\"og:title\" content=\"Contin\u00faa an\u00e1lisis del Paquete Fiscal estatal para 2021\" \/>\n<meta property=\"og:description\" content=\"Proponen desechar una propuesta en materia de aval\u00faos.\" \/>\n<meta property=\"og:url\" content=\"https:\/\/reporteroshoy.mx\/noticias\/continua-analisis-del-paquete-fiscal-estatal-para-2021\/\" \/>\n<meta property=\"og:site_name\" content=\"Reporteros Hoy | Noticias de Yucat\u00e1n\" \/>\n<meta property=\"article:publisher\" content=\"http:\/\/www.facebook.com\/reporteroshoymx\" \/>\n<meta property=\"article:published_time\" content=\"2020-12-11T23:30:55+00:00\" \/>\n<meta property=\"article:modified_time\" content=\"2020-12-12T17:43:46+00:00\" \/>\n<meta property=\"og:image\" content=\"https:\/\/reporteroshoy.mx\/noticias\/wp-content\/uploads\/2020\/12\/CONGRESO_LILA-FRIAS_111220_1.jpg\" \/>\n\t<meta property=\"og:image:width\" content=\"768\" \/>\n\t<meta property=\"og:image:height\" content=\"508\" \/>\n\t<meta property=\"og:image:type\" content=\"image\/jpeg\" \/>\n<meta name=\"author\" content=\"Reporteros Hoy IM\" \/>\n<meta name=\"twitter:card\" content=\"summary_large_image\" \/>\n<meta name=\"twitter:creator\" content=\"@reporteroshoy\" \/>\n<meta name=\"twitter:site\" content=\"@reporteroshoy\" \/>\n<meta name=\"twitter:label1\" content=\"Escrito por\" \/>\n\t<meta name=\"twitter:data1\" content=\"Reporteros Hoy IM\" \/>\n\t<meta name=\"twitter:label2\" content=\"Tiempo de lectura\" \/>\n\t<meta name=\"twitter:data2\" content=\"4 minutos\" \/>\n<script type=\"application\/ld+json\" class=\"yoast-schema-graph\">{\"@context\":\"https:\\\/\\\/schema.org\",\"@graph\":[{\"@type\":\"Article\",\"@id\":\"https:\\\/\\\/reporteroshoy.mx\\\/noticias\\\/continua-analisis-del-paquete-fiscal-estatal-para-2021\\\/#article\",\"isPartOf\":{\"@id\":\"https:\\\/\\\/reporteroshoy.mx\\\/noticias\\\/continua-analisis-del-paquete-fiscal-estatal-para-2021\\\/\"},\"author\":{\"name\":\"Reporteros Hoy IM\",\"@id\":\"https:\\\/\\\/reporteroshoy.mx\\\/noticias\\\/#\\\/schema\\\/person\\\/948520f0d88b01be2e5266bc4acbbc15\"},\"headline\":\"Contin\u00faa an\u00e1lisis del Paquete Fiscal estatal para 2021\",\"datePublished\":\"2020-12-11T23:30:55+00:00\",\"dateModified\":\"2020-12-12T17:43:46+00:00\",\"mainEntityOfPage\":{\"@id\":\"https:\\\/\\\/reporteroshoy.mx\\\/noticias\\\/continua-analisis-del-paquete-fiscal-estatal-para-2021\\\/\"},\"wordCount\":763,\"commentCount\":0,\"image\":{\"@id\":\"https:\\\/\\\/reporteroshoy.mx\\\/noticias\\\/continua-analisis-del-paquete-fiscal-estatal-para-2021\\\/#primaryimage\"},\"thumbnailUrl\":\"https:\\\/\\\/reporteroshoy.mx\\\/noticias\\\/wp-content\\\/uploads\\\/2020\\\/12\\\/CONGRESO_LILA-FRIAS_111220_1.jpg\",\"keywords\":[\"An\u00e1lisis\",\"congreso de yucat\u00e1n\",\"Paquete Econ\u00f3mico 2021\"],\"articleSection\":[\"Gobierno\"],\"inLanguage\":\"es\",\"potentialAction\":[{\"@type\":\"CommentAction\",\"name\":\"Comment\",\"target\":[\"https:\\\/\\\/reporteroshoy.mx\\\/noticias\\\/continua-analisis-del-paquete-fiscal-estatal-para-2021\\\/#respond\"]}]},{\"@type\":\"WebPage\",\"@id\":\"https:\\\/\\\/reporteroshoy.mx\\\/noticias\\\/continua-analisis-del-paquete-fiscal-estatal-para-2021\\\/\",\"url\":\"https:\\\/\\\/reporteroshoy.mx\\\/noticias\\\/continua-analisis-del-paquete-fiscal-estatal-para-2021\\\/\",\"name\":\"Contin\u00faa an\u00e1lisis del Paquete Fiscal estatal para 2021\",\"isPartOf\":{\"@id\":\"https:\\\/\\\/reporteroshoy.mx\\\/noticias\\\/#website\"},\"primaryImageOfPage\":{\"@id\":\"https:\\\/\\\/reporteroshoy.mx\\\/noticias\\\/continua-analisis-del-paquete-fiscal-estatal-para-2021\\\/#primaryimage\"},\"image\":{\"@id\":\"https:\\\/\\\/reporteroshoy.mx\\\/noticias\\\/continua-analisis-del-paquete-fiscal-estatal-para-2021\\\/#primaryimage\"},\"thumbnailUrl\":\"https:\\\/\\\/reporteroshoy.mx\\\/noticias\\\/wp-content\\\/uploads\\\/2020\\\/12\\\/CONGRESO_LILA-FRIAS_111220_1.jpg\",\"datePublished\":\"2020-12-11T23:30:55+00:00\",\"dateModified\":\"2020-12-12T17:43:46+00:00\",\"author\":{\"@id\":\"https:\\\/\\\/reporteroshoy.mx\\\/noticias\\\/#\\\/schema\\\/person\\\/948520f0d88b01be2e5266bc4acbbc15\"},\"description\":\"Proponen desechar una propuesta en materia de aval\u00faos.\",\"breadcrumb\":{\"@id\":\"https:\\\/\\\/reporteroshoy.mx\\\/noticias\\\/continua-analisis-del-paquete-fiscal-estatal-para-2021\\\/#breadcrumb\"},\"inLanguage\":\"es\",\"potentialAction\":[{\"@type\":\"ReadAction\",\"target\":[\"https:\\\/\\\/reporteroshoy.mx\\\/noticias\\\/continua-analisis-del-paquete-fiscal-estatal-para-2021\\\/\"]}]},{\"@type\":\"ImageObject\",\"inLanguage\":\"es\",\"@id\":\"https:\\\/\\\/reporteroshoy.mx\\\/noticias\\\/continua-analisis-del-paquete-fiscal-estatal-para-2021\\\/#primaryimage\",\"url\":\"https:\\\/\\\/reporteroshoy.mx\\\/noticias\\\/wp-content\\\/uploads\\\/2020\\\/12\\\/CONGRESO_LILA-FRIAS_111220_1.jpg\",\"contentUrl\":\"https:\\\/\\\/reporteroshoy.mx\\\/noticias\\\/wp-content\\\/uploads\\\/2020\\\/12\\\/CONGRESO_LILA-FRIAS_111220_1.jpg\",\"width\":768,\"height\":508},{\"@type\":\"BreadcrumbList\",\"@id\":\"https:\\\/\\\/reporteroshoy.mx\\\/noticias\\\/continua-analisis-del-paquete-fiscal-estatal-para-2021\\\/#breadcrumb\",\"itemListElement\":[{\"@type\":\"ListItem\",\"position\":1,\"name\":\"Portada\",\"item\":\"https:\\\/\\\/reporteroshoy.mx\\\/noticias\\\/\"},{\"@type\":\"ListItem\",\"position\":2,\"name\":\"Contin\u00faa an\u00e1lisis del Paquete Fiscal estatal para 2021\"}]},{\"@type\":\"WebSite\",\"@id\":\"https:\\\/\\\/reporteroshoy.mx\\\/noticias\\\/#website\",\"url\":\"https:\\\/\\\/reporteroshoy.mx\\\/noticias\\\/\",\"name\":\"Reporteros Hoy | Noticias de Yucat\u00e1n\",\"description\":\"Peri\u00f3dico digital con noticias diarias desde M\u00e9rida, Yucat\u00e1n para el mundo.\",\"potentialAction\":[{\"@type\":\"SearchAction\",\"target\":{\"@type\":\"EntryPoint\",\"urlTemplate\":\"https:\\\/\\\/reporteroshoy.mx\\\/noticias\\\/?s={search_term_string}\"},\"query-input\":{\"@type\":\"PropertyValueSpecification\",\"valueRequired\":true,\"valueName\":\"search_term_string\"}}],\"inLanguage\":\"es\"},{\"@type\":\"Person\",\"@id\":\"https:\\\/\\\/reporteroshoy.mx\\\/noticias\\\/#\\\/schema\\\/person\\\/948520f0d88b01be2e5266bc4acbbc15\",\"name\":\"Reporteros Hoy IM\",\"image\":{\"@type\":\"ImageObject\",\"inLanguage\":\"es\",\"@id\":\"https:\\\/\\\/secure.gravatar.com\\\/avatar\\\/d843030b96552826ac048bdfe26f2895604b800ed0c880ee55765a74d95dfc65?s=96&d=mm&r=g\",\"url\":\"https:\\\/\\\/secure.gravatar.com\\\/avatar\\\/d843030b96552826ac048bdfe26f2895604b800ed0c880ee55765a74d95dfc65?s=96&d=mm&r=g\",\"contentUrl\":\"https:\\\/\\\/secure.gravatar.com\\\/avatar\\\/d843030b96552826ac048bdfe26f2895604b800ed0c880ee55765a74d95dfc65?s=96&d=mm&r=g\",\"caption\":\"Reporteros Hoy IM\"},\"url\":\"https:\\\/\\\/reporteroshoy.mx\\\/noticias\\\/author\\\/israel\\\/\"}]}<\/script>\n<!-- \/ Yoast SEO plugin. -->","yoast_head_json":{"title":"Contin\u00faa an\u00e1lisis del Paquete Fiscal estatal para 2021","description":"Proponen desechar una propuesta en materia de aval\u00faos.","robots":{"index":"index","follow":"follow","max-snippet":"max-snippet:-1","max-image-preview":"max-image-preview:large","max-video-preview":"max-video-preview:-1"},"canonical":"https:\/\/reporteroshoy.mx\/noticias\/continua-analisis-del-paquete-fiscal-estatal-para-2021\/","og_locale":"es_ES","og_type":"article","og_title":"Contin\u00faa an\u00e1lisis del Paquete Fiscal estatal para 2021","og_description":"Proponen desechar una propuesta en materia de aval\u00faos.","og_url":"https:\/\/reporteroshoy.mx\/noticias\/continua-analisis-del-paquete-fiscal-estatal-para-2021\/","og_site_name":"Reporteros Hoy | Noticias de Yucat\u00e1n","article_publisher":"http:\/\/www.facebook.com\/reporteroshoymx","article_published_time":"2020-12-11T23:30:55+00:00","article_modified_time":"2020-12-12T17:43:46+00:00","og_image":[{"width":768,"height":508,"url":"https:\/\/reporteroshoy.mx\/noticias\/wp-content\/uploads\/2020\/12\/CONGRESO_LILA-FRIAS_111220_1.jpg","type":"image\/jpeg"}],"author":"Reporteros Hoy IM","twitter_card":"summary_large_image","twitter_creator":"@reporteroshoy","twitter_site":"@reporteroshoy","twitter_misc":{"Escrito por":"Reporteros Hoy IM","Tiempo de lectura":"4 minutos"},"schema":{"@context":"https:\/\/schema.org","@graph":[{"@type":"Article","@id":"https:\/\/reporteroshoy.mx\/noticias\/continua-analisis-del-paquete-fiscal-estatal-para-2021\/#article","isPartOf":{"@id":"https:\/\/reporteroshoy.mx\/noticias\/continua-analisis-del-paquete-fiscal-estatal-para-2021\/"},"author":{"name":"Reporteros Hoy IM","@id":"https:\/\/reporteroshoy.mx\/noticias\/#\/schema\/person\/948520f0d88b01be2e5266bc4acbbc15"},"headline":"Contin\u00faa an\u00e1lisis del Paquete Fiscal estatal para 2021","datePublished":"2020-12-11T23:30:55+00:00","dateModified":"2020-12-12T17:43:46+00:00","mainEntityOfPage":{"@id":"https:\/\/reporteroshoy.mx\/noticias\/continua-analisis-del-paquete-fiscal-estatal-para-2021\/"},"wordCount":763,"commentCount":0,"image":{"@id":"https:\/\/reporteroshoy.mx\/noticias\/continua-analisis-del-paquete-fiscal-estatal-para-2021\/#primaryimage"},"thumbnailUrl":"https:\/\/reporteroshoy.mx\/noticias\/wp-content\/uploads\/2020\/12\/CONGRESO_LILA-FRIAS_111220_1.jpg","keywords":["An\u00e1lisis","congreso de yucat\u00e1n","Paquete Econ\u00f3mico 2021"],"articleSection":["Gobierno"],"inLanguage":"es","potentialAction":[{"@type":"CommentAction","name":"Comment","target":["https:\/\/reporteroshoy.mx\/noticias\/continua-analisis-del-paquete-fiscal-estatal-para-2021\/#respond"]}]},{"@type":"WebPage","@id":"https:\/\/reporteroshoy.mx\/noticias\/continua-analisis-del-paquete-fiscal-estatal-para-2021\/","url":"https:\/\/reporteroshoy.mx\/noticias\/continua-analisis-del-paquete-fiscal-estatal-para-2021\/","name":"Contin\u00faa an\u00e1lisis del Paquete Fiscal estatal para 2021","isPartOf":{"@id":"https:\/\/reporteroshoy.mx\/noticias\/#website"},"primaryImageOfPage":{"@id":"https:\/\/reporteroshoy.mx\/noticias\/continua-analisis-del-paquete-fiscal-estatal-para-2021\/#primaryimage"},"image":{"@id":"https:\/\/reporteroshoy.mx\/noticias\/continua-analisis-del-paquete-fiscal-estatal-para-2021\/#primaryimage"},"thumbnailUrl":"https:\/\/reporteroshoy.mx\/noticias\/wp-content\/uploads\/2020\/12\/CONGRESO_LILA-FRIAS_111220_1.jpg","datePublished":"2020-12-11T23:30:55+00:00","dateModified":"2020-12-12T17:43:46+00:00","author":{"@id":"https:\/\/reporteroshoy.mx\/noticias\/#\/schema\/person\/948520f0d88b01be2e5266bc4acbbc15"},"description":"Proponen desechar una propuesta en materia de aval\u00faos.","breadcrumb":{"@id":"https:\/\/reporteroshoy.mx\/noticias\/continua-analisis-del-paquete-fiscal-estatal-para-2021\/#breadcrumb"},"inLanguage":"es","potentialAction":[{"@type":"ReadAction","target":["https:\/\/reporteroshoy.mx\/noticias\/continua-analisis-del-paquete-fiscal-estatal-para-2021\/"]}]},{"@type":"ImageObject","inLanguage":"es","@id":"https:\/\/reporteroshoy.mx\/noticias\/continua-analisis-del-paquete-fiscal-estatal-para-2021\/#primaryimage","url":"https:\/\/reporteroshoy.mx\/noticias\/wp-content\/uploads\/2020\/12\/CONGRESO_LILA-FRIAS_111220_1.jpg","contentUrl":"https:\/\/reporteroshoy.mx\/noticias\/wp-content\/uploads\/2020\/12\/CONGRESO_LILA-FRIAS_111220_1.jpg","width":768,"height":508},{"@type":"BreadcrumbList","@id":"https:\/\/reporteroshoy.mx\/noticias\/continua-analisis-del-paquete-fiscal-estatal-para-2021\/#breadcrumb","itemListElement":[{"@type":"ListItem","position":1,"name":"Portada","item":"https:\/\/reporteroshoy.mx\/noticias\/"},{"@type":"ListItem","position":2,"name":"Contin\u00faa an\u00e1lisis del Paquete Fiscal estatal para 2021"}]},{"@type":"WebSite","@id":"https:\/\/reporteroshoy.mx\/noticias\/#website","url":"https:\/\/reporteroshoy.mx\/noticias\/","name":"Reporteros Hoy | Noticias de Yucat\u00e1n","description":"Peri\u00f3dico digital con noticias diarias desde M\u00e9rida, Yucat\u00e1n para el mundo.","potentialAction":[{"@type":"SearchAction","target":{"@type":"EntryPoint","urlTemplate":"https:\/\/reporteroshoy.mx\/noticias\/?s={search_term_string}"},"query-input":{"@type":"PropertyValueSpecification","valueRequired":true,"valueName":"search_term_string"}}],"inLanguage":"es"},{"@type":"Person","@id":"https:\/\/reporteroshoy.mx\/noticias\/#\/schema\/person\/948520f0d88b01be2e5266bc4acbbc15","name":"Reporteros Hoy IM","image":{"@type":"ImageObject","inLanguage":"es","@id":"https:\/\/secure.gravatar.com\/avatar\/d843030b96552826ac048bdfe26f2895604b800ed0c880ee55765a74d95dfc65?s=96&d=mm&r=g","url":"https:\/\/secure.gravatar.com\/avatar\/d843030b96552826ac048bdfe26f2895604b800ed0c880ee55765a74d95dfc65?s=96&d=mm&r=g","contentUrl":"https:\/\/secure.gravatar.com\/avatar\/d843030b96552826ac048bdfe26f2895604b800ed0c880ee55765a74d95dfc65?s=96&d=mm&r=g","caption":"Reporteros Hoy IM"},"url":"https:\/\/reporteroshoy.mx\/noticias\/author\/israel\/"}]}},"_links":{"self":[{"href":"https:\/\/reporteroshoy.mx\/noticias\/wp-json\/wp\/v2\/posts\/52598","targetHints":{"allow":["GET"]}}],"collection":[{"href":"https:\/\/reporteroshoy.mx\/noticias\/wp-json\/wp\/v2\/posts"}],"about":[{"href":"https:\/\/reporteroshoy.mx\/noticias\/wp-json\/wp\/v2\/types\/post"}],"author":[{"embeddable":true,"href":"https:\/\/reporteroshoy.mx\/noticias\/wp-json\/wp\/v2\/users\/5"}],"replies":[{"embeddable":true,"href":"https:\/\/reporteroshoy.mx\/noticias\/wp-json\/wp\/v2\/comments?post=52598"}],"version-history":[{"count":0,"href":"https:\/\/reporteroshoy.mx\/noticias\/wp-json\/wp\/v2\/posts\/52598\/revisions"}],"wp:featuredmedia":[{"embeddable":true,"href":"https:\/\/reporteroshoy.mx\/noticias\/wp-json\/wp\/v2\/media\/52597"}],"wp:attachment":[{"href":"https:\/\/reporteroshoy.mx\/noticias\/wp-json\/wp\/v2\/media?parent=52598"}],"wp:term":[{"taxonomy":"category","embeddable":true,"href":"https:\/\/reporteroshoy.mx\/noticias\/wp-json\/wp\/v2\/categories?post=52598"},{"taxonomy":"post_tag","embeddable":true,"href":"https:\/\/reporteroshoy.mx\/noticias\/wp-json\/wp\/v2\/tags?post=52598"}],"curies":[{"name":"wp","href":"https:\/\/api.w.org\/{rel}","templated":true}]}}