{"id":53861,"date":"2021-01-03T08:00:40","date_gmt":"2021-01-03T14:00:40","guid":{"rendered":"https:\/\/reporteroshoy.mx\/noticias\/?p=53861"},"modified":"2021-01-07T14:15:42","modified_gmt":"2021-01-07T20:15:42","slug":"conductor-ebrio-mata-a-motociclista-en-el-fraccionamiento-juan-pablo-ii","status":"publish","type":"post","link":"https:\/\/reporteroshoy.mx\/noticias\/conductor-ebrio-mata-a-motociclista-en-el-fraccionamiento-juan-pablo-ii\/","title":{"rendered":"Conductor ebrio mata a motociclista en el fraccionamiento Juan Pablo II"},"content":{"rendered":"<p style=\"text-align: justify;\">M\u00e9rida, Yucat\u00e1n, 3 de enero de 2021.- Dami\u00e1n Abel C.B. de 37 a\u00f1os de edad, quien anoche, conduciendo en estado de ebriedad, atropell\u00f3 y dio muerte a un motociclista, fue puesto a disposici\u00f3n de la Fiscal\u00eda General del Estado (FGE) por elementos de la Secretar\u00eda de Seguridad P\u00fablica.<\/p>\n<p style=\"text-align: justify;\">Los hechos ocurrieron en la calle 41 por 28 del fraccionamiento Juan Pablo II.<\/p>\n<p><img loading=\"lazy\" decoding=\"async\" class=\"wp-image-53858 aligncenter\" src=\"https:\/\/reporteroshoy.mx\/noticias\/wp-content\/uploads\/2021\/01\/SSP_DETENIDO_JUAN-PABLO-II.jpeg\" alt=\"\" width=\"621\" height=\"467\" \/><\/p>\n<p style=\"text-align: justify;\">El individuo manejaba alcoholizado y a exceso de velocidad un autom\u00f3vil Nissan Versa con placas de Yucat\u00e1n.<\/p>\n<p style=\"text-align: justify;\">No se detuvo en un paso peatonal, perdi\u00f3 el control, subi\u00f3 al camell\u00f3n, choc\u00f3 con un \u00e1rbol e invadi\u00f3 el carril contrario por el que circulaba la motocicleta guiada por Edwin Adri\u00e1n C. C., de 40 a\u00f1os de edad, quien perdi\u00f3 la vida en el lugar de los hechos.<\/p>\n<p style=\"text-align: justify;\">El sujeto descendi\u00f3 del auto y huy\u00f3 corriendo; pero fue detenido por un oficial de la Polic\u00eda Estatal que en esos momentos estaba franco (de descanso), quien lo entreg\u00f3 a los elementos de la unidad 6733, quienes lo remitieron a la c\u00e1rcel p\u00fablica para su valoraci\u00f3n m\u00e9dica y toxicol\u00f3gica y posteriormente a la FGE.<\/p>\n<p style=\"text-align: justify;\">Param\u00e9dicos de la SSP confirmaron el deceso del motociclista y atendieron a la mujer de 26 a\u00f1os de edad que viajaba en el autom\u00f3vil.<\/p>\n","protected":false},"excerpt":{"rendered":"<p>El responsable intent\u00f3 escapar a pie, pero fue detenido por la SSP Yucat\u00e1n y consignado a Fiscal\u00eda General del Estado (FGE). <\/p>\n","protected":false},"author":5,"featured_media":53858,"comment_status":"open","ping_status":"closed","sticky":false,"template":"","format":"standard","meta":{"footnotes":""},"categories":[14],"tags":[5510,15618,689],"class_list":["post-53861","post","type-post","status-publish","format-standard","has-post-thumbnail","hentry","category-policia","tag-conductor-ebrio","tag-motociclista-atropellado","tag-ssp"],"yoast_head":"<!-- This site is optimized with the Yoast SEO plugin v28.4 - https:\/\/yoast.com\/product\/yoast-seo-wordpress\/ -->\n<title>Conductor ebrio mata a motociclista en el fraccionamiento Juan Pablo II<\/title>\n<meta name=\"description\" content=\"El responsable intent\u00f3 escapar a pie, pero fue detenido por la SSP Yucat\u00e1n y consignado a Fiscal\u00eda General del Estado (FGE).\" \/>\n<meta name=\"robots\" content=\"index, follow, max-snippet:-1, max-image-preview:large, max-video-preview:-1\" \/>\n<link rel=\"canonical\" href=\"https:\/\/reporteroshoy.mx\/noticias\/conductor-ebrio-mata-a-motociclista-en-el-fraccionamiento-juan-pablo-ii\/\" \/>\n<meta property=\"og:locale\" content=\"es_ES\" \/>\n<meta property=\"og:type\" content=\"article\" \/>\n<meta property=\"og:title\" content=\"Conductor ebrio mata a motociclista en el fraccionamiento Juan Pablo II\" \/>\n<meta property=\"og:description\" content=\"El responsable intent\u00f3 escapar a pie, pero fue detenido por la SSP Yucat\u00e1n y consignado a Fiscal\u00eda General del Estado (FGE).\" \/>\n<meta property=\"og:url\" content=\"https:\/\/reporteroshoy.mx\/noticias\/conductor-ebrio-mata-a-motociclista-en-el-fraccionamiento-juan-pablo-ii\/\" \/>\n<meta property=\"og:site_name\" content=\"Reporteros Hoy | Noticias de Yucat\u00e1n\" \/>\n<meta property=\"article:publisher\" content=\"http:\/\/www.facebook.com\/reporteroshoymx\" \/>\n<meta property=\"article:published_time\" content=\"2021-01-03T14:00:40+00:00\" \/>\n<meta property=\"article:modified_time\" content=\"2021-01-07T20:15:42+00:00\" \/>\n<meta property=\"og:image\" content=\"https:\/\/reporteroshoy.mx\/noticias\/wp-content\/uploads\/2021\/01\/SSP_DETENIDO_JUAN-PABLO-II.jpeg\" \/>\n\t<meta property=\"og:image:width\" content=\"768\" \/>\n\t<meta property=\"og:image:height\" content=\"576\" \/>\n\t<meta property=\"og:image:type\" content=\"image\/jpeg\" \/>\n<meta name=\"author\" content=\"Reporteros Hoy IM\" \/>\n<meta name=\"twitter:card\" content=\"summary_large_image\" \/>\n<meta name=\"twitter:creator\" content=\"@reporteroshoy\" \/>\n<meta name=\"twitter:site\" content=\"@reporteroshoy\" \/>\n<meta name=\"twitter:label1\" content=\"Escrito por\" \/>\n\t<meta name=\"twitter:data1\" content=\"Reporteros Hoy IM\" \/>\n\t<meta name=\"twitter:label2\" content=\"Tiempo de lectura\" \/>\n\t<meta name=\"twitter:data2\" content=\"1 minuto\" \/>\n<script type=\"application\/ld+json\" class=\"yoast-schema-graph\">{\"@context\":\"https:\\\/\\\/schema.org\",\"@graph\":[{\"@type\":\"Article\",\"@id\":\"https:\\\/\\\/reporteroshoy.mx\\\/noticias\\\/conductor-ebrio-mata-a-motociclista-en-el-fraccionamiento-juan-pablo-ii\\\/#article\",\"isPartOf\":{\"@id\":\"https:\\\/\\\/reporteroshoy.mx\\\/noticias\\\/conductor-ebrio-mata-a-motociclista-en-el-fraccionamiento-juan-pablo-ii\\\/\"},\"author\":{\"name\":\"Reporteros Hoy IM\",\"@id\":\"https:\\\/\\\/reporteroshoy.mx\\\/noticias\\\/#\\\/schema\\\/person\\\/948520f0d88b01be2e5266bc4acbbc15\"},\"headline\":\"Conductor ebrio mata a motociclista en el fraccionamiento Juan Pablo II\",\"datePublished\":\"2021-01-03T14:00:40+00:00\",\"dateModified\":\"2021-01-07T20:15:42+00:00\",\"mainEntityOfPage\":{\"@id\":\"https:\\\/\\\/reporteroshoy.mx\\\/noticias\\\/conductor-ebrio-mata-a-motociclista-en-el-fraccionamiento-juan-pablo-ii\\\/\"},\"wordCount\":233,\"commentCount\":0,\"image\":{\"@id\":\"https:\\\/\\\/reporteroshoy.mx\\\/noticias\\\/conductor-ebrio-mata-a-motociclista-en-el-fraccionamiento-juan-pablo-ii\\\/#primaryimage\"},\"thumbnailUrl\":\"https:\\\/\\\/reporteroshoy.mx\\\/noticias\\\/wp-content\\\/uploads\\\/2021\\\/01\\\/SSP_DETENIDO_JUAN-PABLO-II.jpeg\",\"keywords\":[\"Conductor ebrio\",\"Motociclista atropellado\",\"SSP\"],\"articleSection\":[\"Polic\u00eda\"],\"inLanguage\":\"es\",\"potentialAction\":[{\"@type\":\"CommentAction\",\"name\":\"Comment\",\"target\":[\"https:\\\/\\\/reporteroshoy.mx\\\/noticias\\\/conductor-ebrio-mata-a-motociclista-en-el-fraccionamiento-juan-pablo-ii\\\/#respond\"]}]},{\"@type\":\"WebPage\",\"@id\":\"https:\\\/\\\/reporteroshoy.mx\\\/noticias\\\/conductor-ebrio-mata-a-motociclista-en-el-fraccionamiento-juan-pablo-ii\\\/\",\"url\":\"https:\\\/\\\/reporteroshoy.mx\\\/noticias\\\/conductor-ebrio-mata-a-motociclista-en-el-fraccionamiento-juan-pablo-ii\\\/\",\"name\":\"Conductor ebrio mata a motociclista en el fraccionamiento Juan Pablo II\",\"isPartOf\":{\"@id\":\"https:\\\/\\\/reporteroshoy.mx\\\/noticias\\\/#website\"},\"primaryImageOfPage\":{\"@id\":\"https:\\\/\\\/reporteroshoy.mx\\\/noticias\\\/conductor-ebrio-mata-a-motociclista-en-el-fraccionamiento-juan-pablo-ii\\\/#primaryimage\"},\"image\":{\"@id\":\"https:\\\/\\\/reporteroshoy.mx\\\/noticias\\\/conductor-ebrio-mata-a-motociclista-en-el-fraccionamiento-juan-pablo-ii\\\/#primaryimage\"},\"thumbnailUrl\":\"https:\\\/\\\/reporteroshoy.mx\\\/noticias\\\/wp-content\\\/uploads\\\/2021\\\/01\\\/SSP_DETENIDO_JUAN-PABLO-II.jpeg\",\"datePublished\":\"2021-01-03T14:00:40+00:00\",\"dateModified\":\"2021-01-07T20:15:42+00:00\",\"author\":{\"@id\":\"https:\\\/\\\/reporteroshoy.mx\\\/noticias\\\/#\\\/schema\\\/person\\\/948520f0d88b01be2e5266bc4acbbc15\"},\"description\":\"El responsable intent\u00f3 escapar a pie, pero fue detenido por la SSP Yucat\u00e1n y consignado a Fiscal\u00eda General del Estado (FGE).\",\"breadcrumb\":{\"@id\":\"https:\\\/\\\/reporteroshoy.mx\\\/noticias\\\/conductor-ebrio-mata-a-motociclista-en-el-fraccionamiento-juan-pablo-ii\\\/#breadcrumb\"},\"inLanguage\":\"es\",\"potentialAction\":[{\"@type\":\"ReadAction\",\"target\":[\"https:\\\/\\\/reporteroshoy.mx\\\/noticias\\\/conductor-ebrio-mata-a-motociclista-en-el-fraccionamiento-juan-pablo-ii\\\/\"]}]},{\"@type\":\"ImageObject\",\"inLanguage\":\"es\",\"@id\":\"https:\\\/\\\/reporteroshoy.mx\\\/noticias\\\/conductor-ebrio-mata-a-motociclista-en-el-fraccionamiento-juan-pablo-ii\\\/#primaryimage\",\"url\":\"https:\\\/\\\/reporteroshoy.mx\\\/noticias\\\/wp-content\\\/uploads\\\/2021\\\/01\\\/SSP_DETENIDO_JUAN-PABLO-II.jpeg\",\"contentUrl\":\"https:\\\/\\\/reporteroshoy.mx\\\/noticias\\\/wp-content\\\/uploads\\\/2021\\\/01\\\/SSP_DETENIDO_JUAN-PABLO-II.jpeg\",\"width\":768,\"height\":576},{\"@type\":\"BreadcrumbList\",\"@id\":\"https:\\\/\\\/reporteroshoy.mx\\\/noticias\\\/conductor-ebrio-mata-a-motociclista-en-el-fraccionamiento-juan-pablo-ii\\\/#breadcrumb\",\"itemListElement\":[{\"@type\":\"ListItem\",\"position\":1,\"name\":\"Portada\",\"item\":\"https:\\\/\\\/reporteroshoy.mx\\\/noticias\\\/\"},{\"@type\":\"ListItem\",\"position\":2,\"name\":\"Conductor ebrio mata a motociclista en el fraccionamiento Juan Pablo II\"}]},{\"@type\":\"WebSite\",\"@id\":\"https:\\\/\\\/reporteroshoy.mx\\\/noticias\\\/#website\",\"url\":\"https:\\\/\\\/reporteroshoy.mx\\\/noticias\\\/\",\"name\":\"Reporteros Hoy | Noticias de Yucat\u00e1n\",\"description\":\"Peri\u00f3dico digital con noticias diarias desde M\u00e9rida, Yucat\u00e1n para el mundo.\",\"potentialAction\":[{\"@type\":\"SearchAction\",\"target\":{\"@type\":\"EntryPoint\",\"urlTemplate\":\"https:\\\/\\\/reporteroshoy.mx\\\/noticias\\\/?s={search_term_string}\"},\"query-input\":{\"@type\":\"PropertyValueSpecification\",\"valueRequired\":true,\"valueName\":\"search_term_string\"}}],\"inLanguage\":\"es\"},{\"@type\":\"Person\",\"@id\":\"https:\\\/\\\/reporteroshoy.mx\\\/noticias\\\/#\\\/schema\\\/person\\\/948520f0d88b01be2e5266bc4acbbc15\",\"name\":\"Reporteros Hoy IM\",\"image\":{\"@type\":\"ImageObject\",\"inLanguage\":\"es\",\"@id\":\"https:\\\/\\\/secure.gravatar.com\\\/avatar\\\/d843030b96552826ac048bdfe26f2895604b800ed0c880ee55765a74d95dfc65?s=96&d=mm&r=g\",\"url\":\"https:\\\/\\\/secure.gravatar.com\\\/avatar\\\/d843030b96552826ac048bdfe26f2895604b800ed0c880ee55765a74d95dfc65?s=96&d=mm&r=g\",\"contentUrl\":\"https:\\\/\\\/secure.gravatar.com\\\/avatar\\\/d843030b96552826ac048bdfe26f2895604b800ed0c880ee55765a74d95dfc65?s=96&d=mm&r=g\",\"caption\":\"Reporteros Hoy IM\"},\"url\":\"https:\\\/\\\/reporteroshoy.mx\\\/noticias\\\/author\\\/israel\\\/\"}]}<\/script>\n<!-- \/ Yoast SEO plugin. -->","yoast_head_json":{"title":"Conductor ebrio mata a motociclista en el fraccionamiento Juan Pablo II","description":"El responsable intent\u00f3 escapar a pie, pero fue detenido por la SSP Yucat\u00e1n y consignado a Fiscal\u00eda General del Estado (FGE).","robots":{"index":"index","follow":"follow","max-snippet":"max-snippet:-1","max-image-preview":"max-image-preview:large","max-video-preview":"max-video-preview:-1"},"canonical":"https:\/\/reporteroshoy.mx\/noticias\/conductor-ebrio-mata-a-motociclista-en-el-fraccionamiento-juan-pablo-ii\/","og_locale":"es_ES","og_type":"article","og_title":"Conductor ebrio mata a motociclista en el fraccionamiento Juan Pablo II","og_description":"El responsable intent\u00f3 escapar a pie, pero fue detenido por la SSP Yucat\u00e1n y consignado a Fiscal\u00eda General del Estado (FGE).","og_url":"https:\/\/reporteroshoy.mx\/noticias\/conductor-ebrio-mata-a-motociclista-en-el-fraccionamiento-juan-pablo-ii\/","og_site_name":"Reporteros Hoy | Noticias de Yucat\u00e1n","article_publisher":"http:\/\/www.facebook.com\/reporteroshoymx","article_published_time":"2021-01-03T14:00:40+00:00","article_modified_time":"2021-01-07T20:15:42+00:00","og_image":[{"width":768,"height":576,"url":"https:\/\/reporteroshoy.mx\/noticias\/wp-content\/uploads\/2021\/01\/SSP_DETENIDO_JUAN-PABLO-II.jpeg","type":"image\/jpeg"}],"author":"Reporteros Hoy IM","twitter_card":"summary_large_image","twitter_creator":"@reporteroshoy","twitter_site":"@reporteroshoy","twitter_misc":{"Escrito por":"Reporteros Hoy IM","Tiempo de lectura":"1 minuto"},"schema":{"@context":"https:\/\/schema.org","@graph":[{"@type":"Article","@id":"https:\/\/reporteroshoy.mx\/noticias\/conductor-ebrio-mata-a-motociclista-en-el-fraccionamiento-juan-pablo-ii\/#article","isPartOf":{"@id":"https:\/\/reporteroshoy.mx\/noticias\/conductor-ebrio-mata-a-motociclista-en-el-fraccionamiento-juan-pablo-ii\/"},"author":{"name":"Reporteros Hoy IM","@id":"https:\/\/reporteroshoy.mx\/noticias\/#\/schema\/person\/948520f0d88b01be2e5266bc4acbbc15"},"headline":"Conductor ebrio mata a motociclista en el fraccionamiento Juan Pablo II","datePublished":"2021-01-03T14:00:40+00:00","dateModified":"2021-01-07T20:15:42+00:00","mainEntityOfPage":{"@id":"https:\/\/reporteroshoy.mx\/noticias\/conductor-ebrio-mata-a-motociclista-en-el-fraccionamiento-juan-pablo-ii\/"},"wordCount":233,"commentCount":0,"image":{"@id":"https:\/\/reporteroshoy.mx\/noticias\/conductor-ebrio-mata-a-motociclista-en-el-fraccionamiento-juan-pablo-ii\/#primaryimage"},"thumbnailUrl":"https:\/\/reporteroshoy.mx\/noticias\/wp-content\/uploads\/2021\/01\/SSP_DETENIDO_JUAN-PABLO-II.jpeg","keywords":["Conductor ebrio","Motociclista atropellado","SSP"],"articleSection":["Polic\u00eda"],"inLanguage":"es","potentialAction":[{"@type":"CommentAction","name":"Comment","target":["https:\/\/reporteroshoy.mx\/noticias\/conductor-ebrio-mata-a-motociclista-en-el-fraccionamiento-juan-pablo-ii\/#respond"]}]},{"@type":"WebPage","@id":"https:\/\/reporteroshoy.mx\/noticias\/conductor-ebrio-mata-a-motociclista-en-el-fraccionamiento-juan-pablo-ii\/","url":"https:\/\/reporteroshoy.mx\/noticias\/conductor-ebrio-mata-a-motociclista-en-el-fraccionamiento-juan-pablo-ii\/","name":"Conductor ebrio mata a motociclista en el fraccionamiento Juan Pablo II","isPartOf":{"@id":"https:\/\/reporteroshoy.mx\/noticias\/#website"},"primaryImageOfPage":{"@id":"https:\/\/reporteroshoy.mx\/noticias\/conductor-ebrio-mata-a-motociclista-en-el-fraccionamiento-juan-pablo-ii\/#primaryimage"},"image":{"@id":"https:\/\/reporteroshoy.mx\/noticias\/conductor-ebrio-mata-a-motociclista-en-el-fraccionamiento-juan-pablo-ii\/#primaryimage"},"thumbnailUrl":"https:\/\/reporteroshoy.mx\/noticias\/wp-content\/uploads\/2021\/01\/SSP_DETENIDO_JUAN-PABLO-II.jpeg","datePublished":"2021-01-03T14:00:40+00:00","dateModified":"2021-01-07T20:15:42+00:00","author":{"@id":"https:\/\/reporteroshoy.mx\/noticias\/#\/schema\/person\/948520f0d88b01be2e5266bc4acbbc15"},"description":"El responsable intent\u00f3 escapar a pie, pero fue detenido por la SSP Yucat\u00e1n y consignado a Fiscal\u00eda General del Estado (FGE).","breadcrumb":{"@id":"https:\/\/reporteroshoy.mx\/noticias\/conductor-ebrio-mata-a-motociclista-en-el-fraccionamiento-juan-pablo-ii\/#breadcrumb"},"inLanguage":"es","potentialAction":[{"@type":"ReadAction","target":["https:\/\/reporteroshoy.mx\/noticias\/conductor-ebrio-mata-a-motociclista-en-el-fraccionamiento-juan-pablo-ii\/"]}]},{"@type":"ImageObject","inLanguage":"es","@id":"https:\/\/reporteroshoy.mx\/noticias\/conductor-ebrio-mata-a-motociclista-en-el-fraccionamiento-juan-pablo-ii\/#primaryimage","url":"https:\/\/reporteroshoy.mx\/noticias\/wp-content\/uploads\/2021\/01\/SSP_DETENIDO_JUAN-PABLO-II.jpeg","contentUrl":"https:\/\/reporteroshoy.mx\/noticias\/wp-content\/uploads\/2021\/01\/SSP_DETENIDO_JUAN-PABLO-II.jpeg","width":768,"height":576},{"@type":"BreadcrumbList","@id":"https:\/\/reporteroshoy.mx\/noticias\/conductor-ebrio-mata-a-motociclista-en-el-fraccionamiento-juan-pablo-ii\/#breadcrumb","itemListElement":[{"@type":"ListItem","position":1,"name":"Portada","item":"https:\/\/reporteroshoy.mx\/noticias\/"},{"@type":"ListItem","position":2,"name":"Conductor ebrio mata a motociclista en el fraccionamiento Juan Pablo II"}]},{"@type":"WebSite","@id":"https:\/\/reporteroshoy.mx\/noticias\/#website","url":"https:\/\/reporteroshoy.mx\/noticias\/","name":"Reporteros Hoy | Noticias de Yucat\u00e1n","description":"Peri\u00f3dico digital con noticias diarias desde M\u00e9rida, Yucat\u00e1n para el mundo.","potentialAction":[{"@type":"SearchAction","target":{"@type":"EntryPoint","urlTemplate":"https:\/\/reporteroshoy.mx\/noticias\/?s={search_term_string}"},"query-input":{"@type":"PropertyValueSpecification","valueRequired":true,"valueName":"search_term_string"}}],"inLanguage":"es"},{"@type":"Person","@id":"https:\/\/reporteroshoy.mx\/noticias\/#\/schema\/person\/948520f0d88b01be2e5266bc4acbbc15","name":"Reporteros Hoy IM","image":{"@type":"ImageObject","inLanguage":"es","@id":"https:\/\/secure.gravatar.com\/avatar\/d843030b96552826ac048bdfe26f2895604b800ed0c880ee55765a74d95dfc65?s=96&d=mm&r=g","url":"https:\/\/secure.gravatar.com\/avatar\/d843030b96552826ac048bdfe26f2895604b800ed0c880ee55765a74d95dfc65?s=96&d=mm&r=g","contentUrl":"https:\/\/secure.gravatar.com\/avatar\/d843030b96552826ac048bdfe26f2895604b800ed0c880ee55765a74d95dfc65?s=96&d=mm&r=g","caption":"Reporteros Hoy IM"},"url":"https:\/\/reporteroshoy.mx\/noticias\/author\/israel\/"}]}},"_links":{"self":[{"href":"https:\/\/reporteroshoy.mx\/noticias\/wp-json\/wp\/v2\/posts\/53861","targetHints":{"allow":["GET"]}}],"collection":[{"href":"https:\/\/reporteroshoy.mx\/noticias\/wp-json\/wp\/v2\/posts"}],"about":[{"href":"https:\/\/reporteroshoy.mx\/noticias\/wp-json\/wp\/v2\/types\/post"}],"author":[{"embeddable":true,"href":"https:\/\/reporteroshoy.mx\/noticias\/wp-json\/wp\/v2\/users\/5"}],"replies":[{"embeddable":true,"href":"https:\/\/reporteroshoy.mx\/noticias\/wp-json\/wp\/v2\/comments?post=53861"}],"version-history":[{"count":0,"href":"https:\/\/reporteroshoy.mx\/noticias\/wp-json\/wp\/v2\/posts\/53861\/revisions"}],"wp:featuredmedia":[{"embeddable":true,"href":"https:\/\/reporteroshoy.mx\/noticias\/wp-json\/wp\/v2\/media\/53858"}],"wp:attachment":[{"href":"https:\/\/reporteroshoy.mx\/noticias\/wp-json\/wp\/v2\/media?parent=53861"}],"wp:term":[{"taxonomy":"category","embeddable":true,"href":"https:\/\/reporteroshoy.mx\/noticias\/wp-json\/wp\/v2\/categories?post=53861"},{"taxonomy":"post_tag","embeddable":true,"href":"https:\/\/reporteroshoy.mx\/noticias\/wp-json\/wp\/v2\/tags?post=53861"}],"curies":[{"name":"wp","href":"https:\/\/api.w.org\/{rel}","templated":true}]}}