{"id":53937,"date":"2021-01-04T16:30:41","date_gmt":"2021-01-04T22:30:41","guid":{"rendered":"https:\/\/reporteroshoy.mx\/noticias\/?p=53937"},"modified":"2021-01-07T14:33:31","modified_gmt":"2021-01-07T20:33:31","slug":"versazo-en-la-merida-motul-choca-contra-poste-de-cfe","status":"publish","type":"post","link":"https:\/\/reporteroshoy.mx\/noticias\/versazo-en-la-merida-motul-choca-contra-poste-de-cfe\/","title":{"rendered":"\u2018Versazo\u2019 en la M\u00e9rida-Motul: choca contra poste de CFE"},"content":{"rendered":"<p style=\"text-align: justify;\">M\u00e9rida, Yucat\u00e1n, 4 de enero de 2020 (ACOM).- La empleada de una empresa constructora que transitaba en la v\u00eda M\u00e9rida-Motul, sali\u00f3 de la carretera y se impact\u00f3 con un poste de la Comisi\u00f3n Federal de Electricidad (CFE), incidente del que milagrosamente sali\u00f3 ilesa.<\/p>\n<p><img loading=\"lazy\" decoding=\"async\" class=\"wp-image-53935 aligncenter\" src=\"https:\/\/reporteroshoy.mx\/noticias\/wp-content\/uploads\/2021\/01\/ACCIDENTE_MERIDA-MOTUL_040121-1-scaled.jpeg\" alt=\"\" width=\"604\" height=\"454\" \/><\/p>\n<p style=\"text-align: justify;\">Adriana D., de 23 a\u00f1os, se dirig\u00eda a la capital yucateca y al llegar al kil\u00f3metro 8, donde hay una curva, perdi\u00f3 el control del volante, gir\u00f3 como trompo y se intern\u00f3 en el monte hasta colisionar el Versa que conduc\u00eda con la estructura de alta tensi\u00f3n.<\/p>\n<p style=\"text-align: justify;\">Bomberos de la Secretar\u00eda de Seguridad P\u00fablica (SSP) rescataron a la joven que no pod\u00eda salir del coche, al quedar atascada la portezuela.<\/p>\n<p><img loading=\"lazy\" decoding=\"async\" class=\"wp-image-53936 aligncenter\" src=\"https:\/\/reporteroshoy.mx\/noticias\/wp-content\/uploads\/2021\/01\/ACCIDENTE_MERIDA-MOTUL_040121-2-scaled.jpeg\" alt=\"\" width=\"605\" height=\"340\" \/><\/p>\n<p style=\"text-align: justify;\">La mujer no perdi\u00f3 el conocimiento, ni tampoco sufri\u00f3 heridas externas, pero manifest\u00f3 dolores de cabeza raz\u00f3n por la que fue traslada a un hospital para una mejor valoraci\u00f3n m\u00e9dica.<\/p>\n","protected":false},"excerpt":{"rendered":"<p>Adriana se dirig\u00eda a la capital yucateca y al llegar a una curva perdi\u00f3 el control del volante, gir\u00f3 como trompo y se intern\u00f3 en el monte hasta colisionar con una estructura de alta tensi\u00f3n.<\/p>\n","protected":false},"author":5,"featured_media":53936,"comment_status":"open","ping_status":"closed","sticky":false,"template":"","format":"standard","meta":{"footnotes":""},"categories":[11],"tags":[146,9725,2860],"class_list":["post-53937","post","type-post","status-publish","format-standard","has-post-thumbnail","hentry","category-municipios-de-yucatan","tag-accidente","tag-merida-motul","tag-versa"],"yoast_head":"<!-- This site is optimized with the Yoast SEO plugin v28.4 - https:\/\/yoast.com\/product\/yoast-seo-wordpress\/ -->\n<title>\u2018Versazo\u2019 en la M\u00e9rida-Motul: choca contra poste de CFE<\/title>\n<meta name=\"description\" content=\"Adriana se dirig\u00eda a la capital yucateca y al llegar a una curva perdi\u00f3 el control del volante, gir\u00f3 como trompo y se intern\u00f3 en el monte hasta colisionar con una estructura de alta tensi\u00f3n.\" \/>\n<meta name=\"robots\" content=\"index, follow, max-snippet:-1, max-image-preview:large, max-video-preview:-1\" \/>\n<link rel=\"canonical\" href=\"https:\/\/reporteroshoy.mx\/noticias\/versazo-en-la-merida-motul-choca-contra-poste-de-cfe\/\" \/>\n<meta property=\"og:locale\" content=\"es_ES\" \/>\n<meta property=\"og:type\" content=\"article\" \/>\n<meta property=\"og:title\" content=\"\u2018Versazo\u2019 en la M\u00e9rida-Motul: choca contra poste de CFE\" \/>\n<meta property=\"og:description\" content=\"Adriana se dirig\u00eda a la capital yucateca y al llegar a una curva perdi\u00f3 el control del volante, gir\u00f3 como trompo y se intern\u00f3 en el monte hasta colisionar con una estructura de alta tensi\u00f3n.\" \/>\n<meta property=\"og:url\" content=\"https:\/\/reporteroshoy.mx\/noticias\/versazo-en-la-merida-motul-choca-contra-poste-de-cfe\/\" \/>\n<meta property=\"og:site_name\" content=\"Reporteros Hoy | Noticias de Yucat\u00e1n\" \/>\n<meta property=\"article:publisher\" content=\"http:\/\/www.facebook.com\/reporteroshoymx\" \/>\n<meta property=\"article:published_time\" content=\"2021-01-04T22:30:41+00:00\" \/>\n<meta property=\"article:modified_time\" content=\"2021-01-07T20:33:31+00:00\" \/>\n<meta property=\"og:image\" content=\"https:\/\/reporteroshoy.mx\/noticias\/wp-content\/uploads\/2021\/01\/ACCIDENTE_MERIDA-MOTUL_040121-2-scaled.jpeg\" \/>\n\t<meta property=\"og:image:width\" content=\"768\" \/>\n\t<meta property=\"og:image:height\" content=\"432\" \/>\n\t<meta property=\"og:image:type\" content=\"image\/jpeg\" \/>\n<meta name=\"author\" content=\"Reporteros Hoy IM\" \/>\n<meta name=\"twitter:card\" content=\"summary_large_image\" \/>\n<meta name=\"twitter:creator\" content=\"@reporteroshoy\" \/>\n<meta name=\"twitter:site\" content=\"@reporteroshoy\" \/>\n<meta name=\"twitter:label1\" content=\"Escrito por\" \/>\n\t<meta name=\"twitter:data1\" content=\"Reporteros Hoy IM\" \/>\n\t<meta name=\"twitter:label2\" content=\"Tiempo de lectura\" \/>\n\t<meta name=\"twitter:data2\" content=\"1 minuto\" \/>\n<script type=\"application\/ld+json\" class=\"yoast-schema-graph\">{\"@context\":\"https:\\\/\\\/schema.org\",\"@graph\":[{\"@type\":\"Article\",\"@id\":\"https:\\\/\\\/reporteroshoy.mx\\\/noticias\\\/versazo-en-la-merida-motul-choca-contra-poste-de-cfe\\\/#article\",\"isPartOf\":{\"@id\":\"https:\\\/\\\/reporteroshoy.mx\\\/noticias\\\/versazo-en-la-merida-motul-choca-contra-poste-de-cfe\\\/\"},\"author\":{\"name\":\"Reporteros Hoy IM\",\"@id\":\"https:\\\/\\\/reporteroshoy.mx\\\/noticias\\\/#\\\/schema\\\/person\\\/948520f0d88b01be2e5266bc4acbbc15\"},\"headline\":\"\u2018Versazo\u2019 en la M\u00e9rida-Motul: choca contra poste de CFE\",\"datePublished\":\"2021-01-04T22:30:41+00:00\",\"dateModified\":\"2021-01-07T20:33:31+00:00\",\"mainEntityOfPage\":{\"@id\":\"https:\\\/\\\/reporteroshoy.mx\\\/noticias\\\/versazo-en-la-merida-motul-choca-contra-poste-de-cfe\\\/\"},\"wordCount\":166,\"commentCount\":0,\"image\":{\"@id\":\"https:\\\/\\\/reporteroshoy.mx\\\/noticias\\\/versazo-en-la-merida-motul-choca-contra-poste-de-cfe\\\/#primaryimage\"},\"thumbnailUrl\":\"https:\\\/\\\/reporteroshoy.mx\\\/noticias\\\/wp-content\\\/uploads\\\/2021\\\/01\\\/ACCIDENTE_MERIDA-MOTUL_040121-2-scaled.jpeg\",\"keywords\":[\"accidente\",\"M\u00e9rida-Motul\",\"Versa\"],\"articleSection\":[\"Municipios\"],\"inLanguage\":\"es\",\"potentialAction\":[{\"@type\":\"CommentAction\",\"name\":\"Comment\",\"target\":[\"https:\\\/\\\/reporteroshoy.mx\\\/noticias\\\/versazo-en-la-merida-motul-choca-contra-poste-de-cfe\\\/#respond\"]}]},{\"@type\":\"WebPage\",\"@id\":\"https:\\\/\\\/reporteroshoy.mx\\\/noticias\\\/versazo-en-la-merida-motul-choca-contra-poste-de-cfe\\\/\",\"url\":\"https:\\\/\\\/reporteroshoy.mx\\\/noticias\\\/versazo-en-la-merida-motul-choca-contra-poste-de-cfe\\\/\",\"name\":\"\u2018Versazo\u2019 en la M\u00e9rida-Motul: choca contra poste de CFE\",\"isPartOf\":{\"@id\":\"https:\\\/\\\/reporteroshoy.mx\\\/noticias\\\/#website\"},\"primaryImageOfPage\":{\"@id\":\"https:\\\/\\\/reporteroshoy.mx\\\/noticias\\\/versazo-en-la-merida-motul-choca-contra-poste-de-cfe\\\/#primaryimage\"},\"image\":{\"@id\":\"https:\\\/\\\/reporteroshoy.mx\\\/noticias\\\/versazo-en-la-merida-motul-choca-contra-poste-de-cfe\\\/#primaryimage\"},\"thumbnailUrl\":\"https:\\\/\\\/reporteroshoy.mx\\\/noticias\\\/wp-content\\\/uploads\\\/2021\\\/01\\\/ACCIDENTE_MERIDA-MOTUL_040121-2-scaled.jpeg\",\"datePublished\":\"2021-01-04T22:30:41+00:00\",\"dateModified\":\"2021-01-07T20:33:31+00:00\",\"author\":{\"@id\":\"https:\\\/\\\/reporteroshoy.mx\\\/noticias\\\/#\\\/schema\\\/person\\\/948520f0d88b01be2e5266bc4acbbc15\"},\"description\":\"Adriana se dirig\u00eda a la capital yucateca y al llegar a una curva perdi\u00f3 el control del volante, gir\u00f3 como trompo y se intern\u00f3 en el monte hasta colisionar con una estructura de alta tensi\u00f3n.\",\"breadcrumb\":{\"@id\":\"https:\\\/\\\/reporteroshoy.mx\\\/noticias\\\/versazo-en-la-merida-motul-choca-contra-poste-de-cfe\\\/#breadcrumb\"},\"inLanguage\":\"es\",\"potentialAction\":[{\"@type\":\"ReadAction\",\"target\":[\"https:\\\/\\\/reporteroshoy.mx\\\/noticias\\\/versazo-en-la-merida-motul-choca-contra-poste-de-cfe\\\/\"]}]},{\"@type\":\"ImageObject\",\"inLanguage\":\"es\",\"@id\":\"https:\\\/\\\/reporteroshoy.mx\\\/noticias\\\/versazo-en-la-merida-motul-choca-contra-poste-de-cfe\\\/#primaryimage\",\"url\":\"https:\\\/\\\/reporteroshoy.mx\\\/noticias\\\/wp-content\\\/uploads\\\/2021\\\/01\\\/ACCIDENTE_MERIDA-MOTUL_040121-2-scaled.jpeg\",\"contentUrl\":\"https:\\\/\\\/reporteroshoy.mx\\\/noticias\\\/wp-content\\\/uploads\\\/2021\\\/01\\\/ACCIDENTE_MERIDA-MOTUL_040121-2-scaled.jpeg\",\"width\":768,\"height\":432},{\"@type\":\"BreadcrumbList\",\"@id\":\"https:\\\/\\\/reporteroshoy.mx\\\/noticias\\\/versazo-en-la-merida-motul-choca-contra-poste-de-cfe\\\/#breadcrumb\",\"itemListElement\":[{\"@type\":\"ListItem\",\"position\":1,\"name\":\"Portada\",\"item\":\"https:\\\/\\\/reporteroshoy.mx\\\/noticias\\\/\"},{\"@type\":\"ListItem\",\"position\":2,\"name\":\"\u2018Versazo\u2019 en la M\u00e9rida-Motul: choca contra poste de CFE\"}]},{\"@type\":\"WebSite\",\"@id\":\"https:\\\/\\\/reporteroshoy.mx\\\/noticias\\\/#website\",\"url\":\"https:\\\/\\\/reporteroshoy.mx\\\/noticias\\\/\",\"name\":\"Reporteros Hoy | Noticias de Yucat\u00e1n\",\"description\":\"Peri\u00f3dico digital con noticias diarias desde M\u00e9rida, Yucat\u00e1n para el mundo.\",\"potentialAction\":[{\"@type\":\"SearchAction\",\"target\":{\"@type\":\"EntryPoint\",\"urlTemplate\":\"https:\\\/\\\/reporteroshoy.mx\\\/noticias\\\/?s={search_term_string}\"},\"query-input\":{\"@type\":\"PropertyValueSpecification\",\"valueRequired\":true,\"valueName\":\"search_term_string\"}}],\"inLanguage\":\"es\"},{\"@type\":\"Person\",\"@id\":\"https:\\\/\\\/reporteroshoy.mx\\\/noticias\\\/#\\\/schema\\\/person\\\/948520f0d88b01be2e5266bc4acbbc15\",\"name\":\"Reporteros Hoy IM\",\"image\":{\"@type\":\"ImageObject\",\"inLanguage\":\"es\",\"@id\":\"https:\\\/\\\/secure.gravatar.com\\\/avatar\\\/d843030b96552826ac048bdfe26f2895604b800ed0c880ee55765a74d95dfc65?s=96&d=mm&r=g\",\"url\":\"https:\\\/\\\/secure.gravatar.com\\\/avatar\\\/d843030b96552826ac048bdfe26f2895604b800ed0c880ee55765a74d95dfc65?s=96&d=mm&r=g\",\"contentUrl\":\"https:\\\/\\\/secure.gravatar.com\\\/avatar\\\/d843030b96552826ac048bdfe26f2895604b800ed0c880ee55765a74d95dfc65?s=96&d=mm&r=g\",\"caption\":\"Reporteros Hoy IM\"},\"url\":\"https:\\\/\\\/reporteroshoy.mx\\\/noticias\\\/author\\\/israel\\\/\"}]}<\/script>\n<!-- \/ Yoast SEO plugin. -->","yoast_head_json":{"title":"\u2018Versazo\u2019 en la M\u00e9rida-Motul: choca contra poste de CFE","description":"Adriana se dirig\u00eda a la capital yucateca y al llegar a una curva perdi\u00f3 el control del volante, gir\u00f3 como trompo y se intern\u00f3 en el monte hasta colisionar con una estructura de alta tensi\u00f3n.","robots":{"index":"index","follow":"follow","max-snippet":"max-snippet:-1","max-image-preview":"max-image-preview:large","max-video-preview":"max-video-preview:-1"},"canonical":"https:\/\/reporteroshoy.mx\/noticias\/versazo-en-la-merida-motul-choca-contra-poste-de-cfe\/","og_locale":"es_ES","og_type":"article","og_title":"\u2018Versazo\u2019 en la M\u00e9rida-Motul: choca contra poste de CFE","og_description":"Adriana se dirig\u00eda a la capital yucateca y al llegar a una curva perdi\u00f3 el control del volante, gir\u00f3 como trompo y se intern\u00f3 en el monte hasta colisionar con una estructura de alta tensi\u00f3n.","og_url":"https:\/\/reporteroshoy.mx\/noticias\/versazo-en-la-merida-motul-choca-contra-poste-de-cfe\/","og_site_name":"Reporteros Hoy | Noticias de Yucat\u00e1n","article_publisher":"http:\/\/www.facebook.com\/reporteroshoymx","article_published_time":"2021-01-04T22:30:41+00:00","article_modified_time":"2021-01-07T20:33:31+00:00","og_image":[{"width":768,"height":432,"url":"https:\/\/reporteroshoy.mx\/noticias\/wp-content\/uploads\/2021\/01\/ACCIDENTE_MERIDA-MOTUL_040121-2-scaled.jpeg","type":"image\/jpeg"}],"author":"Reporteros Hoy IM","twitter_card":"summary_large_image","twitter_creator":"@reporteroshoy","twitter_site":"@reporteroshoy","twitter_misc":{"Escrito por":"Reporteros Hoy IM","Tiempo de lectura":"1 minuto"},"schema":{"@context":"https:\/\/schema.org","@graph":[{"@type":"Article","@id":"https:\/\/reporteroshoy.mx\/noticias\/versazo-en-la-merida-motul-choca-contra-poste-de-cfe\/#article","isPartOf":{"@id":"https:\/\/reporteroshoy.mx\/noticias\/versazo-en-la-merida-motul-choca-contra-poste-de-cfe\/"},"author":{"name":"Reporteros Hoy IM","@id":"https:\/\/reporteroshoy.mx\/noticias\/#\/schema\/person\/948520f0d88b01be2e5266bc4acbbc15"},"headline":"\u2018Versazo\u2019 en la M\u00e9rida-Motul: choca contra poste de CFE","datePublished":"2021-01-04T22:30:41+00:00","dateModified":"2021-01-07T20:33:31+00:00","mainEntityOfPage":{"@id":"https:\/\/reporteroshoy.mx\/noticias\/versazo-en-la-merida-motul-choca-contra-poste-de-cfe\/"},"wordCount":166,"commentCount":0,"image":{"@id":"https:\/\/reporteroshoy.mx\/noticias\/versazo-en-la-merida-motul-choca-contra-poste-de-cfe\/#primaryimage"},"thumbnailUrl":"https:\/\/reporteroshoy.mx\/noticias\/wp-content\/uploads\/2021\/01\/ACCIDENTE_MERIDA-MOTUL_040121-2-scaled.jpeg","keywords":["accidente","M\u00e9rida-Motul","Versa"],"articleSection":["Municipios"],"inLanguage":"es","potentialAction":[{"@type":"CommentAction","name":"Comment","target":["https:\/\/reporteroshoy.mx\/noticias\/versazo-en-la-merida-motul-choca-contra-poste-de-cfe\/#respond"]}]},{"@type":"WebPage","@id":"https:\/\/reporteroshoy.mx\/noticias\/versazo-en-la-merida-motul-choca-contra-poste-de-cfe\/","url":"https:\/\/reporteroshoy.mx\/noticias\/versazo-en-la-merida-motul-choca-contra-poste-de-cfe\/","name":"\u2018Versazo\u2019 en la M\u00e9rida-Motul: choca contra poste de CFE","isPartOf":{"@id":"https:\/\/reporteroshoy.mx\/noticias\/#website"},"primaryImageOfPage":{"@id":"https:\/\/reporteroshoy.mx\/noticias\/versazo-en-la-merida-motul-choca-contra-poste-de-cfe\/#primaryimage"},"image":{"@id":"https:\/\/reporteroshoy.mx\/noticias\/versazo-en-la-merida-motul-choca-contra-poste-de-cfe\/#primaryimage"},"thumbnailUrl":"https:\/\/reporteroshoy.mx\/noticias\/wp-content\/uploads\/2021\/01\/ACCIDENTE_MERIDA-MOTUL_040121-2-scaled.jpeg","datePublished":"2021-01-04T22:30:41+00:00","dateModified":"2021-01-07T20:33:31+00:00","author":{"@id":"https:\/\/reporteroshoy.mx\/noticias\/#\/schema\/person\/948520f0d88b01be2e5266bc4acbbc15"},"description":"Adriana se dirig\u00eda a la capital yucateca y al llegar a una curva perdi\u00f3 el control del volante, gir\u00f3 como trompo y se intern\u00f3 en el monte hasta colisionar con una estructura de alta tensi\u00f3n.","breadcrumb":{"@id":"https:\/\/reporteroshoy.mx\/noticias\/versazo-en-la-merida-motul-choca-contra-poste-de-cfe\/#breadcrumb"},"inLanguage":"es","potentialAction":[{"@type":"ReadAction","target":["https:\/\/reporteroshoy.mx\/noticias\/versazo-en-la-merida-motul-choca-contra-poste-de-cfe\/"]}]},{"@type":"ImageObject","inLanguage":"es","@id":"https:\/\/reporteroshoy.mx\/noticias\/versazo-en-la-merida-motul-choca-contra-poste-de-cfe\/#primaryimage","url":"https:\/\/reporteroshoy.mx\/noticias\/wp-content\/uploads\/2021\/01\/ACCIDENTE_MERIDA-MOTUL_040121-2-scaled.jpeg","contentUrl":"https:\/\/reporteroshoy.mx\/noticias\/wp-content\/uploads\/2021\/01\/ACCIDENTE_MERIDA-MOTUL_040121-2-scaled.jpeg","width":768,"height":432},{"@type":"BreadcrumbList","@id":"https:\/\/reporteroshoy.mx\/noticias\/versazo-en-la-merida-motul-choca-contra-poste-de-cfe\/#breadcrumb","itemListElement":[{"@type":"ListItem","position":1,"name":"Portada","item":"https:\/\/reporteroshoy.mx\/noticias\/"},{"@type":"ListItem","position":2,"name":"\u2018Versazo\u2019 en la M\u00e9rida-Motul: choca contra poste de CFE"}]},{"@type":"WebSite","@id":"https:\/\/reporteroshoy.mx\/noticias\/#website","url":"https:\/\/reporteroshoy.mx\/noticias\/","name":"Reporteros Hoy | Noticias de Yucat\u00e1n","description":"Peri\u00f3dico digital con noticias diarias desde M\u00e9rida, Yucat\u00e1n para el mundo.","potentialAction":[{"@type":"SearchAction","target":{"@type":"EntryPoint","urlTemplate":"https:\/\/reporteroshoy.mx\/noticias\/?s={search_term_string}"},"query-input":{"@type":"PropertyValueSpecification","valueRequired":true,"valueName":"search_term_string"}}],"inLanguage":"es"},{"@type":"Person","@id":"https:\/\/reporteroshoy.mx\/noticias\/#\/schema\/person\/948520f0d88b01be2e5266bc4acbbc15","name":"Reporteros Hoy IM","image":{"@type":"ImageObject","inLanguage":"es","@id":"https:\/\/secure.gravatar.com\/avatar\/d843030b96552826ac048bdfe26f2895604b800ed0c880ee55765a74d95dfc65?s=96&d=mm&r=g","url":"https:\/\/secure.gravatar.com\/avatar\/d843030b96552826ac048bdfe26f2895604b800ed0c880ee55765a74d95dfc65?s=96&d=mm&r=g","contentUrl":"https:\/\/secure.gravatar.com\/avatar\/d843030b96552826ac048bdfe26f2895604b800ed0c880ee55765a74d95dfc65?s=96&d=mm&r=g","caption":"Reporteros Hoy IM"},"url":"https:\/\/reporteroshoy.mx\/noticias\/author\/israel\/"}]}},"_links":{"self":[{"href":"https:\/\/reporteroshoy.mx\/noticias\/wp-json\/wp\/v2\/posts\/53937","targetHints":{"allow":["GET"]}}],"collection":[{"href":"https:\/\/reporteroshoy.mx\/noticias\/wp-json\/wp\/v2\/posts"}],"about":[{"href":"https:\/\/reporteroshoy.mx\/noticias\/wp-json\/wp\/v2\/types\/post"}],"author":[{"embeddable":true,"href":"https:\/\/reporteroshoy.mx\/noticias\/wp-json\/wp\/v2\/users\/5"}],"replies":[{"embeddable":true,"href":"https:\/\/reporteroshoy.mx\/noticias\/wp-json\/wp\/v2\/comments?post=53937"}],"version-history":[{"count":0,"href":"https:\/\/reporteroshoy.mx\/noticias\/wp-json\/wp\/v2\/posts\/53937\/revisions"}],"wp:featuredmedia":[{"embeddable":true,"href":"https:\/\/reporteroshoy.mx\/noticias\/wp-json\/wp\/v2\/media\/53936"}],"wp:attachment":[{"href":"https:\/\/reporteroshoy.mx\/noticias\/wp-json\/wp\/v2\/media?parent=53937"}],"wp:term":[{"taxonomy":"category","embeddable":true,"href":"https:\/\/reporteroshoy.mx\/noticias\/wp-json\/wp\/v2\/categories?post=53937"},{"taxonomy":"post_tag","embeddable":true,"href":"https:\/\/reporteroshoy.mx\/noticias\/wp-json\/wp\/v2\/tags?post=53937"}],"curies":[{"name":"wp","href":"https:\/\/api.w.org\/{rel}","templated":true}]}}