{"id":54100,"date":"2021-01-06T16:30:33","date_gmt":"2021-01-06T22:30:33","guid":{"rendered":"https:\/\/reporteroshoy.mx\/noticias\/?p=54100"},"modified":"2021-01-07T14:52:21","modified_gmt":"2021-01-07T20:52:21","slug":"en-dos-semanas-se-define-el-futuro-del-paso-deprimido","status":"publish","type":"post","link":"https:\/\/reporteroshoy.mx\/noticias\/en-dos-semanas-se-define-el-futuro-del-paso-deprimido\/","title":{"rendered":"En dos semanas se define el futuro del \u2018paso deprimido\u2019"},"content":{"rendered":"<p style=\"text-align: justify;\"><span style=\"color: #000000;\">M\u00e9rida, Yucat\u00e1n, 6 de enero de 2021 (ACOM).- El alcalde de M\u00e9rida, Ren\u00e1n Barrera Concha, inform\u00f3 que en dos semanas m\u00e1s se tendr\u00e1 el diagn\u00f3stico de los expertos sobre el paso deprimido y se podr\u00e1n tomar determinaciones sobre el seguimiento y recomendaciones que se emitan.<\/span><\/p>\n<p style=\"text-align: justify;\"><span style=\"color: #000000;\">Explic\u00f3 que no hay un monto de recursos destinado a este proyecto, por ello se esperan las recomendaciones y observaciones que emita el Colegio de Ingenieros Civiles para analizar las condiciones financieras que se requerir\u00e1n para atender este problema.<\/span><\/p>\n<p><span style=\"color: #000000;\"><img loading=\"lazy\" decoding=\"async\" class=\"wp-image-54101 aligncenter\" src=\"https:\/\/reporteroshoy.mx\/noticias\/wp-content\/uploads\/2021\/01\/RENAN-BARRERA-1.jpeg\" alt=\"\" width=\"578\" height=\"275\" \/><\/span><\/p>\n<p style=\"text-align: justify;\"><span style=\"color: #000000;\">\u201cPara nosotros es una prioridad; sin embargo, es un tema tan delicado que tenemos que tratarlo con mucha responsabilidad, porque no solamente es un problema t\u00e9cnico, sino tambi\u00e9n presupuestal\u201d, declar\u00f3.<\/span><\/p>\n<p style=\"text-align: justify;\"><span style=\"color: #000000;\">Ren\u00e1n Barrera record\u00f3 que este a\u00f1o se cancelar\u00e1 el carnaval de la ciudad o, en su caso, se organizar\u00e1 simb\u00f3lico.<\/span><\/p>\n<p style=\"text-align: justify;\"><span style=\"color: #000000;\">El presupuesto de la ciudad se enfocar\u00e1 a tres rubros importantes: salud, recuperaci\u00f3n econ\u00f3mica y servicios p\u00fablicos de calidad.<\/span><\/p>\n<p style=\"text-align: justify;\"><span style=\"color: #000000;\">Puso como ejemplo el M\u00e9rida Fest 2021 que se realiza con diversas actividades, pero con un menor costo.<\/span><\/p>\n<p style=\"text-align: justify;\"><span style=\"color: #000000;\">\u201cPor supuesto, tenemos gastos extraordinarios que antes no estaban y en los que se invierte como la \u2018Ruta de la Salud\u2019, los programas de sanitizaci\u00f3n de mercados, entre otros\u201d, abund\u00f3.<\/span><\/p>\n<p style=\"text-align: justify;\"><span style=\"color: #000000;\">En su caso, el carnaval de la ciudad se cancelar\u00e1 en su formato original y se organizar\u00e1 una celebraci\u00f3n sencilla y simb\u00f3lica.<\/span><\/p>\n","protected":false},"excerpt":{"rendered":"<p>El alcalde de M\u00e9rida, Ren\u00e1n Barrera Concha, inform\u00f3 que esperan el diagn\u00f3stico de expertos y, de lo que recomienden, valorar lo que presupuestalmente sea m\u00e1s viable.<\/p>\n","protected":false},"author":5,"featured_media":54101,"comment_status":"open","ping_status":"closed","sticky":false,"template":"","format":"standard","meta":{"footnotes":""},"categories":[17],"tags":[24,12250,2441],"class_list":["post-54100","post","type-post","status-publish","format-standard","has-post-thumbnail","hentry","category-yucatan","tag-ayuntamiento-de-merida","tag-paso-deprimido","tag-renan-barrera-concha"],"yoast_head":"<!-- This site is optimized with the Yoast SEO plugin v28.3 - https:\/\/yoast.com\/product\/yoast-seo-wordpress\/ -->\n<title>En dos semanas se define el futuro del \u2018paso deprimido\u2019<\/title>\n<meta name=\"description\" content=\"El alcalde de M\u00e9rida, Ren\u00e1n Barrera Concha, inform\u00f3 que esperan el diagn\u00f3stico de expertos y, de lo que recomienden, valorar lo que presupuestalmente sea m\u00e1s viable.\" \/>\n<meta name=\"robots\" content=\"index, follow, max-snippet:-1, max-image-preview:large, max-video-preview:-1\" \/>\n<link rel=\"canonical\" href=\"https:\/\/reporteroshoy.mx\/noticias\/en-dos-semanas-se-define-el-futuro-del-paso-deprimido\/\" \/>\n<meta property=\"og:locale\" content=\"es_ES\" \/>\n<meta property=\"og:type\" content=\"article\" \/>\n<meta property=\"og:title\" content=\"En dos semanas se define el futuro del \u2018paso deprimido\u2019\" \/>\n<meta property=\"og:description\" content=\"El alcalde de M\u00e9rida, Ren\u00e1n Barrera Concha, inform\u00f3 que esperan el diagn\u00f3stico de expertos y, de lo que recomienden, valorar lo que presupuestalmente sea m\u00e1s viable.\" \/>\n<meta property=\"og:url\" content=\"https:\/\/reporteroshoy.mx\/noticias\/en-dos-semanas-se-define-el-futuro-del-paso-deprimido\/\" \/>\n<meta property=\"og:site_name\" content=\"Reporteros Hoy | Noticias de Yucat\u00e1n\" \/>\n<meta property=\"article:publisher\" content=\"http:\/\/www.facebook.com\/reporteroshoymx\" \/>\n<meta property=\"article:published_time\" content=\"2021-01-06T22:30:33+00:00\" \/>\n<meta property=\"article:modified_time\" content=\"2021-01-07T20:52:21+00:00\" \/>\n<meta property=\"og:image\" content=\"https:\/\/reporteroshoy.mx\/noticias\/wp-content\/uploads\/2021\/01\/RENAN-BARRERA-1.jpeg\" \/>\n\t<meta property=\"og:image:width\" content=\"768\" \/>\n\t<meta property=\"og:image:height\" content=\"366\" \/>\n\t<meta property=\"og:image:type\" content=\"image\/jpeg\" \/>\n<meta name=\"author\" content=\"Reporteros Hoy IM\" \/>\n<meta name=\"twitter:card\" content=\"summary_large_image\" \/>\n<meta name=\"twitter:creator\" content=\"@reporteroshoy\" \/>\n<meta name=\"twitter:site\" content=\"@reporteroshoy\" \/>\n<meta name=\"twitter:label1\" content=\"Escrito por\" \/>\n\t<meta name=\"twitter:data1\" content=\"Reporteros Hoy IM\" \/>\n\t<meta name=\"twitter:label2\" content=\"Tiempo de lectura\" \/>\n\t<meta name=\"twitter:data2\" content=\"1 minuto\" \/>\n<script type=\"application\/ld+json\" class=\"yoast-schema-graph\">{\"@context\":\"https:\\\/\\\/schema.org\",\"@graph\":[{\"@type\":\"Article\",\"@id\":\"https:\\\/\\\/reporteroshoy.mx\\\/noticias\\\/en-dos-semanas-se-define-el-futuro-del-paso-deprimido\\\/#article\",\"isPartOf\":{\"@id\":\"https:\\\/\\\/reporteroshoy.mx\\\/noticias\\\/en-dos-semanas-se-define-el-futuro-del-paso-deprimido\\\/\"},\"author\":{\"name\":\"Reporteros Hoy IM\",\"@id\":\"https:\\\/\\\/reporteroshoy.mx\\\/noticias\\\/#\\\/schema\\\/person\\\/948520f0d88b01be2e5266bc4acbbc15\"},\"headline\":\"En dos semanas se define el futuro del \u2018paso deprimido\u2019\",\"datePublished\":\"2021-01-06T22:30:33+00:00\",\"dateModified\":\"2021-01-07T20:52:21+00:00\",\"mainEntityOfPage\":{\"@id\":\"https:\\\/\\\/reporteroshoy.mx\\\/noticias\\\/en-dos-semanas-se-define-el-futuro-del-paso-deprimido\\\/\"},\"wordCount\":251,\"commentCount\":0,\"image\":{\"@id\":\"https:\\\/\\\/reporteroshoy.mx\\\/noticias\\\/en-dos-semanas-se-define-el-futuro-del-paso-deprimido\\\/#primaryimage\"},\"thumbnailUrl\":\"https:\\\/\\\/reporteroshoy.mx\\\/noticias\\\/wp-content\\\/uploads\\\/2021\\\/01\\\/RENAN-BARRERA-1.jpeg\",\"keywords\":[\"ayuntamiento de merida\",\"paso deprimido\",\"Ren\u00e1n Barrera Concha\"],\"articleSection\":[\"Yucat\u00e1n\"],\"inLanguage\":\"es\",\"potentialAction\":[{\"@type\":\"CommentAction\",\"name\":\"Comment\",\"target\":[\"https:\\\/\\\/reporteroshoy.mx\\\/noticias\\\/en-dos-semanas-se-define-el-futuro-del-paso-deprimido\\\/#respond\"]}]},{\"@type\":\"WebPage\",\"@id\":\"https:\\\/\\\/reporteroshoy.mx\\\/noticias\\\/en-dos-semanas-se-define-el-futuro-del-paso-deprimido\\\/\",\"url\":\"https:\\\/\\\/reporteroshoy.mx\\\/noticias\\\/en-dos-semanas-se-define-el-futuro-del-paso-deprimido\\\/\",\"name\":\"En dos semanas se define el futuro del \u2018paso deprimido\u2019\",\"isPartOf\":{\"@id\":\"https:\\\/\\\/reporteroshoy.mx\\\/noticias\\\/#website\"},\"primaryImageOfPage\":{\"@id\":\"https:\\\/\\\/reporteroshoy.mx\\\/noticias\\\/en-dos-semanas-se-define-el-futuro-del-paso-deprimido\\\/#primaryimage\"},\"image\":{\"@id\":\"https:\\\/\\\/reporteroshoy.mx\\\/noticias\\\/en-dos-semanas-se-define-el-futuro-del-paso-deprimido\\\/#primaryimage\"},\"thumbnailUrl\":\"https:\\\/\\\/reporteroshoy.mx\\\/noticias\\\/wp-content\\\/uploads\\\/2021\\\/01\\\/RENAN-BARRERA-1.jpeg\",\"datePublished\":\"2021-01-06T22:30:33+00:00\",\"dateModified\":\"2021-01-07T20:52:21+00:00\",\"author\":{\"@id\":\"https:\\\/\\\/reporteroshoy.mx\\\/noticias\\\/#\\\/schema\\\/person\\\/948520f0d88b01be2e5266bc4acbbc15\"},\"description\":\"El alcalde de M\u00e9rida, Ren\u00e1n Barrera Concha, inform\u00f3 que esperan el diagn\u00f3stico de expertos y, de lo que recomienden, valorar lo que presupuestalmente sea m\u00e1s viable.\",\"breadcrumb\":{\"@id\":\"https:\\\/\\\/reporteroshoy.mx\\\/noticias\\\/en-dos-semanas-se-define-el-futuro-del-paso-deprimido\\\/#breadcrumb\"},\"inLanguage\":\"es\",\"potentialAction\":[{\"@type\":\"ReadAction\",\"target\":[\"https:\\\/\\\/reporteroshoy.mx\\\/noticias\\\/en-dos-semanas-se-define-el-futuro-del-paso-deprimido\\\/\"]}]},{\"@type\":\"ImageObject\",\"inLanguage\":\"es\",\"@id\":\"https:\\\/\\\/reporteroshoy.mx\\\/noticias\\\/en-dos-semanas-se-define-el-futuro-del-paso-deprimido\\\/#primaryimage\",\"url\":\"https:\\\/\\\/reporteroshoy.mx\\\/noticias\\\/wp-content\\\/uploads\\\/2021\\\/01\\\/RENAN-BARRERA-1.jpeg\",\"contentUrl\":\"https:\\\/\\\/reporteroshoy.mx\\\/noticias\\\/wp-content\\\/uploads\\\/2021\\\/01\\\/RENAN-BARRERA-1.jpeg\",\"width\":768,\"height\":366},{\"@type\":\"BreadcrumbList\",\"@id\":\"https:\\\/\\\/reporteroshoy.mx\\\/noticias\\\/en-dos-semanas-se-define-el-futuro-del-paso-deprimido\\\/#breadcrumb\",\"itemListElement\":[{\"@type\":\"ListItem\",\"position\":1,\"name\":\"Portada\",\"item\":\"https:\\\/\\\/reporteroshoy.mx\\\/noticias\\\/\"},{\"@type\":\"ListItem\",\"position\":2,\"name\":\"En dos semanas se define el futuro del \u2018paso deprimido\u2019\"}]},{\"@type\":\"WebSite\",\"@id\":\"https:\\\/\\\/reporteroshoy.mx\\\/noticias\\\/#website\",\"url\":\"https:\\\/\\\/reporteroshoy.mx\\\/noticias\\\/\",\"name\":\"Reporteros Hoy | Noticias de Yucat\u00e1n\",\"description\":\"Peri\u00f3dico digital con noticias diarias desde M\u00e9rida, Yucat\u00e1n para el mundo.\",\"potentialAction\":[{\"@type\":\"SearchAction\",\"target\":{\"@type\":\"EntryPoint\",\"urlTemplate\":\"https:\\\/\\\/reporteroshoy.mx\\\/noticias\\\/?s={search_term_string}\"},\"query-input\":{\"@type\":\"PropertyValueSpecification\",\"valueRequired\":true,\"valueName\":\"search_term_string\"}}],\"inLanguage\":\"es\"},{\"@type\":\"Person\",\"@id\":\"https:\\\/\\\/reporteroshoy.mx\\\/noticias\\\/#\\\/schema\\\/person\\\/948520f0d88b01be2e5266bc4acbbc15\",\"name\":\"Reporteros Hoy IM\",\"image\":{\"@type\":\"ImageObject\",\"inLanguage\":\"es\",\"@id\":\"https:\\\/\\\/secure.gravatar.com\\\/avatar\\\/d843030b96552826ac048bdfe26f2895604b800ed0c880ee55765a74d95dfc65?s=96&d=mm&r=g\",\"url\":\"https:\\\/\\\/secure.gravatar.com\\\/avatar\\\/d843030b96552826ac048bdfe26f2895604b800ed0c880ee55765a74d95dfc65?s=96&d=mm&r=g\",\"contentUrl\":\"https:\\\/\\\/secure.gravatar.com\\\/avatar\\\/d843030b96552826ac048bdfe26f2895604b800ed0c880ee55765a74d95dfc65?s=96&d=mm&r=g\",\"caption\":\"Reporteros Hoy IM\"},\"url\":\"https:\\\/\\\/reporteroshoy.mx\\\/noticias\\\/author\\\/israel\\\/\"}]}<\/script>\n<!-- \/ Yoast SEO plugin. -->","yoast_head_json":{"title":"En dos semanas se define el futuro del \u2018paso deprimido\u2019","description":"El alcalde de M\u00e9rida, Ren\u00e1n Barrera Concha, inform\u00f3 que esperan el diagn\u00f3stico de expertos y, de lo que recomienden, valorar lo que presupuestalmente sea m\u00e1s viable.","robots":{"index":"index","follow":"follow","max-snippet":"max-snippet:-1","max-image-preview":"max-image-preview:large","max-video-preview":"max-video-preview:-1"},"canonical":"https:\/\/reporteroshoy.mx\/noticias\/en-dos-semanas-se-define-el-futuro-del-paso-deprimido\/","og_locale":"es_ES","og_type":"article","og_title":"En dos semanas se define el futuro del \u2018paso deprimido\u2019","og_description":"El alcalde de M\u00e9rida, Ren\u00e1n Barrera Concha, inform\u00f3 que esperan el diagn\u00f3stico de expertos y, de lo que recomienden, valorar lo que presupuestalmente sea m\u00e1s viable.","og_url":"https:\/\/reporteroshoy.mx\/noticias\/en-dos-semanas-se-define-el-futuro-del-paso-deprimido\/","og_site_name":"Reporteros Hoy | Noticias de Yucat\u00e1n","article_publisher":"http:\/\/www.facebook.com\/reporteroshoymx","article_published_time":"2021-01-06T22:30:33+00:00","article_modified_time":"2021-01-07T20:52:21+00:00","og_image":[{"width":768,"height":366,"url":"https:\/\/reporteroshoy.mx\/noticias\/wp-content\/uploads\/2021\/01\/RENAN-BARRERA-1.jpeg","type":"image\/jpeg"}],"author":"Reporteros Hoy IM","twitter_card":"summary_large_image","twitter_creator":"@reporteroshoy","twitter_site":"@reporteroshoy","twitter_misc":{"Escrito por":"Reporteros Hoy IM","Tiempo de lectura":"1 minuto"},"schema":{"@context":"https:\/\/schema.org","@graph":[{"@type":"Article","@id":"https:\/\/reporteroshoy.mx\/noticias\/en-dos-semanas-se-define-el-futuro-del-paso-deprimido\/#article","isPartOf":{"@id":"https:\/\/reporteroshoy.mx\/noticias\/en-dos-semanas-se-define-el-futuro-del-paso-deprimido\/"},"author":{"name":"Reporteros Hoy IM","@id":"https:\/\/reporteroshoy.mx\/noticias\/#\/schema\/person\/948520f0d88b01be2e5266bc4acbbc15"},"headline":"En dos semanas se define el futuro del \u2018paso deprimido\u2019","datePublished":"2021-01-06T22:30:33+00:00","dateModified":"2021-01-07T20:52:21+00:00","mainEntityOfPage":{"@id":"https:\/\/reporteroshoy.mx\/noticias\/en-dos-semanas-se-define-el-futuro-del-paso-deprimido\/"},"wordCount":251,"commentCount":0,"image":{"@id":"https:\/\/reporteroshoy.mx\/noticias\/en-dos-semanas-se-define-el-futuro-del-paso-deprimido\/#primaryimage"},"thumbnailUrl":"https:\/\/reporteroshoy.mx\/noticias\/wp-content\/uploads\/2021\/01\/RENAN-BARRERA-1.jpeg","keywords":["ayuntamiento de merida","paso deprimido","Ren\u00e1n Barrera Concha"],"articleSection":["Yucat\u00e1n"],"inLanguage":"es","potentialAction":[{"@type":"CommentAction","name":"Comment","target":["https:\/\/reporteroshoy.mx\/noticias\/en-dos-semanas-se-define-el-futuro-del-paso-deprimido\/#respond"]}]},{"@type":"WebPage","@id":"https:\/\/reporteroshoy.mx\/noticias\/en-dos-semanas-se-define-el-futuro-del-paso-deprimido\/","url":"https:\/\/reporteroshoy.mx\/noticias\/en-dos-semanas-se-define-el-futuro-del-paso-deprimido\/","name":"En dos semanas se define el futuro del \u2018paso deprimido\u2019","isPartOf":{"@id":"https:\/\/reporteroshoy.mx\/noticias\/#website"},"primaryImageOfPage":{"@id":"https:\/\/reporteroshoy.mx\/noticias\/en-dos-semanas-se-define-el-futuro-del-paso-deprimido\/#primaryimage"},"image":{"@id":"https:\/\/reporteroshoy.mx\/noticias\/en-dos-semanas-se-define-el-futuro-del-paso-deprimido\/#primaryimage"},"thumbnailUrl":"https:\/\/reporteroshoy.mx\/noticias\/wp-content\/uploads\/2021\/01\/RENAN-BARRERA-1.jpeg","datePublished":"2021-01-06T22:30:33+00:00","dateModified":"2021-01-07T20:52:21+00:00","author":{"@id":"https:\/\/reporteroshoy.mx\/noticias\/#\/schema\/person\/948520f0d88b01be2e5266bc4acbbc15"},"description":"El alcalde de M\u00e9rida, Ren\u00e1n Barrera Concha, inform\u00f3 que esperan el diagn\u00f3stico de expertos y, de lo que recomienden, valorar lo que presupuestalmente sea m\u00e1s viable.","breadcrumb":{"@id":"https:\/\/reporteroshoy.mx\/noticias\/en-dos-semanas-se-define-el-futuro-del-paso-deprimido\/#breadcrumb"},"inLanguage":"es","potentialAction":[{"@type":"ReadAction","target":["https:\/\/reporteroshoy.mx\/noticias\/en-dos-semanas-se-define-el-futuro-del-paso-deprimido\/"]}]},{"@type":"ImageObject","inLanguage":"es","@id":"https:\/\/reporteroshoy.mx\/noticias\/en-dos-semanas-se-define-el-futuro-del-paso-deprimido\/#primaryimage","url":"https:\/\/reporteroshoy.mx\/noticias\/wp-content\/uploads\/2021\/01\/RENAN-BARRERA-1.jpeg","contentUrl":"https:\/\/reporteroshoy.mx\/noticias\/wp-content\/uploads\/2021\/01\/RENAN-BARRERA-1.jpeg","width":768,"height":366},{"@type":"BreadcrumbList","@id":"https:\/\/reporteroshoy.mx\/noticias\/en-dos-semanas-se-define-el-futuro-del-paso-deprimido\/#breadcrumb","itemListElement":[{"@type":"ListItem","position":1,"name":"Portada","item":"https:\/\/reporteroshoy.mx\/noticias\/"},{"@type":"ListItem","position":2,"name":"En dos semanas se define el futuro del \u2018paso deprimido\u2019"}]},{"@type":"WebSite","@id":"https:\/\/reporteroshoy.mx\/noticias\/#website","url":"https:\/\/reporteroshoy.mx\/noticias\/","name":"Reporteros Hoy | Noticias de Yucat\u00e1n","description":"Peri\u00f3dico digital con noticias diarias desde M\u00e9rida, Yucat\u00e1n para el mundo.","potentialAction":[{"@type":"SearchAction","target":{"@type":"EntryPoint","urlTemplate":"https:\/\/reporteroshoy.mx\/noticias\/?s={search_term_string}"},"query-input":{"@type":"PropertyValueSpecification","valueRequired":true,"valueName":"search_term_string"}}],"inLanguage":"es"},{"@type":"Person","@id":"https:\/\/reporteroshoy.mx\/noticias\/#\/schema\/person\/948520f0d88b01be2e5266bc4acbbc15","name":"Reporteros Hoy IM","image":{"@type":"ImageObject","inLanguage":"es","@id":"https:\/\/secure.gravatar.com\/avatar\/d843030b96552826ac048bdfe26f2895604b800ed0c880ee55765a74d95dfc65?s=96&d=mm&r=g","url":"https:\/\/secure.gravatar.com\/avatar\/d843030b96552826ac048bdfe26f2895604b800ed0c880ee55765a74d95dfc65?s=96&d=mm&r=g","contentUrl":"https:\/\/secure.gravatar.com\/avatar\/d843030b96552826ac048bdfe26f2895604b800ed0c880ee55765a74d95dfc65?s=96&d=mm&r=g","caption":"Reporteros Hoy IM"},"url":"https:\/\/reporteroshoy.mx\/noticias\/author\/israel\/"}]}},"_links":{"self":[{"href":"https:\/\/reporteroshoy.mx\/noticias\/wp-json\/wp\/v2\/posts\/54100","targetHints":{"allow":["GET"]}}],"collection":[{"href":"https:\/\/reporteroshoy.mx\/noticias\/wp-json\/wp\/v2\/posts"}],"about":[{"href":"https:\/\/reporteroshoy.mx\/noticias\/wp-json\/wp\/v2\/types\/post"}],"author":[{"embeddable":true,"href":"https:\/\/reporteroshoy.mx\/noticias\/wp-json\/wp\/v2\/users\/5"}],"replies":[{"embeddable":true,"href":"https:\/\/reporteroshoy.mx\/noticias\/wp-json\/wp\/v2\/comments?post=54100"}],"version-history":[{"count":0,"href":"https:\/\/reporteroshoy.mx\/noticias\/wp-json\/wp\/v2\/posts\/54100\/revisions"}],"wp:featuredmedia":[{"embeddable":true,"href":"https:\/\/reporteroshoy.mx\/noticias\/wp-json\/wp\/v2\/media\/54101"}],"wp:attachment":[{"href":"https:\/\/reporteroshoy.mx\/noticias\/wp-json\/wp\/v2\/media?parent=54100"}],"wp:term":[{"taxonomy":"category","embeddable":true,"href":"https:\/\/reporteroshoy.mx\/noticias\/wp-json\/wp\/v2\/categories?post=54100"},{"taxonomy":"post_tag","embeddable":true,"href":"https:\/\/reporteroshoy.mx\/noticias\/wp-json\/wp\/v2\/tags?post=54100"}],"curies":[{"name":"wp","href":"https:\/\/api.w.org\/{rel}","templated":true}]}}