{"id":54102,"date":"2021-01-06T17:00:43","date_gmt":"2021-01-06T23:00:43","guid":{"rendered":"https:\/\/reporteroshoy.mx\/noticias\/?p=54102"},"modified":"2021-01-07T14:53:06","modified_gmt":"2021-01-07T20:53:06","slug":"activan-7-centros-para-recibir-arbolitos-navidenos-en-merida","status":"publish","type":"post","link":"https:\/\/reporteroshoy.mx\/noticias\/activan-7-centros-para-recibir-arbolitos-navidenos-en-merida\/","title":{"rendered":"Activan 7 centros para recibir arbolitos navide\u00f1os en M\u00e9rida"},"content":{"rendered":"<p style=\"text-align: justify;\"><span style=\"color: #000000;\">M\u00e9rida, Yucat\u00e1n, 6 de enero de 2021.- Con un llamado a la responsabilidad y a mantener el compromiso con el cuidado ambiental, el Ayuntamiento de M\u00e9rida pone a disposici\u00f3n de la ciudadan\u00eda siete centros de acopio para \u00e1rboles de Navidad en distintos puntos de la ciudad.<\/span><\/p>\n<p style=\"text-align: justify;\"><span style=\"color: #000000;\">Eugenia Correa Arce, directora de la Unidad de Desarrollo Sustentable, se\u00f1al\u00f3 que la recolecta de arbolitos se realizar\u00e1 en coordinaci\u00f3n con la Direcci\u00f3n de Servicios P\u00fablicos Municipales.<\/span><\/p>\n<p><span style=\"color: #000000;\"><img loading=\"lazy\" decoding=\"async\" class=\"wp-image-54104 aligncenter\" src=\"https:\/\/reporteroshoy.mx\/noticias\/wp-content\/uploads\/2021\/01\/ACOPIO-ARBOLES-2.jpeg\" alt=\"\" width=\"632\" height=\"421\" \/><\/span><\/p>\n<p style=\"text-align: justify;\"><span style=\"color: #000000;\">\u00abComo cada a\u00f1o, lo que buscamos es que la gente tenga un espacio seguro donde puedan depositar sus arbolitos navide\u00f1os una vez que terminen los festejos decembrinos y no los tiren a la v\u00eda p\u00fablica\u00bb, se\u00f1al\u00f3.<\/span><\/p>\n<p style=\"text-align: justify;\"><span style=\"color: #000000;\">Agreg\u00f3 que este a\u00f1o, de los 7 centros de acopio, 4 estar\u00e1n en los Mega Puntos Verdes, los cuales est\u00e1n estrat\u00e9gicamente distribuidos en diversos puntos de la ciudad.<\/span><\/p>\n<p style=\"text-align: justify;\"><span style=\"color: #000000;\">Mencion\u00f3 que la idea de recopilarlos es darles un uso adecuado mediante el reciclaje y evitar que se desechen como basura a las calles de la ciudad.<\/span><\/p>\n<p style=\"text-align: justify;\"><span style=\"color: #000000;\">\u00abSiguiendo las indicaciones de nuestro alcalde Ren\u00e1n Barrera lo que buscamos es seguir generando conciencia entre los ciudadanos de cuidar el medioambiente\u00bb, abund\u00f3.<\/span><\/p>\n<p style=\"text-align: justify;\"><span style=\"color: #000000;\">Coment\u00f3 que al igual que el a\u00f1o pasado, en esta ocasi\u00f3n los ciudadanos que depositen sus pinos en los centros de acopio recibir\u00e1n a cambio un vale para adoptar un \u00e1rbol y plantarlo en sus casas.<\/span><\/p>\n<p style=\"text-align: justify;\"><span style=\"color: #000000;\">La recepci\u00f3n de arbolitos iniciar\u00e1 a partir del 7 de enero y concluir\u00e1 el 31 de ese mismo mes. El horario de recolecci\u00f3n ser\u00e1 8 de la ma\u00f1ana a 3 de la tarde, de lunes a domingo.<\/span><\/p>\n<p style=\"text-align: justify;\"><span style=\"color: #000000;\">Los sitios donde se podr\u00e1n depositar son los Mega Puntos Verdes del parque de la colonia Alem\u00e1n, Plaza Akr\u00f3polis (a la entrada del fraccionamiento Las Am\u00e9ricas), en Walmart Campestre (Calle 60 norte) y Francisco de Montejo (Calle 54 entre 51 y 53B).<\/span><\/p>\n<p style=\"text-align: justify;\"><span style=\"color: #000000;\">Asimismo, en las delegaciones Oriente (Calle 63 entre 4 y 8, de la colonia Emilio Portes Gil) y Poniente (calle 116 entre avenida Jacinto Canek y 61, colonia Yucalpet\u00e9n), de la direcci\u00f3n de Servicios P\u00fablicos Municipales.<\/span><\/p>\n<p><span style=\"color: #000000;\"><img loading=\"lazy\" decoding=\"async\" class=\"wp-image-54103 aligncenter\" src=\"https:\/\/reporteroshoy.mx\/noticias\/wp-content\/uploads\/2021\/01\/ACOPIO-ARBOLES-1.jpeg\" alt=\"\" width=\"626\" height=\"417\" \/><\/span><\/p>\n<p style=\"text-align: justify;\"><span style=\"color: #000000;\">Otro centro de acopio estar\u00e1 ubicado en el parque de la Xtabay, en la avenida 35 por 20, del fraccionamiento Pol\u00edgono 108.<\/span><\/p>\n<p style=\"text-align: justify;\"><span style=\"color: #000000;\">Cabe recordar que el a\u00f1o pasado, la Direcci\u00f3n de Servicios P\u00fablicos Municipales, recibi\u00f3 en total 1,600 \u00e1rboles de navidad en los distintos centros de acopio. A cambio, la Comuna entreg\u00f3 550 arbolitos a los ciudadanos.<\/span><\/p>\n<p style=\"text-align: justify;\"><span style=\"color: #000000;\">En el 2019 la Comuna recibi\u00f3 1,996 pinos, mientras que, en el 2018, fueron 2,553.<\/span><\/p>\n<p style=\"text-align: justify;\"><span style=\"color: #000000;\">Cabe aclarar que los \u00e1rboles que se reciben en los centros de acopio son posteriormente trasladados al relleno sanitario donde se convierten en composta que se utiliza en los parques, jardines y \u00e1reas verdes del municipio.<\/span><\/p>\n","protected":false},"excerpt":{"rendered":"<p>La recepci\u00f3n de arbolitos iniciar\u00e1 a partir ma\u00f1ana y concluir\u00e1 el 31 de ese mismo mes. Aqu\u00ed te decimos d\u00f3nde acudir. <\/p>\n","protected":false},"author":5,"featured_media":54104,"comment_status":"open","ping_status":"closed","sticky":false,"template":"","format":"standard","meta":{"footnotes":""},"categories":[7],"tags":[15675,24,12218],"class_list":["post-54102","post","type-post","status-publish","format-standard","has-post-thumbnail","hentry","category-gobierno","tag-arbolitos-navidenos","tag-ayuntamiento-de-merida","tag-centros-de-acopio"],"yoast_head":"<!-- This site is optimized with the Yoast SEO plugin v28.4 - https:\/\/yoast.com\/product\/yoast-seo-wordpress\/ -->\n<title>Activan 7 centros para recibir arbolitos navide\u00f1os<\/title>\n<meta name=\"description\" content=\"La recepci\u00f3n de arbolitos iniciar\u00e1 a partir ma\u00f1ana y concluir\u00e1 el 31 de ese mismo mes. Aqu\u00ed te decimos d\u00f3nde acudir.\" \/>\n<meta name=\"robots\" content=\"index, follow, max-snippet:-1, max-image-preview:large, max-video-preview:-1\" \/>\n<link rel=\"canonical\" href=\"https:\/\/reporteroshoy.mx\/noticias\/activan-7-centros-para-recibir-arbolitos-navidenos-en-merida\/\" \/>\n<meta property=\"og:locale\" content=\"es_ES\" \/>\n<meta property=\"og:type\" content=\"article\" \/>\n<meta property=\"og:title\" content=\"Activan 7 centros para recibir arbolitos navide\u00f1os\" \/>\n<meta property=\"og:description\" content=\"La recepci\u00f3n de arbolitos iniciar\u00e1 a partir ma\u00f1ana y concluir\u00e1 el 31 de ese mismo mes. Aqu\u00ed te decimos d\u00f3nde acudir.\" \/>\n<meta property=\"og:url\" content=\"https:\/\/reporteroshoy.mx\/noticias\/activan-7-centros-para-recibir-arbolitos-navidenos-en-merida\/\" \/>\n<meta property=\"og:site_name\" content=\"Reporteros Hoy | Noticias de Yucat\u00e1n\" \/>\n<meta property=\"article:publisher\" content=\"http:\/\/www.facebook.com\/reporteroshoymx\" \/>\n<meta property=\"article:published_time\" content=\"2021-01-06T23:00:43+00:00\" \/>\n<meta property=\"article:modified_time\" content=\"2021-01-07T20:53:06+00:00\" \/>\n<meta property=\"og:image\" content=\"https:\/\/reporteroshoy.mx\/noticias\/wp-content\/uploads\/2021\/01\/ACOPIO-ARBOLES-2.jpeg\" \/>\n\t<meta property=\"og:image:width\" content=\"768\" \/>\n\t<meta property=\"og:image:height\" content=\"512\" \/>\n\t<meta property=\"og:image:type\" content=\"image\/jpeg\" \/>\n<meta name=\"author\" content=\"Reporteros Hoy IM\" \/>\n<meta name=\"twitter:card\" content=\"summary_large_image\" \/>\n<meta name=\"twitter:creator\" content=\"@reporteroshoy\" \/>\n<meta name=\"twitter:site\" content=\"@reporteroshoy\" \/>\n<meta name=\"twitter:label1\" content=\"Escrito por\" \/>\n\t<meta name=\"twitter:data1\" content=\"Reporteros Hoy IM\" \/>\n\t<meta name=\"twitter:label2\" content=\"Tiempo de lectura\" \/>\n\t<meta name=\"twitter:data2\" content=\"2 minutos\" \/>\n<script type=\"application\/ld+json\" class=\"yoast-schema-graph\">{\"@context\":\"https:\\\/\\\/schema.org\",\"@graph\":[{\"@type\":\"Article\",\"@id\":\"https:\\\/\\\/reporteroshoy.mx\\\/noticias\\\/activan-7-centros-para-recibir-arbolitos-navidenos-en-merida\\\/#article\",\"isPartOf\":{\"@id\":\"https:\\\/\\\/reporteroshoy.mx\\\/noticias\\\/activan-7-centros-para-recibir-arbolitos-navidenos-en-merida\\\/\"},\"author\":{\"name\":\"Reporteros Hoy IM\",\"@id\":\"https:\\\/\\\/reporteroshoy.mx\\\/noticias\\\/#\\\/schema\\\/person\\\/948520f0d88b01be2e5266bc4acbbc15\"},\"headline\":\"Activan 7 centros para recibir arbolitos navide\u00f1os en M\u00e9rida\",\"datePublished\":\"2021-01-06T23:00:43+00:00\",\"dateModified\":\"2021-01-07T20:53:06+00:00\",\"mainEntityOfPage\":{\"@id\":\"https:\\\/\\\/reporteroshoy.mx\\\/noticias\\\/activan-7-centros-para-recibir-arbolitos-navidenos-en-merida\\\/\"},\"wordCount\":468,\"commentCount\":0,\"image\":{\"@id\":\"https:\\\/\\\/reporteroshoy.mx\\\/noticias\\\/activan-7-centros-para-recibir-arbolitos-navidenos-en-merida\\\/#primaryimage\"},\"thumbnailUrl\":\"https:\\\/\\\/reporteroshoy.mx\\\/noticias\\\/wp-content\\\/uploads\\\/2021\\\/01\\\/ACOPIO-ARBOLES-2.jpeg\",\"keywords\":[\"Arbolitos navide\u00f1os\",\"ayuntamiento de merida\",\"centros de acopio\"],\"articleSection\":[\"Gobierno\"],\"inLanguage\":\"es\",\"potentialAction\":[{\"@type\":\"CommentAction\",\"name\":\"Comment\",\"target\":[\"https:\\\/\\\/reporteroshoy.mx\\\/noticias\\\/activan-7-centros-para-recibir-arbolitos-navidenos-en-merida\\\/#respond\"]}]},{\"@type\":\"WebPage\",\"@id\":\"https:\\\/\\\/reporteroshoy.mx\\\/noticias\\\/activan-7-centros-para-recibir-arbolitos-navidenos-en-merida\\\/\",\"url\":\"https:\\\/\\\/reporteroshoy.mx\\\/noticias\\\/activan-7-centros-para-recibir-arbolitos-navidenos-en-merida\\\/\",\"name\":\"Activan 7 centros para recibir arbolitos navide\u00f1os\",\"isPartOf\":{\"@id\":\"https:\\\/\\\/reporteroshoy.mx\\\/noticias\\\/#website\"},\"primaryImageOfPage\":{\"@id\":\"https:\\\/\\\/reporteroshoy.mx\\\/noticias\\\/activan-7-centros-para-recibir-arbolitos-navidenos-en-merida\\\/#primaryimage\"},\"image\":{\"@id\":\"https:\\\/\\\/reporteroshoy.mx\\\/noticias\\\/activan-7-centros-para-recibir-arbolitos-navidenos-en-merida\\\/#primaryimage\"},\"thumbnailUrl\":\"https:\\\/\\\/reporteroshoy.mx\\\/noticias\\\/wp-content\\\/uploads\\\/2021\\\/01\\\/ACOPIO-ARBOLES-2.jpeg\",\"datePublished\":\"2021-01-06T23:00:43+00:00\",\"dateModified\":\"2021-01-07T20:53:06+00:00\",\"author\":{\"@id\":\"https:\\\/\\\/reporteroshoy.mx\\\/noticias\\\/#\\\/schema\\\/person\\\/948520f0d88b01be2e5266bc4acbbc15\"},\"description\":\"La recepci\u00f3n de arbolitos iniciar\u00e1 a partir ma\u00f1ana y concluir\u00e1 el 31 de ese mismo mes. Aqu\u00ed te decimos d\u00f3nde acudir.\",\"breadcrumb\":{\"@id\":\"https:\\\/\\\/reporteroshoy.mx\\\/noticias\\\/activan-7-centros-para-recibir-arbolitos-navidenos-en-merida\\\/#breadcrumb\"},\"inLanguage\":\"es\",\"potentialAction\":[{\"@type\":\"ReadAction\",\"target\":[\"https:\\\/\\\/reporteroshoy.mx\\\/noticias\\\/activan-7-centros-para-recibir-arbolitos-navidenos-en-merida\\\/\"]}]},{\"@type\":\"ImageObject\",\"inLanguage\":\"es\",\"@id\":\"https:\\\/\\\/reporteroshoy.mx\\\/noticias\\\/activan-7-centros-para-recibir-arbolitos-navidenos-en-merida\\\/#primaryimage\",\"url\":\"https:\\\/\\\/reporteroshoy.mx\\\/noticias\\\/wp-content\\\/uploads\\\/2021\\\/01\\\/ACOPIO-ARBOLES-2.jpeg\",\"contentUrl\":\"https:\\\/\\\/reporteroshoy.mx\\\/noticias\\\/wp-content\\\/uploads\\\/2021\\\/01\\\/ACOPIO-ARBOLES-2.jpeg\",\"width\":768,\"height\":512},{\"@type\":\"BreadcrumbList\",\"@id\":\"https:\\\/\\\/reporteroshoy.mx\\\/noticias\\\/activan-7-centros-para-recibir-arbolitos-navidenos-en-merida\\\/#breadcrumb\",\"itemListElement\":[{\"@type\":\"ListItem\",\"position\":1,\"name\":\"Portada\",\"item\":\"https:\\\/\\\/reporteroshoy.mx\\\/noticias\\\/\"},{\"@type\":\"ListItem\",\"position\":2,\"name\":\"Activan 7 centros para recibir arbolitos navide\u00f1os en M\u00e9rida\"}]},{\"@type\":\"WebSite\",\"@id\":\"https:\\\/\\\/reporteroshoy.mx\\\/noticias\\\/#website\",\"url\":\"https:\\\/\\\/reporteroshoy.mx\\\/noticias\\\/\",\"name\":\"Reporteros Hoy | Noticias de Yucat\u00e1n\",\"description\":\"Peri\u00f3dico digital con noticias diarias desde M\u00e9rida, Yucat\u00e1n para el mundo.\",\"potentialAction\":[{\"@type\":\"SearchAction\",\"target\":{\"@type\":\"EntryPoint\",\"urlTemplate\":\"https:\\\/\\\/reporteroshoy.mx\\\/noticias\\\/?s={search_term_string}\"},\"query-input\":{\"@type\":\"PropertyValueSpecification\",\"valueRequired\":true,\"valueName\":\"search_term_string\"}}],\"inLanguage\":\"es\"},{\"@type\":\"Person\",\"@id\":\"https:\\\/\\\/reporteroshoy.mx\\\/noticias\\\/#\\\/schema\\\/person\\\/948520f0d88b01be2e5266bc4acbbc15\",\"name\":\"Reporteros Hoy IM\",\"image\":{\"@type\":\"ImageObject\",\"inLanguage\":\"es\",\"@id\":\"https:\\\/\\\/secure.gravatar.com\\\/avatar\\\/d843030b96552826ac048bdfe26f2895604b800ed0c880ee55765a74d95dfc65?s=96&d=mm&r=g\",\"url\":\"https:\\\/\\\/secure.gravatar.com\\\/avatar\\\/d843030b96552826ac048bdfe26f2895604b800ed0c880ee55765a74d95dfc65?s=96&d=mm&r=g\",\"contentUrl\":\"https:\\\/\\\/secure.gravatar.com\\\/avatar\\\/d843030b96552826ac048bdfe26f2895604b800ed0c880ee55765a74d95dfc65?s=96&d=mm&r=g\",\"caption\":\"Reporteros Hoy IM\"},\"url\":\"https:\\\/\\\/reporteroshoy.mx\\\/noticias\\\/author\\\/israel\\\/\"}]}<\/script>\n<!-- \/ Yoast SEO plugin. -->","yoast_head_json":{"title":"Activan 7 centros para recibir arbolitos navide\u00f1os","description":"La recepci\u00f3n de arbolitos iniciar\u00e1 a partir ma\u00f1ana y concluir\u00e1 el 31 de ese mismo mes. Aqu\u00ed te decimos d\u00f3nde acudir.","robots":{"index":"index","follow":"follow","max-snippet":"max-snippet:-1","max-image-preview":"max-image-preview:large","max-video-preview":"max-video-preview:-1"},"canonical":"https:\/\/reporteroshoy.mx\/noticias\/activan-7-centros-para-recibir-arbolitos-navidenos-en-merida\/","og_locale":"es_ES","og_type":"article","og_title":"Activan 7 centros para recibir arbolitos navide\u00f1os","og_description":"La recepci\u00f3n de arbolitos iniciar\u00e1 a partir ma\u00f1ana y concluir\u00e1 el 31 de ese mismo mes. Aqu\u00ed te decimos d\u00f3nde acudir.","og_url":"https:\/\/reporteroshoy.mx\/noticias\/activan-7-centros-para-recibir-arbolitos-navidenos-en-merida\/","og_site_name":"Reporteros Hoy | Noticias de Yucat\u00e1n","article_publisher":"http:\/\/www.facebook.com\/reporteroshoymx","article_published_time":"2021-01-06T23:00:43+00:00","article_modified_time":"2021-01-07T20:53:06+00:00","og_image":[{"width":768,"height":512,"url":"https:\/\/reporteroshoy.mx\/noticias\/wp-content\/uploads\/2021\/01\/ACOPIO-ARBOLES-2.jpeg","type":"image\/jpeg"}],"author":"Reporteros Hoy IM","twitter_card":"summary_large_image","twitter_creator":"@reporteroshoy","twitter_site":"@reporteroshoy","twitter_misc":{"Escrito por":"Reporteros Hoy IM","Tiempo de lectura":"2 minutos"},"schema":{"@context":"https:\/\/schema.org","@graph":[{"@type":"Article","@id":"https:\/\/reporteroshoy.mx\/noticias\/activan-7-centros-para-recibir-arbolitos-navidenos-en-merida\/#article","isPartOf":{"@id":"https:\/\/reporteroshoy.mx\/noticias\/activan-7-centros-para-recibir-arbolitos-navidenos-en-merida\/"},"author":{"name":"Reporteros Hoy IM","@id":"https:\/\/reporteroshoy.mx\/noticias\/#\/schema\/person\/948520f0d88b01be2e5266bc4acbbc15"},"headline":"Activan 7 centros para recibir arbolitos navide\u00f1os en M\u00e9rida","datePublished":"2021-01-06T23:00:43+00:00","dateModified":"2021-01-07T20:53:06+00:00","mainEntityOfPage":{"@id":"https:\/\/reporteroshoy.mx\/noticias\/activan-7-centros-para-recibir-arbolitos-navidenos-en-merida\/"},"wordCount":468,"commentCount":0,"image":{"@id":"https:\/\/reporteroshoy.mx\/noticias\/activan-7-centros-para-recibir-arbolitos-navidenos-en-merida\/#primaryimage"},"thumbnailUrl":"https:\/\/reporteroshoy.mx\/noticias\/wp-content\/uploads\/2021\/01\/ACOPIO-ARBOLES-2.jpeg","keywords":["Arbolitos navide\u00f1os","ayuntamiento de merida","centros de acopio"],"articleSection":["Gobierno"],"inLanguage":"es","potentialAction":[{"@type":"CommentAction","name":"Comment","target":["https:\/\/reporteroshoy.mx\/noticias\/activan-7-centros-para-recibir-arbolitos-navidenos-en-merida\/#respond"]}]},{"@type":"WebPage","@id":"https:\/\/reporteroshoy.mx\/noticias\/activan-7-centros-para-recibir-arbolitos-navidenos-en-merida\/","url":"https:\/\/reporteroshoy.mx\/noticias\/activan-7-centros-para-recibir-arbolitos-navidenos-en-merida\/","name":"Activan 7 centros para recibir arbolitos navide\u00f1os","isPartOf":{"@id":"https:\/\/reporteroshoy.mx\/noticias\/#website"},"primaryImageOfPage":{"@id":"https:\/\/reporteroshoy.mx\/noticias\/activan-7-centros-para-recibir-arbolitos-navidenos-en-merida\/#primaryimage"},"image":{"@id":"https:\/\/reporteroshoy.mx\/noticias\/activan-7-centros-para-recibir-arbolitos-navidenos-en-merida\/#primaryimage"},"thumbnailUrl":"https:\/\/reporteroshoy.mx\/noticias\/wp-content\/uploads\/2021\/01\/ACOPIO-ARBOLES-2.jpeg","datePublished":"2021-01-06T23:00:43+00:00","dateModified":"2021-01-07T20:53:06+00:00","author":{"@id":"https:\/\/reporteroshoy.mx\/noticias\/#\/schema\/person\/948520f0d88b01be2e5266bc4acbbc15"},"description":"La recepci\u00f3n de arbolitos iniciar\u00e1 a partir ma\u00f1ana y concluir\u00e1 el 31 de ese mismo mes. Aqu\u00ed te decimos d\u00f3nde acudir.","breadcrumb":{"@id":"https:\/\/reporteroshoy.mx\/noticias\/activan-7-centros-para-recibir-arbolitos-navidenos-en-merida\/#breadcrumb"},"inLanguage":"es","potentialAction":[{"@type":"ReadAction","target":["https:\/\/reporteroshoy.mx\/noticias\/activan-7-centros-para-recibir-arbolitos-navidenos-en-merida\/"]}]},{"@type":"ImageObject","inLanguage":"es","@id":"https:\/\/reporteroshoy.mx\/noticias\/activan-7-centros-para-recibir-arbolitos-navidenos-en-merida\/#primaryimage","url":"https:\/\/reporteroshoy.mx\/noticias\/wp-content\/uploads\/2021\/01\/ACOPIO-ARBOLES-2.jpeg","contentUrl":"https:\/\/reporteroshoy.mx\/noticias\/wp-content\/uploads\/2021\/01\/ACOPIO-ARBOLES-2.jpeg","width":768,"height":512},{"@type":"BreadcrumbList","@id":"https:\/\/reporteroshoy.mx\/noticias\/activan-7-centros-para-recibir-arbolitos-navidenos-en-merida\/#breadcrumb","itemListElement":[{"@type":"ListItem","position":1,"name":"Portada","item":"https:\/\/reporteroshoy.mx\/noticias\/"},{"@type":"ListItem","position":2,"name":"Activan 7 centros para recibir arbolitos navide\u00f1os en M\u00e9rida"}]},{"@type":"WebSite","@id":"https:\/\/reporteroshoy.mx\/noticias\/#website","url":"https:\/\/reporteroshoy.mx\/noticias\/","name":"Reporteros Hoy | Noticias de Yucat\u00e1n","description":"Peri\u00f3dico digital con noticias diarias desde M\u00e9rida, Yucat\u00e1n para el mundo.","potentialAction":[{"@type":"SearchAction","target":{"@type":"EntryPoint","urlTemplate":"https:\/\/reporteroshoy.mx\/noticias\/?s={search_term_string}"},"query-input":{"@type":"PropertyValueSpecification","valueRequired":true,"valueName":"search_term_string"}}],"inLanguage":"es"},{"@type":"Person","@id":"https:\/\/reporteroshoy.mx\/noticias\/#\/schema\/person\/948520f0d88b01be2e5266bc4acbbc15","name":"Reporteros Hoy IM","image":{"@type":"ImageObject","inLanguage":"es","@id":"https:\/\/secure.gravatar.com\/avatar\/d843030b96552826ac048bdfe26f2895604b800ed0c880ee55765a74d95dfc65?s=96&d=mm&r=g","url":"https:\/\/secure.gravatar.com\/avatar\/d843030b96552826ac048bdfe26f2895604b800ed0c880ee55765a74d95dfc65?s=96&d=mm&r=g","contentUrl":"https:\/\/secure.gravatar.com\/avatar\/d843030b96552826ac048bdfe26f2895604b800ed0c880ee55765a74d95dfc65?s=96&d=mm&r=g","caption":"Reporteros Hoy IM"},"url":"https:\/\/reporteroshoy.mx\/noticias\/author\/israel\/"}]}},"_links":{"self":[{"href":"https:\/\/reporteroshoy.mx\/noticias\/wp-json\/wp\/v2\/posts\/54102","targetHints":{"allow":["GET"]}}],"collection":[{"href":"https:\/\/reporteroshoy.mx\/noticias\/wp-json\/wp\/v2\/posts"}],"about":[{"href":"https:\/\/reporteroshoy.mx\/noticias\/wp-json\/wp\/v2\/types\/post"}],"author":[{"embeddable":true,"href":"https:\/\/reporteroshoy.mx\/noticias\/wp-json\/wp\/v2\/users\/5"}],"replies":[{"embeddable":true,"href":"https:\/\/reporteroshoy.mx\/noticias\/wp-json\/wp\/v2\/comments?post=54102"}],"version-history":[{"count":0,"href":"https:\/\/reporteroshoy.mx\/noticias\/wp-json\/wp\/v2\/posts\/54102\/revisions"}],"wp:featuredmedia":[{"embeddable":true,"href":"https:\/\/reporteroshoy.mx\/noticias\/wp-json\/wp\/v2\/media\/54104"}],"wp:attachment":[{"href":"https:\/\/reporteroshoy.mx\/noticias\/wp-json\/wp\/v2\/media?parent=54102"}],"wp:term":[{"taxonomy":"category","embeddable":true,"href":"https:\/\/reporteroshoy.mx\/noticias\/wp-json\/wp\/v2\/categories?post=54102"},{"taxonomy":"post_tag","embeddable":true,"href":"https:\/\/reporteroshoy.mx\/noticias\/wp-json\/wp\/v2\/tags?post=54102"}],"curies":[{"name":"wp","href":"https:\/\/api.w.org\/{rel}","templated":true}]}}