{"id":54194,"date":"2021-01-07T20:00:20","date_gmt":"2021-01-08T02:00:20","guid":{"rendered":"https:\/\/reporteroshoy.mx\/noticias\/?p=54194"},"modified":"2021-01-09T08:20:19","modified_gmt":"2021-01-09T14:20:19","slug":"foros-independientes-abren-sus-puertas","status":"publish","type":"post","link":"https:\/\/reporteroshoy.mx\/noticias\/foros-independientes-abren-sus-puertas\/","title":{"rendered":"Foros independientes abren sus puertas"},"content":{"rendered":"<p style=\"text-align: justify;\"><span style=\"color: #000000;\">M\u00e9rida, Yucat\u00e1n, 7 de enero de 2021.- El M\u00e9rida Fest 2021 abre un nuevo momento para que la comunidad art\u00edstica regrese a los escenarios, cuidando protocolos de seguridad y aforos controlados, luego de diez meses de no poder compartir arte y cultura de manera presencial. Ser\u00e1 la poes\u00eda, m\u00fasica, teatro y danza que llegar\u00e1 a cinco foros independientes que forman parte de las sedes del festival de la ciudad.<\/span><\/p>\n<p style=\"text-align: justify;\"><span style=\"color: #000000;\">Teatro Casa Tanicho abrir\u00e1 con \u201cTertulia a raudales\u201d con la actriz Analie G\u00f3mez, Alcib\u00edades Zald\u00edvar y el m\u00fasico L\u00e1zaro Gonz\u00e1lez, el domingo 10 de enero a las 8 de la noche. Los protagonistas compartieron durante una rueda de prensa virtual, que el proyecto surge del trabajo solidario que realizan como profesores, y el deseo de unir sus talentos.<\/span><\/p>\n<p><span style=\"color: #000000;\"><img loading=\"lazy\" decoding=\"async\" class=\"wp-image-54187 aligncenter\" src=\"https:\/\/reporteroshoy.mx\/noticias\/wp-content\/uploads\/2021\/01\/MERIDA-FEST-070121-1.jpg\" alt=\"\" width=\"599\" height=\"599\" \/><\/span><\/p>\n<p style=\"text-align: justify;\"><span style=\"color: #000000;\">Se escuchar\u00e1n poemas y canciones que nacieron desde el confinamiento, el deseo de dar un paso adelante en medio del caos, emprender cosas positivas.<\/span><\/p>\n<p style=\"text-align: justify;\"><span style=\"color: #000000;\">Esta complicidad se reflejar\u00e1 en escena, en un ambiente \u00edntimo, familiar y divertido, compartieron.<\/span><\/p>\n<p style=\"text-align: justify;\"><span style=\"color: #000000;\">El actor Teo Flores agradeci\u00f3 la oportunidad que se da a los espacios alternativos para el regreso de los artistas. Este ser\u00e1 el primer evento presencial que se realiza en Teatro Casa Tanicho desde la pandemia y el primero del a\u00f1o que se realiza en la terraza del espacio y al aire libre.<\/span><\/p>\n<p style=\"text-align: justify;\"><span style=\"color: #000000;\">Debido a las dimensiones del foro y atendiendo los protocolos de seguridad, a la funci\u00f3n s\u00f3lo podr\u00e1n asistir 22 personas. Las reservaciones se solicitan al tel\u00e9fono 9991-871850 o en la p\u00e1gina de Facebook de Teatro Casa Tanicho.<\/span><\/p>\n<p style=\"text-align: justify;\"><span style=\"color: #000000;\">El foro Fuera de Centro abrir\u00e1 sus puertas con la Videodanza y Conversatorio \u201cBolero de Ravel. Oda la vida\u201d con la bailarina y core\u00f3grafa Tatiana Zugazagoitia. Comparti\u00f3 que fue el encierro y el seguir vi\u00e9ndose a trav\u00e9s de la virtualidad a partir de la pandemia lo que la llev\u00f3 a crear esta videodanza. Para ello conjunt\u00f3 a un equipo de 16 bailarines de diferentes \u00e1reas de la danza para trabajar la pieza de video.<\/span><\/p>\n<p style=\"text-align: justify;\"><span style=\"color: #000000;\">\u201cOda la vida\u201d, fue todo un reto para representar el que estamos vivos y que juntos tenemos la energ\u00eda para continuar y seguir trabajando, agreg\u00f3.<\/span><\/p>\n<p style=\"text-align: justify;\"><span style=\"color: #000000;\">Destac\u00f3 los esfuerzos que ha emprendido el Ayuntamiento de M\u00e9rida con una programaci\u00f3n h\u00edbrida, que contempla eventos virtuales y presenciales.<\/span><\/p>\n<p style=\"text-align: justify;\"><span style=\"color: #000000;\">Las funciones se ofrecer\u00e1n el 14, 15 y 16 de enero en Fuera de Centro (ubicado en la colonia Itzimn\u00e1), cada d\u00eda se proyectar\u00e1 dos veces el video (19:30 y 20:00 horas), que podr\u00e1n disfrutar 10 personas por funci\u00f3n y al final, se ofrecer\u00e1 un conversatorio en el que se abordar\u00e1 el proceso de creaci\u00f3n de la obra y el regalo que fue esta danza para los participantes. Se contar\u00e1 con todos los protocolos de seguridad.<\/span><\/p>\n<p style=\"text-align: justify;\"><span style=\"color: #000000;\">Las reservaciones se reciben al tel\u00e9fono 9999-003764 y por Inbox en la p\u00e1gina de Facebook Fuera de Centro.<\/span><\/p>\n<p style=\"text-align: justify;\"><span style=\"color: #000000;\">La Subdirectora de Innovaci\u00f3n Cultural, Paola Guzm\u00e1n Arg\u00e1ez, expuso que durante el M\u00e9rida Fest se realizar\u00e1n eventos presenciales en cinco foros independientes, como La Rendija con la obra \u201cTu cuerpo partido\u201d y Murmurante Teatro con los documentales \u201cLas huellas del silencio\u201d, \u201cLos bordes del abismo\u201d y \u201cEl viaje inm\u00f3vil\u201d. De igual forma el Centro Cultural del Sur ceder\u00e1 su espacio Tapanco Centro Cultural con la puesta en escena \u201cTsikbal \/ Rebeli\u00f3n y Resistencia del pueblo Maya\u00bb del Colectivo El S\u00f3tano.<\/span><\/p>\n<p style=\"text-align: justify;\"><span style=\"color: #000000;\">En todos los espacios se manejar\u00e1n aforos controlados, medidas sanitarias que garanticen la salud de los asistentes.<\/span><\/p>\n<p style=\"text-align: justify;\"><span style=\"color: #000000;\">El M\u00e9rida Fest 2021 contempla m\u00e1s de 200 eventos de diferentes disciplinas art\u00edsticas, que se podr\u00e1n disfrutar hasta el 24 de enero.<\/span><\/p>\n","protected":false},"excerpt":{"rendered":"<p>Son para proyectos de danza, teatro y poes\u00eda en el M\u00e9rida Fest 2021. <\/p>\n","protected":false},"author":5,"featured_media":0,"comment_status":"open","ping_status":"closed","sticky":false,"template":"","format":"standard","meta":{"footnotes":""},"categories":[7],"tags":[2622,15693,15066],"class_list":["post-54194","post","type-post","status-publish","format-standard","hentry","category-gobierno","tag-cultura","tag-foros-independientes","tag-merida-fest-2021"],"yoast_head":"<!-- This site is optimized with the Yoast SEO plugin v28.4 - https:\/\/yoast.com\/product\/yoast-seo-wordpress\/ -->\n<title>Foros independientes abren sus puertas<\/title>\n<meta name=\"description\" content=\"Son para proyectos de danza, teatro y poes\u00eda en el M\u00e9rida Fest 2021.\" \/>\n<meta name=\"robots\" content=\"index, follow, max-snippet:-1, max-image-preview:large, max-video-preview:-1\" \/>\n<link rel=\"canonical\" href=\"https:\/\/reporteroshoy.mx\/noticias\/foros-independientes-abren-sus-puertas\/\" \/>\n<meta property=\"og:locale\" content=\"es_ES\" \/>\n<meta property=\"og:type\" content=\"article\" \/>\n<meta property=\"og:title\" content=\"Foros independientes abren sus puertas\" \/>\n<meta property=\"og:description\" content=\"Son para proyectos de danza, teatro y poes\u00eda en el M\u00e9rida Fest 2021.\" \/>\n<meta property=\"og:url\" content=\"https:\/\/reporteroshoy.mx\/noticias\/foros-independientes-abren-sus-puertas\/\" \/>\n<meta property=\"og:site_name\" content=\"Reporteros Hoy | Noticias de Yucat\u00e1n\" \/>\n<meta property=\"article:publisher\" content=\"http:\/\/www.facebook.com\/reporteroshoymx\" \/>\n<meta property=\"article:published_time\" content=\"2021-01-08T02:00:20+00:00\" \/>\n<meta property=\"article:modified_time\" content=\"2021-01-09T14:20:19+00:00\" \/>\n<meta property=\"og:image\" content=\"https:\/\/reporteroshoy.mx\/noticias\/wp-content\/uploads\/2021\/01\/MERIDA-FEST-070121-2.jpg\" \/>\n\t<meta property=\"og:image:width\" content=\"768\" \/>\n\t<meta property=\"og:image:height\" content=\"414\" \/>\n\t<meta property=\"og:image:type\" content=\"image\/jpeg\" \/>\n<meta name=\"author\" content=\"Reporteros Hoy IM\" \/>\n<meta name=\"twitter:card\" content=\"summary_large_image\" \/>\n<meta name=\"twitter:creator\" content=\"@reporteroshoy\" \/>\n<meta name=\"twitter:site\" content=\"@reporteroshoy\" \/>\n<meta name=\"twitter:label1\" content=\"Escrito por\" \/>\n\t<meta name=\"twitter:data1\" content=\"Reporteros Hoy IM\" \/>\n\t<meta name=\"twitter:label2\" content=\"Tiempo de lectura\" \/>\n\t<meta name=\"twitter:data2\" content=\"3 minutos\" \/>\n<script type=\"application\/ld+json\" class=\"yoast-schema-graph\">{\"@context\":\"https:\\\/\\\/schema.org\",\"@graph\":[{\"@type\":\"Article\",\"@id\":\"https:\\\/\\\/reporteroshoy.mx\\\/noticias\\\/foros-independientes-abren-sus-puertas\\\/#article\",\"isPartOf\":{\"@id\":\"https:\\\/\\\/reporteroshoy.mx\\\/noticias\\\/foros-independientes-abren-sus-puertas\\\/\"},\"author\":{\"name\":\"Reporteros Hoy IM\",\"@id\":\"https:\\\/\\\/reporteroshoy.mx\\\/noticias\\\/#\\\/schema\\\/person\\\/948520f0d88b01be2e5266bc4acbbc15\"},\"headline\":\"Foros independientes abren sus puertas\",\"datePublished\":\"2021-01-08T02:00:20+00:00\",\"dateModified\":\"2021-01-09T14:20:19+00:00\",\"mainEntityOfPage\":{\"@id\":\"https:\\\/\\\/reporteroshoy.mx\\\/noticias\\\/foros-independientes-abren-sus-puertas\\\/\"},\"wordCount\":622,\"commentCount\":0,\"image\":{\"@id\":\"https:\\\/\\\/reporteroshoy.mx\\\/noticias\\\/foros-independientes-abren-sus-puertas\\\/#primaryimage\"},\"thumbnailUrl\":\"https:\\\/\\\/reporteroshoy.mx\\\/noticias\\\/wp-content\\\/uploads\\\/2021\\\/01\\\/MERIDA-FEST-070121-1.jpg\",\"keywords\":[\"Cultura\",\"Foros independientes\",\"M\u00e9rida Fest 2021\"],\"articleSection\":[\"Gobierno\"],\"inLanguage\":\"es\",\"potentialAction\":[{\"@type\":\"CommentAction\",\"name\":\"Comment\",\"target\":[\"https:\\\/\\\/reporteroshoy.mx\\\/noticias\\\/foros-independientes-abren-sus-puertas\\\/#respond\"]}]},{\"@type\":\"WebPage\",\"@id\":\"https:\\\/\\\/reporteroshoy.mx\\\/noticias\\\/foros-independientes-abren-sus-puertas\\\/\",\"url\":\"https:\\\/\\\/reporteroshoy.mx\\\/noticias\\\/foros-independientes-abren-sus-puertas\\\/\",\"name\":\"Foros independientes abren sus puertas\",\"isPartOf\":{\"@id\":\"https:\\\/\\\/reporteroshoy.mx\\\/noticias\\\/#website\"},\"primaryImageOfPage\":{\"@id\":\"https:\\\/\\\/reporteroshoy.mx\\\/noticias\\\/foros-independientes-abren-sus-puertas\\\/#primaryimage\"},\"image\":{\"@id\":\"https:\\\/\\\/reporteroshoy.mx\\\/noticias\\\/foros-independientes-abren-sus-puertas\\\/#primaryimage\"},\"thumbnailUrl\":\"https:\\\/\\\/reporteroshoy.mx\\\/noticias\\\/wp-content\\\/uploads\\\/2021\\\/01\\\/MERIDA-FEST-070121-1.jpg\",\"datePublished\":\"2021-01-08T02:00:20+00:00\",\"dateModified\":\"2021-01-09T14:20:19+00:00\",\"author\":{\"@id\":\"https:\\\/\\\/reporteroshoy.mx\\\/noticias\\\/#\\\/schema\\\/person\\\/948520f0d88b01be2e5266bc4acbbc15\"},\"description\":\"Son para proyectos de danza, teatro y poes\u00eda en el M\u00e9rida Fest 2021.\",\"breadcrumb\":{\"@id\":\"https:\\\/\\\/reporteroshoy.mx\\\/noticias\\\/foros-independientes-abren-sus-puertas\\\/#breadcrumb\"},\"inLanguage\":\"es\",\"potentialAction\":[{\"@type\":\"ReadAction\",\"target\":[\"https:\\\/\\\/reporteroshoy.mx\\\/noticias\\\/foros-independientes-abren-sus-puertas\\\/\"]}]},{\"@type\":\"ImageObject\",\"inLanguage\":\"es\",\"@id\":\"https:\\\/\\\/reporteroshoy.mx\\\/noticias\\\/foros-independientes-abren-sus-puertas\\\/#primaryimage\",\"url\":\"https:\\\/\\\/reporteroshoy.mx\\\/noticias\\\/wp-content\\\/uploads\\\/2021\\\/01\\\/MERIDA-FEST-070121-1.jpg\",\"contentUrl\":\"https:\\\/\\\/reporteroshoy.mx\\\/noticias\\\/wp-content\\\/uploads\\\/2021\\\/01\\\/MERIDA-FEST-070121-1.jpg\",\"width\":768,\"height\":768},{\"@type\":\"BreadcrumbList\",\"@id\":\"https:\\\/\\\/reporteroshoy.mx\\\/noticias\\\/foros-independientes-abren-sus-puertas\\\/#breadcrumb\",\"itemListElement\":[{\"@type\":\"ListItem\",\"position\":1,\"name\":\"Portada\",\"item\":\"https:\\\/\\\/reporteroshoy.mx\\\/noticias\\\/\"},{\"@type\":\"ListItem\",\"position\":2,\"name\":\"Foros independientes abren sus puertas\"}]},{\"@type\":\"WebSite\",\"@id\":\"https:\\\/\\\/reporteroshoy.mx\\\/noticias\\\/#website\",\"url\":\"https:\\\/\\\/reporteroshoy.mx\\\/noticias\\\/\",\"name\":\"Reporteros Hoy | Noticias de Yucat\u00e1n\",\"description\":\"Peri\u00f3dico digital con noticias diarias desde M\u00e9rida, Yucat\u00e1n para el mundo.\",\"potentialAction\":[{\"@type\":\"SearchAction\",\"target\":{\"@type\":\"EntryPoint\",\"urlTemplate\":\"https:\\\/\\\/reporteroshoy.mx\\\/noticias\\\/?s={search_term_string}\"},\"query-input\":{\"@type\":\"PropertyValueSpecification\",\"valueRequired\":true,\"valueName\":\"search_term_string\"}}],\"inLanguage\":\"es\"},{\"@type\":\"Person\",\"@id\":\"https:\\\/\\\/reporteroshoy.mx\\\/noticias\\\/#\\\/schema\\\/person\\\/948520f0d88b01be2e5266bc4acbbc15\",\"name\":\"Reporteros Hoy IM\",\"image\":{\"@type\":\"ImageObject\",\"inLanguage\":\"es\",\"@id\":\"https:\\\/\\\/secure.gravatar.com\\\/avatar\\\/d843030b96552826ac048bdfe26f2895604b800ed0c880ee55765a74d95dfc65?s=96&d=mm&r=g\",\"url\":\"https:\\\/\\\/secure.gravatar.com\\\/avatar\\\/d843030b96552826ac048bdfe26f2895604b800ed0c880ee55765a74d95dfc65?s=96&d=mm&r=g\",\"contentUrl\":\"https:\\\/\\\/secure.gravatar.com\\\/avatar\\\/d843030b96552826ac048bdfe26f2895604b800ed0c880ee55765a74d95dfc65?s=96&d=mm&r=g\",\"caption\":\"Reporteros Hoy IM\"},\"url\":\"https:\\\/\\\/reporteroshoy.mx\\\/noticias\\\/author\\\/israel\\\/\"}]}<\/script>\n<!-- \/ Yoast SEO plugin. -->","yoast_head_json":{"title":"Foros independientes abren sus puertas","description":"Son para proyectos de danza, teatro y poes\u00eda en el M\u00e9rida Fest 2021.","robots":{"index":"index","follow":"follow","max-snippet":"max-snippet:-1","max-image-preview":"max-image-preview:large","max-video-preview":"max-video-preview:-1"},"canonical":"https:\/\/reporteroshoy.mx\/noticias\/foros-independientes-abren-sus-puertas\/","og_locale":"es_ES","og_type":"article","og_title":"Foros independientes abren sus puertas","og_description":"Son para proyectos de danza, teatro y poes\u00eda en el M\u00e9rida Fest 2021.","og_url":"https:\/\/reporteroshoy.mx\/noticias\/foros-independientes-abren-sus-puertas\/","og_site_name":"Reporteros Hoy | Noticias de Yucat\u00e1n","article_publisher":"http:\/\/www.facebook.com\/reporteroshoymx","article_published_time":"2021-01-08T02:00:20+00:00","article_modified_time":"2021-01-09T14:20:19+00:00","og_image":[{"width":768,"height":414,"url":"https:\/\/reporteroshoy.mx\/noticias\/wp-content\/uploads\/2021\/01\/MERIDA-FEST-070121-2.jpg","type":"image\/jpeg"}],"author":"Reporteros Hoy IM","twitter_card":"summary_large_image","twitter_creator":"@reporteroshoy","twitter_site":"@reporteroshoy","twitter_misc":{"Escrito por":"Reporteros Hoy IM","Tiempo de lectura":"3 minutos"},"schema":{"@context":"https:\/\/schema.org","@graph":[{"@type":"Article","@id":"https:\/\/reporteroshoy.mx\/noticias\/foros-independientes-abren-sus-puertas\/#article","isPartOf":{"@id":"https:\/\/reporteroshoy.mx\/noticias\/foros-independientes-abren-sus-puertas\/"},"author":{"name":"Reporteros Hoy IM","@id":"https:\/\/reporteroshoy.mx\/noticias\/#\/schema\/person\/948520f0d88b01be2e5266bc4acbbc15"},"headline":"Foros independientes abren sus puertas","datePublished":"2021-01-08T02:00:20+00:00","dateModified":"2021-01-09T14:20:19+00:00","mainEntityOfPage":{"@id":"https:\/\/reporteroshoy.mx\/noticias\/foros-independientes-abren-sus-puertas\/"},"wordCount":622,"commentCount":0,"image":{"@id":"https:\/\/reporteroshoy.mx\/noticias\/foros-independientes-abren-sus-puertas\/#primaryimage"},"thumbnailUrl":"https:\/\/reporteroshoy.mx\/noticias\/wp-content\/uploads\/2021\/01\/MERIDA-FEST-070121-1.jpg","keywords":["Cultura","Foros independientes","M\u00e9rida Fest 2021"],"articleSection":["Gobierno"],"inLanguage":"es","potentialAction":[{"@type":"CommentAction","name":"Comment","target":["https:\/\/reporteroshoy.mx\/noticias\/foros-independientes-abren-sus-puertas\/#respond"]}]},{"@type":"WebPage","@id":"https:\/\/reporteroshoy.mx\/noticias\/foros-independientes-abren-sus-puertas\/","url":"https:\/\/reporteroshoy.mx\/noticias\/foros-independientes-abren-sus-puertas\/","name":"Foros independientes abren sus puertas","isPartOf":{"@id":"https:\/\/reporteroshoy.mx\/noticias\/#website"},"primaryImageOfPage":{"@id":"https:\/\/reporteroshoy.mx\/noticias\/foros-independientes-abren-sus-puertas\/#primaryimage"},"image":{"@id":"https:\/\/reporteroshoy.mx\/noticias\/foros-independientes-abren-sus-puertas\/#primaryimage"},"thumbnailUrl":"https:\/\/reporteroshoy.mx\/noticias\/wp-content\/uploads\/2021\/01\/MERIDA-FEST-070121-1.jpg","datePublished":"2021-01-08T02:00:20+00:00","dateModified":"2021-01-09T14:20:19+00:00","author":{"@id":"https:\/\/reporteroshoy.mx\/noticias\/#\/schema\/person\/948520f0d88b01be2e5266bc4acbbc15"},"description":"Son para proyectos de danza, teatro y poes\u00eda en el M\u00e9rida Fest 2021.","breadcrumb":{"@id":"https:\/\/reporteroshoy.mx\/noticias\/foros-independientes-abren-sus-puertas\/#breadcrumb"},"inLanguage":"es","potentialAction":[{"@type":"ReadAction","target":["https:\/\/reporteroshoy.mx\/noticias\/foros-independientes-abren-sus-puertas\/"]}]},{"@type":"ImageObject","inLanguage":"es","@id":"https:\/\/reporteroshoy.mx\/noticias\/foros-independientes-abren-sus-puertas\/#primaryimage","url":"https:\/\/reporteroshoy.mx\/noticias\/wp-content\/uploads\/2021\/01\/MERIDA-FEST-070121-1.jpg","contentUrl":"https:\/\/reporteroshoy.mx\/noticias\/wp-content\/uploads\/2021\/01\/MERIDA-FEST-070121-1.jpg","width":768,"height":768},{"@type":"BreadcrumbList","@id":"https:\/\/reporteroshoy.mx\/noticias\/foros-independientes-abren-sus-puertas\/#breadcrumb","itemListElement":[{"@type":"ListItem","position":1,"name":"Portada","item":"https:\/\/reporteroshoy.mx\/noticias\/"},{"@type":"ListItem","position":2,"name":"Foros independientes abren sus puertas"}]},{"@type":"WebSite","@id":"https:\/\/reporteroshoy.mx\/noticias\/#website","url":"https:\/\/reporteroshoy.mx\/noticias\/","name":"Reporteros Hoy | Noticias de Yucat\u00e1n","description":"Peri\u00f3dico digital con noticias diarias desde M\u00e9rida, Yucat\u00e1n para el mundo.","potentialAction":[{"@type":"SearchAction","target":{"@type":"EntryPoint","urlTemplate":"https:\/\/reporteroshoy.mx\/noticias\/?s={search_term_string}"},"query-input":{"@type":"PropertyValueSpecification","valueRequired":true,"valueName":"search_term_string"}}],"inLanguage":"es"},{"@type":"Person","@id":"https:\/\/reporteroshoy.mx\/noticias\/#\/schema\/person\/948520f0d88b01be2e5266bc4acbbc15","name":"Reporteros Hoy IM","image":{"@type":"ImageObject","inLanguage":"es","@id":"https:\/\/secure.gravatar.com\/avatar\/d843030b96552826ac048bdfe26f2895604b800ed0c880ee55765a74d95dfc65?s=96&d=mm&r=g","url":"https:\/\/secure.gravatar.com\/avatar\/d843030b96552826ac048bdfe26f2895604b800ed0c880ee55765a74d95dfc65?s=96&d=mm&r=g","contentUrl":"https:\/\/secure.gravatar.com\/avatar\/d843030b96552826ac048bdfe26f2895604b800ed0c880ee55765a74d95dfc65?s=96&d=mm&r=g","caption":"Reporteros Hoy IM"},"url":"https:\/\/reporteroshoy.mx\/noticias\/author\/israel\/"}]}},"_links":{"self":[{"href":"https:\/\/reporteroshoy.mx\/noticias\/wp-json\/wp\/v2\/posts\/54194","targetHints":{"allow":["GET"]}}],"collection":[{"href":"https:\/\/reporteroshoy.mx\/noticias\/wp-json\/wp\/v2\/posts"}],"about":[{"href":"https:\/\/reporteroshoy.mx\/noticias\/wp-json\/wp\/v2\/types\/post"}],"author":[{"embeddable":true,"href":"https:\/\/reporteroshoy.mx\/noticias\/wp-json\/wp\/v2\/users\/5"}],"replies":[{"embeddable":true,"href":"https:\/\/reporteroshoy.mx\/noticias\/wp-json\/wp\/v2\/comments?post=54194"}],"version-history":[{"count":0,"href":"https:\/\/reporteroshoy.mx\/noticias\/wp-json\/wp\/v2\/posts\/54194\/revisions"}],"wp:attachment":[{"href":"https:\/\/reporteroshoy.mx\/noticias\/wp-json\/wp\/v2\/media?parent=54194"}],"wp:term":[{"taxonomy":"category","embeddable":true,"href":"https:\/\/reporteroshoy.mx\/noticias\/wp-json\/wp\/v2\/categories?post=54194"},{"taxonomy":"post_tag","embeddable":true,"href":"https:\/\/reporteroshoy.mx\/noticias\/wp-json\/wp\/v2\/tags?post=54194"}],"curies":[{"name":"wp","href":"https:\/\/api.w.org\/{rel}","templated":true}]}}