{"id":54258,"date":"2021-01-08T21:00:27","date_gmt":"2021-01-09T03:00:27","guid":{"rendered":"https:\/\/reporteroshoy.mx\/noticias\/?p=54258"},"modified":"2021-01-09T08:10:58","modified_gmt":"2021-01-09T14:10:58","slug":"nuevo-videomapping-se-suma-a-la-oferta-del-merida-fest-2021","status":"publish","type":"post","link":"https:\/\/reporteroshoy.mx\/noticias\/nuevo-videomapping-se-suma-a-la-oferta-del-merida-fest-2021\/","title":{"rendered":"Nuevo videomapping se suma a la oferta del M\u00e9rida Fest 2021"},"content":{"rendered":"<p style=\"text-align: justify;\"><span style=\"color: #000000;\">M\u00e9rida, Yucat\u00e1n; 8 de enero de 2021.- Ciencia y arte se fusionan y cobran vida en el videomapping \u201cEl jard\u00edn secreto\u201d, que se suma a la oferta cultural de M\u00e9rida para crear conciencia sobre la naturaleza y se proyectar\u00e1 en la fachada del Museo Regional de Antropolog\u00eda Palacio Cant\u00f3n, frente al Paseo de Montejo.<\/span><\/p>\n<p style=\"text-align: justify;\"><span style=\"color: #000000;\">La proyecci\u00f3n se enmarca en los festejos del M\u00e9rida Fest \u201cLa trova va, una fiesta responsable\u201d y se podr\u00e1 disfrutar los viernes 15, 22 y 29 de enero, de 19:00 a 20:00 horas. Esta noche se realiz\u00f3 una primera proyecci\u00f3n.<\/span><\/p>\n<p><span style=\"color: #000000;\"><img loading=\"lazy\" decoding=\"async\" class=\"wp-image-54263 aligncenter\" src=\"https:\/\/reporteroshoy.mx\/noticias\/wp-content\/uploads\/2021\/01\/MERIDA-FEST-2021_JARDIN-2.jpeg\" alt=\"\" width=\"650\" height=\"486\" \/><\/span><\/p>\n<p style=\"text-align: justify;\"><span style=\"color: #000000;\">Esta nueva propuesta de luz parte del proyecto \u201cLa inteligencia de las flores\u201d, una exposici\u00f3n de 20 piezas elaboradas bajo la t\u00e9cnica de fotograf\u00eda con microscopio electr\u00f3nico de barrido de la investigadora Silvia Andrade Canto, quien destaca que se trata de un proyecto innovador en el que se podr\u00e1 admirar la belleza de la flora y fauna end\u00e9mica de Yucat\u00e1n.<\/span><\/p>\n<p style=\"text-align: justify;\"><span style=\"color: #000000;\">El videmapping fue creado por el artista visual Josu\u00e9 Abraham, que forma parte de su equipo. Para lograr la proyecci\u00f3n se emplearon tres proyectores.<\/span><\/p>\n<p style=\"text-align: justify;\"><span style=\"color: #000000;\">La presentaci\u00f3n incluye sonidos org\u00e1nicos\u00a0 que se adaptan a las im\u00e1genes proyectadas de las flores e insectos de la entidad, como son una abeja melipona, una ara\u00f1a panadera trepando por los muros del museo, y un escarabajo, entre otros.<\/span><\/p>\n<p><span style=\"color: #000000;\"><img loading=\"lazy\" decoding=\"async\" class=\"wp-image-54262 aligncenter\" src=\"https:\/\/reporteroshoy.mx\/noticias\/wp-content\/uploads\/2021\/01\/MERIDA-FEST-2021_JARDIN-3.jpeg\" alt=\"\" width=\"638\" height=\"477\" \/><\/span><\/p>\n<p style=\"text-align: justify;\"><span style=\"color: #000000;\">En la proyecci\u00f3n tambi\u00e9n se ver\u00e1n im\u00e1genes de la flor conocida como \u201cNube\u201d y granos de polen. \u201cLo extraordinario ser\u00e1n las combinaciones que se proyectar\u00e1n sobre el edificio\u00a0 que muestran la belleza natural que tenemos a nuestro alrededor\u201d.<\/span><\/p>\n<p style=\"text-align: justify;\"><span style=\"color: #000000;\">Silvia agrega que es un proyecto alucinante y asombroso, ya que hay pocas im\u00e1genes realizadas con este tipo de t\u00e9cnica de microscopio y videomapping sobre el tema.<\/span><\/p>\n<p><span style=\"color: #000000;\"><img loading=\"lazy\" decoding=\"async\" class=\"wp-image-54261 aligncenter\" src=\"https:\/\/reporteroshoy.mx\/noticias\/wp-content\/uploads\/2021\/01\/MERIDA-FEST-2021_JARDIN-4.jpeg\" alt=\"\" width=\"641\" height=\"360\" \/><\/span><\/p>\n<p style=\"text-align: justify;\"><span style=\"color: #000000;\">Destac\u00f3 el trabajo en equipo que se hizo posible gracias a la idea del Arq. Rafael Lara y\u00a0 agradeci\u00f3 el apoyo del curador Bernardo Sarvide, director del Museo Palacio Cant\u00f3n, as\u00ed como el de instituciones como el CICY,\u00a0 la SEDECULTA Yucat\u00e1n, a trav\u00e9s de la convocatoria \u201cQue nazca la tierra\u201d donde inscribi\u00f3 el proyecto de fotograf\u00eda, el INAH, y el Ayuntamiento de M\u00e9rida, quien otorg\u00f3 en pr\u00e9stamo los tres proyectos para lograr el videomapping.<\/span><\/p>\n<p style=\"text-align: justify;\"><span style=\"color: #000000;\">Silvia Andrade invit\u00f3 a al comunidad a disfrutar este espect\u00e1culo de luz, conservando los protocolos de seguridad y sana distancia impuestos por las autoridades debido a la pandemia, y reflexionar sobre la naturaleza y la importancia que tienen quienes forman parte de ella.<\/span><\/p>\n","protected":false},"excerpt":{"rendered":"<p>\u201cEl jard\u00edn secreto\u201d, para crear conciencia sobre la naturaleza.<\/p>\n","protected":false},"author":5,"featured_media":54263,"comment_status":"open","ping_status":"closed","sticky":false,"template":"","format":"standard","meta":{"footnotes":""},"categories":[7],"tags":[24,2622,15066],"class_list":["post-54258","post","type-post","status-publish","format-standard","has-post-thumbnail","hentry","category-gobierno","tag-ayuntamiento-de-merida","tag-cultura","tag-merida-fest-2021"],"yoast_head":"<!-- This site is optimized with the Yoast SEO plugin v28.4 - https:\/\/yoast.com\/product\/yoast-seo-wordpress\/ -->\n<title>Nuevo videomapping se suma a la oferta del M\u00e9rida Fest 2021<\/title>\n<meta name=\"description\" content=\"\u201cEl jard\u00edn secreto\u201d, para crear conciencia sobre la naturaleza.\" \/>\n<meta name=\"robots\" content=\"index, follow, max-snippet:-1, max-image-preview:large, max-video-preview:-1\" \/>\n<link rel=\"canonical\" href=\"https:\/\/reporteroshoy.mx\/noticias\/nuevo-videomapping-se-suma-a-la-oferta-del-merida-fest-2021\/\" \/>\n<meta property=\"og:locale\" content=\"es_ES\" \/>\n<meta property=\"og:type\" content=\"article\" \/>\n<meta property=\"og:title\" content=\"Nuevo videomapping se suma a la oferta del M\u00e9rida Fest 2021\" \/>\n<meta property=\"og:description\" content=\"\u201cEl jard\u00edn secreto\u201d, para crear conciencia sobre la naturaleza.\" \/>\n<meta property=\"og:url\" content=\"https:\/\/reporteroshoy.mx\/noticias\/nuevo-videomapping-se-suma-a-la-oferta-del-merida-fest-2021\/\" \/>\n<meta property=\"og:site_name\" content=\"Reporteros Hoy | Noticias de Yucat\u00e1n\" \/>\n<meta property=\"article:publisher\" content=\"http:\/\/www.facebook.com\/reporteroshoymx\" \/>\n<meta property=\"article:published_time\" content=\"2021-01-09T03:00:27+00:00\" \/>\n<meta property=\"article:modified_time\" content=\"2021-01-09T14:10:58+00:00\" \/>\n<meta property=\"og:image\" content=\"https:\/\/reporteroshoy.mx\/noticias\/wp-content\/uploads\/2021\/01\/MERIDA-FEST-2021_JARDIN-2.jpeg\" \/>\n\t<meta property=\"og:image:width\" content=\"768\" \/>\n\t<meta property=\"og:image:height\" content=\"574\" \/>\n\t<meta property=\"og:image:type\" content=\"image\/jpeg\" \/>\n<meta name=\"author\" content=\"Reporteros Hoy IM\" \/>\n<meta name=\"twitter:card\" content=\"summary_large_image\" \/>\n<meta name=\"twitter:creator\" content=\"@reporteroshoy\" \/>\n<meta name=\"twitter:site\" content=\"@reporteroshoy\" \/>\n<meta name=\"twitter:label1\" content=\"Escrito por\" \/>\n\t<meta name=\"twitter:data1\" content=\"Reporteros Hoy IM\" \/>\n\t<meta name=\"twitter:label2\" content=\"Tiempo de lectura\" \/>\n\t<meta name=\"twitter:data2\" content=\"2 minutos\" \/>\n<script type=\"application\/ld+json\" class=\"yoast-schema-graph\">{\"@context\":\"https:\\\/\\\/schema.org\",\"@graph\":[{\"@type\":\"Article\",\"@id\":\"https:\\\/\\\/reporteroshoy.mx\\\/noticias\\\/nuevo-videomapping-se-suma-a-la-oferta-del-merida-fest-2021\\\/#article\",\"isPartOf\":{\"@id\":\"https:\\\/\\\/reporteroshoy.mx\\\/noticias\\\/nuevo-videomapping-se-suma-a-la-oferta-del-merida-fest-2021\\\/\"},\"author\":{\"name\":\"Reporteros Hoy IM\",\"@id\":\"https:\\\/\\\/reporteroshoy.mx\\\/noticias\\\/#\\\/schema\\\/person\\\/948520f0d88b01be2e5266bc4acbbc15\"},\"headline\":\"Nuevo videomapping se suma a la oferta del M\u00e9rida Fest 2021\",\"datePublished\":\"2021-01-09T03:00:27+00:00\",\"dateModified\":\"2021-01-09T14:10:58+00:00\",\"mainEntityOfPage\":{\"@id\":\"https:\\\/\\\/reporteroshoy.mx\\\/noticias\\\/nuevo-videomapping-se-suma-a-la-oferta-del-merida-fest-2021\\\/\"},\"wordCount\":438,\"commentCount\":0,\"image\":{\"@id\":\"https:\\\/\\\/reporteroshoy.mx\\\/noticias\\\/nuevo-videomapping-se-suma-a-la-oferta-del-merida-fest-2021\\\/#primaryimage\"},\"thumbnailUrl\":\"https:\\\/\\\/reporteroshoy.mx\\\/noticias\\\/wp-content\\\/uploads\\\/2021\\\/01\\\/MERIDA-FEST-2021_JARDIN-2.jpeg\",\"keywords\":[\"ayuntamiento de merida\",\"Cultura\",\"M\u00e9rida Fest 2021\"],\"articleSection\":[\"Gobierno\"],\"inLanguage\":\"es\",\"potentialAction\":[{\"@type\":\"CommentAction\",\"name\":\"Comment\",\"target\":[\"https:\\\/\\\/reporteroshoy.mx\\\/noticias\\\/nuevo-videomapping-se-suma-a-la-oferta-del-merida-fest-2021\\\/#respond\"]}]},{\"@type\":\"WebPage\",\"@id\":\"https:\\\/\\\/reporteroshoy.mx\\\/noticias\\\/nuevo-videomapping-se-suma-a-la-oferta-del-merida-fest-2021\\\/\",\"url\":\"https:\\\/\\\/reporteroshoy.mx\\\/noticias\\\/nuevo-videomapping-se-suma-a-la-oferta-del-merida-fest-2021\\\/\",\"name\":\"Nuevo videomapping se suma a la oferta del M\u00e9rida Fest 2021\",\"isPartOf\":{\"@id\":\"https:\\\/\\\/reporteroshoy.mx\\\/noticias\\\/#website\"},\"primaryImageOfPage\":{\"@id\":\"https:\\\/\\\/reporteroshoy.mx\\\/noticias\\\/nuevo-videomapping-se-suma-a-la-oferta-del-merida-fest-2021\\\/#primaryimage\"},\"image\":{\"@id\":\"https:\\\/\\\/reporteroshoy.mx\\\/noticias\\\/nuevo-videomapping-se-suma-a-la-oferta-del-merida-fest-2021\\\/#primaryimage\"},\"thumbnailUrl\":\"https:\\\/\\\/reporteroshoy.mx\\\/noticias\\\/wp-content\\\/uploads\\\/2021\\\/01\\\/MERIDA-FEST-2021_JARDIN-2.jpeg\",\"datePublished\":\"2021-01-09T03:00:27+00:00\",\"dateModified\":\"2021-01-09T14:10:58+00:00\",\"author\":{\"@id\":\"https:\\\/\\\/reporteroshoy.mx\\\/noticias\\\/#\\\/schema\\\/person\\\/948520f0d88b01be2e5266bc4acbbc15\"},\"description\":\"\u201cEl jard\u00edn secreto\u201d, para crear conciencia sobre la naturaleza.\",\"breadcrumb\":{\"@id\":\"https:\\\/\\\/reporteroshoy.mx\\\/noticias\\\/nuevo-videomapping-se-suma-a-la-oferta-del-merida-fest-2021\\\/#breadcrumb\"},\"inLanguage\":\"es\",\"potentialAction\":[{\"@type\":\"ReadAction\",\"target\":[\"https:\\\/\\\/reporteroshoy.mx\\\/noticias\\\/nuevo-videomapping-se-suma-a-la-oferta-del-merida-fest-2021\\\/\"]}]},{\"@type\":\"ImageObject\",\"inLanguage\":\"es\",\"@id\":\"https:\\\/\\\/reporteroshoy.mx\\\/noticias\\\/nuevo-videomapping-se-suma-a-la-oferta-del-merida-fest-2021\\\/#primaryimage\",\"url\":\"https:\\\/\\\/reporteroshoy.mx\\\/noticias\\\/wp-content\\\/uploads\\\/2021\\\/01\\\/MERIDA-FEST-2021_JARDIN-2.jpeg\",\"contentUrl\":\"https:\\\/\\\/reporteroshoy.mx\\\/noticias\\\/wp-content\\\/uploads\\\/2021\\\/01\\\/MERIDA-FEST-2021_JARDIN-2.jpeg\",\"width\":768,\"height\":574},{\"@type\":\"BreadcrumbList\",\"@id\":\"https:\\\/\\\/reporteroshoy.mx\\\/noticias\\\/nuevo-videomapping-se-suma-a-la-oferta-del-merida-fest-2021\\\/#breadcrumb\",\"itemListElement\":[{\"@type\":\"ListItem\",\"position\":1,\"name\":\"Portada\",\"item\":\"https:\\\/\\\/reporteroshoy.mx\\\/noticias\\\/\"},{\"@type\":\"ListItem\",\"position\":2,\"name\":\"Nuevo videomapping se suma a la oferta del M\u00e9rida Fest 2021\"}]},{\"@type\":\"WebSite\",\"@id\":\"https:\\\/\\\/reporteroshoy.mx\\\/noticias\\\/#website\",\"url\":\"https:\\\/\\\/reporteroshoy.mx\\\/noticias\\\/\",\"name\":\"Reporteros Hoy | Noticias de Yucat\u00e1n\",\"description\":\"Peri\u00f3dico digital con noticias diarias desde M\u00e9rida, Yucat\u00e1n para el mundo.\",\"potentialAction\":[{\"@type\":\"SearchAction\",\"target\":{\"@type\":\"EntryPoint\",\"urlTemplate\":\"https:\\\/\\\/reporteroshoy.mx\\\/noticias\\\/?s={search_term_string}\"},\"query-input\":{\"@type\":\"PropertyValueSpecification\",\"valueRequired\":true,\"valueName\":\"search_term_string\"}}],\"inLanguage\":\"es\"},{\"@type\":\"Person\",\"@id\":\"https:\\\/\\\/reporteroshoy.mx\\\/noticias\\\/#\\\/schema\\\/person\\\/948520f0d88b01be2e5266bc4acbbc15\",\"name\":\"Reporteros Hoy IM\",\"image\":{\"@type\":\"ImageObject\",\"inLanguage\":\"es\",\"@id\":\"https:\\\/\\\/secure.gravatar.com\\\/avatar\\\/d843030b96552826ac048bdfe26f2895604b800ed0c880ee55765a74d95dfc65?s=96&d=mm&r=g\",\"url\":\"https:\\\/\\\/secure.gravatar.com\\\/avatar\\\/d843030b96552826ac048bdfe26f2895604b800ed0c880ee55765a74d95dfc65?s=96&d=mm&r=g\",\"contentUrl\":\"https:\\\/\\\/secure.gravatar.com\\\/avatar\\\/d843030b96552826ac048bdfe26f2895604b800ed0c880ee55765a74d95dfc65?s=96&d=mm&r=g\",\"caption\":\"Reporteros Hoy IM\"},\"url\":\"https:\\\/\\\/reporteroshoy.mx\\\/noticias\\\/author\\\/israel\\\/\"}]}<\/script>\n<!-- \/ Yoast SEO plugin. -->","yoast_head_json":{"title":"Nuevo videomapping se suma a la oferta del M\u00e9rida Fest 2021","description":"\u201cEl jard\u00edn secreto\u201d, para crear conciencia sobre la naturaleza.","robots":{"index":"index","follow":"follow","max-snippet":"max-snippet:-1","max-image-preview":"max-image-preview:large","max-video-preview":"max-video-preview:-1"},"canonical":"https:\/\/reporteroshoy.mx\/noticias\/nuevo-videomapping-se-suma-a-la-oferta-del-merida-fest-2021\/","og_locale":"es_ES","og_type":"article","og_title":"Nuevo videomapping se suma a la oferta del M\u00e9rida Fest 2021","og_description":"\u201cEl jard\u00edn secreto\u201d, para crear conciencia sobre la naturaleza.","og_url":"https:\/\/reporteroshoy.mx\/noticias\/nuevo-videomapping-se-suma-a-la-oferta-del-merida-fest-2021\/","og_site_name":"Reporteros Hoy | Noticias de Yucat\u00e1n","article_publisher":"http:\/\/www.facebook.com\/reporteroshoymx","article_published_time":"2021-01-09T03:00:27+00:00","article_modified_time":"2021-01-09T14:10:58+00:00","og_image":[{"width":768,"height":574,"url":"https:\/\/reporteroshoy.mx\/noticias\/wp-content\/uploads\/2021\/01\/MERIDA-FEST-2021_JARDIN-2.jpeg","type":"image\/jpeg"}],"author":"Reporteros Hoy IM","twitter_card":"summary_large_image","twitter_creator":"@reporteroshoy","twitter_site":"@reporteroshoy","twitter_misc":{"Escrito por":"Reporteros Hoy IM","Tiempo de lectura":"2 minutos"},"schema":{"@context":"https:\/\/schema.org","@graph":[{"@type":"Article","@id":"https:\/\/reporteroshoy.mx\/noticias\/nuevo-videomapping-se-suma-a-la-oferta-del-merida-fest-2021\/#article","isPartOf":{"@id":"https:\/\/reporteroshoy.mx\/noticias\/nuevo-videomapping-se-suma-a-la-oferta-del-merida-fest-2021\/"},"author":{"name":"Reporteros Hoy IM","@id":"https:\/\/reporteroshoy.mx\/noticias\/#\/schema\/person\/948520f0d88b01be2e5266bc4acbbc15"},"headline":"Nuevo videomapping se suma a la oferta del M\u00e9rida Fest 2021","datePublished":"2021-01-09T03:00:27+00:00","dateModified":"2021-01-09T14:10:58+00:00","mainEntityOfPage":{"@id":"https:\/\/reporteroshoy.mx\/noticias\/nuevo-videomapping-se-suma-a-la-oferta-del-merida-fest-2021\/"},"wordCount":438,"commentCount":0,"image":{"@id":"https:\/\/reporteroshoy.mx\/noticias\/nuevo-videomapping-se-suma-a-la-oferta-del-merida-fest-2021\/#primaryimage"},"thumbnailUrl":"https:\/\/reporteroshoy.mx\/noticias\/wp-content\/uploads\/2021\/01\/MERIDA-FEST-2021_JARDIN-2.jpeg","keywords":["ayuntamiento de merida","Cultura","M\u00e9rida Fest 2021"],"articleSection":["Gobierno"],"inLanguage":"es","potentialAction":[{"@type":"CommentAction","name":"Comment","target":["https:\/\/reporteroshoy.mx\/noticias\/nuevo-videomapping-se-suma-a-la-oferta-del-merida-fest-2021\/#respond"]}]},{"@type":"WebPage","@id":"https:\/\/reporteroshoy.mx\/noticias\/nuevo-videomapping-se-suma-a-la-oferta-del-merida-fest-2021\/","url":"https:\/\/reporteroshoy.mx\/noticias\/nuevo-videomapping-se-suma-a-la-oferta-del-merida-fest-2021\/","name":"Nuevo videomapping se suma a la oferta del M\u00e9rida Fest 2021","isPartOf":{"@id":"https:\/\/reporteroshoy.mx\/noticias\/#website"},"primaryImageOfPage":{"@id":"https:\/\/reporteroshoy.mx\/noticias\/nuevo-videomapping-se-suma-a-la-oferta-del-merida-fest-2021\/#primaryimage"},"image":{"@id":"https:\/\/reporteroshoy.mx\/noticias\/nuevo-videomapping-se-suma-a-la-oferta-del-merida-fest-2021\/#primaryimage"},"thumbnailUrl":"https:\/\/reporteroshoy.mx\/noticias\/wp-content\/uploads\/2021\/01\/MERIDA-FEST-2021_JARDIN-2.jpeg","datePublished":"2021-01-09T03:00:27+00:00","dateModified":"2021-01-09T14:10:58+00:00","author":{"@id":"https:\/\/reporteroshoy.mx\/noticias\/#\/schema\/person\/948520f0d88b01be2e5266bc4acbbc15"},"description":"\u201cEl jard\u00edn secreto\u201d, para crear conciencia sobre la naturaleza.","breadcrumb":{"@id":"https:\/\/reporteroshoy.mx\/noticias\/nuevo-videomapping-se-suma-a-la-oferta-del-merida-fest-2021\/#breadcrumb"},"inLanguage":"es","potentialAction":[{"@type":"ReadAction","target":["https:\/\/reporteroshoy.mx\/noticias\/nuevo-videomapping-se-suma-a-la-oferta-del-merida-fest-2021\/"]}]},{"@type":"ImageObject","inLanguage":"es","@id":"https:\/\/reporteroshoy.mx\/noticias\/nuevo-videomapping-se-suma-a-la-oferta-del-merida-fest-2021\/#primaryimage","url":"https:\/\/reporteroshoy.mx\/noticias\/wp-content\/uploads\/2021\/01\/MERIDA-FEST-2021_JARDIN-2.jpeg","contentUrl":"https:\/\/reporteroshoy.mx\/noticias\/wp-content\/uploads\/2021\/01\/MERIDA-FEST-2021_JARDIN-2.jpeg","width":768,"height":574},{"@type":"BreadcrumbList","@id":"https:\/\/reporteroshoy.mx\/noticias\/nuevo-videomapping-se-suma-a-la-oferta-del-merida-fest-2021\/#breadcrumb","itemListElement":[{"@type":"ListItem","position":1,"name":"Portada","item":"https:\/\/reporteroshoy.mx\/noticias\/"},{"@type":"ListItem","position":2,"name":"Nuevo videomapping se suma a la oferta del M\u00e9rida Fest 2021"}]},{"@type":"WebSite","@id":"https:\/\/reporteroshoy.mx\/noticias\/#website","url":"https:\/\/reporteroshoy.mx\/noticias\/","name":"Reporteros Hoy | Noticias de Yucat\u00e1n","description":"Peri\u00f3dico digital con noticias diarias desde M\u00e9rida, Yucat\u00e1n para el mundo.","potentialAction":[{"@type":"SearchAction","target":{"@type":"EntryPoint","urlTemplate":"https:\/\/reporteroshoy.mx\/noticias\/?s={search_term_string}"},"query-input":{"@type":"PropertyValueSpecification","valueRequired":true,"valueName":"search_term_string"}}],"inLanguage":"es"},{"@type":"Person","@id":"https:\/\/reporteroshoy.mx\/noticias\/#\/schema\/person\/948520f0d88b01be2e5266bc4acbbc15","name":"Reporteros Hoy IM","image":{"@type":"ImageObject","inLanguage":"es","@id":"https:\/\/secure.gravatar.com\/avatar\/d843030b96552826ac048bdfe26f2895604b800ed0c880ee55765a74d95dfc65?s=96&d=mm&r=g","url":"https:\/\/secure.gravatar.com\/avatar\/d843030b96552826ac048bdfe26f2895604b800ed0c880ee55765a74d95dfc65?s=96&d=mm&r=g","contentUrl":"https:\/\/secure.gravatar.com\/avatar\/d843030b96552826ac048bdfe26f2895604b800ed0c880ee55765a74d95dfc65?s=96&d=mm&r=g","caption":"Reporteros Hoy IM"},"url":"https:\/\/reporteroshoy.mx\/noticias\/author\/israel\/"}]}},"_links":{"self":[{"href":"https:\/\/reporteroshoy.mx\/noticias\/wp-json\/wp\/v2\/posts\/54258","targetHints":{"allow":["GET"]}}],"collection":[{"href":"https:\/\/reporteroshoy.mx\/noticias\/wp-json\/wp\/v2\/posts"}],"about":[{"href":"https:\/\/reporteroshoy.mx\/noticias\/wp-json\/wp\/v2\/types\/post"}],"author":[{"embeddable":true,"href":"https:\/\/reporteroshoy.mx\/noticias\/wp-json\/wp\/v2\/users\/5"}],"replies":[{"embeddable":true,"href":"https:\/\/reporteroshoy.mx\/noticias\/wp-json\/wp\/v2\/comments?post=54258"}],"version-history":[{"count":0,"href":"https:\/\/reporteroshoy.mx\/noticias\/wp-json\/wp\/v2\/posts\/54258\/revisions"}],"wp:featuredmedia":[{"embeddable":true,"href":"https:\/\/reporteroshoy.mx\/noticias\/wp-json\/wp\/v2\/media\/54263"}],"wp:attachment":[{"href":"https:\/\/reporteroshoy.mx\/noticias\/wp-json\/wp\/v2\/media?parent=54258"}],"wp:term":[{"taxonomy":"category","embeddable":true,"href":"https:\/\/reporteroshoy.mx\/noticias\/wp-json\/wp\/v2\/categories?post=54258"},{"taxonomy":"post_tag","embeddable":true,"href":"https:\/\/reporteroshoy.mx\/noticias\/wp-json\/wp\/v2\/tags?post=54258"}],"curies":[{"name":"wp","href":"https:\/\/api.w.org\/{rel}","templated":true}]}}