{"id":54597,"date":"2021-01-13T19:30:58","date_gmt":"2021-01-14T01:30:58","guid":{"rendered":"https:\/\/reporteroshoy.mx\/noticias\/?p=54597"},"modified":"2021-01-13T20:04:09","modified_gmt":"2021-01-14T02:04:09","slug":"galardonan-a-manuel-carrera-como-premio-nacional-de-cuento","status":"publish","type":"post","link":"https:\/\/reporteroshoy.mx\/noticias\/galardonan-a-manuel-carrera-como-premio-nacional-de-cuento\/","title":{"rendered":"Galardonan a Manuel Carrera como Premio Nacional de Cuento"},"content":{"rendered":"<p style=\"text-align: justify;\"><span style=\"color: #000000;\">M\u00e9rida, Yucat\u00e1n; 13 de enero de 2021.- Que se mantenga el Premio Nacional de Cuento \u201cBeatriz Espejo\u201d y se contin\u00fae estimulando a las letras mexicanas, fueron las palabras del escritor Manuel Carrera al recibir esta ma\u00f1ana el reconocimiento, en su edici\u00f3n 2020, por su obra \u201cEl animal m\u00e1s hermoso del mundo\u201d.<\/span><\/p>\n<p style=\"text-align: justify;\"><span style=\"color: #000000;\">La ceremonia se enmarc\u00f3 en los festejos del M\u00e9rida Fest 2021 \u201cLa trova va, una fiesta responsable\u201d y se realiz\u00f3 en la Videosala del Centro Cultural del Olimpo, con autoridades de Cultura del Ayuntamiento de M\u00e9rida y la Secretar\u00eda de la Cultura y las Artes de Yucat\u00e1n, que de manera conjunta emitieron la convocatoria.<\/span><\/p>\n<p style=\"text-align: justify;\"><span style=\"color: #000000;\">En su mensaje, Mauricio Carrera record\u00f3 que hace un mes le lleg\u00f3 la buena noticia de ser recipiendario del Premio \u201cBeatriz Espejo\u201d. Record\u00f3 que hace dos d\u00e9cadas vivi\u00f3 una epifan\u00eda similar al recibir, en diferentes circunstancias, el Premio Nacional \u201cAgust\u00edn Monsreal\u201d. Ese premio, apunt\u00f3, me salv\u00f3 de una manera la vida y ahora este nuevo reconocimiento significa mucho en las etapas que uno pasa siempre como escritor.<\/span><\/p>\n<p><img loading=\"lazy\" decoding=\"async\" class=\"wp-image-54601 aligncenter\" src=\"https:\/\/reporteroshoy.mx\/noticias\/wp-content\/uploads\/2021\/01\/Premio-Beatriz-Espejo-estimulos-2-scaled.jpg\" alt=\"\" width=\"634\" height=\"443\" \/><\/p>\n<p style=\"text-align: justify;\"><span style=\"color: #000000;\">Asimismo, reconoci\u00f3 que hoy se viven etapas curiosas y raras, que no solo tiene que ver con austeridad y recortes, como el caso de la cultura, siendo este sector el primero que siempre resulta afectado. <\/span><\/p>\n<p style=\"text-align: justify;\"><span style=\"color: #000000;\">\u201cLa cultura no parece tener importancia para quienes toman decisiones de poder, sociales, en nuestro pa\u00eds, no es nuevo. Por eso celebro y doy mi reconocimiento a que se mantenga este premio y se estimule a las letras nacionales\u201d.<\/span><\/p>\n<p style=\"text-align: justify;\"><span style=\"color: #000000;\">Tambi\u00e9n dedic\u00f3 palabras de agradecimiento a Beatriz Espejo por la maestr\u00eda para narrar historias con una tem\u00e1tica especial, en sus palabras, \u201ccon la nostalgia, la esencia de lo femenino y sus luchas en el presente cotidiano\u201d.<\/span><\/p>\n<p style=\"text-align: justify;\"><span style=\"color: #000000;\">A lo largo de su trayectoria, Mauricio Carrera suma Premios Nacionales de Cuento como el \u201cEfr\u00e9n Hern\u00e1ndez\u201d e \u201cIn\u00e9s Arredondo\u201d, adem\u00e1s del internacional \u201cEdmundo Valad\u00e9s\u201d. Sus m\u00e1s recientes t\u00edtulos son \u201cLas Horas Furtivas\u201d y \u201cMemoria de las aves\u201d, ambos de 2020.<\/span><br \/>\n<span style=\"color: #000000;\">Como est\u00edmulo el ganador recibe un premio \u00fanico de 50 mil pesos.<\/span><\/p>\n<p style=\"text-align: justify;\"><img loading=\"lazy\" decoding=\"async\" class=\"wp-image-54602 aligncenter\" src=\"https:\/\/reporteroshoy.mx\/noticias\/wp-content\/uploads\/2021\/01\/Premio-Beatriz-Espejo-enlace-tres-scaled.jpg\" alt=\"\" width=\"619\" height=\"436\" \/><\/p>\n<p style=\"text-align: justify;\"><span style=\"color: #000000;\">En el acto, el Director de Cultura, Irving Berl\u00edn Villafa\u00f1a, record\u00f3 que M\u00e9rida est\u00e1 celebrando el 479 aniversario de fundaci\u00f3n y el M\u00e9rida Fest, como ocurre con la fiesta de la Epifan\u00eda, quiere ser la noticia de las cosas buenas que hay y mantener la esperanza de lo que vendr\u00e1 una vez que finalice el per\u00edodo de contingencia por la pandemia que hoy se vive. \u201cEl M\u00e9rida Fest es el primer festival mexicano que se realiza al comenzar el a\u00f1o y trae cosas nuevas\u201d.<\/span><\/p>\n<p style=\"text-align: justify;\"><span style=\"color: #000000;\">Durante la ceremonia se realiz\u00f3 un enlace virtual desde la Ciudad de M\u00e9xico con la escritora Beatriz Espejo, cuyo nombre lleva el premio, quien extern\u00f3 su agradecimiento por la participaci\u00f3n a la convocatoria y al trabajo presentado por el escritor ganador.<\/span><\/p>\n<p style=\"text-align: justify;\"><span style=\"color: #000000;\">Comparti\u00f3 con alegr\u00eda la publicaci\u00f3n de la antolog\u00eda \u201cEl espejo de Beatriz\u201d, (volumen 2) que compila 36 trabajos ganadores y menciones honor\u00edficas en 400 p\u00e1ginas, con diferentes tem\u00e1ticas y de diferentes escritores mexicanos con trayectoria y emergentes. <\/span><\/p>\n<p style=\"text-align: justify;\"><span style=\"color: #000000;\">Finalmente dijo que no es indispensable contar con una maestr\u00eda o doctorado para escribir un buen trabajo literario.<\/span><\/p>\n<p style=\"text-align: justify;\"><span style=\"color: #000000;\">La ceremonia incluy\u00f3 el mensaje de la titular de la Sedeculta Yucat\u00e1n, Erica Millet Corona, quien agradeci\u00f3 el acompa\u00f1amiento cercano que la escritora ha realizado a lo largo de la historia del premio e hizo comentarios sobre la pr\u00f3xima presentaci\u00f3n de la antolog\u00eda de cuentos \u201cEl espejo de Beatriz\u201d (volumen 2), a la que defini\u00f3 como una gran oportunidad para ver la producci\u00f3n del g\u00e9nero literario que tanto aman los yucatecos, como lo es el cuento.<\/span><\/p>\n<p style=\"text-align: justify;\"><span style=\"color: #000000;\">Finalmente agradeci\u00f3 y celebr\u00f3 la continuidad de colaboraciones entre instituciones para mantener vivos los espacios culturales, ahora amenazados por las crisis y carencias, y para seguir impulsado el trabajo de los creadores literarios.<\/span><\/p>\n<p style=\"text-align: justify;\"><span style=\"color: #000000;\">Adem\u00e1s del ganador, el jurado del Premio \u201cBeatriz Espejo\u201d design\u00f3 tres menciones honor\u00edficas que recayeron en el yucateco Alonso Humberto Mar\u00edn Ram\u00edrez por el trabajo \u201cLa balada del infante marica\u201d, Norma Ang\u00e9lica L\u00f3pez G\u00e1ndara con \u201cTodo est\u00e1 cumplido\u201d y Enrique Adonis Rodr\u00edguez Morales por \u201cLa ofrenda\u201d.<\/span><\/p>\n<p style=\"text-align: justify;\"><span style=\"color: #000000;\">En representaci\u00f3n del jurado calificador asisti\u00f3 Will Rodr\u00edguez. Entre los asistentes estuvo Carlos Mart\u00edn Brice\u00f1o, ganador del Premio \u201cBeatriz Espejo\u201d 2003 y Joaqu\u00edn Filio, Menci\u00f3n Honor\u00edfica en 2016.<\/span><\/p>\n<h4 style=\"text-align: justify;\"><span style=\"color: #000000;\"><strong>Encuentros po\u00e9ticos<\/strong><\/span><\/h4>\n<p style=\"text-align: justify;\"><span style=\"color: #000000;\">Por otro lado, esta semana en el M\u00e9rida Fest est\u00e1n previstas actividades literarias que se podr\u00e1n seguir en transmisiones en l\u00ednea en la p\u00e1gina de Facebook M\u00e9rida es Cultura.<\/span><\/p>\n<p style=\"text-align: justify;\"><span style=\"color: #000000;\">Ma\u00f1ana jueves 14 est\u00e1 \u201cPoes\u00eda en voz de ellas: \u201cRecital de poetas yucatecas\u201d, con Irma Torregosa, Lizeth Ek, Iss Crisx, Carmita D\u00edaz, Sasil S\u00e1nchez y Daniela Olivares, a las 19:00 horas, en la que platicar\u00e1n sobre su trabajo creativo y leer\u00e1n sus poemas favoritos.<\/span><\/p>\n<p style=\"text-align: justify;\"><span style=\"color: #000000;\">El s\u00e1bado 16 el \u201cRecorrido po\u00e9tico por Latinoam\u00e9rica\u201d tendr\u00e1 como invitados a los poetas Marco Antonio Murilllo (M\u00e9xico), V\u00edctor Coral (Per\u00fa), Mario Martz (Nicaragua) y Yenny Le\u00f3n (Colombia) y se transmitir\u00e1 a las 6 de la tarde. Las actividades cuentan con apoyo de la asociaci\u00f3n Leer por Placer.<\/span><\/p>\n<p style=\"text-align: justify;\"><span style=\"color: #000000;\">El programa de actividades del M\u00e9rida Fest 2021 <span style=\"text-decoration: underline; color: #0000ff;\"><strong><a style=\"color: #0000ff; text-decoration: underline;\" href=\"http:\/\/www.merida.gob.mx\/meridafest\">se puede consultar aqu\u00ed<\/a><\/strong><\/span>. Todas las transmisiones son gratuitas.<\/span><\/p>\n","protected":false},"excerpt":{"rendered":"<p>Como parte de las celebraciones por el M\u00e9rida Fest 2021 fue reconocido por su obra \u00abEl animal m\u00e1s hermoso del mundo\u00bb.<\/p>\n","protected":false},"author":6,"featured_media":54601,"comment_status":"open","ping_status":"closed","sticky":false,"template":"","format":"standard","meta":{"footnotes":""},"categories":[2],"tags":[15780,15778,15066,15779],"class_list":["post-54597","post","type-post","status-publish","format-standard","has-post-thumbnail","hentry","category-boletines","tag-beatriz-espejo","tag-manuel-carrera","tag-merida-fest-2021","tag-premio-nacional-de-cuento"],"yoast_head":"<!-- This site is optimized with the Yoast SEO plugin v28.4 - https:\/\/yoast.com\/product\/yoast-seo-wordpress\/ -->\n<title>Galardonan a Manuel Carrera como Premio Nacional de Cuento<\/title>\n<meta name=\"description\" content=\"Como parte de las celebraciones por el M\u00e9rida Fest 2021 fue reconocido por su obra &quot;El animal m\u00e1s hermoso del mundo&quot;.\" \/>\n<meta name=\"robots\" content=\"index, follow, max-snippet:-1, max-image-preview:large, max-video-preview:-1\" \/>\n<link rel=\"canonical\" href=\"https:\/\/reporteroshoy.mx\/noticias\/galardonan-a-manuel-carrera-como-premio-nacional-de-cuento\/\" \/>\n<meta property=\"og:locale\" content=\"es_ES\" \/>\n<meta property=\"og:type\" content=\"article\" \/>\n<meta property=\"og:title\" content=\"Galardonan a Manuel Carrera como Premio Nacional de Cuento\" \/>\n<meta property=\"og:description\" content=\"Como parte de las celebraciones por el M\u00e9rida Fest 2021 fue reconocido por su obra &quot;El animal m\u00e1s hermoso del mundo&quot;.\" \/>\n<meta property=\"og:url\" content=\"https:\/\/reporteroshoy.mx\/noticias\/galardonan-a-manuel-carrera-como-premio-nacional-de-cuento\/\" \/>\n<meta property=\"og:site_name\" content=\"Reporteros Hoy | Noticias de Yucat\u00e1n\" \/>\n<meta property=\"article:publisher\" content=\"http:\/\/www.facebook.com\/reporteroshoymx\" \/>\n<meta property=\"article:published_time\" content=\"2021-01-14T01:30:58+00:00\" \/>\n<meta property=\"article:modified_time\" content=\"2021-01-14T02:04:09+00:00\" \/>\n<meta property=\"og:image\" content=\"https:\/\/reporteroshoy.mx\/noticias\/wp-content\/uploads\/2021\/01\/Premio-Beatriz-Espejo-estimulos-2-scaled.jpg\" \/>\n\t<meta property=\"og:image:width\" content=\"768\" \/>\n\t<meta property=\"og:image:height\" content=\"537\" \/>\n\t<meta property=\"og:image:type\" content=\"image\/jpeg\" \/>\n<meta name=\"author\" content=\"Reporteros Hoy GS\" \/>\n<meta name=\"twitter:card\" content=\"summary_large_image\" \/>\n<meta name=\"twitter:creator\" content=\"@reporteroshoy\" \/>\n<meta name=\"twitter:site\" content=\"@reporteroshoy\" \/>\n<meta name=\"twitter:label1\" content=\"Escrito por\" \/>\n\t<meta name=\"twitter:data1\" content=\"Reporteros Hoy GS\" \/>\n\t<meta name=\"twitter:label2\" content=\"Tiempo de lectura\" \/>\n\t<meta name=\"twitter:data2\" content=\"5 minutos\" \/>\n<script type=\"application\/ld+json\" class=\"yoast-schema-graph\">{\"@context\":\"https:\\\/\\\/schema.org\",\"@graph\":[{\"@type\":\"Article\",\"@id\":\"https:\\\/\\\/reporteroshoy.mx\\\/noticias\\\/galardonan-a-manuel-carrera-como-premio-nacional-de-cuento\\\/#article\",\"isPartOf\":{\"@id\":\"https:\\\/\\\/reporteroshoy.mx\\\/noticias\\\/galardonan-a-manuel-carrera-como-premio-nacional-de-cuento\\\/\"},\"author\":{\"name\":\"Reporteros Hoy GS\",\"@id\":\"https:\\\/\\\/reporteroshoy.mx\\\/noticias\\\/#\\\/schema\\\/person\\\/49ae631fc906b44554e4ba3866c505d7\"},\"headline\":\"Galardonan a Manuel Carrera como Premio Nacional de Cuento\",\"datePublished\":\"2021-01-14T01:30:58+00:00\",\"dateModified\":\"2021-01-14T02:04:09+00:00\",\"mainEntityOfPage\":{\"@id\":\"https:\\\/\\\/reporteroshoy.mx\\\/noticias\\\/galardonan-a-manuel-carrera-como-premio-nacional-de-cuento\\\/\"},\"wordCount\":916,\"commentCount\":0,\"image\":{\"@id\":\"https:\\\/\\\/reporteroshoy.mx\\\/noticias\\\/galardonan-a-manuel-carrera-como-premio-nacional-de-cuento\\\/#primaryimage\"},\"thumbnailUrl\":\"https:\\\/\\\/reporteroshoy.mx\\\/noticias\\\/wp-content\\\/uploads\\\/2021\\\/01\\\/Premio-Beatriz-Espejo-estimulos-2-scaled.jpg\",\"keywords\":[\"Beatriz Espejo\",\"Manuel Carrera\",\"M\u00e9rida Fest 2021\",\"Premio Nacional de Cuento\"],\"articleSection\":[\"Boletines\"],\"inLanguage\":\"es\",\"potentialAction\":[{\"@type\":\"CommentAction\",\"name\":\"Comment\",\"target\":[\"https:\\\/\\\/reporteroshoy.mx\\\/noticias\\\/galardonan-a-manuel-carrera-como-premio-nacional-de-cuento\\\/#respond\"]}]},{\"@type\":\"WebPage\",\"@id\":\"https:\\\/\\\/reporteroshoy.mx\\\/noticias\\\/galardonan-a-manuel-carrera-como-premio-nacional-de-cuento\\\/\",\"url\":\"https:\\\/\\\/reporteroshoy.mx\\\/noticias\\\/galardonan-a-manuel-carrera-como-premio-nacional-de-cuento\\\/\",\"name\":\"Galardonan a Manuel Carrera como Premio Nacional de Cuento\",\"isPartOf\":{\"@id\":\"https:\\\/\\\/reporteroshoy.mx\\\/noticias\\\/#website\"},\"primaryImageOfPage\":{\"@id\":\"https:\\\/\\\/reporteroshoy.mx\\\/noticias\\\/galardonan-a-manuel-carrera-como-premio-nacional-de-cuento\\\/#primaryimage\"},\"image\":{\"@id\":\"https:\\\/\\\/reporteroshoy.mx\\\/noticias\\\/galardonan-a-manuel-carrera-como-premio-nacional-de-cuento\\\/#primaryimage\"},\"thumbnailUrl\":\"https:\\\/\\\/reporteroshoy.mx\\\/noticias\\\/wp-content\\\/uploads\\\/2021\\\/01\\\/Premio-Beatriz-Espejo-estimulos-2-scaled.jpg\",\"datePublished\":\"2021-01-14T01:30:58+00:00\",\"dateModified\":\"2021-01-14T02:04:09+00:00\",\"author\":{\"@id\":\"https:\\\/\\\/reporteroshoy.mx\\\/noticias\\\/#\\\/schema\\\/person\\\/49ae631fc906b44554e4ba3866c505d7\"},\"description\":\"Como parte de las celebraciones por el M\u00e9rida Fest 2021 fue reconocido por su obra \\\"El animal m\u00e1s hermoso del mundo\\\".\",\"breadcrumb\":{\"@id\":\"https:\\\/\\\/reporteroshoy.mx\\\/noticias\\\/galardonan-a-manuel-carrera-como-premio-nacional-de-cuento\\\/#breadcrumb\"},\"inLanguage\":\"es\",\"potentialAction\":[{\"@type\":\"ReadAction\",\"target\":[\"https:\\\/\\\/reporteroshoy.mx\\\/noticias\\\/galardonan-a-manuel-carrera-como-premio-nacional-de-cuento\\\/\"]}]},{\"@type\":\"ImageObject\",\"inLanguage\":\"es\",\"@id\":\"https:\\\/\\\/reporteroshoy.mx\\\/noticias\\\/galardonan-a-manuel-carrera-como-premio-nacional-de-cuento\\\/#primaryimage\",\"url\":\"https:\\\/\\\/reporteroshoy.mx\\\/noticias\\\/wp-content\\\/uploads\\\/2021\\\/01\\\/Premio-Beatriz-Espejo-estimulos-2-scaled.jpg\",\"contentUrl\":\"https:\\\/\\\/reporteroshoy.mx\\\/noticias\\\/wp-content\\\/uploads\\\/2021\\\/01\\\/Premio-Beatriz-Espejo-estimulos-2-scaled.jpg\",\"width\":768,\"height\":537},{\"@type\":\"BreadcrumbList\",\"@id\":\"https:\\\/\\\/reporteroshoy.mx\\\/noticias\\\/galardonan-a-manuel-carrera-como-premio-nacional-de-cuento\\\/#breadcrumb\",\"itemListElement\":[{\"@type\":\"ListItem\",\"position\":1,\"name\":\"Portada\",\"item\":\"https:\\\/\\\/reporteroshoy.mx\\\/noticias\\\/\"},{\"@type\":\"ListItem\",\"position\":2,\"name\":\"Galardonan a Manuel Carrera como Premio Nacional de Cuento\"}]},{\"@type\":\"WebSite\",\"@id\":\"https:\\\/\\\/reporteroshoy.mx\\\/noticias\\\/#website\",\"url\":\"https:\\\/\\\/reporteroshoy.mx\\\/noticias\\\/\",\"name\":\"Reporteros Hoy | Noticias de Yucat\u00e1n\",\"description\":\"Peri\u00f3dico digital con noticias diarias desde M\u00e9rida, Yucat\u00e1n para el mundo.\",\"potentialAction\":[{\"@type\":\"SearchAction\",\"target\":{\"@type\":\"EntryPoint\",\"urlTemplate\":\"https:\\\/\\\/reporteroshoy.mx\\\/noticias\\\/?s={search_term_string}\"},\"query-input\":{\"@type\":\"PropertyValueSpecification\",\"valueRequired\":true,\"valueName\":\"search_term_string\"}}],\"inLanguage\":\"es\"},{\"@type\":\"Person\",\"@id\":\"https:\\\/\\\/reporteroshoy.mx\\\/noticias\\\/#\\\/schema\\\/person\\\/49ae631fc906b44554e4ba3866c505d7\",\"name\":\"Reporteros Hoy GS\",\"image\":{\"@type\":\"ImageObject\",\"inLanguage\":\"es\",\"@id\":\"https:\\\/\\\/secure.gravatar.com\\\/avatar\\\/00d32adb620345c3db2cfc175917f65c584e1e338fdc49ad126aa1f9830eb6a9?s=96&d=mm&r=g\",\"url\":\"https:\\\/\\\/secure.gravatar.com\\\/avatar\\\/00d32adb620345c3db2cfc175917f65c584e1e338fdc49ad126aa1f9830eb6a9?s=96&d=mm&r=g\",\"contentUrl\":\"https:\\\/\\\/secure.gravatar.com\\\/avatar\\\/00d32adb620345c3db2cfc175917f65c584e1e338fdc49ad126aa1f9830eb6a9?s=96&d=mm&r=g\",\"caption\":\"Reporteros Hoy GS\"},\"url\":\"https:\\\/\\\/reporteroshoy.mx\\\/noticias\\\/author\\\/lupis\\\/\"}]}<\/script>\n<!-- \/ Yoast SEO plugin. -->","yoast_head_json":{"title":"Galardonan a Manuel Carrera como Premio Nacional de Cuento","description":"Como parte de las celebraciones por el M\u00e9rida Fest 2021 fue reconocido por su obra \"El animal m\u00e1s hermoso del mundo\".","robots":{"index":"index","follow":"follow","max-snippet":"max-snippet:-1","max-image-preview":"max-image-preview:large","max-video-preview":"max-video-preview:-1"},"canonical":"https:\/\/reporteroshoy.mx\/noticias\/galardonan-a-manuel-carrera-como-premio-nacional-de-cuento\/","og_locale":"es_ES","og_type":"article","og_title":"Galardonan a Manuel Carrera como Premio Nacional de Cuento","og_description":"Como parte de las celebraciones por el M\u00e9rida Fest 2021 fue reconocido por su obra \"El animal m\u00e1s hermoso del mundo\".","og_url":"https:\/\/reporteroshoy.mx\/noticias\/galardonan-a-manuel-carrera-como-premio-nacional-de-cuento\/","og_site_name":"Reporteros Hoy | Noticias de Yucat\u00e1n","article_publisher":"http:\/\/www.facebook.com\/reporteroshoymx","article_published_time":"2021-01-14T01:30:58+00:00","article_modified_time":"2021-01-14T02:04:09+00:00","og_image":[{"width":768,"height":537,"url":"https:\/\/reporteroshoy.mx\/noticias\/wp-content\/uploads\/2021\/01\/Premio-Beatriz-Espejo-estimulos-2-scaled.jpg","type":"image\/jpeg"}],"author":"Reporteros Hoy GS","twitter_card":"summary_large_image","twitter_creator":"@reporteroshoy","twitter_site":"@reporteroshoy","twitter_misc":{"Escrito por":"Reporteros Hoy GS","Tiempo de lectura":"5 minutos"},"schema":{"@context":"https:\/\/schema.org","@graph":[{"@type":"Article","@id":"https:\/\/reporteroshoy.mx\/noticias\/galardonan-a-manuel-carrera-como-premio-nacional-de-cuento\/#article","isPartOf":{"@id":"https:\/\/reporteroshoy.mx\/noticias\/galardonan-a-manuel-carrera-como-premio-nacional-de-cuento\/"},"author":{"name":"Reporteros Hoy GS","@id":"https:\/\/reporteroshoy.mx\/noticias\/#\/schema\/person\/49ae631fc906b44554e4ba3866c505d7"},"headline":"Galardonan a Manuel Carrera como Premio Nacional de Cuento","datePublished":"2021-01-14T01:30:58+00:00","dateModified":"2021-01-14T02:04:09+00:00","mainEntityOfPage":{"@id":"https:\/\/reporteroshoy.mx\/noticias\/galardonan-a-manuel-carrera-como-premio-nacional-de-cuento\/"},"wordCount":916,"commentCount":0,"image":{"@id":"https:\/\/reporteroshoy.mx\/noticias\/galardonan-a-manuel-carrera-como-premio-nacional-de-cuento\/#primaryimage"},"thumbnailUrl":"https:\/\/reporteroshoy.mx\/noticias\/wp-content\/uploads\/2021\/01\/Premio-Beatriz-Espejo-estimulos-2-scaled.jpg","keywords":["Beatriz Espejo","Manuel Carrera","M\u00e9rida Fest 2021","Premio Nacional de Cuento"],"articleSection":["Boletines"],"inLanguage":"es","potentialAction":[{"@type":"CommentAction","name":"Comment","target":["https:\/\/reporteroshoy.mx\/noticias\/galardonan-a-manuel-carrera-como-premio-nacional-de-cuento\/#respond"]}]},{"@type":"WebPage","@id":"https:\/\/reporteroshoy.mx\/noticias\/galardonan-a-manuel-carrera-como-premio-nacional-de-cuento\/","url":"https:\/\/reporteroshoy.mx\/noticias\/galardonan-a-manuel-carrera-como-premio-nacional-de-cuento\/","name":"Galardonan a Manuel Carrera como Premio Nacional de Cuento","isPartOf":{"@id":"https:\/\/reporteroshoy.mx\/noticias\/#website"},"primaryImageOfPage":{"@id":"https:\/\/reporteroshoy.mx\/noticias\/galardonan-a-manuel-carrera-como-premio-nacional-de-cuento\/#primaryimage"},"image":{"@id":"https:\/\/reporteroshoy.mx\/noticias\/galardonan-a-manuel-carrera-como-premio-nacional-de-cuento\/#primaryimage"},"thumbnailUrl":"https:\/\/reporteroshoy.mx\/noticias\/wp-content\/uploads\/2021\/01\/Premio-Beatriz-Espejo-estimulos-2-scaled.jpg","datePublished":"2021-01-14T01:30:58+00:00","dateModified":"2021-01-14T02:04:09+00:00","author":{"@id":"https:\/\/reporteroshoy.mx\/noticias\/#\/schema\/person\/49ae631fc906b44554e4ba3866c505d7"},"description":"Como parte de las celebraciones por el M\u00e9rida Fest 2021 fue reconocido por su obra \"El animal m\u00e1s hermoso del mundo\".","breadcrumb":{"@id":"https:\/\/reporteroshoy.mx\/noticias\/galardonan-a-manuel-carrera-como-premio-nacional-de-cuento\/#breadcrumb"},"inLanguage":"es","potentialAction":[{"@type":"ReadAction","target":["https:\/\/reporteroshoy.mx\/noticias\/galardonan-a-manuel-carrera-como-premio-nacional-de-cuento\/"]}]},{"@type":"ImageObject","inLanguage":"es","@id":"https:\/\/reporteroshoy.mx\/noticias\/galardonan-a-manuel-carrera-como-premio-nacional-de-cuento\/#primaryimage","url":"https:\/\/reporteroshoy.mx\/noticias\/wp-content\/uploads\/2021\/01\/Premio-Beatriz-Espejo-estimulos-2-scaled.jpg","contentUrl":"https:\/\/reporteroshoy.mx\/noticias\/wp-content\/uploads\/2021\/01\/Premio-Beatriz-Espejo-estimulos-2-scaled.jpg","width":768,"height":537},{"@type":"BreadcrumbList","@id":"https:\/\/reporteroshoy.mx\/noticias\/galardonan-a-manuel-carrera-como-premio-nacional-de-cuento\/#breadcrumb","itemListElement":[{"@type":"ListItem","position":1,"name":"Portada","item":"https:\/\/reporteroshoy.mx\/noticias\/"},{"@type":"ListItem","position":2,"name":"Galardonan a Manuel Carrera como Premio Nacional de Cuento"}]},{"@type":"WebSite","@id":"https:\/\/reporteroshoy.mx\/noticias\/#website","url":"https:\/\/reporteroshoy.mx\/noticias\/","name":"Reporteros Hoy | Noticias de Yucat\u00e1n","description":"Peri\u00f3dico digital con noticias diarias desde M\u00e9rida, Yucat\u00e1n para el mundo.","potentialAction":[{"@type":"SearchAction","target":{"@type":"EntryPoint","urlTemplate":"https:\/\/reporteroshoy.mx\/noticias\/?s={search_term_string}"},"query-input":{"@type":"PropertyValueSpecification","valueRequired":true,"valueName":"search_term_string"}}],"inLanguage":"es"},{"@type":"Person","@id":"https:\/\/reporteroshoy.mx\/noticias\/#\/schema\/person\/49ae631fc906b44554e4ba3866c505d7","name":"Reporteros Hoy GS","image":{"@type":"ImageObject","inLanguage":"es","@id":"https:\/\/secure.gravatar.com\/avatar\/00d32adb620345c3db2cfc175917f65c584e1e338fdc49ad126aa1f9830eb6a9?s=96&d=mm&r=g","url":"https:\/\/secure.gravatar.com\/avatar\/00d32adb620345c3db2cfc175917f65c584e1e338fdc49ad126aa1f9830eb6a9?s=96&d=mm&r=g","contentUrl":"https:\/\/secure.gravatar.com\/avatar\/00d32adb620345c3db2cfc175917f65c584e1e338fdc49ad126aa1f9830eb6a9?s=96&d=mm&r=g","caption":"Reporteros Hoy GS"},"url":"https:\/\/reporteroshoy.mx\/noticias\/author\/lupis\/"}]}},"_links":{"self":[{"href":"https:\/\/reporteroshoy.mx\/noticias\/wp-json\/wp\/v2\/posts\/54597","targetHints":{"allow":["GET"]}}],"collection":[{"href":"https:\/\/reporteroshoy.mx\/noticias\/wp-json\/wp\/v2\/posts"}],"about":[{"href":"https:\/\/reporteroshoy.mx\/noticias\/wp-json\/wp\/v2\/types\/post"}],"author":[{"embeddable":true,"href":"https:\/\/reporteroshoy.mx\/noticias\/wp-json\/wp\/v2\/users\/6"}],"replies":[{"embeddable":true,"href":"https:\/\/reporteroshoy.mx\/noticias\/wp-json\/wp\/v2\/comments?post=54597"}],"version-history":[{"count":0,"href":"https:\/\/reporteroshoy.mx\/noticias\/wp-json\/wp\/v2\/posts\/54597\/revisions"}],"wp:featuredmedia":[{"embeddable":true,"href":"https:\/\/reporteroshoy.mx\/noticias\/wp-json\/wp\/v2\/media\/54601"}],"wp:attachment":[{"href":"https:\/\/reporteroshoy.mx\/noticias\/wp-json\/wp\/v2\/media?parent=54597"}],"wp:term":[{"taxonomy":"category","embeddable":true,"href":"https:\/\/reporteroshoy.mx\/noticias\/wp-json\/wp\/v2\/categories?post=54597"},{"taxonomy":"post_tag","embeddable":true,"href":"https:\/\/reporteroshoy.mx\/noticias\/wp-json\/wp\/v2\/tags?post=54597"}],"curies":[{"name":"wp","href":"https:\/\/api.w.org\/{rel}","templated":true}]}}