{"id":54653,"date":"2021-01-14T15:00:02","date_gmt":"2021-01-14T21:00:02","guid":{"rendered":"https:\/\/reporteroshoy.mx\/noticias\/?p=54653"},"modified":"2021-01-15T10:40:07","modified_gmt":"2021-01-15T16:40:07","slug":"vaqueria-y-danza-contemporanea-se-unen-en-noche-de-luciernagas","status":"publish","type":"post","link":"https:\/\/reporteroshoy.mx\/noticias\/vaqueria-y-danza-contemporanea-se-unen-en-noche-de-luciernagas\/","title":{"rendered":"Vaquer\u00eda y danza contempor\u00e1nea se unen en \u201cNoche de Luci\u00e9rnagas\u201d"},"content":{"rendered":"<p style=\"text-align: justify;\"><span style=\"color: #000000;\">M\u00e9rida, Yucat\u00e1n, 14 de enero de 2021.- Los ritmos de la fiesta de la vaquer\u00eda con el lenguaje de la danza urbana y contempor\u00e1nea se fusionan en la producci\u00f3n \u201cNoche de Luci\u00e9rnagas\u201d, el estreno de este fin de semana en el M\u00e9rida Fest 2021 \u201cLa trova va, una fiesta responsable\u201d.<\/span><\/p>\n<p style=\"text-align: justify;\"><span style=\"color: #000000;\">La obra, que presenta la Compa\u00f1\u00eda Cr\u00e9ssida Danza Contempor\u00e1nea bajo la direcci\u00f3n de la maestra Lourdes Luna Aranda, es una de las cuatro producciones que tiene el festival de la ciudad, dictaminadas por convocatoria, expuso el Director de Cultura, Antrop. Irving Berl\u00edn Villafa\u00f1a, en un encuentro con medios de comunicaci\u00f3n en la Videosala del Centro Cultural Olimpo.<\/span><\/p>\n<p style=\"text-align: justify;\"><span style=\"color: #000000;\">Record\u00f3 que a petici\u00f3n del alcalde Ren\u00e1n Barrera Concha, esta edici\u00f3n del festival apoya a la comunidad art\u00edstica local, ante la dif\u00edcil situaci\u00f3n que el sector ha vivido en los \u00faltimos 10 meses por la pandemia. \u201cNuestro talento local tiene todas las condiciones para ser un talento nacional e internacional\u201d.<\/span><\/p>\n<p style=\"text-align: justify;\"><span style=\"color: #000000;\">Inform\u00f3 que hasta el momento los eventos presenciales en teatros han tenido \u00e9xito, cubriendo el 30% de la capacidad de aforo, cuidando todas las normas de seguridad para beneficio de los ciudadanos. La difusi\u00f3n de los contenidos del festival se complementa con las transmisiones gratuitas que se realizan desde la p\u00e1gina de Facebook M\u00e9rida es Cultura para llegar a diferentes p\u00fablicos.<\/span><\/p>\n<p style=\"text-align: justify;\"><span style=\"color: #000000;\">La maestra Lourdes Luna comparti\u00f3 que \u201cNoche de Luci\u00e9rnagas\u201d se trata de un proyecto que fusiona el lenguaje de la danza folcl\u00f3rica con danza urbana, basado en la fiesta de la vaquer\u00eda, lo que sucede a su alrededor, las reuniones de j\u00f3venes, la m\u00fasica, el baile y la convivencia.<\/span><\/p>\n<p style=\"text-align: justify;\"><span style=\"color: #000000;\">Expuso que la convocatoria del M\u00e9rida Fest les permiti\u00f3 continuar trabajando luego de un a\u00f1o complejo. \u201cComo artistas somos gente de escena y el regresar a los escenarios es importante. Hoy tambi\u00e9n es momento de distraernos, reforzar lo que somos, nuestras tradiciones, nuestro quehacer esc\u00e9nico y compartirlo\u201d.<\/span><\/p>\n<p style=\"text-align: justify;\"><span style=\"color: #000000;\">En escena tomar\u00e1n parte ocho bailarines, la selecci\u00f3n musical es diversa, aunque los ritmos de la jarana estar\u00e1n presentes a lo largo de toda la obra.<\/span><\/p>\n<p style=\"text-align: justify;\"><span style=\"color: #000000;\">El espect\u00e1culo esc\u00e9nico dura cerca de una hora y mostrar\u00e1 en tres escenas diversos momentos, producto de un trabajo de investigaci\u00f3n sobre la vaquer\u00eda. Por ejemplo se ver\u00e1 a un grupo j\u00f3venes conviviendo en torno a una fogata, una feria donde donde suceden muchas cosas, siendo la \u00faltima escena donde se apreciar\u00e1 la aportaci\u00f3n danc\u00edstica contempor\u00e1nea al ritmo de la jarana y retomando elementos simb\u00f3licos del folclor de Yucat\u00e1n.<\/span><\/p>\n<p style=\"text-align: justify;\"><span style=\"color: #000000;\">La maestra Luna afirm\u00f3 que se respet\u00f3 mucho la tradici\u00f3n para poder presentar un espect\u00e1culo diferente, divertido, colorido r\u00edtmico, sali\u00e9ndose un poco de lo folcl\u00f3rico y transmitir este encuentro, la reuni\u00f3n de los seres humanos en una sociedad compleja.<\/span><\/p>\n<p style=\"text-align: justify;\"><span style=\"color: #000000;\">Agradeci\u00f3 la oportunidad que les dio el M\u00e9rida Fest para continuar el trabajo art\u00edstico, el regreso a los escenarios, con todos los cuidados necesarios y compartirlo.<\/span><\/p>\n<p style=\"text-align: justify;\"><span style=\"color: #000000;\">Lourdes Luna es integrante del Sistema Nacional de Creadores de Arte (2019-2022).<\/span><\/p>\n<p style=\"text-align: justify;\"><span style=\"color: #000000;\">Las presentaciones se realizar\u00e1n los d\u00edas 16 y 17 de enero en el Teatro Jos\u00e9 Pe\u00f3n Contreras, a las 17:30 y 19:30 horas. El aforo es controlado y se cuenta con todas las medidas de seguridad sanitaria.<\/span><\/p>\n<p style=\"text-align: justify;\"><span style=\"color: #000000;\">Los boletos electr\u00f3nicos disponibles se pueden solicitar en <span style=\"text-decoration: underline;\"><span style=\"color: #0000ff; text-decoration: underline;\"><strong><a style=\"color: #0000ff; text-decoration: underline;\" href=\"http:\/\/www.Tusboletos.mx\">www.Tusboletos.mx<\/a><\/strong><\/span><\/span>. <\/span><span style=\"color: #000000;\">Asimismo se podr\u00e1 disfrutar la transmisi\u00f3n en l\u00ednea de la funci\u00f3n del s\u00e1bado 16, a las 19:30 horas desde la cuenta de Facebook M\u00e9rida es Cultura.<\/span><\/p>\n<p style=\"text-align: justify;\"><span style=\"color: #000000;\">La semana pasada en el M\u00e9rida Fest se vivi\u00f3 el estreno en teatro de \u201cLa Cantata de Matthew Shepard\u201d, esta semana toca a la danza y los siguientes estrenos ser\u00e1n en la disciplina de m\u00fasica, con \u201cLa Chan Cil Tropical, AC\/DC (Antes del Covid\/Despu\u00e9s del Covid)\u201d, con funciones el 17 y 22, y de arte circense con el espect\u00e1culo\u00a0 \u201cA la mesa\u201d, con la C\u00eda. Ilaii, el s\u00e1bado 23 y domingo 24 de enero.<\/span><\/p>\n","protected":false},"excerpt":{"rendered":"<p>Es el estreno de este fin de semana en el M\u00e9rida Fest 2021 \u201cLa trova va, una fiesta responsable\u201d.<\/p>\n","protected":false},"author":5,"featured_media":0,"comment_status":"open","ping_status":"closed","sticky":false,"template":"","format":"standard","meta":{"footnotes":""},"categories":[7],"tags":[15788,15066,1378],"class_list":["post-54653","post","type-post","status-publish","format-standard","hentry","category-gobierno","tag-danza","tag-merida-fest-2021","tag-vaqueria"],"yoast_head":"<!-- This site is optimized with the Yoast SEO plugin v28.4 - https:\/\/yoast.com\/product\/yoast-seo-wordpress\/ -->\n<title>Vaquer\u00eda y danza contempor\u00e1nea se unen en \u201cNoche de Luci\u00e9rnagas\u201d<\/title>\n<meta name=\"description\" content=\"Es el estreno de este fin de semana en el M\u00e9rida Fest 2021 \u201cLa trova va, una fiesta responsable\u201d.\" \/>\n<meta name=\"robots\" content=\"index, follow, max-snippet:-1, max-image-preview:large, max-video-preview:-1\" \/>\n<link rel=\"canonical\" href=\"https:\/\/reporteroshoy.mx\/noticias\/vaqueria-y-danza-contemporanea-se-unen-en-noche-de-luciernagas\/\" \/>\n<meta property=\"og:locale\" content=\"es_ES\" \/>\n<meta property=\"og:type\" content=\"article\" \/>\n<meta property=\"og:title\" content=\"Vaquer\u00eda y danza contempor\u00e1nea se unen en \u201cNoche de Luci\u00e9rnagas\u201d\" \/>\n<meta property=\"og:description\" content=\"Es el estreno de este fin de semana en el M\u00e9rida Fest 2021 \u201cLa trova va, una fiesta responsable\u201d.\" \/>\n<meta property=\"og:url\" content=\"https:\/\/reporteroshoy.mx\/noticias\/vaqueria-y-danza-contemporanea-se-unen-en-noche-de-luciernagas\/\" \/>\n<meta property=\"og:site_name\" content=\"Reporteros Hoy | Noticias de Yucat\u00e1n\" \/>\n<meta property=\"article:publisher\" content=\"http:\/\/www.facebook.com\/reporteroshoymx\" \/>\n<meta property=\"article:published_time\" content=\"2021-01-14T21:00:02+00:00\" \/>\n<meta property=\"article:modified_time\" content=\"2021-01-15T16:40:07+00:00\" \/>\n<meta property=\"og:image\" content=\"https:\/\/reporteroshoy.mx\/noticias\/wp-content\/uploads\/2021\/01\/MERIDA-FEST_2.jpeg\" \/>\n\t<meta property=\"og:image:width\" content=\"768\" \/>\n\t<meta property=\"og:image:height\" content=\"512\" \/>\n\t<meta property=\"og:image:type\" content=\"image\/jpeg\" \/>\n<meta name=\"author\" content=\"Reporteros Hoy IM\" \/>\n<meta name=\"twitter:card\" content=\"summary_large_image\" \/>\n<meta name=\"twitter:creator\" content=\"@reporteroshoy\" \/>\n<meta name=\"twitter:site\" content=\"@reporteroshoy\" \/>\n<meta name=\"twitter:label1\" content=\"Escrito por\" \/>\n\t<meta name=\"twitter:data1\" content=\"Reporteros Hoy IM\" \/>\n\t<meta name=\"twitter:label2\" content=\"Tiempo de lectura\" \/>\n\t<meta name=\"twitter:data2\" content=\"3 minutos\" \/>\n<script type=\"application\/ld+json\" class=\"yoast-schema-graph\">{\"@context\":\"https:\\\/\\\/schema.org\",\"@graph\":[{\"@type\":\"Article\",\"@id\":\"https:\\\/\\\/reporteroshoy.mx\\\/noticias\\\/vaqueria-y-danza-contemporanea-se-unen-en-noche-de-luciernagas\\\/#article\",\"isPartOf\":{\"@id\":\"https:\\\/\\\/reporteroshoy.mx\\\/noticias\\\/vaqueria-y-danza-contemporanea-se-unen-en-noche-de-luciernagas\\\/\"},\"author\":{\"name\":\"Reporteros Hoy IM\",\"@id\":\"https:\\\/\\\/reporteroshoy.mx\\\/noticias\\\/#\\\/schema\\\/person\\\/948520f0d88b01be2e5266bc4acbbc15\"},\"headline\":\"Vaquer\u00eda y danza contempor\u00e1nea se unen en \u201cNoche de Luci\u00e9rnagas\u201d\",\"datePublished\":\"2021-01-14T21:00:02+00:00\",\"dateModified\":\"2021-01-15T16:40:07+00:00\",\"mainEntityOfPage\":{\"@id\":\"https:\\\/\\\/reporteroshoy.mx\\\/noticias\\\/vaqueria-y-danza-contemporanea-se-unen-en-noche-de-luciernagas\\\/\"},\"wordCount\":705,\"commentCount\":0,\"keywords\":[\"Danza\",\"M\u00e9rida Fest 2021\",\"Vaquer\u00eda\"],\"articleSection\":[\"Gobierno\"],\"inLanguage\":\"es\",\"potentialAction\":[{\"@type\":\"CommentAction\",\"name\":\"Comment\",\"target\":[\"https:\\\/\\\/reporteroshoy.mx\\\/noticias\\\/vaqueria-y-danza-contemporanea-se-unen-en-noche-de-luciernagas\\\/#respond\"]}]},{\"@type\":\"WebPage\",\"@id\":\"https:\\\/\\\/reporteroshoy.mx\\\/noticias\\\/vaqueria-y-danza-contemporanea-se-unen-en-noche-de-luciernagas\\\/\",\"url\":\"https:\\\/\\\/reporteroshoy.mx\\\/noticias\\\/vaqueria-y-danza-contemporanea-se-unen-en-noche-de-luciernagas\\\/\",\"name\":\"Vaquer\u00eda y danza contempor\u00e1nea se unen en \u201cNoche de Luci\u00e9rnagas\u201d\",\"isPartOf\":{\"@id\":\"https:\\\/\\\/reporteroshoy.mx\\\/noticias\\\/#website\"},\"datePublished\":\"2021-01-14T21:00:02+00:00\",\"dateModified\":\"2021-01-15T16:40:07+00:00\",\"author\":{\"@id\":\"https:\\\/\\\/reporteroshoy.mx\\\/noticias\\\/#\\\/schema\\\/person\\\/948520f0d88b01be2e5266bc4acbbc15\"},\"description\":\"Es el estreno de este fin de semana en el M\u00e9rida Fest 2021 \u201cLa trova va, una fiesta responsable\u201d.\",\"breadcrumb\":{\"@id\":\"https:\\\/\\\/reporteroshoy.mx\\\/noticias\\\/vaqueria-y-danza-contemporanea-se-unen-en-noche-de-luciernagas\\\/#breadcrumb\"},\"inLanguage\":\"es\",\"potentialAction\":[{\"@type\":\"ReadAction\",\"target\":[\"https:\\\/\\\/reporteroshoy.mx\\\/noticias\\\/vaqueria-y-danza-contemporanea-se-unen-en-noche-de-luciernagas\\\/\"]}]},{\"@type\":\"BreadcrumbList\",\"@id\":\"https:\\\/\\\/reporteroshoy.mx\\\/noticias\\\/vaqueria-y-danza-contemporanea-se-unen-en-noche-de-luciernagas\\\/#breadcrumb\",\"itemListElement\":[{\"@type\":\"ListItem\",\"position\":1,\"name\":\"Portada\",\"item\":\"https:\\\/\\\/reporteroshoy.mx\\\/noticias\\\/\"},{\"@type\":\"ListItem\",\"position\":2,\"name\":\"Vaquer\u00eda y danza contempor\u00e1nea se unen en \u201cNoche de Luci\u00e9rnagas\u201d\"}]},{\"@type\":\"WebSite\",\"@id\":\"https:\\\/\\\/reporteroshoy.mx\\\/noticias\\\/#website\",\"url\":\"https:\\\/\\\/reporteroshoy.mx\\\/noticias\\\/\",\"name\":\"Reporteros Hoy | Noticias de Yucat\u00e1n\",\"description\":\"Peri\u00f3dico digital con noticias diarias desde M\u00e9rida, Yucat\u00e1n para el mundo.\",\"potentialAction\":[{\"@type\":\"SearchAction\",\"target\":{\"@type\":\"EntryPoint\",\"urlTemplate\":\"https:\\\/\\\/reporteroshoy.mx\\\/noticias\\\/?s={search_term_string}\"},\"query-input\":{\"@type\":\"PropertyValueSpecification\",\"valueRequired\":true,\"valueName\":\"search_term_string\"}}],\"inLanguage\":\"es\"},{\"@type\":\"Person\",\"@id\":\"https:\\\/\\\/reporteroshoy.mx\\\/noticias\\\/#\\\/schema\\\/person\\\/948520f0d88b01be2e5266bc4acbbc15\",\"name\":\"Reporteros Hoy IM\",\"image\":{\"@type\":\"ImageObject\",\"inLanguage\":\"es\",\"@id\":\"https:\\\/\\\/secure.gravatar.com\\\/avatar\\\/d843030b96552826ac048bdfe26f2895604b800ed0c880ee55765a74d95dfc65?s=96&d=mm&r=g\",\"url\":\"https:\\\/\\\/secure.gravatar.com\\\/avatar\\\/d843030b96552826ac048bdfe26f2895604b800ed0c880ee55765a74d95dfc65?s=96&d=mm&r=g\",\"contentUrl\":\"https:\\\/\\\/secure.gravatar.com\\\/avatar\\\/d843030b96552826ac048bdfe26f2895604b800ed0c880ee55765a74d95dfc65?s=96&d=mm&r=g\",\"caption\":\"Reporteros Hoy IM\"},\"url\":\"https:\\\/\\\/reporteroshoy.mx\\\/noticias\\\/author\\\/israel\\\/\"}]}<\/script>\n<!-- \/ Yoast SEO plugin. -->","yoast_head_json":{"title":"Vaquer\u00eda y danza contempor\u00e1nea se unen en \u201cNoche de Luci\u00e9rnagas\u201d","description":"Es el estreno de este fin de semana en el M\u00e9rida Fest 2021 \u201cLa trova va, una fiesta responsable\u201d.","robots":{"index":"index","follow":"follow","max-snippet":"max-snippet:-1","max-image-preview":"max-image-preview:large","max-video-preview":"max-video-preview:-1"},"canonical":"https:\/\/reporteroshoy.mx\/noticias\/vaqueria-y-danza-contemporanea-se-unen-en-noche-de-luciernagas\/","og_locale":"es_ES","og_type":"article","og_title":"Vaquer\u00eda y danza contempor\u00e1nea se unen en \u201cNoche de Luci\u00e9rnagas\u201d","og_description":"Es el estreno de este fin de semana en el M\u00e9rida Fest 2021 \u201cLa trova va, una fiesta responsable\u201d.","og_url":"https:\/\/reporteroshoy.mx\/noticias\/vaqueria-y-danza-contemporanea-se-unen-en-noche-de-luciernagas\/","og_site_name":"Reporteros Hoy | Noticias de Yucat\u00e1n","article_publisher":"http:\/\/www.facebook.com\/reporteroshoymx","article_published_time":"2021-01-14T21:00:02+00:00","article_modified_time":"2021-01-15T16:40:07+00:00","og_image":[{"width":768,"height":512,"url":"https:\/\/reporteroshoy.mx\/noticias\/wp-content\/uploads\/2021\/01\/MERIDA-FEST_2.jpeg","type":"image\/jpeg"}],"author":"Reporteros Hoy IM","twitter_card":"summary_large_image","twitter_creator":"@reporteroshoy","twitter_site":"@reporteroshoy","twitter_misc":{"Escrito por":"Reporteros Hoy IM","Tiempo de lectura":"3 minutos"},"schema":{"@context":"https:\/\/schema.org","@graph":[{"@type":"Article","@id":"https:\/\/reporteroshoy.mx\/noticias\/vaqueria-y-danza-contemporanea-se-unen-en-noche-de-luciernagas\/#article","isPartOf":{"@id":"https:\/\/reporteroshoy.mx\/noticias\/vaqueria-y-danza-contemporanea-se-unen-en-noche-de-luciernagas\/"},"author":{"name":"Reporteros Hoy IM","@id":"https:\/\/reporteroshoy.mx\/noticias\/#\/schema\/person\/948520f0d88b01be2e5266bc4acbbc15"},"headline":"Vaquer\u00eda y danza contempor\u00e1nea se unen en \u201cNoche de Luci\u00e9rnagas\u201d","datePublished":"2021-01-14T21:00:02+00:00","dateModified":"2021-01-15T16:40:07+00:00","mainEntityOfPage":{"@id":"https:\/\/reporteroshoy.mx\/noticias\/vaqueria-y-danza-contemporanea-se-unen-en-noche-de-luciernagas\/"},"wordCount":705,"commentCount":0,"keywords":["Danza","M\u00e9rida Fest 2021","Vaquer\u00eda"],"articleSection":["Gobierno"],"inLanguage":"es","potentialAction":[{"@type":"CommentAction","name":"Comment","target":["https:\/\/reporteroshoy.mx\/noticias\/vaqueria-y-danza-contemporanea-se-unen-en-noche-de-luciernagas\/#respond"]}]},{"@type":"WebPage","@id":"https:\/\/reporteroshoy.mx\/noticias\/vaqueria-y-danza-contemporanea-se-unen-en-noche-de-luciernagas\/","url":"https:\/\/reporteroshoy.mx\/noticias\/vaqueria-y-danza-contemporanea-se-unen-en-noche-de-luciernagas\/","name":"Vaquer\u00eda y danza contempor\u00e1nea se unen en \u201cNoche de Luci\u00e9rnagas\u201d","isPartOf":{"@id":"https:\/\/reporteroshoy.mx\/noticias\/#website"},"datePublished":"2021-01-14T21:00:02+00:00","dateModified":"2021-01-15T16:40:07+00:00","author":{"@id":"https:\/\/reporteroshoy.mx\/noticias\/#\/schema\/person\/948520f0d88b01be2e5266bc4acbbc15"},"description":"Es el estreno de este fin de semana en el M\u00e9rida Fest 2021 \u201cLa trova va, una fiesta responsable\u201d.","breadcrumb":{"@id":"https:\/\/reporteroshoy.mx\/noticias\/vaqueria-y-danza-contemporanea-se-unen-en-noche-de-luciernagas\/#breadcrumb"},"inLanguage":"es","potentialAction":[{"@type":"ReadAction","target":["https:\/\/reporteroshoy.mx\/noticias\/vaqueria-y-danza-contemporanea-se-unen-en-noche-de-luciernagas\/"]}]},{"@type":"BreadcrumbList","@id":"https:\/\/reporteroshoy.mx\/noticias\/vaqueria-y-danza-contemporanea-se-unen-en-noche-de-luciernagas\/#breadcrumb","itemListElement":[{"@type":"ListItem","position":1,"name":"Portada","item":"https:\/\/reporteroshoy.mx\/noticias\/"},{"@type":"ListItem","position":2,"name":"Vaquer\u00eda y danza contempor\u00e1nea se unen en \u201cNoche de Luci\u00e9rnagas\u201d"}]},{"@type":"WebSite","@id":"https:\/\/reporteroshoy.mx\/noticias\/#website","url":"https:\/\/reporteroshoy.mx\/noticias\/","name":"Reporteros Hoy | Noticias de Yucat\u00e1n","description":"Peri\u00f3dico digital con noticias diarias desde M\u00e9rida, Yucat\u00e1n para el mundo.","potentialAction":[{"@type":"SearchAction","target":{"@type":"EntryPoint","urlTemplate":"https:\/\/reporteroshoy.mx\/noticias\/?s={search_term_string}"},"query-input":{"@type":"PropertyValueSpecification","valueRequired":true,"valueName":"search_term_string"}}],"inLanguage":"es"},{"@type":"Person","@id":"https:\/\/reporteroshoy.mx\/noticias\/#\/schema\/person\/948520f0d88b01be2e5266bc4acbbc15","name":"Reporteros Hoy IM","image":{"@type":"ImageObject","inLanguage":"es","@id":"https:\/\/secure.gravatar.com\/avatar\/d843030b96552826ac048bdfe26f2895604b800ed0c880ee55765a74d95dfc65?s=96&d=mm&r=g","url":"https:\/\/secure.gravatar.com\/avatar\/d843030b96552826ac048bdfe26f2895604b800ed0c880ee55765a74d95dfc65?s=96&d=mm&r=g","contentUrl":"https:\/\/secure.gravatar.com\/avatar\/d843030b96552826ac048bdfe26f2895604b800ed0c880ee55765a74d95dfc65?s=96&d=mm&r=g","caption":"Reporteros Hoy IM"},"url":"https:\/\/reporteroshoy.mx\/noticias\/author\/israel\/"}]}},"_links":{"self":[{"href":"https:\/\/reporteroshoy.mx\/noticias\/wp-json\/wp\/v2\/posts\/54653","targetHints":{"allow":["GET"]}}],"collection":[{"href":"https:\/\/reporteroshoy.mx\/noticias\/wp-json\/wp\/v2\/posts"}],"about":[{"href":"https:\/\/reporteroshoy.mx\/noticias\/wp-json\/wp\/v2\/types\/post"}],"author":[{"embeddable":true,"href":"https:\/\/reporteroshoy.mx\/noticias\/wp-json\/wp\/v2\/users\/5"}],"replies":[{"embeddable":true,"href":"https:\/\/reporteroshoy.mx\/noticias\/wp-json\/wp\/v2\/comments?post=54653"}],"version-history":[{"count":0,"href":"https:\/\/reporteroshoy.mx\/noticias\/wp-json\/wp\/v2\/posts\/54653\/revisions"}],"wp:attachment":[{"href":"https:\/\/reporteroshoy.mx\/noticias\/wp-json\/wp\/v2\/media?parent=54653"}],"wp:term":[{"taxonomy":"category","embeddable":true,"href":"https:\/\/reporteroshoy.mx\/noticias\/wp-json\/wp\/v2\/categories?post=54653"},{"taxonomy":"post_tag","embeddable":true,"href":"https:\/\/reporteroshoy.mx\/noticias\/wp-json\/wp\/v2\/tags?post=54653"}],"curies":[{"name":"wp","href":"https:\/\/api.w.org\/{rel}","templated":true}]}}