{"id":55186,"date":"2021-01-21T17:30:26","date_gmt":"2021-01-21T23:30:26","guid":{"rendered":"https:\/\/reporteroshoy.mx\/noticias\/?p=55186"},"modified":"2021-01-22T10:38:23","modified_gmt":"2021-01-22T16:38:23","slug":"arte-y-misticismo-de-tres-culturas-llega-al-museo-de-la-ciudad","status":"publish","type":"post","link":"https:\/\/reporteroshoy.mx\/noticias\/arte-y-misticismo-de-tres-culturas-llega-al-museo-de-la-ciudad\/","title":{"rendered":"Arte y misticismo de tres culturas llega al Museo de la Ciudad"},"content":{"rendered":"<p style=\"text-align: justify;\"><span style=\"color: #000000;\">M\u00e9rida, Yucat\u00e1n, 21 de enero de 2021.- Una mezcla de influencias de arte mixteco, maya y mexica que enriquecen el lenguaje pl\u00e1stico encierra la colecci\u00f3n \u201cAlientos y susurros del Mayab. 16 a\u00f1os de influencias\u201d del artista Abel V\u00e1zquez que a partir de ma\u00f1ana comenzar\u00e1 su estancia en el Museo de la Ciudad de M\u00e9rida.<\/span><\/p>\n<p style=\"text-align: justify;\"><span style=\"color: #000000;\">Abel es un artista visual mixteco, oriundo de Oaxaca y celebra 16 a\u00f1os de vivir en M\u00e9rida, y 45 a\u00f1os de trayectoria art\u00edstica, lo cual lo ha motivado a realizar obras en peque\u00f1as y grandes narrativas que se dan paso a trav\u00e9s de la pintura, escultura, bocetos, dibujos y tapices, comparti\u00f3 esta tarde en un encuentro con los medios de comunicaci\u00f3n en el museo.<\/span><\/p>\n<p><span style=\"color: #000000;\"><img loading=\"lazy\" decoding=\"async\" class=\"wp-image-55184 aligncenter\" src=\"https:\/\/reporteroshoy.mx\/noticias\/wp-content\/uploads\/2021\/01\/MERIDA-FEST-2021-210121_2-scaled.jpeg\" alt=\"\" width=\"653\" height=\"435\" \/><\/span><\/p>\n<p style=\"text-align: justify;\"><span style=\"color: #000000;\">Esta colecci\u00f3n forma parte de las actividades de artes visuales del M\u00e9rida Fest 2021 \u201cLa trova va, una fiesta responsable\u201d.<\/span><\/p>\n<p style=\"text-align: justify;\"><span style=\"color: #000000;\">El artista se siente bendecido por estar en esta tierra. Ha migrado y se ha adaptado a diferentes residencias, enriqueciendo as\u00ed su lenguaje pl\u00e1stico, dej\u00e1ndose influenciar por todo, la a\u00f1oranza por su tierra y su cercan\u00eda con sus ra\u00edces. Su abuela, unida al chamanismo y la espiritualidad como medio de sanaci\u00f3n, cobran importancia protag\u00f3nica aludiendo a todo aquello que da forma a una mitolog\u00eda personal de un mundo m\u00e1gico vivido intensamente en la infancia, siempre ligado a la tierra.<\/span><\/p>\n<p style=\"text-align: justify;\"><span style=\"color: #000000;\">Su formaci\u00f3n profesional la realiz\u00f3 en la Escuela Nacional de Pintura, Escultura y Grabado \u201cLa Esmeralda\u201d (generaci\u00f3n 1977-1982) egresando como escultor, para posteriormente desarrollarse con plenitud y de forma magistral principalmente en el \u00e1rea de la pintura.<\/span><\/p>\n<p style=\"text-align: justify;\"><span style=\"color: #000000;\">Es precisamente la influencia de sus ra\u00edces, su paso por el arte del centro del pa\u00eds y la riqueza de la cultura maya la que refleja en cada trabajo expuesto.<\/span><\/p>\n<p><span style=\"color: #000000;\"><img loading=\"lazy\" decoding=\"async\" class=\"wp-image-55182 aligncenter\" src=\"https:\/\/reporteroshoy.mx\/noticias\/wp-content\/uploads\/2021\/01\/MERIDA-FEST-2021-210121_4-scaled.jpeg\" alt=\"\" width=\"581\" height=\"387\" \/><\/span><\/p>\n<p style=\"text-align: justify;\"><span style=\"color: #000000;\">En sus obras aborda diversos temas inspirados en la mujer, la tierra, elementos fundamentales como la tierra, el fuego, aire y agua; otros tiene que ver con sus sue\u00f1os, la familia, peque\u00f1os detalles con los que se ha topado en la vida y el arte, detall\u00f3. \u201cSoy artista por la necesidad de satisfacer mi felicidad, esa emoci\u00f3n que d\u00eda a d\u00eda sigue presente en cada obra\u201d.<\/span><\/p>\n<p style=\"text-align: justify;\"><span style=\"color: #000000;\">Los tapices fueron logrados por la d\u00e9cada de los noventas, lo mismo que algunos dibujos, mientras que toda la obra pict\u00f3rica fueron creados en M\u00e9rida.<\/span><\/p>\n<p style=\"text-align: justify;\"><span style=\"color: #000000;\">Su proceso creativo parte de las vivencias que experimenta, pasando del dibujo a la acuarela donde las historias comienzan a plasmarse. De ah\u00ed surgen narrativas que crecen y pasan a las telas, al acr\u00edlico -una t\u00e9cnica que le ha encantado-, y\u00a0 materiales diversos.<\/span><\/p>\n<p style=\"text-align: justify;\"><span style=\"color: #000000;\">Sobre la pandemia que se vive y que ha orillado al encierro a la sociedad, coment\u00f3 que la ve como cualquier otra enfermedad que le permiti\u00f3 estar trabajando un poco m\u00e1s. \u201cDejar de ver a la gente me impact\u00f3 porque ese contacto visual es el que me alimenta, pero el arte sigue su camino\u201d.<\/span><\/p>\n<p style=\"text-align: justify;\"><span style=\"color: #000000;\">En la colecci\u00f3n destaca el dominio que el artista tiene en el color, as\u00ed como ejemplos desde los inicios de sus procesos creativos llevados a diversas t\u00e9cnicas, adem\u00e1s del acr\u00edlico y acuarela, las mezclas de arcillas, arenas y pigmentos en polvo. Aborda tambi\u00e9n el dibujo y el tapiz tejido a mano en colaboraci\u00f3n con la maestra artesana Esther Ortiz, as\u00ed como el desarrollo de diversas t\u00e9cnicas de la escultura, dando vida a un mundo m\u00edstico, on\u00edrico y espiritual.<\/span><\/p>\n<p style=\"text-align: justify;\"><span style=\"color: #000000;\">Antes de recorrer la exposici\u00f3n, integrada por m\u00e1s de 30 piezas, el artista agradeci\u00f3 a las autoridades municipales la oportunidad de poder compartir su arte.<\/span><\/p>\n<p><span style=\"color: #000000;\"><img loading=\"lazy\" decoding=\"async\" class=\"wp-image-55185 aligncenter\" src=\"https:\/\/reporteroshoy.mx\/noticias\/wp-content\/uploads\/2021\/01\/MERIDA-FEST-2021-210121_1-scaled.jpeg\" alt=\"\" width=\"647\" height=\"431\" \/><\/span><\/p>\n<p style=\"text-align: justify;\"><span style=\"color: #000000;\">Cada obra cuenta con c\u00f3digo QR que enlaza a la p\u00e1gina de la Galer\u00eda Nahualli Casa de los Artistas donde se puede obtener m\u00e1s informaci\u00f3n de los trabajos.<\/span><\/p>\n<p style=\"text-align: justify;\"><span style=\"color: #000000;\">Jos\u00e9 Manuel Civeira Garc\u00eda, jefe del Museos, expuso que para el Museo de la Ciudad es importante mantener la apertura y acercamiento con los artistas, sobre todo en los tiempos dif\u00edciles que se est\u00e1n viviendo. \u201cEl alcalde Ren\u00e1n Barrera Concha nos ha pedido mantener este esfuerzo y darle a los meridanos espacios abiertos para disfrutar la cultura y donde los artistas puedan mostrar su arte\u201d.<\/span><\/p>\n<p style=\"text-align: justify;\"><span style=\"color: #000000;\">La apertura de la exposici\u00f3n \u201cAlientos y susurros del Mayab. 16 a\u00f1os de influencias\u201d de Abel V\u00e1zquez se realizar\u00e1 este viernes 22 de enero, a las 11 de la ma\u00f1ana y estar\u00e1 expuesta de dos a tres meses en el primer piso del museo (ala norte).<\/span><\/p>\n<p style=\"text-align: justify;\"><span style=\"color: #000000;\">Asimismo, se realizar\u00e1 tambi\u00e9n la reapertura de la muestra \u201cBella singularidad\u201d de Jackie Jones.<\/span><\/p>\n<p style=\"text-align: justify;\"><span style=\"color: #000000;\">Con estas colecciones, el Museo de la Ciudad de M\u00e9rida completa su oferta cultural, con todas sus salas permanentes, temporales y la Galer\u00eda de Arte Municipal abiertas para todos.<\/span><\/p>\n<p style=\"text-align: justify;\"><span style=\"color: #000000;\">El espacio cultural se puede visitar de martes a viernes de 9 a 16 horas, s\u00e1bados y domingo, de 10 a 16 horas. La entrada es gratuita, con aforo controlado a 26 personas por piso.<\/span><\/p>\n","protected":false},"excerpt":{"rendered":"<p>El artista Abel V\u00e1zquez celebra 16 a\u00f1os de influencias art\u00edsticas en el M\u00e9rida Fest 2021. <\/p>\n","protected":false},"author":5,"featured_media":55184,"comment_status":"open","ping_status":"closed","sticky":false,"template":"","format":"standard","meta":{"footnotes":""},"categories":[7],"tags":[15901,24,2622,15066],"class_list":["post-55186","post","type-post","status-publish","format-standard","has-post-thumbnail","hentry","category-gobierno","tag-abel-vazquez","tag-ayuntamiento-de-merida","tag-cultura","tag-merida-fest-2021"],"yoast_head":"<!-- This site is optimized with the Yoast SEO plugin v28.4 - https:\/\/yoast.com\/product\/yoast-seo-wordpress\/ -->\n<title>Arte y misticismo de tres culturas llega al Museo de la Ciudad<\/title>\n<meta name=\"description\" content=\"El artista Abel V\u00e1zquez celebra 16 a\u00f1os de influencias art\u00edsticas en el M\u00e9rida Fest 2021.\" \/>\n<meta name=\"robots\" content=\"index, follow, max-snippet:-1, max-image-preview:large, max-video-preview:-1\" \/>\n<link rel=\"canonical\" href=\"https:\/\/reporteroshoy.mx\/noticias\/arte-y-misticismo-de-tres-culturas-llega-al-museo-de-la-ciudad\/\" \/>\n<meta property=\"og:locale\" content=\"es_ES\" \/>\n<meta property=\"og:type\" content=\"article\" \/>\n<meta property=\"og:title\" content=\"Arte y misticismo de tres culturas llega al Museo de la Ciudad\" \/>\n<meta property=\"og:description\" content=\"El artista Abel V\u00e1zquez celebra 16 a\u00f1os de influencias art\u00edsticas en el M\u00e9rida Fest 2021.\" \/>\n<meta property=\"og:url\" content=\"https:\/\/reporteroshoy.mx\/noticias\/arte-y-misticismo-de-tres-culturas-llega-al-museo-de-la-ciudad\/\" \/>\n<meta property=\"og:site_name\" content=\"Reporteros Hoy | Noticias de Yucat\u00e1n\" \/>\n<meta property=\"article:publisher\" content=\"http:\/\/www.facebook.com\/reporteroshoymx\" \/>\n<meta property=\"article:published_time\" content=\"2021-01-21T23:30:26+00:00\" \/>\n<meta property=\"article:modified_time\" content=\"2021-01-22T16:38:23+00:00\" \/>\n<meta property=\"og:image\" content=\"https:\/\/reporteroshoy.mx\/noticias\/wp-content\/uploads\/2021\/01\/MERIDA-FEST-2021-210121_2-scaled.jpeg\" \/>\n\t<meta property=\"og:image:width\" content=\"768\" \/>\n\t<meta property=\"og:image:height\" content=\"512\" \/>\n\t<meta property=\"og:image:type\" content=\"image\/jpeg\" \/>\n<meta name=\"author\" content=\"Reporteros Hoy IM\" \/>\n<meta name=\"twitter:card\" content=\"summary_large_image\" \/>\n<meta name=\"twitter:creator\" content=\"@reporteroshoy\" \/>\n<meta name=\"twitter:site\" content=\"@reporteroshoy\" \/>\n<meta name=\"twitter:label1\" content=\"Escrito por\" \/>\n\t<meta name=\"twitter:data1\" content=\"Reporteros Hoy IM\" \/>\n\t<meta name=\"twitter:label2\" content=\"Tiempo de lectura\" \/>\n\t<meta name=\"twitter:data2\" content=\"4 minutos\" \/>\n<script type=\"application\/ld+json\" class=\"yoast-schema-graph\">{\"@context\":\"https:\\\/\\\/schema.org\",\"@graph\":[{\"@type\":\"Article\",\"@id\":\"https:\\\/\\\/reporteroshoy.mx\\\/noticias\\\/arte-y-misticismo-de-tres-culturas-llega-al-museo-de-la-ciudad\\\/#article\",\"isPartOf\":{\"@id\":\"https:\\\/\\\/reporteroshoy.mx\\\/noticias\\\/arte-y-misticismo-de-tres-culturas-llega-al-museo-de-la-ciudad\\\/\"},\"author\":{\"name\":\"Reporteros Hoy IM\",\"@id\":\"https:\\\/\\\/reporteroshoy.mx\\\/noticias\\\/#\\\/schema\\\/person\\\/948520f0d88b01be2e5266bc4acbbc15\"},\"headline\":\"Arte y misticismo de tres culturas llega al Museo de la Ciudad\",\"datePublished\":\"2021-01-21T23:30:26+00:00\",\"dateModified\":\"2021-01-22T16:38:23+00:00\",\"mainEntityOfPage\":{\"@id\":\"https:\\\/\\\/reporteroshoy.mx\\\/noticias\\\/arte-y-misticismo-de-tres-culturas-llega-al-museo-de-la-ciudad\\\/\"},\"wordCount\":859,\"commentCount\":0,\"image\":{\"@id\":\"https:\\\/\\\/reporteroshoy.mx\\\/noticias\\\/arte-y-misticismo-de-tres-culturas-llega-al-museo-de-la-ciudad\\\/#primaryimage\"},\"thumbnailUrl\":\"https:\\\/\\\/reporteroshoy.mx\\\/noticias\\\/wp-content\\\/uploads\\\/2021\\\/01\\\/MERIDA-FEST-2021-210121_2-scaled.jpeg\",\"keywords\":[\"Abel V\u00e1zquez\",\"ayuntamiento de merida\",\"Cultura\",\"M\u00e9rida Fest 2021\"],\"articleSection\":[\"Gobierno\"],\"inLanguage\":\"es\",\"potentialAction\":[{\"@type\":\"CommentAction\",\"name\":\"Comment\",\"target\":[\"https:\\\/\\\/reporteroshoy.mx\\\/noticias\\\/arte-y-misticismo-de-tres-culturas-llega-al-museo-de-la-ciudad\\\/#respond\"]}]},{\"@type\":\"WebPage\",\"@id\":\"https:\\\/\\\/reporteroshoy.mx\\\/noticias\\\/arte-y-misticismo-de-tres-culturas-llega-al-museo-de-la-ciudad\\\/\",\"url\":\"https:\\\/\\\/reporteroshoy.mx\\\/noticias\\\/arte-y-misticismo-de-tres-culturas-llega-al-museo-de-la-ciudad\\\/\",\"name\":\"Arte y misticismo de tres culturas llega al Museo de la Ciudad\",\"isPartOf\":{\"@id\":\"https:\\\/\\\/reporteroshoy.mx\\\/noticias\\\/#website\"},\"primaryImageOfPage\":{\"@id\":\"https:\\\/\\\/reporteroshoy.mx\\\/noticias\\\/arte-y-misticismo-de-tres-culturas-llega-al-museo-de-la-ciudad\\\/#primaryimage\"},\"image\":{\"@id\":\"https:\\\/\\\/reporteroshoy.mx\\\/noticias\\\/arte-y-misticismo-de-tres-culturas-llega-al-museo-de-la-ciudad\\\/#primaryimage\"},\"thumbnailUrl\":\"https:\\\/\\\/reporteroshoy.mx\\\/noticias\\\/wp-content\\\/uploads\\\/2021\\\/01\\\/MERIDA-FEST-2021-210121_2-scaled.jpeg\",\"datePublished\":\"2021-01-21T23:30:26+00:00\",\"dateModified\":\"2021-01-22T16:38:23+00:00\",\"author\":{\"@id\":\"https:\\\/\\\/reporteroshoy.mx\\\/noticias\\\/#\\\/schema\\\/person\\\/948520f0d88b01be2e5266bc4acbbc15\"},\"description\":\"El artista Abel V\u00e1zquez celebra 16 a\u00f1os de influencias art\u00edsticas en el M\u00e9rida Fest 2021.\",\"breadcrumb\":{\"@id\":\"https:\\\/\\\/reporteroshoy.mx\\\/noticias\\\/arte-y-misticismo-de-tres-culturas-llega-al-museo-de-la-ciudad\\\/#breadcrumb\"},\"inLanguage\":\"es\",\"potentialAction\":[{\"@type\":\"ReadAction\",\"target\":[\"https:\\\/\\\/reporteroshoy.mx\\\/noticias\\\/arte-y-misticismo-de-tres-culturas-llega-al-museo-de-la-ciudad\\\/\"]}]},{\"@type\":\"ImageObject\",\"inLanguage\":\"es\",\"@id\":\"https:\\\/\\\/reporteroshoy.mx\\\/noticias\\\/arte-y-misticismo-de-tres-culturas-llega-al-museo-de-la-ciudad\\\/#primaryimage\",\"url\":\"https:\\\/\\\/reporteroshoy.mx\\\/noticias\\\/wp-content\\\/uploads\\\/2021\\\/01\\\/MERIDA-FEST-2021-210121_2-scaled.jpeg\",\"contentUrl\":\"https:\\\/\\\/reporteroshoy.mx\\\/noticias\\\/wp-content\\\/uploads\\\/2021\\\/01\\\/MERIDA-FEST-2021-210121_2-scaled.jpeg\",\"width\":768,\"height\":512},{\"@type\":\"BreadcrumbList\",\"@id\":\"https:\\\/\\\/reporteroshoy.mx\\\/noticias\\\/arte-y-misticismo-de-tres-culturas-llega-al-museo-de-la-ciudad\\\/#breadcrumb\",\"itemListElement\":[{\"@type\":\"ListItem\",\"position\":1,\"name\":\"Portada\",\"item\":\"https:\\\/\\\/reporteroshoy.mx\\\/noticias\\\/\"},{\"@type\":\"ListItem\",\"position\":2,\"name\":\"Arte y misticismo de tres culturas llega al Museo de la Ciudad\"}]},{\"@type\":\"WebSite\",\"@id\":\"https:\\\/\\\/reporteroshoy.mx\\\/noticias\\\/#website\",\"url\":\"https:\\\/\\\/reporteroshoy.mx\\\/noticias\\\/\",\"name\":\"Reporteros Hoy | Noticias de Yucat\u00e1n\",\"description\":\"Peri\u00f3dico digital con noticias diarias desde M\u00e9rida, Yucat\u00e1n para el mundo.\",\"potentialAction\":[{\"@type\":\"SearchAction\",\"target\":{\"@type\":\"EntryPoint\",\"urlTemplate\":\"https:\\\/\\\/reporteroshoy.mx\\\/noticias\\\/?s={search_term_string}\"},\"query-input\":{\"@type\":\"PropertyValueSpecification\",\"valueRequired\":true,\"valueName\":\"search_term_string\"}}],\"inLanguage\":\"es\"},{\"@type\":\"Person\",\"@id\":\"https:\\\/\\\/reporteroshoy.mx\\\/noticias\\\/#\\\/schema\\\/person\\\/948520f0d88b01be2e5266bc4acbbc15\",\"name\":\"Reporteros Hoy IM\",\"image\":{\"@type\":\"ImageObject\",\"inLanguage\":\"es\",\"@id\":\"https:\\\/\\\/secure.gravatar.com\\\/avatar\\\/d843030b96552826ac048bdfe26f2895604b800ed0c880ee55765a74d95dfc65?s=96&d=mm&r=g\",\"url\":\"https:\\\/\\\/secure.gravatar.com\\\/avatar\\\/d843030b96552826ac048bdfe26f2895604b800ed0c880ee55765a74d95dfc65?s=96&d=mm&r=g\",\"contentUrl\":\"https:\\\/\\\/secure.gravatar.com\\\/avatar\\\/d843030b96552826ac048bdfe26f2895604b800ed0c880ee55765a74d95dfc65?s=96&d=mm&r=g\",\"caption\":\"Reporteros Hoy IM\"},\"url\":\"https:\\\/\\\/reporteroshoy.mx\\\/noticias\\\/author\\\/israel\\\/\"}]}<\/script>\n<!-- \/ Yoast SEO plugin. -->","yoast_head_json":{"title":"Arte y misticismo de tres culturas llega al Museo de la Ciudad","description":"El artista Abel V\u00e1zquez celebra 16 a\u00f1os de influencias art\u00edsticas en el M\u00e9rida Fest 2021.","robots":{"index":"index","follow":"follow","max-snippet":"max-snippet:-1","max-image-preview":"max-image-preview:large","max-video-preview":"max-video-preview:-1"},"canonical":"https:\/\/reporteroshoy.mx\/noticias\/arte-y-misticismo-de-tres-culturas-llega-al-museo-de-la-ciudad\/","og_locale":"es_ES","og_type":"article","og_title":"Arte y misticismo de tres culturas llega al Museo de la Ciudad","og_description":"El artista Abel V\u00e1zquez celebra 16 a\u00f1os de influencias art\u00edsticas en el M\u00e9rida Fest 2021.","og_url":"https:\/\/reporteroshoy.mx\/noticias\/arte-y-misticismo-de-tres-culturas-llega-al-museo-de-la-ciudad\/","og_site_name":"Reporteros Hoy | Noticias de Yucat\u00e1n","article_publisher":"http:\/\/www.facebook.com\/reporteroshoymx","article_published_time":"2021-01-21T23:30:26+00:00","article_modified_time":"2021-01-22T16:38:23+00:00","og_image":[{"width":768,"height":512,"url":"https:\/\/reporteroshoy.mx\/noticias\/wp-content\/uploads\/2021\/01\/MERIDA-FEST-2021-210121_2-scaled.jpeg","type":"image\/jpeg"}],"author":"Reporteros Hoy IM","twitter_card":"summary_large_image","twitter_creator":"@reporteroshoy","twitter_site":"@reporteroshoy","twitter_misc":{"Escrito por":"Reporteros Hoy IM","Tiempo de lectura":"4 minutos"},"schema":{"@context":"https:\/\/schema.org","@graph":[{"@type":"Article","@id":"https:\/\/reporteroshoy.mx\/noticias\/arte-y-misticismo-de-tres-culturas-llega-al-museo-de-la-ciudad\/#article","isPartOf":{"@id":"https:\/\/reporteroshoy.mx\/noticias\/arte-y-misticismo-de-tres-culturas-llega-al-museo-de-la-ciudad\/"},"author":{"name":"Reporteros Hoy IM","@id":"https:\/\/reporteroshoy.mx\/noticias\/#\/schema\/person\/948520f0d88b01be2e5266bc4acbbc15"},"headline":"Arte y misticismo de tres culturas llega al Museo de la Ciudad","datePublished":"2021-01-21T23:30:26+00:00","dateModified":"2021-01-22T16:38:23+00:00","mainEntityOfPage":{"@id":"https:\/\/reporteroshoy.mx\/noticias\/arte-y-misticismo-de-tres-culturas-llega-al-museo-de-la-ciudad\/"},"wordCount":859,"commentCount":0,"image":{"@id":"https:\/\/reporteroshoy.mx\/noticias\/arte-y-misticismo-de-tres-culturas-llega-al-museo-de-la-ciudad\/#primaryimage"},"thumbnailUrl":"https:\/\/reporteroshoy.mx\/noticias\/wp-content\/uploads\/2021\/01\/MERIDA-FEST-2021-210121_2-scaled.jpeg","keywords":["Abel V\u00e1zquez","ayuntamiento de merida","Cultura","M\u00e9rida Fest 2021"],"articleSection":["Gobierno"],"inLanguage":"es","potentialAction":[{"@type":"CommentAction","name":"Comment","target":["https:\/\/reporteroshoy.mx\/noticias\/arte-y-misticismo-de-tres-culturas-llega-al-museo-de-la-ciudad\/#respond"]}]},{"@type":"WebPage","@id":"https:\/\/reporteroshoy.mx\/noticias\/arte-y-misticismo-de-tres-culturas-llega-al-museo-de-la-ciudad\/","url":"https:\/\/reporteroshoy.mx\/noticias\/arte-y-misticismo-de-tres-culturas-llega-al-museo-de-la-ciudad\/","name":"Arte y misticismo de tres culturas llega al Museo de la Ciudad","isPartOf":{"@id":"https:\/\/reporteroshoy.mx\/noticias\/#website"},"primaryImageOfPage":{"@id":"https:\/\/reporteroshoy.mx\/noticias\/arte-y-misticismo-de-tres-culturas-llega-al-museo-de-la-ciudad\/#primaryimage"},"image":{"@id":"https:\/\/reporteroshoy.mx\/noticias\/arte-y-misticismo-de-tres-culturas-llega-al-museo-de-la-ciudad\/#primaryimage"},"thumbnailUrl":"https:\/\/reporteroshoy.mx\/noticias\/wp-content\/uploads\/2021\/01\/MERIDA-FEST-2021-210121_2-scaled.jpeg","datePublished":"2021-01-21T23:30:26+00:00","dateModified":"2021-01-22T16:38:23+00:00","author":{"@id":"https:\/\/reporteroshoy.mx\/noticias\/#\/schema\/person\/948520f0d88b01be2e5266bc4acbbc15"},"description":"El artista Abel V\u00e1zquez celebra 16 a\u00f1os de influencias art\u00edsticas en el M\u00e9rida Fest 2021.","breadcrumb":{"@id":"https:\/\/reporteroshoy.mx\/noticias\/arte-y-misticismo-de-tres-culturas-llega-al-museo-de-la-ciudad\/#breadcrumb"},"inLanguage":"es","potentialAction":[{"@type":"ReadAction","target":["https:\/\/reporteroshoy.mx\/noticias\/arte-y-misticismo-de-tres-culturas-llega-al-museo-de-la-ciudad\/"]}]},{"@type":"ImageObject","inLanguage":"es","@id":"https:\/\/reporteroshoy.mx\/noticias\/arte-y-misticismo-de-tres-culturas-llega-al-museo-de-la-ciudad\/#primaryimage","url":"https:\/\/reporteroshoy.mx\/noticias\/wp-content\/uploads\/2021\/01\/MERIDA-FEST-2021-210121_2-scaled.jpeg","contentUrl":"https:\/\/reporteroshoy.mx\/noticias\/wp-content\/uploads\/2021\/01\/MERIDA-FEST-2021-210121_2-scaled.jpeg","width":768,"height":512},{"@type":"BreadcrumbList","@id":"https:\/\/reporteroshoy.mx\/noticias\/arte-y-misticismo-de-tres-culturas-llega-al-museo-de-la-ciudad\/#breadcrumb","itemListElement":[{"@type":"ListItem","position":1,"name":"Portada","item":"https:\/\/reporteroshoy.mx\/noticias\/"},{"@type":"ListItem","position":2,"name":"Arte y misticismo de tres culturas llega al Museo de la Ciudad"}]},{"@type":"WebSite","@id":"https:\/\/reporteroshoy.mx\/noticias\/#website","url":"https:\/\/reporteroshoy.mx\/noticias\/","name":"Reporteros Hoy | Noticias de Yucat\u00e1n","description":"Peri\u00f3dico digital con noticias diarias desde M\u00e9rida, Yucat\u00e1n para el mundo.","potentialAction":[{"@type":"SearchAction","target":{"@type":"EntryPoint","urlTemplate":"https:\/\/reporteroshoy.mx\/noticias\/?s={search_term_string}"},"query-input":{"@type":"PropertyValueSpecification","valueRequired":true,"valueName":"search_term_string"}}],"inLanguage":"es"},{"@type":"Person","@id":"https:\/\/reporteroshoy.mx\/noticias\/#\/schema\/person\/948520f0d88b01be2e5266bc4acbbc15","name":"Reporteros Hoy IM","image":{"@type":"ImageObject","inLanguage":"es","@id":"https:\/\/secure.gravatar.com\/avatar\/d843030b96552826ac048bdfe26f2895604b800ed0c880ee55765a74d95dfc65?s=96&d=mm&r=g","url":"https:\/\/secure.gravatar.com\/avatar\/d843030b96552826ac048bdfe26f2895604b800ed0c880ee55765a74d95dfc65?s=96&d=mm&r=g","contentUrl":"https:\/\/secure.gravatar.com\/avatar\/d843030b96552826ac048bdfe26f2895604b800ed0c880ee55765a74d95dfc65?s=96&d=mm&r=g","caption":"Reporteros Hoy IM"},"url":"https:\/\/reporteroshoy.mx\/noticias\/author\/israel\/"}]}},"_links":{"self":[{"href":"https:\/\/reporteroshoy.mx\/noticias\/wp-json\/wp\/v2\/posts\/55186","targetHints":{"allow":["GET"]}}],"collection":[{"href":"https:\/\/reporteroshoy.mx\/noticias\/wp-json\/wp\/v2\/posts"}],"about":[{"href":"https:\/\/reporteroshoy.mx\/noticias\/wp-json\/wp\/v2\/types\/post"}],"author":[{"embeddable":true,"href":"https:\/\/reporteroshoy.mx\/noticias\/wp-json\/wp\/v2\/users\/5"}],"replies":[{"embeddable":true,"href":"https:\/\/reporteroshoy.mx\/noticias\/wp-json\/wp\/v2\/comments?post=55186"}],"version-history":[{"count":0,"href":"https:\/\/reporteroshoy.mx\/noticias\/wp-json\/wp\/v2\/posts\/55186\/revisions"}],"wp:featuredmedia":[{"embeddable":true,"href":"https:\/\/reporteroshoy.mx\/noticias\/wp-json\/wp\/v2\/media\/55184"}],"wp:attachment":[{"href":"https:\/\/reporteroshoy.mx\/noticias\/wp-json\/wp\/v2\/media?parent=55186"}],"wp:term":[{"taxonomy":"category","embeddable":true,"href":"https:\/\/reporteroshoy.mx\/noticias\/wp-json\/wp\/v2\/categories?post=55186"},{"taxonomy":"post_tag","embeddable":true,"href":"https:\/\/reporteroshoy.mx\/noticias\/wp-json\/wp\/v2\/tags?post=55186"}],"curies":[{"name":"wp","href":"https:\/\/api.w.org\/{rel}","templated":true}]}}