{"id":55995,"date":"2021-02-02T19:00:52","date_gmt":"2021-02-03T01:00:52","guid":{"rendered":"https:\/\/reporteroshoy.mx\/noticias\/?p=55995"},"modified":"2021-02-03T14:19:43","modified_gmt":"2021-02-03T20:19:43","slug":"estudian-trafico-en-el-paso-deprimido-pronto-decidiran-que-hacer-con-el","status":"publish","type":"post","link":"https:\/\/reporteroshoy.mx\/noticias\/estudian-trafico-en-el-paso-deprimido-pronto-decidiran-que-hacer-con-el\/","title":{"rendered":"Estudian tr\u00e1fico en el &#8216;paso deprimido&#8217;; pronto decidir\u00e1n qu\u00e9 hacer con \u00e9l"},"content":{"rendered":"<p style=\"text-align: justify;\">M\u00e9rida, Yucat\u00e1n; 2 de febrero de 2021.- Como parte de los an\u00e1lisis que se realizan para encontrar la mejor opci\u00f3n que permita dar soluci\u00f3n al problema que representa el distribuidor vial ubicado en Prolongaci\u00f3n de Paseo de Montejo, se realiz\u00f3 el estudio de aforo vehicular que permite conocer a detalle las caracter\u00edsticas de tr\u00e1nsito que registra esa zona.<\/p>\n<p style=\"text-align: justify;\">Ren\u00e9 Flores Ayora, especialista en vialidad y encargado del departamento de Seguridad Vial de la Polic\u00eda Municipal, inform\u00f3 que con la empresa CITRA, que tiene amplia experiencia en el ramo, se llev\u00f3 al cabo el estudio de aforo vial, que permiti\u00f3 medir de manera detallada los tipos de veh\u00edculos que circulan por el \u00e1rea, as\u00ed como las horas \u201cpico\u201d de tr\u00e1nsito.<\/p>\n<p><img loading=\"lazy\" decoding=\"async\" class=\"wp-image-43838 aligncenter\" src=\"https:\/\/reporteroshoy.mx\/noticias\/wp-content\/uploads\/2020\/08\/Paso-Deprimido-Me\u0301rida.jpeg\" alt=\"\" width=\"650\" height=\"386\" \/><\/p>\n<p style=\"text-align: justify;\">Detall\u00f3 que las mediciones se hicieron de 7 de la ma\u00f1ana a 7 de la noche y se evaluaron todos los movimientos vehiculares que pueden realizarse en la zona, tanto para quienes transitan de sur a norte como para quienes lo hacen de norte a sur.<\/p>\n<p style=\"text-align: justify;\">\u201cEl estudio de aforo vehicular es de lo m\u00e1s relevante para poder tomar alguna decisi\u00f3n vial en la zona, de esta forma se obtienen valores que son de suma importancia para la determinaci\u00f3n y dise\u00f1o de los elementos arquitect\u00f3nicos, viales estructurales y procedimientos constructivos de la obra que se realizar\u00e1\u00bb.<\/p>\n<p style=\"text-align: justify;\">Indic\u00f3 que el estudio permite conocer cu\u00e1ntos veh\u00edculos transitan por ah\u00ed, ya sea camiones, autom\u00f3viles, motocicletas, bicicletas, de qu\u00e9 caracter\u00edsticas, cu\u00e1les son las horas de mayor afluencia. Incluso se miden las emisiones contaminantes de los veh\u00edculos en este tipo de estudio, ya que eso ser\u00e1 factor fundamental para las propuestas finales.<\/p>\n<p style=\"text-align: justify;\">Explic\u00f3 que luego del acopio de datos \u00e9stos se pasan por un software, que permite realizar una simulaci\u00f3n din\u00e1mica de todos los movimientos vehiculares para analizarlos con mayor detenimiento en cuanto a tiempos de tr\u00e1nsito, altos que se deben hacer, demoras en los tramos, emisiones contaminantes, etc.<\/p>\n<p style=\"text-align: justify;\">El especialista puntualiz\u00f3 que el aforo vehicular es un estudio b\u00e1sico en el proceso complejo y a detalle que se realiza en el distribuidor vial.<\/p>\n<p style=\"text-align: justify;\">El estudio ya est\u00e1 listo e integrado para dar continuidad al proceso y los dem\u00e1s an\u00e1lisis que realizan otros especialistas del Colegio de Ingenieros Civiles de Yucat\u00e1n, A.C., afirm\u00f3.<\/p>\n","protected":false},"excerpt":{"rendered":"<p>Ya le midieron las horas \u00abpico\u00bb de tr\u00e1nsito y los tipos de veh\u00edculos que circulan por el \u00e1rea entre las 7 de la ma\u00f1ana y las 7 de la noche. Ahora falta que definan la soluci\u00f3n final.<\/p>\n","protected":false},"author":6,"featured_media":0,"comment_status":"open","ping_status":"closed","sticky":false,"template":"","format":"standard","meta":{"footnotes":""},"categories":[7],"tags":[12250,16081,9065,7939,16080],"class_list":["post-55995","post","type-post","status-publish","format-standard","hentry","category-gobierno","tag-paso-deprimido","tag-paso-deprimido-de-merida","tag-prolongacion-montejo","tag-rene-flores-ayora","tag-vialidad-en-merida"],"yoast_head":"<!-- This site is optimized with the Yoast SEO plugin v28.3 - https:\/\/yoast.com\/product\/yoast-seo-wordpress\/ -->\n<title>Estudian tr\u00e1fico en el &#039;paso deprimido&#039;; pronto decidir\u00e1n qu\u00e9 hacer con \u00e9l<\/title>\n<meta name=\"description\" content=\"Ya le midieron las horas &quot;pico&quot; de tr\u00e1nsito y los tipos de veh\u00edculos que circulan por el \u00e1rea entre las 7 de la ma\u00f1ana y las 7 de la noche. Ahora falta que definan la soluci\u00f3n final.\" \/>\n<meta name=\"robots\" content=\"index, follow, max-snippet:-1, max-image-preview:large, max-video-preview:-1\" \/>\n<link rel=\"canonical\" href=\"https:\/\/reporteroshoy.mx\/noticias\/estudian-trafico-en-el-paso-deprimido-pronto-decidiran-que-hacer-con-el\/\" \/>\n<meta property=\"og:locale\" content=\"es_ES\" \/>\n<meta property=\"og:type\" content=\"article\" \/>\n<meta property=\"og:title\" content=\"Estudian tr\u00e1fico en el &#039;paso deprimido&#039;; pronto decidir\u00e1n qu\u00e9 hacer con \u00e9l\" \/>\n<meta property=\"og:description\" content=\"Ya le midieron las horas &quot;pico&quot; de tr\u00e1nsito y los tipos de veh\u00edculos que circulan por el \u00e1rea entre las 7 de la ma\u00f1ana y las 7 de la noche. Ahora falta que definan la soluci\u00f3n final.\" \/>\n<meta property=\"og:url\" content=\"https:\/\/reporteroshoy.mx\/noticias\/estudian-trafico-en-el-paso-deprimido-pronto-decidiran-que-hacer-con-el\/\" \/>\n<meta property=\"og:site_name\" content=\"Reporteros Hoy | Noticias de Yucat\u00e1n\" \/>\n<meta property=\"article:publisher\" content=\"http:\/\/www.facebook.com\/reporteroshoymx\" \/>\n<meta property=\"article:published_time\" content=\"2021-02-03T01:00:52+00:00\" \/>\n<meta property=\"article:modified_time\" content=\"2021-02-03T20:19:43+00:00\" \/>\n<meta property=\"og:image\" content=\"https:\/\/reporteroshoy.mx\/noticias\/wp-content\/uploads\/2020\/08\/Paso-Deprimido-Me\u0301rida.jpeg\" \/>\n\t<meta property=\"og:image:width\" content=\"768\" \/>\n\t<meta property=\"og:image:height\" content=\"456\" \/>\n\t<meta property=\"og:image:type\" content=\"image\/jpeg\" \/>\n<meta name=\"author\" content=\"Reporteros Hoy GS\" \/>\n<meta name=\"twitter:card\" content=\"summary_large_image\" \/>\n<meta name=\"twitter:creator\" content=\"@reporteroshoy\" \/>\n<meta name=\"twitter:site\" content=\"@reporteroshoy\" \/>\n<meta name=\"twitter:label1\" content=\"Escrito por\" \/>\n\t<meta name=\"twitter:data1\" content=\"Reporteros Hoy GS\" \/>\n\t<meta name=\"twitter:label2\" content=\"Tiempo de lectura\" \/>\n\t<meta name=\"twitter:data2\" content=\"2 minutos\" \/>\n<script type=\"application\/ld+json\" class=\"yoast-schema-graph\">{\"@context\":\"https:\\\/\\\/schema.org\",\"@graph\":[{\"@type\":\"Article\",\"@id\":\"https:\\\/\\\/reporteroshoy.mx\\\/noticias\\\/estudian-trafico-en-el-paso-deprimido-pronto-decidiran-que-hacer-con-el\\\/#article\",\"isPartOf\":{\"@id\":\"https:\\\/\\\/reporteroshoy.mx\\\/noticias\\\/estudian-trafico-en-el-paso-deprimido-pronto-decidiran-que-hacer-con-el\\\/\"},\"author\":{\"name\":\"Reporteros Hoy GS\",\"@id\":\"https:\\\/\\\/reporteroshoy.mx\\\/noticias\\\/#\\\/schema\\\/person\\\/49ae631fc906b44554e4ba3866c505d7\"},\"headline\":\"Estudian tr\u00e1fico en el &#8216;paso deprimido&#8217;; pronto decidir\u00e1n qu\u00e9 hacer con \u00e9l\",\"datePublished\":\"2021-02-03T01:00:52+00:00\",\"dateModified\":\"2021-02-03T20:19:43+00:00\",\"mainEntityOfPage\":{\"@id\":\"https:\\\/\\\/reporteroshoy.mx\\\/noticias\\\/estudian-trafico-en-el-paso-deprimido-pronto-decidiran-que-hacer-con-el\\\/\"},\"wordCount\":409,\"commentCount\":0,\"keywords\":[\"paso deprimido\",\"paso deprimido de M\u00e9rida\",\"Prolongaci\u00f3n Montejo\",\"Ren\u00e9 Flores Ayora\",\"vialidad en M\u00e9rida\"],\"articleSection\":[\"Gobierno\"],\"inLanguage\":\"es\",\"potentialAction\":[{\"@type\":\"CommentAction\",\"name\":\"Comment\",\"target\":[\"https:\\\/\\\/reporteroshoy.mx\\\/noticias\\\/estudian-trafico-en-el-paso-deprimido-pronto-decidiran-que-hacer-con-el\\\/#respond\"]}]},{\"@type\":\"WebPage\",\"@id\":\"https:\\\/\\\/reporteroshoy.mx\\\/noticias\\\/estudian-trafico-en-el-paso-deprimido-pronto-decidiran-que-hacer-con-el\\\/\",\"url\":\"https:\\\/\\\/reporteroshoy.mx\\\/noticias\\\/estudian-trafico-en-el-paso-deprimido-pronto-decidiran-que-hacer-con-el\\\/\",\"name\":\"Estudian tr\u00e1fico en el 'paso deprimido'; pronto decidir\u00e1n qu\u00e9 hacer con \u00e9l\",\"isPartOf\":{\"@id\":\"https:\\\/\\\/reporteroshoy.mx\\\/noticias\\\/#website\"},\"datePublished\":\"2021-02-03T01:00:52+00:00\",\"dateModified\":\"2021-02-03T20:19:43+00:00\",\"author\":{\"@id\":\"https:\\\/\\\/reporteroshoy.mx\\\/noticias\\\/#\\\/schema\\\/person\\\/49ae631fc906b44554e4ba3866c505d7\"},\"description\":\"Ya le midieron las horas \\\"pico\\\" de tr\u00e1nsito y los tipos de veh\u00edculos que circulan por el \u00e1rea entre las 7 de la ma\u00f1ana y las 7 de la noche. Ahora falta que definan la soluci\u00f3n final.\",\"breadcrumb\":{\"@id\":\"https:\\\/\\\/reporteroshoy.mx\\\/noticias\\\/estudian-trafico-en-el-paso-deprimido-pronto-decidiran-que-hacer-con-el\\\/#breadcrumb\"},\"inLanguage\":\"es\",\"potentialAction\":[{\"@type\":\"ReadAction\",\"target\":[\"https:\\\/\\\/reporteroshoy.mx\\\/noticias\\\/estudian-trafico-en-el-paso-deprimido-pronto-decidiran-que-hacer-con-el\\\/\"]}]},{\"@type\":\"BreadcrumbList\",\"@id\":\"https:\\\/\\\/reporteroshoy.mx\\\/noticias\\\/estudian-trafico-en-el-paso-deprimido-pronto-decidiran-que-hacer-con-el\\\/#breadcrumb\",\"itemListElement\":[{\"@type\":\"ListItem\",\"position\":1,\"name\":\"Portada\",\"item\":\"https:\\\/\\\/reporteroshoy.mx\\\/noticias\\\/\"},{\"@type\":\"ListItem\",\"position\":2,\"name\":\"Estudian tr\u00e1fico en el &#8216;paso deprimido&#8217;; pronto decidir\u00e1n qu\u00e9 hacer con \u00e9l\"}]},{\"@type\":\"WebSite\",\"@id\":\"https:\\\/\\\/reporteroshoy.mx\\\/noticias\\\/#website\",\"url\":\"https:\\\/\\\/reporteroshoy.mx\\\/noticias\\\/\",\"name\":\"Reporteros Hoy | Noticias de Yucat\u00e1n\",\"description\":\"Peri\u00f3dico digital con noticias diarias desde M\u00e9rida, Yucat\u00e1n para el mundo.\",\"potentialAction\":[{\"@type\":\"SearchAction\",\"target\":{\"@type\":\"EntryPoint\",\"urlTemplate\":\"https:\\\/\\\/reporteroshoy.mx\\\/noticias\\\/?s={search_term_string}\"},\"query-input\":{\"@type\":\"PropertyValueSpecification\",\"valueRequired\":true,\"valueName\":\"search_term_string\"}}],\"inLanguage\":\"es\"},{\"@type\":\"Person\",\"@id\":\"https:\\\/\\\/reporteroshoy.mx\\\/noticias\\\/#\\\/schema\\\/person\\\/49ae631fc906b44554e4ba3866c505d7\",\"name\":\"Reporteros Hoy GS\",\"image\":{\"@type\":\"ImageObject\",\"inLanguage\":\"es\",\"@id\":\"https:\\\/\\\/secure.gravatar.com\\\/avatar\\\/00d32adb620345c3db2cfc175917f65c584e1e338fdc49ad126aa1f9830eb6a9?s=96&d=mm&r=g\",\"url\":\"https:\\\/\\\/secure.gravatar.com\\\/avatar\\\/00d32adb620345c3db2cfc175917f65c584e1e338fdc49ad126aa1f9830eb6a9?s=96&d=mm&r=g\",\"contentUrl\":\"https:\\\/\\\/secure.gravatar.com\\\/avatar\\\/00d32adb620345c3db2cfc175917f65c584e1e338fdc49ad126aa1f9830eb6a9?s=96&d=mm&r=g\",\"caption\":\"Reporteros Hoy GS\"},\"url\":\"https:\\\/\\\/reporteroshoy.mx\\\/noticias\\\/author\\\/lupis\\\/\"}]}<\/script>\n<!-- \/ Yoast SEO plugin. -->","yoast_head_json":{"title":"Estudian tr\u00e1fico en el 'paso deprimido'; pronto decidir\u00e1n qu\u00e9 hacer con \u00e9l","description":"Ya le midieron las horas \"pico\" de tr\u00e1nsito y los tipos de veh\u00edculos que circulan por el \u00e1rea entre las 7 de la ma\u00f1ana y las 7 de la noche. Ahora falta que definan la soluci\u00f3n final.","robots":{"index":"index","follow":"follow","max-snippet":"max-snippet:-1","max-image-preview":"max-image-preview:large","max-video-preview":"max-video-preview:-1"},"canonical":"https:\/\/reporteroshoy.mx\/noticias\/estudian-trafico-en-el-paso-deprimido-pronto-decidiran-que-hacer-con-el\/","og_locale":"es_ES","og_type":"article","og_title":"Estudian tr\u00e1fico en el 'paso deprimido'; pronto decidir\u00e1n qu\u00e9 hacer con \u00e9l","og_description":"Ya le midieron las horas \"pico\" de tr\u00e1nsito y los tipos de veh\u00edculos que circulan por el \u00e1rea entre las 7 de la ma\u00f1ana y las 7 de la noche. Ahora falta que definan la soluci\u00f3n final.","og_url":"https:\/\/reporteroshoy.mx\/noticias\/estudian-trafico-en-el-paso-deprimido-pronto-decidiran-que-hacer-con-el\/","og_site_name":"Reporteros Hoy | Noticias de Yucat\u00e1n","article_publisher":"http:\/\/www.facebook.com\/reporteroshoymx","article_published_time":"2021-02-03T01:00:52+00:00","article_modified_time":"2021-02-03T20:19:43+00:00","og_image":[{"width":768,"height":456,"url":"https:\/\/reporteroshoy.mx\/noticias\/wp-content\/uploads\/2020\/08\/Paso-Deprimido-Me\u0301rida.jpeg","type":"image\/jpeg"}],"author":"Reporteros Hoy GS","twitter_card":"summary_large_image","twitter_creator":"@reporteroshoy","twitter_site":"@reporteroshoy","twitter_misc":{"Escrito por":"Reporteros Hoy GS","Tiempo de lectura":"2 minutos"},"schema":{"@context":"https:\/\/schema.org","@graph":[{"@type":"Article","@id":"https:\/\/reporteroshoy.mx\/noticias\/estudian-trafico-en-el-paso-deprimido-pronto-decidiran-que-hacer-con-el\/#article","isPartOf":{"@id":"https:\/\/reporteroshoy.mx\/noticias\/estudian-trafico-en-el-paso-deprimido-pronto-decidiran-que-hacer-con-el\/"},"author":{"name":"Reporteros Hoy GS","@id":"https:\/\/reporteroshoy.mx\/noticias\/#\/schema\/person\/49ae631fc906b44554e4ba3866c505d7"},"headline":"Estudian tr\u00e1fico en el &#8216;paso deprimido&#8217;; pronto decidir\u00e1n qu\u00e9 hacer con \u00e9l","datePublished":"2021-02-03T01:00:52+00:00","dateModified":"2021-02-03T20:19:43+00:00","mainEntityOfPage":{"@id":"https:\/\/reporteroshoy.mx\/noticias\/estudian-trafico-en-el-paso-deprimido-pronto-decidiran-que-hacer-con-el\/"},"wordCount":409,"commentCount":0,"keywords":["paso deprimido","paso deprimido de M\u00e9rida","Prolongaci\u00f3n Montejo","Ren\u00e9 Flores Ayora","vialidad en M\u00e9rida"],"articleSection":["Gobierno"],"inLanguage":"es","potentialAction":[{"@type":"CommentAction","name":"Comment","target":["https:\/\/reporteroshoy.mx\/noticias\/estudian-trafico-en-el-paso-deprimido-pronto-decidiran-que-hacer-con-el\/#respond"]}]},{"@type":"WebPage","@id":"https:\/\/reporteroshoy.mx\/noticias\/estudian-trafico-en-el-paso-deprimido-pronto-decidiran-que-hacer-con-el\/","url":"https:\/\/reporteroshoy.mx\/noticias\/estudian-trafico-en-el-paso-deprimido-pronto-decidiran-que-hacer-con-el\/","name":"Estudian tr\u00e1fico en el 'paso deprimido'; pronto decidir\u00e1n qu\u00e9 hacer con \u00e9l","isPartOf":{"@id":"https:\/\/reporteroshoy.mx\/noticias\/#website"},"datePublished":"2021-02-03T01:00:52+00:00","dateModified":"2021-02-03T20:19:43+00:00","author":{"@id":"https:\/\/reporteroshoy.mx\/noticias\/#\/schema\/person\/49ae631fc906b44554e4ba3866c505d7"},"description":"Ya le midieron las horas \"pico\" de tr\u00e1nsito y los tipos de veh\u00edculos que circulan por el \u00e1rea entre las 7 de la ma\u00f1ana y las 7 de la noche. Ahora falta que definan la soluci\u00f3n final.","breadcrumb":{"@id":"https:\/\/reporteroshoy.mx\/noticias\/estudian-trafico-en-el-paso-deprimido-pronto-decidiran-que-hacer-con-el\/#breadcrumb"},"inLanguage":"es","potentialAction":[{"@type":"ReadAction","target":["https:\/\/reporteroshoy.mx\/noticias\/estudian-trafico-en-el-paso-deprimido-pronto-decidiran-que-hacer-con-el\/"]}]},{"@type":"BreadcrumbList","@id":"https:\/\/reporteroshoy.mx\/noticias\/estudian-trafico-en-el-paso-deprimido-pronto-decidiran-que-hacer-con-el\/#breadcrumb","itemListElement":[{"@type":"ListItem","position":1,"name":"Portada","item":"https:\/\/reporteroshoy.mx\/noticias\/"},{"@type":"ListItem","position":2,"name":"Estudian tr\u00e1fico en el &#8216;paso deprimido&#8217;; pronto decidir\u00e1n qu\u00e9 hacer con \u00e9l"}]},{"@type":"WebSite","@id":"https:\/\/reporteroshoy.mx\/noticias\/#website","url":"https:\/\/reporteroshoy.mx\/noticias\/","name":"Reporteros Hoy | Noticias de Yucat\u00e1n","description":"Peri\u00f3dico digital con noticias diarias desde M\u00e9rida, Yucat\u00e1n para el mundo.","potentialAction":[{"@type":"SearchAction","target":{"@type":"EntryPoint","urlTemplate":"https:\/\/reporteroshoy.mx\/noticias\/?s={search_term_string}"},"query-input":{"@type":"PropertyValueSpecification","valueRequired":true,"valueName":"search_term_string"}}],"inLanguage":"es"},{"@type":"Person","@id":"https:\/\/reporteroshoy.mx\/noticias\/#\/schema\/person\/49ae631fc906b44554e4ba3866c505d7","name":"Reporteros Hoy GS","image":{"@type":"ImageObject","inLanguage":"es","@id":"https:\/\/secure.gravatar.com\/avatar\/00d32adb620345c3db2cfc175917f65c584e1e338fdc49ad126aa1f9830eb6a9?s=96&d=mm&r=g","url":"https:\/\/secure.gravatar.com\/avatar\/00d32adb620345c3db2cfc175917f65c584e1e338fdc49ad126aa1f9830eb6a9?s=96&d=mm&r=g","contentUrl":"https:\/\/secure.gravatar.com\/avatar\/00d32adb620345c3db2cfc175917f65c584e1e338fdc49ad126aa1f9830eb6a9?s=96&d=mm&r=g","caption":"Reporteros Hoy GS"},"url":"https:\/\/reporteroshoy.mx\/noticias\/author\/lupis\/"}]}},"_links":{"self":[{"href":"https:\/\/reporteroshoy.mx\/noticias\/wp-json\/wp\/v2\/posts\/55995","targetHints":{"allow":["GET"]}}],"collection":[{"href":"https:\/\/reporteroshoy.mx\/noticias\/wp-json\/wp\/v2\/posts"}],"about":[{"href":"https:\/\/reporteroshoy.mx\/noticias\/wp-json\/wp\/v2\/types\/post"}],"author":[{"embeddable":true,"href":"https:\/\/reporteroshoy.mx\/noticias\/wp-json\/wp\/v2\/users\/6"}],"replies":[{"embeddable":true,"href":"https:\/\/reporteroshoy.mx\/noticias\/wp-json\/wp\/v2\/comments?post=55995"}],"version-history":[{"count":0,"href":"https:\/\/reporteroshoy.mx\/noticias\/wp-json\/wp\/v2\/posts\/55995\/revisions"}],"wp:attachment":[{"href":"https:\/\/reporteroshoy.mx\/noticias\/wp-json\/wp\/v2\/media?parent=55995"}],"wp:term":[{"taxonomy":"category","embeddable":true,"href":"https:\/\/reporteroshoy.mx\/noticias\/wp-json\/wp\/v2\/categories?post=55995"},{"taxonomy":"post_tag","embeddable":true,"href":"https:\/\/reporteroshoy.mx\/noticias\/wp-json\/wp\/v2\/tags?post=55995"}],"curies":[{"name":"wp","href":"https:\/\/api.w.org\/{rel}","templated":true}]}}