{"id":56215,"date":"2021-02-05T12:00:03","date_gmt":"2021-02-05T18:00:03","guid":{"rendered":"https:\/\/reporteroshoy.mx\/noticias\/?p=56215"},"modified":"2021-02-06T08:49:00","modified_gmt":"2021-02-06T14:49:00","slug":"ticuleno-grave-intenta-quitarse-la-vida-tomando-acido-muriatico","status":"publish","type":"post","link":"https:\/\/reporteroshoy.mx\/noticias\/ticuleno-grave-intenta-quitarse-la-vida-tomando-acido-muriatico\/","title":{"rendered":"Ticule\u00f1o grave, intenta quitarse la vida tomando \u00e1cido muri\u00e1tico"},"content":{"rendered":"<p style=\"text-align: justify;\">Ticul, Yucat\u00e1n; 5 de febrero de 2021 (ACOM).- Mario P.D., de 30 a\u00f1os de edad, se encuentra delicado de salud luego ingerir \u00e1cido muri\u00e1tico, al parecer, intentaba suicidarse.<\/p>\n<p style=\"text-align: justify;\">Los hechos ocurrieron ayer por la ma\u00f1ana en el domicilio de la calle 32 entre 17 de la Mejorada, cuando familiares se dieron cuenta que el joven estaba convulsionando y al atenderlo descubrieron una botella de \u00e1cido muri\u00e1tico.<\/p>\n<p><img loading=\"lazy\" decoding=\"async\" class=\"wp-image-56216 aligncenter\" src=\"https:\/\/reporteroshoy.mx\/noticias\/wp-content\/uploads\/2021\/02\/Toma-acido-muriatico.jpg\" alt=\"\" width=\"600\" height=\"337\" \/><\/p>\n<p style=\"text-align: justify;\">Inmediatamente pidieron auxilio a las autoridades, llegando al lugar una patrulla de la polic\u00eda municipal. Posteriormente lo abordaron para trasladarlo al centro de salud, ah\u00ed lograron estabilizarlo e inmediatamente lo enviaron a un hospital de la capital yucateca por la gravedad de los da\u00f1os del qu\u00edmico en su organismo.<\/p>\n<p style=\"text-align: justify;\">Todo parece indicar que Mario intent\u00f3 quitarse la vida, pero afortunadamente se intervino a tiempo y es tratado en el Agust\u00edn O \u2018Horan, su estado de salud es grave.<\/p>\n<p style=\"text-align: justify;\">Reporteros Hoy te recuerda que si t\u00fa o alguno de tus familiares o amigos necesitan apoyo emocional, puedes comunicarte a los siguientes tel\u00e9fonos y conseguir ayuda.<\/p>\n<ul>\n<li>Salvemos una Vida, AC, 9-24-59-91.<\/li>\n<li>Programa Integral para la Atenci\u00f3n del Suicidio (PIAS), 9993-10-36-62 y al correo programapias@hotmail.com<\/li>\n<li>L\u00ednea de Orientaci\u00f3n y Apoyo Emocional: 800-108-8000<\/li>\n<\/ul>\n","protected":false},"excerpt":{"rendered":"<p>Sus familiares desconocen el motivo por el cual habr\u00eda tomado esa decisi\u00f3n. Se encuentra grave en el O&#8217;Hor\u00e1n.<\/p>\n","protected":false},"author":9,"featured_media":56216,"comment_status":"open","ping_status":"closed","sticky":false,"template":"","format":"standard","meta":{"footnotes":""},"categories":[11],"tags":[16133,1180,1333,128],"class_list":["post-56215","post","type-post","status-publish","format-standard","has-post-thumbnail","hentry","category-municipios-de-yucatan","tag-acido-muriatico","tag-intento-de-suicidio","tag-ticul","tag-yucatan-sur"],"yoast_head":"<!-- This site is optimized with the Yoast SEO plugin v28.4 - https:\/\/yoast.com\/product\/yoast-seo-wordpress\/ -->\n<title>Ticule\u00f1o grave, intenta quitarse la vida tomando \u00e1cido muri\u00e1tico<\/title>\n<meta name=\"description\" content=\"Sus familiares desconocen el motivo por el cual habr\u00eda tomado esa decisi\u00f3n. Se encuentra grave en el O&#039;Hor\u00e1n.\" \/>\n<meta name=\"robots\" content=\"index, follow, max-snippet:-1, max-image-preview:large, max-video-preview:-1\" \/>\n<link rel=\"canonical\" href=\"https:\/\/reporteroshoy.mx\/noticias\/ticuleno-grave-intenta-quitarse-la-vida-tomando-acido-muriatico\/\" \/>\n<meta property=\"og:locale\" content=\"es_ES\" \/>\n<meta property=\"og:type\" content=\"article\" \/>\n<meta property=\"og:title\" content=\"Ticule\u00f1o grave, intenta quitarse la vida tomando \u00e1cido muri\u00e1tico\" \/>\n<meta property=\"og:description\" content=\"Sus familiares desconocen el motivo por el cual habr\u00eda tomado esa decisi\u00f3n. Se encuentra grave en el O&#039;Hor\u00e1n.\" \/>\n<meta property=\"og:url\" content=\"https:\/\/reporteroshoy.mx\/noticias\/ticuleno-grave-intenta-quitarse-la-vida-tomando-acido-muriatico\/\" \/>\n<meta property=\"og:site_name\" content=\"Reporteros Hoy | Noticias de Yucat\u00e1n\" \/>\n<meta property=\"article:publisher\" content=\"http:\/\/www.facebook.com\/reporteroshoymx\" \/>\n<meta property=\"article:published_time\" content=\"2021-02-05T18:00:03+00:00\" \/>\n<meta property=\"article:modified_time\" content=\"2021-02-06T14:49:00+00:00\" \/>\n<meta property=\"og:image\" content=\"https:\/\/reporteroshoy.mx\/noticias\/wp-content\/uploads\/2021\/02\/Toma-acido-muriatico.jpg\" \/>\n\t<meta property=\"og:image:width\" content=\"768\" \/>\n\t<meta property=\"og:image:height\" content=\"431\" \/>\n\t<meta property=\"og:image:type\" content=\"image\/jpeg\" \/>\n<meta name=\"author\" content=\"Reporteros Hoy WP\" \/>\n<meta name=\"twitter:card\" content=\"summary_large_image\" \/>\n<meta name=\"twitter:creator\" content=\"@reporteroshoy\" \/>\n<meta name=\"twitter:site\" content=\"@reporteroshoy\" \/>\n<meta name=\"twitter:label1\" content=\"Escrito por\" \/>\n\t<meta name=\"twitter:data1\" content=\"Reporteros Hoy WP\" \/>\n\t<meta name=\"twitter:label2\" content=\"Tiempo de lectura\" \/>\n\t<meta name=\"twitter:data2\" content=\"2 minutos\" \/>\n<script type=\"application\/ld+json\" class=\"yoast-schema-graph\">{\"@context\":\"https:\\\/\\\/schema.org\",\"@graph\":[{\"@type\":\"Article\",\"@id\":\"https:\\\/\\\/reporteroshoy.mx\\\/noticias\\\/ticuleno-grave-intenta-quitarse-la-vida-tomando-acido-muriatico\\\/#article\",\"isPartOf\":{\"@id\":\"https:\\\/\\\/reporteroshoy.mx\\\/noticias\\\/ticuleno-grave-intenta-quitarse-la-vida-tomando-acido-muriatico\\\/\"},\"author\":{\"name\":\"Reporteros Hoy WP\",\"@id\":\"https:\\\/\\\/reporteroshoy.mx\\\/noticias\\\/#\\\/schema\\\/person\\\/c977527e57c958a62c5cefe8fe47876e\"},\"headline\":\"Ticule\u00f1o grave, intenta quitarse la vida tomando \u00e1cido muri\u00e1tico\",\"datePublished\":\"2021-02-05T18:00:03+00:00\",\"dateModified\":\"2021-02-06T14:49:00+00:00\",\"mainEntityOfPage\":{\"@id\":\"https:\\\/\\\/reporteroshoy.mx\\\/noticias\\\/ticuleno-grave-intenta-quitarse-la-vida-tomando-acido-muriatico\\\/\"},\"wordCount\":223,\"commentCount\":0,\"image\":{\"@id\":\"https:\\\/\\\/reporteroshoy.mx\\\/noticias\\\/ticuleno-grave-intenta-quitarse-la-vida-tomando-acido-muriatico\\\/#primaryimage\"},\"thumbnailUrl\":\"https:\\\/\\\/reporteroshoy.mx\\\/noticias\\\/wp-content\\\/uploads\\\/2021\\\/02\\\/Toma-acido-muriatico.jpg\",\"keywords\":[\"\u00c1cido Muri\u00e1tico\",\"intento de suicidio\",\"Ticul\",\"Yucat\u00e1n Sur\"],\"articleSection\":[\"Municipios\"],\"inLanguage\":\"es\",\"potentialAction\":[{\"@type\":\"CommentAction\",\"name\":\"Comment\",\"target\":[\"https:\\\/\\\/reporteroshoy.mx\\\/noticias\\\/ticuleno-grave-intenta-quitarse-la-vida-tomando-acido-muriatico\\\/#respond\"]}]},{\"@type\":\"WebPage\",\"@id\":\"https:\\\/\\\/reporteroshoy.mx\\\/noticias\\\/ticuleno-grave-intenta-quitarse-la-vida-tomando-acido-muriatico\\\/\",\"url\":\"https:\\\/\\\/reporteroshoy.mx\\\/noticias\\\/ticuleno-grave-intenta-quitarse-la-vida-tomando-acido-muriatico\\\/\",\"name\":\"Ticule\u00f1o grave, intenta quitarse la vida tomando \u00e1cido muri\u00e1tico\",\"isPartOf\":{\"@id\":\"https:\\\/\\\/reporteroshoy.mx\\\/noticias\\\/#website\"},\"primaryImageOfPage\":{\"@id\":\"https:\\\/\\\/reporteroshoy.mx\\\/noticias\\\/ticuleno-grave-intenta-quitarse-la-vida-tomando-acido-muriatico\\\/#primaryimage\"},\"image\":{\"@id\":\"https:\\\/\\\/reporteroshoy.mx\\\/noticias\\\/ticuleno-grave-intenta-quitarse-la-vida-tomando-acido-muriatico\\\/#primaryimage\"},\"thumbnailUrl\":\"https:\\\/\\\/reporteroshoy.mx\\\/noticias\\\/wp-content\\\/uploads\\\/2021\\\/02\\\/Toma-acido-muriatico.jpg\",\"datePublished\":\"2021-02-05T18:00:03+00:00\",\"dateModified\":\"2021-02-06T14:49:00+00:00\",\"author\":{\"@id\":\"https:\\\/\\\/reporteroshoy.mx\\\/noticias\\\/#\\\/schema\\\/person\\\/c977527e57c958a62c5cefe8fe47876e\"},\"description\":\"Sus familiares desconocen el motivo por el cual habr\u00eda tomado esa decisi\u00f3n. Se encuentra grave en el O'Hor\u00e1n.\",\"breadcrumb\":{\"@id\":\"https:\\\/\\\/reporteroshoy.mx\\\/noticias\\\/ticuleno-grave-intenta-quitarse-la-vida-tomando-acido-muriatico\\\/#breadcrumb\"},\"inLanguage\":\"es\",\"potentialAction\":[{\"@type\":\"ReadAction\",\"target\":[\"https:\\\/\\\/reporteroshoy.mx\\\/noticias\\\/ticuleno-grave-intenta-quitarse-la-vida-tomando-acido-muriatico\\\/\"]}]},{\"@type\":\"ImageObject\",\"inLanguage\":\"es\",\"@id\":\"https:\\\/\\\/reporteroshoy.mx\\\/noticias\\\/ticuleno-grave-intenta-quitarse-la-vida-tomando-acido-muriatico\\\/#primaryimage\",\"url\":\"https:\\\/\\\/reporteroshoy.mx\\\/noticias\\\/wp-content\\\/uploads\\\/2021\\\/02\\\/Toma-acido-muriatico.jpg\",\"contentUrl\":\"https:\\\/\\\/reporteroshoy.mx\\\/noticias\\\/wp-content\\\/uploads\\\/2021\\\/02\\\/Toma-acido-muriatico.jpg\",\"width\":768,\"height\":431},{\"@type\":\"BreadcrumbList\",\"@id\":\"https:\\\/\\\/reporteroshoy.mx\\\/noticias\\\/ticuleno-grave-intenta-quitarse-la-vida-tomando-acido-muriatico\\\/#breadcrumb\",\"itemListElement\":[{\"@type\":\"ListItem\",\"position\":1,\"name\":\"Portada\",\"item\":\"https:\\\/\\\/reporteroshoy.mx\\\/noticias\\\/\"},{\"@type\":\"ListItem\",\"position\":2,\"name\":\"Ticule\u00f1o grave, intenta quitarse la vida tomando \u00e1cido muri\u00e1tico\"}]},{\"@type\":\"WebSite\",\"@id\":\"https:\\\/\\\/reporteroshoy.mx\\\/noticias\\\/#website\",\"url\":\"https:\\\/\\\/reporteroshoy.mx\\\/noticias\\\/\",\"name\":\"Reporteros Hoy | Noticias de Yucat\u00e1n\",\"description\":\"Peri\u00f3dico digital con noticias diarias desde M\u00e9rida, Yucat\u00e1n para el mundo.\",\"potentialAction\":[{\"@type\":\"SearchAction\",\"target\":{\"@type\":\"EntryPoint\",\"urlTemplate\":\"https:\\\/\\\/reporteroshoy.mx\\\/noticias\\\/?s={search_term_string}\"},\"query-input\":{\"@type\":\"PropertyValueSpecification\",\"valueRequired\":true,\"valueName\":\"search_term_string\"}}],\"inLanguage\":\"es\"},{\"@type\":\"Person\",\"@id\":\"https:\\\/\\\/reporteroshoy.mx\\\/noticias\\\/#\\\/schema\\\/person\\\/c977527e57c958a62c5cefe8fe47876e\",\"name\":\"Reporteros Hoy WP\",\"image\":{\"@type\":\"ImageObject\",\"inLanguage\":\"es\",\"@id\":\"https:\\\/\\\/secure.gravatar.com\\\/avatar\\\/fd2917f79a7dae30f8ac9ddc2f35e1756bb59e25e01d1cd09deaa64df7b2f73e?s=96&d=mm&r=g\",\"url\":\"https:\\\/\\\/secure.gravatar.com\\\/avatar\\\/fd2917f79a7dae30f8ac9ddc2f35e1756bb59e25e01d1cd09deaa64df7b2f73e?s=96&d=mm&r=g\",\"contentUrl\":\"https:\\\/\\\/secure.gravatar.com\\\/avatar\\\/fd2917f79a7dae30f8ac9ddc2f35e1756bb59e25e01d1cd09deaa64df7b2f73e?s=96&d=mm&r=g\",\"caption\":\"Reporteros Hoy WP\"},\"url\":\"https:\\\/\\\/reporteroshoy.mx\\\/noticias\\\/author\\\/walfer\\\/\"}]}<\/script>\n<!-- \/ Yoast SEO plugin. -->","yoast_head_json":{"title":"Ticule\u00f1o grave, intenta quitarse la vida tomando \u00e1cido muri\u00e1tico","description":"Sus familiares desconocen el motivo por el cual habr\u00eda tomado esa decisi\u00f3n. Se encuentra grave en el O'Hor\u00e1n.","robots":{"index":"index","follow":"follow","max-snippet":"max-snippet:-1","max-image-preview":"max-image-preview:large","max-video-preview":"max-video-preview:-1"},"canonical":"https:\/\/reporteroshoy.mx\/noticias\/ticuleno-grave-intenta-quitarse-la-vida-tomando-acido-muriatico\/","og_locale":"es_ES","og_type":"article","og_title":"Ticule\u00f1o grave, intenta quitarse la vida tomando \u00e1cido muri\u00e1tico","og_description":"Sus familiares desconocen el motivo por el cual habr\u00eda tomado esa decisi\u00f3n. Se encuentra grave en el O'Hor\u00e1n.","og_url":"https:\/\/reporteroshoy.mx\/noticias\/ticuleno-grave-intenta-quitarse-la-vida-tomando-acido-muriatico\/","og_site_name":"Reporteros Hoy | Noticias de Yucat\u00e1n","article_publisher":"http:\/\/www.facebook.com\/reporteroshoymx","article_published_time":"2021-02-05T18:00:03+00:00","article_modified_time":"2021-02-06T14:49:00+00:00","og_image":[{"width":768,"height":431,"url":"https:\/\/reporteroshoy.mx\/noticias\/wp-content\/uploads\/2021\/02\/Toma-acido-muriatico.jpg","type":"image\/jpeg"}],"author":"Reporteros Hoy WP","twitter_card":"summary_large_image","twitter_creator":"@reporteroshoy","twitter_site":"@reporteroshoy","twitter_misc":{"Escrito por":"Reporteros Hoy WP","Tiempo de lectura":"2 minutos"},"schema":{"@context":"https:\/\/schema.org","@graph":[{"@type":"Article","@id":"https:\/\/reporteroshoy.mx\/noticias\/ticuleno-grave-intenta-quitarse-la-vida-tomando-acido-muriatico\/#article","isPartOf":{"@id":"https:\/\/reporteroshoy.mx\/noticias\/ticuleno-grave-intenta-quitarse-la-vida-tomando-acido-muriatico\/"},"author":{"name":"Reporteros Hoy WP","@id":"https:\/\/reporteroshoy.mx\/noticias\/#\/schema\/person\/c977527e57c958a62c5cefe8fe47876e"},"headline":"Ticule\u00f1o grave, intenta quitarse la vida tomando \u00e1cido muri\u00e1tico","datePublished":"2021-02-05T18:00:03+00:00","dateModified":"2021-02-06T14:49:00+00:00","mainEntityOfPage":{"@id":"https:\/\/reporteroshoy.mx\/noticias\/ticuleno-grave-intenta-quitarse-la-vida-tomando-acido-muriatico\/"},"wordCount":223,"commentCount":0,"image":{"@id":"https:\/\/reporteroshoy.mx\/noticias\/ticuleno-grave-intenta-quitarse-la-vida-tomando-acido-muriatico\/#primaryimage"},"thumbnailUrl":"https:\/\/reporteroshoy.mx\/noticias\/wp-content\/uploads\/2021\/02\/Toma-acido-muriatico.jpg","keywords":["\u00c1cido Muri\u00e1tico","intento de suicidio","Ticul","Yucat\u00e1n Sur"],"articleSection":["Municipios"],"inLanguage":"es","potentialAction":[{"@type":"CommentAction","name":"Comment","target":["https:\/\/reporteroshoy.mx\/noticias\/ticuleno-grave-intenta-quitarse-la-vida-tomando-acido-muriatico\/#respond"]}]},{"@type":"WebPage","@id":"https:\/\/reporteroshoy.mx\/noticias\/ticuleno-grave-intenta-quitarse-la-vida-tomando-acido-muriatico\/","url":"https:\/\/reporteroshoy.mx\/noticias\/ticuleno-grave-intenta-quitarse-la-vida-tomando-acido-muriatico\/","name":"Ticule\u00f1o grave, intenta quitarse la vida tomando \u00e1cido muri\u00e1tico","isPartOf":{"@id":"https:\/\/reporteroshoy.mx\/noticias\/#website"},"primaryImageOfPage":{"@id":"https:\/\/reporteroshoy.mx\/noticias\/ticuleno-grave-intenta-quitarse-la-vida-tomando-acido-muriatico\/#primaryimage"},"image":{"@id":"https:\/\/reporteroshoy.mx\/noticias\/ticuleno-grave-intenta-quitarse-la-vida-tomando-acido-muriatico\/#primaryimage"},"thumbnailUrl":"https:\/\/reporteroshoy.mx\/noticias\/wp-content\/uploads\/2021\/02\/Toma-acido-muriatico.jpg","datePublished":"2021-02-05T18:00:03+00:00","dateModified":"2021-02-06T14:49:00+00:00","author":{"@id":"https:\/\/reporteroshoy.mx\/noticias\/#\/schema\/person\/c977527e57c958a62c5cefe8fe47876e"},"description":"Sus familiares desconocen el motivo por el cual habr\u00eda tomado esa decisi\u00f3n. Se encuentra grave en el O'Hor\u00e1n.","breadcrumb":{"@id":"https:\/\/reporteroshoy.mx\/noticias\/ticuleno-grave-intenta-quitarse-la-vida-tomando-acido-muriatico\/#breadcrumb"},"inLanguage":"es","potentialAction":[{"@type":"ReadAction","target":["https:\/\/reporteroshoy.mx\/noticias\/ticuleno-grave-intenta-quitarse-la-vida-tomando-acido-muriatico\/"]}]},{"@type":"ImageObject","inLanguage":"es","@id":"https:\/\/reporteroshoy.mx\/noticias\/ticuleno-grave-intenta-quitarse-la-vida-tomando-acido-muriatico\/#primaryimage","url":"https:\/\/reporteroshoy.mx\/noticias\/wp-content\/uploads\/2021\/02\/Toma-acido-muriatico.jpg","contentUrl":"https:\/\/reporteroshoy.mx\/noticias\/wp-content\/uploads\/2021\/02\/Toma-acido-muriatico.jpg","width":768,"height":431},{"@type":"BreadcrumbList","@id":"https:\/\/reporteroshoy.mx\/noticias\/ticuleno-grave-intenta-quitarse-la-vida-tomando-acido-muriatico\/#breadcrumb","itemListElement":[{"@type":"ListItem","position":1,"name":"Portada","item":"https:\/\/reporteroshoy.mx\/noticias\/"},{"@type":"ListItem","position":2,"name":"Ticule\u00f1o grave, intenta quitarse la vida tomando \u00e1cido muri\u00e1tico"}]},{"@type":"WebSite","@id":"https:\/\/reporteroshoy.mx\/noticias\/#website","url":"https:\/\/reporteroshoy.mx\/noticias\/","name":"Reporteros Hoy | Noticias de Yucat\u00e1n","description":"Peri\u00f3dico digital con noticias diarias desde M\u00e9rida, Yucat\u00e1n para el mundo.","potentialAction":[{"@type":"SearchAction","target":{"@type":"EntryPoint","urlTemplate":"https:\/\/reporteroshoy.mx\/noticias\/?s={search_term_string}"},"query-input":{"@type":"PropertyValueSpecification","valueRequired":true,"valueName":"search_term_string"}}],"inLanguage":"es"},{"@type":"Person","@id":"https:\/\/reporteroshoy.mx\/noticias\/#\/schema\/person\/c977527e57c958a62c5cefe8fe47876e","name":"Reporteros Hoy WP","image":{"@type":"ImageObject","inLanguage":"es","@id":"https:\/\/secure.gravatar.com\/avatar\/fd2917f79a7dae30f8ac9ddc2f35e1756bb59e25e01d1cd09deaa64df7b2f73e?s=96&d=mm&r=g","url":"https:\/\/secure.gravatar.com\/avatar\/fd2917f79a7dae30f8ac9ddc2f35e1756bb59e25e01d1cd09deaa64df7b2f73e?s=96&d=mm&r=g","contentUrl":"https:\/\/secure.gravatar.com\/avatar\/fd2917f79a7dae30f8ac9ddc2f35e1756bb59e25e01d1cd09deaa64df7b2f73e?s=96&d=mm&r=g","caption":"Reporteros Hoy WP"},"url":"https:\/\/reporteroshoy.mx\/noticias\/author\/walfer\/"}]}},"_links":{"self":[{"href":"https:\/\/reporteroshoy.mx\/noticias\/wp-json\/wp\/v2\/posts\/56215","targetHints":{"allow":["GET"]}}],"collection":[{"href":"https:\/\/reporteroshoy.mx\/noticias\/wp-json\/wp\/v2\/posts"}],"about":[{"href":"https:\/\/reporteroshoy.mx\/noticias\/wp-json\/wp\/v2\/types\/post"}],"author":[{"embeddable":true,"href":"https:\/\/reporteroshoy.mx\/noticias\/wp-json\/wp\/v2\/users\/9"}],"replies":[{"embeddable":true,"href":"https:\/\/reporteroshoy.mx\/noticias\/wp-json\/wp\/v2\/comments?post=56215"}],"version-history":[{"count":0,"href":"https:\/\/reporteroshoy.mx\/noticias\/wp-json\/wp\/v2\/posts\/56215\/revisions"}],"wp:featuredmedia":[{"embeddable":true,"href":"https:\/\/reporteroshoy.mx\/noticias\/wp-json\/wp\/v2\/media\/56216"}],"wp:attachment":[{"href":"https:\/\/reporteroshoy.mx\/noticias\/wp-json\/wp\/v2\/media?parent=56215"}],"wp:term":[{"taxonomy":"category","embeddable":true,"href":"https:\/\/reporteroshoy.mx\/noticias\/wp-json\/wp\/v2\/categories?post=56215"},{"taxonomy":"post_tag","embeddable":true,"href":"https:\/\/reporteroshoy.mx\/noticias\/wp-json\/wp\/v2\/tags?post=56215"}],"curies":[{"name":"wp","href":"https:\/\/api.w.org\/{rel}","templated":true}]}}