{"id":57007,"date":"2021-02-16T13:00:56","date_gmt":"2021-02-16T19:00:56","guid":{"rendered":"https:\/\/reporteroshoy.mx\/noticias\/?p=57007"},"modified":"2021-02-16T19:56:50","modified_gmt":"2021-02-17T01:56:50","slug":"acusan-de-violencia-de-genero-al-teey","status":"publish","type":"post","link":"https:\/\/reporteroshoy.mx\/noticias\/acusan-de-violencia-de-genero-al-teey\/","title":{"rendered":"Acusan de violencia de g\u00e9nero al Tribunal Electoral de Yucat\u00e1n"},"content":{"rendered":"<p style=\"text-align: justify;\">M\u00e9rida, Yucat\u00e1n; 16 de febrero de 2021 (ACOM).- La asociaci\u00f3n Agenda por las Mujeres para la Igualdad Sustantiva de Yucat\u00e1n (Amisy), acus\u00f3 al Tribunal Electoral de Yucat\u00e1n (TEEY) de violar los derechos pol\u00edticos de las mujeres.<\/p>\n<p style=\"text-align: justify;\">Lament\u00f3 que un fallo del Tribunal local, que supuestamente garantizaba la postulaci\u00f3n de mujeres para dirigir municipios con alta poblaci\u00f3n, haya sido revocado por el Tribunal Electoral local.<\/p>\n<p style=\"text-align: justify;\">Seg\u00fan esta agrupaci\u00f3n, el trabajo efectuado por el organismo dej\u00f3 mucho que desear, al tiempo que lo catalogan como un acto en contra de las mujeres.<\/p>\n<p style=\"text-align: justify;\">\u201cHemos sido agredidas por el sistema institucionalizado de las autoridades electorales, particularmente, el Iepac, por no definir unos lineamientos paritarios con sustancia, el Tribunal Electoral de Yucat\u00e1n ha violentado los derechos de las mujeres al haberse dilatado en dar una respuesta a la impugnaci\u00f3n que hicimos y haber respondido de manera inexacta\u201d, se\u00f1al\u00f3 la investigadora y acad\u00e9mica, Gina Villag\u00f3mez Vald\u00e9s.<\/p>\n<p><img loading=\"lazy\" decoding=\"async\" class=\"wp-image-53319 aligncenter\" src=\"https:\/\/reporteroshoy.mx\/noticias\/wp-content\/uploads\/2020\/12\/Amisy-1.jpg\" alt=\"\" width=\"600\" height=\"337\" \/><\/p>\n<p style=\"text-align: justify;\">Cabe mencionar que la Sala Regional Xalapa del Tribunal Electoral del Poder Judicial de la Federaci\u00f3n (TEPJF) revoc\u00f3 una sentencia de su hom\u00f3logo en Yucat\u00e1n en torno a la paridad de g\u00e9nero en la asignaci\u00f3n de candidaturas para alcaldes, argumentando que estuvo fuera de tiempo, vulnerando los derechos de 3 partidos pol\u00edticos, quienes impugnaron el fallo.<\/p>\n<p style=\"text-align: justify;\">Anteriormente, la Amisy hab\u00eda solicitado que el propio tribunal local garantice que haya por lo menos 15 candidatas en los 30 municipios con mayor poblaci\u00f3n del Yucat\u00e1n, algo que dicha instancia no pudo conseguir.<\/p>\n<p style=\"text-align: justify;\">La entrevistada inform\u00f3 que, con el fallo del Tribunal Federal, los partidos tendr\u00e1n que designar a por lo menos 10 y no 7 candidatas, algo que se tendr\u00e1 que cumplir.<\/p>\n<p style=\"text-align: justify;\">\u201cQue los partidos y el Iepac, independientemente del fallo, vayan m\u00e1s all\u00e1 en el asunto de la paridad, cuando menos se acepten 15 y no solamente 10 posiciones en municipios m\u00e1s poblados para las mujeres\u201d, apunt\u00f3.<\/p>\n<p style=\"text-align: justify;\">Oficialmente, los partidos deber\u00e1n registrar a sus candidatos en el mes de marzo, por lo que ser\u00e1 hasta esa fecha cuando se determine si realmente se cumpli\u00f3 con el principio de paridad en la asignaci\u00f3n de los puestos.<\/p>\n","protected":false},"excerpt":{"rendered":"<p>Integrantes de la Amisy manifestaron sentirse agredidas por las autoridades electorales, principalmente el Iepac y el TEEY.<\/p>\n","protected":false},"author":9,"featured_media":53319,"comment_status":"open","ping_status":"closed","sticky":false,"template":"","format":"standard","meta":{"footnotes":""},"categories":[17],"tags":[15431,9783,1228,4355],"class_list":["post-57007","post","type-post","status-publish","format-standard","has-post-thumbnail","hentry","category-yucatan","tag-amisy","tag-elecciones-2021","tag-iepac","tag-teey"],"yoast_head":"<!-- This site is optimized with the Yoast SEO plugin v28.3 - https:\/\/yoast.com\/product\/yoast-seo-wordpress\/ -->\n<title>Acusan de violencia de g\u00e9nero al TEEY<\/title>\n<meta name=\"description\" content=\"Integrantes de la Amisy manifestaron sentirse agredidas por las autoridades electorales, principalmente el Iepac y el TEEY.\" \/>\n<meta name=\"robots\" content=\"index, follow, max-snippet:-1, max-image-preview:large, max-video-preview:-1\" \/>\n<link rel=\"canonical\" href=\"https:\/\/reporteroshoy.mx\/noticias\/acusan-de-violencia-de-genero-al-teey\/\" \/>\n<meta property=\"og:locale\" content=\"es_ES\" \/>\n<meta property=\"og:type\" content=\"article\" \/>\n<meta property=\"og:title\" content=\"Acusan de violencia de g\u00e9nero al TEEY\" \/>\n<meta property=\"og:description\" content=\"Integrantes de la Amisy manifestaron sentirse agredidas por las autoridades electorales, principalmente el Iepac y el TEEY.\" \/>\n<meta property=\"og:url\" content=\"https:\/\/reporteroshoy.mx\/noticias\/acusan-de-violencia-de-genero-al-teey\/\" \/>\n<meta property=\"og:site_name\" content=\"Reporteros Hoy | Noticias de Yucat\u00e1n\" \/>\n<meta property=\"article:publisher\" content=\"http:\/\/www.facebook.com\/reporteroshoymx\" \/>\n<meta property=\"article:published_time\" content=\"2021-02-16T19:00:56+00:00\" \/>\n<meta property=\"article:modified_time\" content=\"2021-02-17T01:56:50+00:00\" \/>\n<meta property=\"og:image\" content=\"https:\/\/reporteroshoy.mx\/noticias\/wp-content\/uploads\/2020\/12\/Amisy-1.jpg\" \/>\n\t<meta property=\"og:image:width\" content=\"768\" \/>\n\t<meta property=\"og:image:height\" content=\"431\" \/>\n\t<meta property=\"og:image:type\" content=\"image\/jpeg\" \/>\n<meta name=\"author\" content=\"Reporteros Hoy WP\" \/>\n<meta name=\"twitter:card\" content=\"summary_large_image\" \/>\n<meta name=\"twitter:creator\" content=\"@reporteroshoy\" \/>\n<meta name=\"twitter:site\" content=\"@reporteroshoy\" \/>\n<meta name=\"twitter:label1\" content=\"Escrito por\" \/>\n\t<meta name=\"twitter:data1\" content=\"Reporteros Hoy WP\" \/>\n\t<meta name=\"twitter:label2\" content=\"Tiempo de lectura\" \/>\n\t<meta name=\"twitter:data2\" content=\"2 minutos\" \/>\n<script type=\"application\/ld+json\" class=\"yoast-schema-graph\">{\"@context\":\"https:\\\/\\\/schema.org\",\"@graph\":[{\"@type\":\"Article\",\"@id\":\"https:\\\/\\\/reporteroshoy.mx\\\/noticias\\\/acusan-de-violencia-de-genero-al-teey\\\/#article\",\"isPartOf\":{\"@id\":\"https:\\\/\\\/reporteroshoy.mx\\\/noticias\\\/acusan-de-violencia-de-genero-al-teey\\\/\"},\"author\":{\"name\":\"Reporteros Hoy WP\",\"@id\":\"https:\\\/\\\/reporteroshoy.mx\\\/noticias\\\/#\\\/schema\\\/person\\\/c977527e57c958a62c5cefe8fe47876e\"},\"headline\":\"Acusan de violencia de g\u00e9nero al Tribunal Electoral de Yucat\u00e1n\",\"datePublished\":\"2021-02-16T19:00:56+00:00\",\"dateModified\":\"2021-02-17T01:56:50+00:00\",\"mainEntityOfPage\":{\"@id\":\"https:\\\/\\\/reporteroshoy.mx\\\/noticias\\\/acusan-de-violencia-de-genero-al-teey\\\/\"},\"wordCount\":378,\"commentCount\":0,\"image\":{\"@id\":\"https:\\\/\\\/reporteroshoy.mx\\\/noticias\\\/acusan-de-violencia-de-genero-al-teey\\\/#primaryimage\"},\"thumbnailUrl\":\"https:\\\/\\\/reporteroshoy.mx\\\/noticias\\\/wp-content\\\/uploads\\\/2020\\\/12\\\/Amisy-1.jpg\",\"keywords\":[\"Amisy\",\"Elecciones 2021\",\"IEPAC\",\"TEEY\"],\"articleSection\":[\"Yucat\u00e1n\"],\"inLanguage\":\"es\",\"potentialAction\":[{\"@type\":\"CommentAction\",\"name\":\"Comment\",\"target\":[\"https:\\\/\\\/reporteroshoy.mx\\\/noticias\\\/acusan-de-violencia-de-genero-al-teey\\\/#respond\"]}]},{\"@type\":\"WebPage\",\"@id\":\"https:\\\/\\\/reporteroshoy.mx\\\/noticias\\\/acusan-de-violencia-de-genero-al-teey\\\/\",\"url\":\"https:\\\/\\\/reporteroshoy.mx\\\/noticias\\\/acusan-de-violencia-de-genero-al-teey\\\/\",\"name\":\"Acusan de violencia de g\u00e9nero al TEEY\",\"isPartOf\":{\"@id\":\"https:\\\/\\\/reporteroshoy.mx\\\/noticias\\\/#website\"},\"primaryImageOfPage\":{\"@id\":\"https:\\\/\\\/reporteroshoy.mx\\\/noticias\\\/acusan-de-violencia-de-genero-al-teey\\\/#primaryimage\"},\"image\":{\"@id\":\"https:\\\/\\\/reporteroshoy.mx\\\/noticias\\\/acusan-de-violencia-de-genero-al-teey\\\/#primaryimage\"},\"thumbnailUrl\":\"https:\\\/\\\/reporteroshoy.mx\\\/noticias\\\/wp-content\\\/uploads\\\/2020\\\/12\\\/Amisy-1.jpg\",\"datePublished\":\"2021-02-16T19:00:56+00:00\",\"dateModified\":\"2021-02-17T01:56:50+00:00\",\"author\":{\"@id\":\"https:\\\/\\\/reporteroshoy.mx\\\/noticias\\\/#\\\/schema\\\/person\\\/c977527e57c958a62c5cefe8fe47876e\"},\"description\":\"Integrantes de la Amisy manifestaron sentirse agredidas por las autoridades electorales, principalmente el Iepac y el TEEY.\",\"breadcrumb\":{\"@id\":\"https:\\\/\\\/reporteroshoy.mx\\\/noticias\\\/acusan-de-violencia-de-genero-al-teey\\\/#breadcrumb\"},\"inLanguage\":\"es\",\"potentialAction\":[{\"@type\":\"ReadAction\",\"target\":[\"https:\\\/\\\/reporteroshoy.mx\\\/noticias\\\/acusan-de-violencia-de-genero-al-teey\\\/\"]}]},{\"@type\":\"ImageObject\",\"inLanguage\":\"es\",\"@id\":\"https:\\\/\\\/reporteroshoy.mx\\\/noticias\\\/acusan-de-violencia-de-genero-al-teey\\\/#primaryimage\",\"url\":\"https:\\\/\\\/reporteroshoy.mx\\\/noticias\\\/wp-content\\\/uploads\\\/2020\\\/12\\\/Amisy-1.jpg\",\"contentUrl\":\"https:\\\/\\\/reporteroshoy.mx\\\/noticias\\\/wp-content\\\/uploads\\\/2020\\\/12\\\/Amisy-1.jpg\",\"width\":768,\"height\":431},{\"@type\":\"BreadcrumbList\",\"@id\":\"https:\\\/\\\/reporteroshoy.mx\\\/noticias\\\/acusan-de-violencia-de-genero-al-teey\\\/#breadcrumb\",\"itemListElement\":[{\"@type\":\"ListItem\",\"position\":1,\"name\":\"Portada\",\"item\":\"https:\\\/\\\/reporteroshoy.mx\\\/noticias\\\/\"},{\"@type\":\"ListItem\",\"position\":2,\"name\":\"Acusan de violencia de g\u00e9nero al Tribunal Electoral de Yucat\u00e1n\"}]},{\"@type\":\"WebSite\",\"@id\":\"https:\\\/\\\/reporteroshoy.mx\\\/noticias\\\/#website\",\"url\":\"https:\\\/\\\/reporteroshoy.mx\\\/noticias\\\/\",\"name\":\"Reporteros Hoy | Noticias de Yucat\u00e1n\",\"description\":\"Peri\u00f3dico digital con noticias diarias desde M\u00e9rida, Yucat\u00e1n para el mundo.\",\"potentialAction\":[{\"@type\":\"SearchAction\",\"target\":{\"@type\":\"EntryPoint\",\"urlTemplate\":\"https:\\\/\\\/reporteroshoy.mx\\\/noticias\\\/?s={search_term_string}\"},\"query-input\":{\"@type\":\"PropertyValueSpecification\",\"valueRequired\":true,\"valueName\":\"search_term_string\"}}],\"inLanguage\":\"es\"},{\"@type\":\"Person\",\"@id\":\"https:\\\/\\\/reporteroshoy.mx\\\/noticias\\\/#\\\/schema\\\/person\\\/c977527e57c958a62c5cefe8fe47876e\",\"name\":\"Reporteros Hoy WP\",\"image\":{\"@type\":\"ImageObject\",\"inLanguage\":\"es\",\"@id\":\"https:\\\/\\\/secure.gravatar.com\\\/avatar\\\/fd2917f79a7dae30f8ac9ddc2f35e1756bb59e25e01d1cd09deaa64df7b2f73e?s=96&d=mm&r=g\",\"url\":\"https:\\\/\\\/secure.gravatar.com\\\/avatar\\\/fd2917f79a7dae30f8ac9ddc2f35e1756bb59e25e01d1cd09deaa64df7b2f73e?s=96&d=mm&r=g\",\"contentUrl\":\"https:\\\/\\\/secure.gravatar.com\\\/avatar\\\/fd2917f79a7dae30f8ac9ddc2f35e1756bb59e25e01d1cd09deaa64df7b2f73e?s=96&d=mm&r=g\",\"caption\":\"Reporteros Hoy WP\"},\"url\":\"https:\\\/\\\/reporteroshoy.mx\\\/noticias\\\/author\\\/walfer\\\/\"}]}<\/script>\n<!-- \/ Yoast SEO plugin. -->","yoast_head_json":{"title":"Acusan de violencia de g\u00e9nero al TEEY","description":"Integrantes de la Amisy manifestaron sentirse agredidas por las autoridades electorales, principalmente el Iepac y el TEEY.","robots":{"index":"index","follow":"follow","max-snippet":"max-snippet:-1","max-image-preview":"max-image-preview:large","max-video-preview":"max-video-preview:-1"},"canonical":"https:\/\/reporteroshoy.mx\/noticias\/acusan-de-violencia-de-genero-al-teey\/","og_locale":"es_ES","og_type":"article","og_title":"Acusan de violencia de g\u00e9nero al TEEY","og_description":"Integrantes de la Amisy manifestaron sentirse agredidas por las autoridades electorales, principalmente el Iepac y el TEEY.","og_url":"https:\/\/reporteroshoy.mx\/noticias\/acusan-de-violencia-de-genero-al-teey\/","og_site_name":"Reporteros Hoy | Noticias de Yucat\u00e1n","article_publisher":"http:\/\/www.facebook.com\/reporteroshoymx","article_published_time":"2021-02-16T19:00:56+00:00","article_modified_time":"2021-02-17T01:56:50+00:00","og_image":[{"width":768,"height":431,"url":"https:\/\/reporteroshoy.mx\/noticias\/wp-content\/uploads\/2020\/12\/Amisy-1.jpg","type":"image\/jpeg"}],"author":"Reporteros Hoy WP","twitter_card":"summary_large_image","twitter_creator":"@reporteroshoy","twitter_site":"@reporteroshoy","twitter_misc":{"Escrito por":"Reporteros Hoy WP","Tiempo de lectura":"2 minutos"},"schema":{"@context":"https:\/\/schema.org","@graph":[{"@type":"Article","@id":"https:\/\/reporteroshoy.mx\/noticias\/acusan-de-violencia-de-genero-al-teey\/#article","isPartOf":{"@id":"https:\/\/reporteroshoy.mx\/noticias\/acusan-de-violencia-de-genero-al-teey\/"},"author":{"name":"Reporteros Hoy WP","@id":"https:\/\/reporteroshoy.mx\/noticias\/#\/schema\/person\/c977527e57c958a62c5cefe8fe47876e"},"headline":"Acusan de violencia de g\u00e9nero al Tribunal Electoral de Yucat\u00e1n","datePublished":"2021-02-16T19:00:56+00:00","dateModified":"2021-02-17T01:56:50+00:00","mainEntityOfPage":{"@id":"https:\/\/reporteroshoy.mx\/noticias\/acusan-de-violencia-de-genero-al-teey\/"},"wordCount":378,"commentCount":0,"image":{"@id":"https:\/\/reporteroshoy.mx\/noticias\/acusan-de-violencia-de-genero-al-teey\/#primaryimage"},"thumbnailUrl":"https:\/\/reporteroshoy.mx\/noticias\/wp-content\/uploads\/2020\/12\/Amisy-1.jpg","keywords":["Amisy","Elecciones 2021","IEPAC","TEEY"],"articleSection":["Yucat\u00e1n"],"inLanguage":"es","potentialAction":[{"@type":"CommentAction","name":"Comment","target":["https:\/\/reporteroshoy.mx\/noticias\/acusan-de-violencia-de-genero-al-teey\/#respond"]}]},{"@type":"WebPage","@id":"https:\/\/reporteroshoy.mx\/noticias\/acusan-de-violencia-de-genero-al-teey\/","url":"https:\/\/reporteroshoy.mx\/noticias\/acusan-de-violencia-de-genero-al-teey\/","name":"Acusan de violencia de g\u00e9nero al TEEY","isPartOf":{"@id":"https:\/\/reporteroshoy.mx\/noticias\/#website"},"primaryImageOfPage":{"@id":"https:\/\/reporteroshoy.mx\/noticias\/acusan-de-violencia-de-genero-al-teey\/#primaryimage"},"image":{"@id":"https:\/\/reporteroshoy.mx\/noticias\/acusan-de-violencia-de-genero-al-teey\/#primaryimage"},"thumbnailUrl":"https:\/\/reporteroshoy.mx\/noticias\/wp-content\/uploads\/2020\/12\/Amisy-1.jpg","datePublished":"2021-02-16T19:00:56+00:00","dateModified":"2021-02-17T01:56:50+00:00","author":{"@id":"https:\/\/reporteroshoy.mx\/noticias\/#\/schema\/person\/c977527e57c958a62c5cefe8fe47876e"},"description":"Integrantes de la Amisy manifestaron sentirse agredidas por las autoridades electorales, principalmente el Iepac y el TEEY.","breadcrumb":{"@id":"https:\/\/reporteroshoy.mx\/noticias\/acusan-de-violencia-de-genero-al-teey\/#breadcrumb"},"inLanguage":"es","potentialAction":[{"@type":"ReadAction","target":["https:\/\/reporteroshoy.mx\/noticias\/acusan-de-violencia-de-genero-al-teey\/"]}]},{"@type":"ImageObject","inLanguage":"es","@id":"https:\/\/reporteroshoy.mx\/noticias\/acusan-de-violencia-de-genero-al-teey\/#primaryimage","url":"https:\/\/reporteroshoy.mx\/noticias\/wp-content\/uploads\/2020\/12\/Amisy-1.jpg","contentUrl":"https:\/\/reporteroshoy.mx\/noticias\/wp-content\/uploads\/2020\/12\/Amisy-1.jpg","width":768,"height":431},{"@type":"BreadcrumbList","@id":"https:\/\/reporteroshoy.mx\/noticias\/acusan-de-violencia-de-genero-al-teey\/#breadcrumb","itemListElement":[{"@type":"ListItem","position":1,"name":"Portada","item":"https:\/\/reporteroshoy.mx\/noticias\/"},{"@type":"ListItem","position":2,"name":"Acusan de violencia de g\u00e9nero al Tribunal Electoral de Yucat\u00e1n"}]},{"@type":"WebSite","@id":"https:\/\/reporteroshoy.mx\/noticias\/#website","url":"https:\/\/reporteroshoy.mx\/noticias\/","name":"Reporteros Hoy | Noticias de Yucat\u00e1n","description":"Peri\u00f3dico digital con noticias diarias desde M\u00e9rida, Yucat\u00e1n para el mundo.","potentialAction":[{"@type":"SearchAction","target":{"@type":"EntryPoint","urlTemplate":"https:\/\/reporteroshoy.mx\/noticias\/?s={search_term_string}"},"query-input":{"@type":"PropertyValueSpecification","valueRequired":true,"valueName":"search_term_string"}}],"inLanguage":"es"},{"@type":"Person","@id":"https:\/\/reporteroshoy.mx\/noticias\/#\/schema\/person\/c977527e57c958a62c5cefe8fe47876e","name":"Reporteros Hoy WP","image":{"@type":"ImageObject","inLanguage":"es","@id":"https:\/\/secure.gravatar.com\/avatar\/fd2917f79a7dae30f8ac9ddc2f35e1756bb59e25e01d1cd09deaa64df7b2f73e?s=96&d=mm&r=g","url":"https:\/\/secure.gravatar.com\/avatar\/fd2917f79a7dae30f8ac9ddc2f35e1756bb59e25e01d1cd09deaa64df7b2f73e?s=96&d=mm&r=g","contentUrl":"https:\/\/secure.gravatar.com\/avatar\/fd2917f79a7dae30f8ac9ddc2f35e1756bb59e25e01d1cd09deaa64df7b2f73e?s=96&d=mm&r=g","caption":"Reporteros Hoy WP"},"url":"https:\/\/reporteroshoy.mx\/noticias\/author\/walfer\/"}]}},"_links":{"self":[{"href":"https:\/\/reporteroshoy.mx\/noticias\/wp-json\/wp\/v2\/posts\/57007","targetHints":{"allow":["GET"]}}],"collection":[{"href":"https:\/\/reporteroshoy.mx\/noticias\/wp-json\/wp\/v2\/posts"}],"about":[{"href":"https:\/\/reporteroshoy.mx\/noticias\/wp-json\/wp\/v2\/types\/post"}],"author":[{"embeddable":true,"href":"https:\/\/reporteroshoy.mx\/noticias\/wp-json\/wp\/v2\/users\/9"}],"replies":[{"embeddable":true,"href":"https:\/\/reporteroshoy.mx\/noticias\/wp-json\/wp\/v2\/comments?post=57007"}],"version-history":[{"count":0,"href":"https:\/\/reporteroshoy.mx\/noticias\/wp-json\/wp\/v2\/posts\/57007\/revisions"}],"wp:featuredmedia":[{"embeddable":true,"href":"https:\/\/reporteroshoy.mx\/noticias\/wp-json\/wp\/v2\/media\/53319"}],"wp:attachment":[{"href":"https:\/\/reporteroshoy.mx\/noticias\/wp-json\/wp\/v2\/media?parent=57007"}],"wp:term":[{"taxonomy":"category","embeddable":true,"href":"https:\/\/reporteroshoy.mx\/noticias\/wp-json\/wp\/v2\/categories?post=57007"},{"taxonomy":"post_tag","embeddable":true,"href":"https:\/\/reporteroshoy.mx\/noticias\/wp-json\/wp\/v2\/tags?post=57007"}],"curies":[{"name":"wp","href":"https:\/\/api.w.org\/{rel}","templated":true}]}}