{"id":57358,"date":"2021-02-20T11:00:52","date_gmt":"2021-02-20T17:00:52","guid":{"rendered":"https:\/\/reporteroshoy.mx\/noticias\/?p=57358"},"modified":"2021-02-22T17:20:54","modified_gmt":"2021-02-22T23:20:54","slug":"ni-800-a-la-semana-pago-de-pension-a-sus-dos-hijos","status":"publish","type":"post","link":"https:\/\/reporteroshoy.mx\/noticias\/ni-800-a-la-semana-pago-de-pension-a-sus-dos-hijos\/","title":{"rendered":"Ni 800 a la semana pag\u00f3 de pensi\u00f3n a sus dos hijos"},"content":{"rendered":"<p style=\"text-align: justify;\"><span style=\"color: #000000;\">M\u00e9rida, Yucat\u00e1n a 20 de febrero de 2021.- La Fiscal\u00eda General del Estado (FGE) formul\u00f3 la imputaci\u00f3n del delito de incumplimiento de las obligaciones de asistencia familiar a F.A.M.C., denunciado tras incumplir el acuerdo al que hab\u00eda llegado con la denunciante.<\/span><\/p>\n<p style=\"text-align: justify;\"><span style=\"color: #000000;\">Tras la denuncia interpuesta, los especialistas de la Fiscal\u00eda iniciaron la indagatoria que arroj\u00f3 que el imputado y la denunciante estuvieron casados civilmente y procrearon dos hijos actualmente menores de edad, pero desde el a\u00f1o 2018 se separaron y llegaron a un acuerdo donde el imputado aportar\u00eda 800 pesos semanales en concepto de pensi\u00f3n alimenticia de sus hijos, pero al incumplir con este acuerdo se present\u00f3 la formal denuncia que deriv\u00f3 en la causa penal 42\/2020.<\/span><\/p>\n<p><span style=\"color: #000000;\"><img loading=\"lazy\" decoding=\"async\" class=\"wp-image-45714 aligncenter\" src=\"https:\/\/reporteroshoy.mx\/noticias\/wp-content\/uploads\/2020\/09\/Cereso.jpg\" alt=\"\" width=\"607\" height=\"341\" \/><\/span><\/p>\n<p style=\"text-align: justify;\"><span style=\"color: #000000;\">Durante la audiencia celebrada en el Centro de Justicia Oral de M\u00e9rida, los fiscales adscritos formularon la imputaci\u00f3n del delito y a continuaci\u00f3n aportaron los datos de prueba que obran en la carpeta de investigaci\u00f3n, mismos que se usaron para solicitar la vinculaci\u00f3n a proceso del imputado, quien se acogi\u00f3 a la ampliaci\u00f3n del t\u00e9rmino legal para definir su situaci\u00f3n, por lo que la Juez Primera de Control estableci\u00f3 que la audiencia contin\u00fae este 23 de febrero.<\/span><\/p>\n<p style=\"text-align: justify;\"><span style=\"color: #000000;\">Por \u00faltimo, los fiscales adscritos argumentaron la justificaci\u00f3n para solicitar la medida cautelar de prisi\u00f3n preventiva, misma que tras ser valorada por la Juez de Control, la otorg\u00f3 por todo el tiempo que dure el proceso.<\/span><\/p>\n","protected":false},"excerpt":{"rendered":"<p>Tres a\u00f1os despu\u00e9s de faltar al pago de la manutenci\u00f3n a sus dos hijos, F.A.M.C. fue detenido y puesto en prisi\u00f3n preventiva.<\/p>\n","protected":false},"author":6,"featured_media":0,"comment_status":"open","ping_status":"closed","sticky":false,"template":"","format":"standard","meta":{"footnotes":""},"categories":[14],"tags":[8296,13523],"class_list":["post-57358","post","type-post","status-publish","format-standard","hentry","category-policia","tag-pension","tag-pension-alimenticia"],"yoast_head":"<!-- This site is optimized with the Yoast SEO plugin v28.3 - https:\/\/yoast.com\/product\/yoast-seo-wordpress\/ -->\n<title>Ni 800 a la semana pag\u00f3 de pensi\u00f3n a sus dos hijos<\/title>\n<meta name=\"description\" content=\"Tres a\u00f1os despu\u00e9s de faltar al pago de la manutenci\u00f3n a sus dos hijos, F.A.M.C. fue detenido y puesto en prisi\u00f3n preventiva.\" \/>\n<meta name=\"robots\" content=\"index, follow, max-snippet:-1, max-image-preview:large, max-video-preview:-1\" \/>\n<link rel=\"canonical\" href=\"https:\/\/reporteroshoy.mx\/noticias\/ni-800-a-la-semana-pago-de-pension-a-sus-dos-hijos\/\" \/>\n<meta property=\"og:locale\" content=\"es_ES\" \/>\n<meta property=\"og:type\" content=\"article\" \/>\n<meta property=\"og:title\" content=\"Ni 800 a la semana pag\u00f3 de pensi\u00f3n a sus dos hijos\" \/>\n<meta property=\"og:description\" content=\"Tres a\u00f1os despu\u00e9s de faltar al pago de la manutenci\u00f3n a sus dos hijos, F.A.M.C. fue detenido y puesto en prisi\u00f3n preventiva.\" \/>\n<meta property=\"og:url\" content=\"https:\/\/reporteroshoy.mx\/noticias\/ni-800-a-la-semana-pago-de-pension-a-sus-dos-hijos\/\" \/>\n<meta property=\"og:site_name\" content=\"Reporteros Hoy | Noticias de Yucat\u00e1n\" \/>\n<meta property=\"article:publisher\" content=\"http:\/\/www.facebook.com\/reporteroshoymx\" \/>\n<meta property=\"article:published_time\" content=\"2021-02-20T17:00:52+00:00\" \/>\n<meta property=\"article:modified_time\" content=\"2021-02-22T23:20:54+00:00\" \/>\n<meta property=\"og:image\" content=\"https:\/\/reporteroshoy.mx\/noticias\/wp-content\/uploads\/2020\/09\/Cereso.jpg\" \/>\n\t<meta property=\"og:image:width\" content=\"768\" \/>\n\t<meta property=\"og:image:height\" content=\"431\" \/>\n\t<meta property=\"og:image:type\" content=\"image\/jpeg\" \/>\n<meta name=\"author\" content=\"Reporteros Hoy GS\" \/>\n<meta name=\"twitter:card\" content=\"summary_large_image\" \/>\n<meta name=\"twitter:creator\" content=\"@reporteroshoy\" \/>\n<meta name=\"twitter:site\" content=\"@reporteroshoy\" \/>\n<meta name=\"twitter:label1\" content=\"Escrito por\" \/>\n\t<meta name=\"twitter:data1\" content=\"Reporteros Hoy GS\" \/>\n\t<meta name=\"twitter:label2\" content=\"Tiempo de lectura\" \/>\n\t<meta name=\"twitter:data2\" content=\"2 minutos\" \/>\n<script type=\"application\/ld+json\" class=\"yoast-schema-graph\">{\"@context\":\"https:\\\/\\\/schema.org\",\"@graph\":[{\"@type\":\"Article\",\"@id\":\"https:\\\/\\\/reporteroshoy.mx\\\/noticias\\\/ni-800-a-la-semana-pago-de-pension-a-sus-dos-hijos\\\/#article\",\"isPartOf\":{\"@id\":\"https:\\\/\\\/reporteroshoy.mx\\\/noticias\\\/ni-800-a-la-semana-pago-de-pension-a-sus-dos-hijos\\\/\"},\"author\":{\"name\":\"Reporteros Hoy GS\",\"@id\":\"https:\\\/\\\/reporteroshoy.mx\\\/noticias\\\/#\\\/schema\\\/person\\\/49ae631fc906b44554e4ba3866c505d7\"},\"headline\":\"Ni 800 a la semana pag\u00f3 de pensi\u00f3n a sus dos hijos\",\"datePublished\":\"2021-02-20T17:00:52+00:00\",\"dateModified\":\"2021-02-22T23:20:54+00:00\",\"mainEntityOfPage\":{\"@id\":\"https:\\\/\\\/reporteroshoy.mx\\\/noticias\\\/ni-800-a-la-semana-pago-de-pension-a-sus-dos-hijos\\\/\"},\"wordCount\":260,\"commentCount\":0,\"image\":{\"@id\":\"https:\\\/\\\/reporteroshoy.mx\\\/noticias\\\/ni-800-a-la-semana-pago-de-pension-a-sus-dos-hijos\\\/#primaryimage\"},\"thumbnailUrl\":\"https:\\\/\\\/reporteroshoy.mx\\\/noticias\\\/wp-content\\\/uploads\\\/2020\\\/09\\\/Cereso.jpg\",\"keywords\":[\"Pensi\u00f3n\",\"pensi\u00f3n alimenticia\"],\"articleSection\":[\"Polic\u00eda\"],\"inLanguage\":\"es\",\"potentialAction\":[{\"@type\":\"CommentAction\",\"name\":\"Comment\",\"target\":[\"https:\\\/\\\/reporteroshoy.mx\\\/noticias\\\/ni-800-a-la-semana-pago-de-pension-a-sus-dos-hijos\\\/#respond\"]}]},{\"@type\":\"WebPage\",\"@id\":\"https:\\\/\\\/reporteroshoy.mx\\\/noticias\\\/ni-800-a-la-semana-pago-de-pension-a-sus-dos-hijos\\\/\",\"url\":\"https:\\\/\\\/reporteroshoy.mx\\\/noticias\\\/ni-800-a-la-semana-pago-de-pension-a-sus-dos-hijos\\\/\",\"name\":\"Ni 800 a la semana pag\u00f3 de pensi\u00f3n a sus dos hijos\",\"isPartOf\":{\"@id\":\"https:\\\/\\\/reporteroshoy.mx\\\/noticias\\\/#website\"},\"primaryImageOfPage\":{\"@id\":\"https:\\\/\\\/reporteroshoy.mx\\\/noticias\\\/ni-800-a-la-semana-pago-de-pension-a-sus-dos-hijos\\\/#primaryimage\"},\"image\":{\"@id\":\"https:\\\/\\\/reporteroshoy.mx\\\/noticias\\\/ni-800-a-la-semana-pago-de-pension-a-sus-dos-hijos\\\/#primaryimage\"},\"thumbnailUrl\":\"https:\\\/\\\/reporteroshoy.mx\\\/noticias\\\/wp-content\\\/uploads\\\/2020\\\/09\\\/Cereso.jpg\",\"datePublished\":\"2021-02-20T17:00:52+00:00\",\"dateModified\":\"2021-02-22T23:20:54+00:00\",\"author\":{\"@id\":\"https:\\\/\\\/reporteroshoy.mx\\\/noticias\\\/#\\\/schema\\\/person\\\/49ae631fc906b44554e4ba3866c505d7\"},\"description\":\"Tres a\u00f1os despu\u00e9s de faltar al pago de la manutenci\u00f3n a sus dos hijos, F.A.M.C. fue detenido y puesto en prisi\u00f3n preventiva.\",\"breadcrumb\":{\"@id\":\"https:\\\/\\\/reporteroshoy.mx\\\/noticias\\\/ni-800-a-la-semana-pago-de-pension-a-sus-dos-hijos\\\/#breadcrumb\"},\"inLanguage\":\"es\",\"potentialAction\":[{\"@type\":\"ReadAction\",\"target\":[\"https:\\\/\\\/reporteroshoy.mx\\\/noticias\\\/ni-800-a-la-semana-pago-de-pension-a-sus-dos-hijos\\\/\"]}]},{\"@type\":\"ImageObject\",\"inLanguage\":\"es\",\"@id\":\"https:\\\/\\\/reporteroshoy.mx\\\/noticias\\\/ni-800-a-la-semana-pago-de-pension-a-sus-dos-hijos\\\/#primaryimage\",\"url\":\"\",\"contentUrl\":\"\"},{\"@type\":\"BreadcrumbList\",\"@id\":\"https:\\\/\\\/reporteroshoy.mx\\\/noticias\\\/ni-800-a-la-semana-pago-de-pension-a-sus-dos-hijos\\\/#breadcrumb\",\"itemListElement\":[{\"@type\":\"ListItem\",\"position\":1,\"name\":\"Portada\",\"item\":\"https:\\\/\\\/reporteroshoy.mx\\\/noticias\\\/\"},{\"@type\":\"ListItem\",\"position\":2,\"name\":\"Ni 800 a la semana pag\u00f3 de pensi\u00f3n a sus dos hijos\"}]},{\"@type\":\"WebSite\",\"@id\":\"https:\\\/\\\/reporteroshoy.mx\\\/noticias\\\/#website\",\"url\":\"https:\\\/\\\/reporteroshoy.mx\\\/noticias\\\/\",\"name\":\"Reporteros Hoy | Noticias de Yucat\u00e1n\",\"description\":\"Peri\u00f3dico digital con noticias diarias desde M\u00e9rida, Yucat\u00e1n para el mundo.\",\"potentialAction\":[{\"@type\":\"SearchAction\",\"target\":{\"@type\":\"EntryPoint\",\"urlTemplate\":\"https:\\\/\\\/reporteroshoy.mx\\\/noticias\\\/?s={search_term_string}\"},\"query-input\":{\"@type\":\"PropertyValueSpecification\",\"valueRequired\":true,\"valueName\":\"search_term_string\"}}],\"inLanguage\":\"es\"},{\"@type\":\"Person\",\"@id\":\"https:\\\/\\\/reporteroshoy.mx\\\/noticias\\\/#\\\/schema\\\/person\\\/49ae631fc906b44554e4ba3866c505d7\",\"name\":\"Reporteros Hoy GS\",\"image\":{\"@type\":\"ImageObject\",\"inLanguage\":\"es\",\"@id\":\"https:\\\/\\\/secure.gravatar.com\\\/avatar\\\/00d32adb620345c3db2cfc175917f65c584e1e338fdc49ad126aa1f9830eb6a9?s=96&d=mm&r=g\",\"url\":\"https:\\\/\\\/secure.gravatar.com\\\/avatar\\\/00d32adb620345c3db2cfc175917f65c584e1e338fdc49ad126aa1f9830eb6a9?s=96&d=mm&r=g\",\"contentUrl\":\"https:\\\/\\\/secure.gravatar.com\\\/avatar\\\/00d32adb620345c3db2cfc175917f65c584e1e338fdc49ad126aa1f9830eb6a9?s=96&d=mm&r=g\",\"caption\":\"Reporteros Hoy GS\"},\"url\":\"https:\\\/\\\/reporteroshoy.mx\\\/noticias\\\/author\\\/lupis\\\/\"}]}<\/script>\n<!-- \/ Yoast SEO plugin. -->","yoast_head_json":{"title":"Ni 800 a la semana pag\u00f3 de pensi\u00f3n a sus dos hijos","description":"Tres a\u00f1os despu\u00e9s de faltar al pago de la manutenci\u00f3n a sus dos hijos, F.A.M.C. fue detenido y puesto en prisi\u00f3n preventiva.","robots":{"index":"index","follow":"follow","max-snippet":"max-snippet:-1","max-image-preview":"max-image-preview:large","max-video-preview":"max-video-preview:-1"},"canonical":"https:\/\/reporteroshoy.mx\/noticias\/ni-800-a-la-semana-pago-de-pension-a-sus-dos-hijos\/","og_locale":"es_ES","og_type":"article","og_title":"Ni 800 a la semana pag\u00f3 de pensi\u00f3n a sus dos hijos","og_description":"Tres a\u00f1os despu\u00e9s de faltar al pago de la manutenci\u00f3n a sus dos hijos, F.A.M.C. fue detenido y puesto en prisi\u00f3n preventiva.","og_url":"https:\/\/reporteroshoy.mx\/noticias\/ni-800-a-la-semana-pago-de-pension-a-sus-dos-hijos\/","og_site_name":"Reporteros Hoy | Noticias de Yucat\u00e1n","article_publisher":"http:\/\/www.facebook.com\/reporteroshoymx","article_published_time":"2021-02-20T17:00:52+00:00","article_modified_time":"2021-02-22T23:20:54+00:00","og_image":[{"width":768,"height":431,"url":"https:\/\/reporteroshoy.mx\/noticias\/wp-content\/uploads\/2020\/09\/Cereso.jpg","type":"image\/jpeg"}],"author":"Reporteros Hoy GS","twitter_card":"summary_large_image","twitter_creator":"@reporteroshoy","twitter_site":"@reporteroshoy","twitter_misc":{"Escrito por":"Reporteros Hoy GS","Tiempo de lectura":"2 minutos"},"schema":{"@context":"https:\/\/schema.org","@graph":[{"@type":"Article","@id":"https:\/\/reporteroshoy.mx\/noticias\/ni-800-a-la-semana-pago-de-pension-a-sus-dos-hijos\/#article","isPartOf":{"@id":"https:\/\/reporteroshoy.mx\/noticias\/ni-800-a-la-semana-pago-de-pension-a-sus-dos-hijos\/"},"author":{"name":"Reporteros Hoy GS","@id":"https:\/\/reporteroshoy.mx\/noticias\/#\/schema\/person\/49ae631fc906b44554e4ba3866c505d7"},"headline":"Ni 800 a la semana pag\u00f3 de pensi\u00f3n a sus dos hijos","datePublished":"2021-02-20T17:00:52+00:00","dateModified":"2021-02-22T23:20:54+00:00","mainEntityOfPage":{"@id":"https:\/\/reporteroshoy.mx\/noticias\/ni-800-a-la-semana-pago-de-pension-a-sus-dos-hijos\/"},"wordCount":260,"commentCount":0,"image":{"@id":"https:\/\/reporteroshoy.mx\/noticias\/ni-800-a-la-semana-pago-de-pension-a-sus-dos-hijos\/#primaryimage"},"thumbnailUrl":"https:\/\/reporteroshoy.mx\/noticias\/wp-content\/uploads\/2020\/09\/Cereso.jpg","keywords":["Pensi\u00f3n","pensi\u00f3n alimenticia"],"articleSection":["Polic\u00eda"],"inLanguage":"es","potentialAction":[{"@type":"CommentAction","name":"Comment","target":["https:\/\/reporteroshoy.mx\/noticias\/ni-800-a-la-semana-pago-de-pension-a-sus-dos-hijos\/#respond"]}]},{"@type":"WebPage","@id":"https:\/\/reporteroshoy.mx\/noticias\/ni-800-a-la-semana-pago-de-pension-a-sus-dos-hijos\/","url":"https:\/\/reporteroshoy.mx\/noticias\/ni-800-a-la-semana-pago-de-pension-a-sus-dos-hijos\/","name":"Ni 800 a la semana pag\u00f3 de pensi\u00f3n a sus dos hijos","isPartOf":{"@id":"https:\/\/reporteroshoy.mx\/noticias\/#website"},"primaryImageOfPage":{"@id":"https:\/\/reporteroshoy.mx\/noticias\/ni-800-a-la-semana-pago-de-pension-a-sus-dos-hijos\/#primaryimage"},"image":{"@id":"https:\/\/reporteroshoy.mx\/noticias\/ni-800-a-la-semana-pago-de-pension-a-sus-dos-hijos\/#primaryimage"},"thumbnailUrl":"https:\/\/reporteroshoy.mx\/noticias\/wp-content\/uploads\/2020\/09\/Cereso.jpg","datePublished":"2021-02-20T17:00:52+00:00","dateModified":"2021-02-22T23:20:54+00:00","author":{"@id":"https:\/\/reporteroshoy.mx\/noticias\/#\/schema\/person\/49ae631fc906b44554e4ba3866c505d7"},"description":"Tres a\u00f1os despu\u00e9s de faltar al pago de la manutenci\u00f3n a sus dos hijos, F.A.M.C. fue detenido y puesto en prisi\u00f3n preventiva.","breadcrumb":{"@id":"https:\/\/reporteroshoy.mx\/noticias\/ni-800-a-la-semana-pago-de-pension-a-sus-dos-hijos\/#breadcrumb"},"inLanguage":"es","potentialAction":[{"@type":"ReadAction","target":["https:\/\/reporteroshoy.mx\/noticias\/ni-800-a-la-semana-pago-de-pension-a-sus-dos-hijos\/"]}]},{"@type":"ImageObject","inLanguage":"es","@id":"https:\/\/reporteroshoy.mx\/noticias\/ni-800-a-la-semana-pago-de-pension-a-sus-dos-hijos\/#primaryimage","url":"","contentUrl":""},{"@type":"BreadcrumbList","@id":"https:\/\/reporteroshoy.mx\/noticias\/ni-800-a-la-semana-pago-de-pension-a-sus-dos-hijos\/#breadcrumb","itemListElement":[{"@type":"ListItem","position":1,"name":"Portada","item":"https:\/\/reporteroshoy.mx\/noticias\/"},{"@type":"ListItem","position":2,"name":"Ni 800 a la semana pag\u00f3 de pensi\u00f3n a sus dos hijos"}]},{"@type":"WebSite","@id":"https:\/\/reporteroshoy.mx\/noticias\/#website","url":"https:\/\/reporteroshoy.mx\/noticias\/","name":"Reporteros Hoy | Noticias de Yucat\u00e1n","description":"Peri\u00f3dico digital con noticias diarias desde M\u00e9rida, Yucat\u00e1n para el mundo.","potentialAction":[{"@type":"SearchAction","target":{"@type":"EntryPoint","urlTemplate":"https:\/\/reporteroshoy.mx\/noticias\/?s={search_term_string}"},"query-input":{"@type":"PropertyValueSpecification","valueRequired":true,"valueName":"search_term_string"}}],"inLanguage":"es"},{"@type":"Person","@id":"https:\/\/reporteroshoy.mx\/noticias\/#\/schema\/person\/49ae631fc906b44554e4ba3866c505d7","name":"Reporteros Hoy GS","image":{"@type":"ImageObject","inLanguage":"es","@id":"https:\/\/secure.gravatar.com\/avatar\/00d32adb620345c3db2cfc175917f65c584e1e338fdc49ad126aa1f9830eb6a9?s=96&d=mm&r=g","url":"https:\/\/secure.gravatar.com\/avatar\/00d32adb620345c3db2cfc175917f65c584e1e338fdc49ad126aa1f9830eb6a9?s=96&d=mm&r=g","contentUrl":"https:\/\/secure.gravatar.com\/avatar\/00d32adb620345c3db2cfc175917f65c584e1e338fdc49ad126aa1f9830eb6a9?s=96&d=mm&r=g","caption":"Reporteros Hoy GS"},"url":"https:\/\/reporteroshoy.mx\/noticias\/author\/lupis\/"}]}},"_links":{"self":[{"href":"https:\/\/reporteroshoy.mx\/noticias\/wp-json\/wp\/v2\/posts\/57358","targetHints":{"allow":["GET"]}}],"collection":[{"href":"https:\/\/reporteroshoy.mx\/noticias\/wp-json\/wp\/v2\/posts"}],"about":[{"href":"https:\/\/reporteroshoy.mx\/noticias\/wp-json\/wp\/v2\/types\/post"}],"author":[{"embeddable":true,"href":"https:\/\/reporteroshoy.mx\/noticias\/wp-json\/wp\/v2\/users\/6"}],"replies":[{"embeddable":true,"href":"https:\/\/reporteroshoy.mx\/noticias\/wp-json\/wp\/v2\/comments?post=57358"}],"version-history":[{"count":0,"href":"https:\/\/reporteroshoy.mx\/noticias\/wp-json\/wp\/v2\/posts\/57358\/revisions"}],"wp:attachment":[{"href":"https:\/\/reporteroshoy.mx\/noticias\/wp-json\/wp\/v2\/media?parent=57358"}],"wp:term":[{"taxonomy":"category","embeddable":true,"href":"https:\/\/reporteroshoy.mx\/noticias\/wp-json\/wp\/v2\/categories?post=57358"},{"taxonomy":"post_tag","embeddable":true,"href":"https:\/\/reporteroshoy.mx\/noticias\/wp-json\/wp\/v2\/tags?post=57358"}],"curies":[{"name":"wp","href":"https:\/\/api.w.org\/{rel}","templated":true}]}}