{"id":57363,"date":"2021-02-20T13:30:33","date_gmt":"2021-02-20T19:30:33","guid":{"rendered":"https:\/\/reporteroshoy.mx\/noticias\/?p=57363"},"modified":"2021-02-22T17:22:38","modified_gmt":"2021-02-22T23:22:38","slug":"carcel-por-golpear-a-su-ex-pareja-el-14-de-febrero-en-los-heroes","status":"publish","type":"post","link":"https:\/\/reporteroshoy.mx\/noticias\/carcel-por-golpear-a-su-ex-pareja-el-14-de-febrero-en-los-heroes\/","title":{"rendered":"C\u00e1rcel por golpear a su ex pareja el 14 de febrero en los H\u00e9roes"},"content":{"rendered":"<p style=\"text-align: justify;\"><span style=\"color: #000000;\">M\u00e9rida, Yucat\u00e1n a 20 de febrero de 2021.- Despu\u00e9s de valorar los datos de prueba presentados por la Fiscal\u00eda General del Estado (FGE), L.A.P.B. fue vinculado a proceso por los delitos de violencia familiar, lesiones y da\u00f1o en propiedad ajena, denunciados tras los hechos ocurridos en d\u00edas pasados en el fraccionamiento Los H\u00e9roes, de esta ciudad.<\/span><\/p>\n<p><span style=\"color: #000000;\"><img loading=\"lazy\" decoding=\"async\" class=\"wp-image-57365 aligncenter\" src=\"https:\/\/reporteroshoy.mx\/noticias\/wp-content\/uploads\/2021\/02\/los-heroes.jpeg\" alt=\"\" width=\"613\" height=\"408\" \/><\/span><\/p>\n<p style=\"text-align: justify;\"><span style=\"color: #000000;\">De acuerdo con la informaci\u00f3n reunida en la causa penal 36\/2021, los hechos ocurrieron el 14 de febrero, cuando el imputado cometi\u00f3 los il\u00edcitos en contra de su ex pareja, quien result\u00f3 con lesiones que tardan en sanar hasta 15 d\u00edas.<\/span><\/p>\n<p style=\"text-align: justify;\"><span style=\"color: #000000;\">En la audiencia realizada en el Centro de Justicia Oral de M\u00e9rida, la Juez Primera de Control del Primer Distrito Judicial valor\u00f3 los datos presentados y decret\u00f3 el auto de vinculaci\u00f3n a proceso por los tres delitos, otorgando adem\u00e1s un plazo de dos meses para el cierre de la investigaci\u00f3n complementaria.<\/span><\/p>\n<p style=\"text-align: justify;\"><span style=\"color: #000000;\">Por \u00faltimo, esta representaci\u00f3n social expuso los argumentos para solicitar la imposici\u00f3n de medidas cautelares, por lo que la Juez de Control ratific\u00f3 la prisi\u00f3n preventiva otorgada durante la audiencia inicial, misma que se mantendr\u00e1 vigente por todo el tiempo que dure el proceso.<\/span><\/p>\n","protected":false},"excerpt":{"rendered":"<p>L.A.P.B. fue vinculado a proceso por los delitos de violencia familiar, lesiones y da\u00f1o en propiedad ajena, ahora enfrentar\u00e1 su proceso en prisi\u00f3n por violento.<\/p>\n","protected":false},"author":6,"featured_media":57365,"comment_status":"open","ping_status":"closed","sticky":false,"template":"","format":"standard","meta":{"footnotes":""},"categories":[14],"tags":[2545,8282,5429],"class_list":["post-57363","post","type-post","status-publish","format-standard","has-post-thumbnail","hentry","category-policia","tag-los-heroes","tag-violencia-a-la-mujer","tag-violencia-familiar"],"yoast_head":"<!-- This site is optimized with the Yoast SEO plugin v28.3 - https:\/\/yoast.com\/product\/yoast-seo-wordpress\/ -->\n<title>C\u00e1rcel por golpear a su ex pareja el 14 de febrero en los H\u00e9roes<\/title>\n<meta name=\"description\" content=\"L.A.P.B. fue vinculado a proceso por los delitos de violencia familiar, lesiones y da\u00f1o en propiedad ajena, ahora enfrentar\u00e1 su proceso en prisi\u00f3n por violento.\" \/>\n<meta name=\"robots\" content=\"index, follow, max-snippet:-1, max-image-preview:large, max-video-preview:-1\" \/>\n<link rel=\"canonical\" href=\"https:\/\/reporteroshoy.mx\/noticias\/carcel-por-golpear-a-su-ex-pareja-el-14-de-febrero-en-los-heroes\/\" \/>\n<meta property=\"og:locale\" content=\"es_ES\" \/>\n<meta property=\"og:type\" content=\"article\" \/>\n<meta property=\"og:title\" content=\"C\u00e1rcel por golpear a su ex pareja el 14 de febrero en los H\u00e9roes\" \/>\n<meta property=\"og:description\" content=\"L.A.P.B. fue vinculado a proceso por los delitos de violencia familiar, lesiones y da\u00f1o en propiedad ajena, ahora enfrentar\u00e1 su proceso en prisi\u00f3n por violento.\" \/>\n<meta property=\"og:url\" content=\"https:\/\/reporteroshoy.mx\/noticias\/carcel-por-golpear-a-su-ex-pareja-el-14-de-febrero-en-los-heroes\/\" \/>\n<meta property=\"og:site_name\" content=\"Reporteros Hoy | Noticias de Yucat\u00e1n\" \/>\n<meta property=\"article:publisher\" content=\"http:\/\/www.facebook.com\/reporteroshoymx\" \/>\n<meta property=\"article:published_time\" content=\"2021-02-20T19:30:33+00:00\" \/>\n<meta property=\"article:modified_time\" content=\"2021-02-22T23:22:38+00:00\" \/>\n<meta property=\"og:image\" content=\"https:\/\/reporteroshoy.mx\/noticias\/wp-content\/uploads\/2021\/02\/los-heroes.jpeg\" \/>\n\t<meta property=\"og:image:width\" content=\"768\" \/>\n\t<meta property=\"og:image:height\" content=\"511\" \/>\n\t<meta property=\"og:image:type\" content=\"image\/jpeg\" \/>\n<meta name=\"author\" content=\"Reporteros Hoy GS\" \/>\n<meta name=\"twitter:card\" content=\"summary_large_image\" \/>\n<meta name=\"twitter:creator\" content=\"@reporteroshoy\" \/>\n<meta name=\"twitter:site\" content=\"@reporteroshoy\" \/>\n<meta name=\"twitter:label1\" content=\"Escrito por\" \/>\n\t<meta name=\"twitter:data1\" content=\"Reporteros Hoy GS\" \/>\n\t<meta name=\"twitter:label2\" content=\"Tiempo de lectura\" \/>\n\t<meta name=\"twitter:data2\" content=\"2 minutos\" \/>\n<script type=\"application\/ld+json\" class=\"yoast-schema-graph\">{\"@context\":\"https:\\\/\\\/schema.org\",\"@graph\":[{\"@type\":\"Article\",\"@id\":\"https:\\\/\\\/reporteroshoy.mx\\\/noticias\\\/carcel-por-golpear-a-su-ex-pareja-el-14-de-febrero-en-los-heroes\\\/#article\",\"isPartOf\":{\"@id\":\"https:\\\/\\\/reporteroshoy.mx\\\/noticias\\\/carcel-por-golpear-a-su-ex-pareja-el-14-de-febrero-en-los-heroes\\\/\"},\"author\":{\"name\":\"Reporteros Hoy GS\",\"@id\":\"https:\\\/\\\/reporteroshoy.mx\\\/noticias\\\/#\\\/schema\\\/person\\\/49ae631fc906b44554e4ba3866c505d7\"},\"headline\":\"C\u00e1rcel por golpear a su ex pareja el 14 de febrero en los H\u00e9roes\",\"datePublished\":\"2021-02-20T19:30:33+00:00\",\"dateModified\":\"2021-02-22T23:22:38+00:00\",\"mainEntityOfPage\":{\"@id\":\"https:\\\/\\\/reporteroshoy.mx\\\/noticias\\\/carcel-por-golpear-a-su-ex-pareja-el-14-de-febrero-en-los-heroes\\\/\"},\"wordCount\":223,\"commentCount\":0,\"image\":{\"@id\":\"https:\\\/\\\/reporteroshoy.mx\\\/noticias\\\/carcel-por-golpear-a-su-ex-pareja-el-14-de-febrero-en-los-heroes\\\/#primaryimage\"},\"thumbnailUrl\":\"https:\\\/\\\/reporteroshoy.mx\\\/noticias\\\/wp-content\\\/uploads\\\/2021\\\/02\\\/los-heroes.jpeg\",\"keywords\":[\"Los H\u00e9roes\",\"Violencia a la mujer\",\"Violencia Familiar\"],\"articleSection\":[\"Polic\u00eda\"],\"inLanguage\":\"es\",\"potentialAction\":[{\"@type\":\"CommentAction\",\"name\":\"Comment\",\"target\":[\"https:\\\/\\\/reporteroshoy.mx\\\/noticias\\\/carcel-por-golpear-a-su-ex-pareja-el-14-de-febrero-en-los-heroes\\\/#respond\"]}]},{\"@type\":\"WebPage\",\"@id\":\"https:\\\/\\\/reporteroshoy.mx\\\/noticias\\\/carcel-por-golpear-a-su-ex-pareja-el-14-de-febrero-en-los-heroes\\\/\",\"url\":\"https:\\\/\\\/reporteroshoy.mx\\\/noticias\\\/carcel-por-golpear-a-su-ex-pareja-el-14-de-febrero-en-los-heroes\\\/\",\"name\":\"C\u00e1rcel por golpear a su ex pareja el 14 de febrero en los H\u00e9roes\",\"isPartOf\":{\"@id\":\"https:\\\/\\\/reporteroshoy.mx\\\/noticias\\\/#website\"},\"primaryImageOfPage\":{\"@id\":\"https:\\\/\\\/reporteroshoy.mx\\\/noticias\\\/carcel-por-golpear-a-su-ex-pareja-el-14-de-febrero-en-los-heroes\\\/#primaryimage\"},\"image\":{\"@id\":\"https:\\\/\\\/reporteroshoy.mx\\\/noticias\\\/carcel-por-golpear-a-su-ex-pareja-el-14-de-febrero-en-los-heroes\\\/#primaryimage\"},\"thumbnailUrl\":\"https:\\\/\\\/reporteroshoy.mx\\\/noticias\\\/wp-content\\\/uploads\\\/2021\\\/02\\\/los-heroes.jpeg\",\"datePublished\":\"2021-02-20T19:30:33+00:00\",\"dateModified\":\"2021-02-22T23:22:38+00:00\",\"author\":{\"@id\":\"https:\\\/\\\/reporteroshoy.mx\\\/noticias\\\/#\\\/schema\\\/person\\\/49ae631fc906b44554e4ba3866c505d7\"},\"description\":\"L.A.P.B. fue vinculado a proceso por los delitos de violencia familiar, lesiones y da\u00f1o en propiedad ajena, ahora enfrentar\u00e1 su proceso en prisi\u00f3n por violento.\",\"breadcrumb\":{\"@id\":\"https:\\\/\\\/reporteroshoy.mx\\\/noticias\\\/carcel-por-golpear-a-su-ex-pareja-el-14-de-febrero-en-los-heroes\\\/#breadcrumb\"},\"inLanguage\":\"es\",\"potentialAction\":[{\"@type\":\"ReadAction\",\"target\":[\"https:\\\/\\\/reporteroshoy.mx\\\/noticias\\\/carcel-por-golpear-a-su-ex-pareja-el-14-de-febrero-en-los-heroes\\\/\"]}]},{\"@type\":\"ImageObject\",\"inLanguage\":\"es\",\"@id\":\"https:\\\/\\\/reporteroshoy.mx\\\/noticias\\\/carcel-por-golpear-a-su-ex-pareja-el-14-de-febrero-en-los-heroes\\\/#primaryimage\",\"url\":\"https:\\\/\\\/reporteroshoy.mx\\\/noticias\\\/wp-content\\\/uploads\\\/2021\\\/02\\\/los-heroes.jpeg\",\"contentUrl\":\"https:\\\/\\\/reporteroshoy.mx\\\/noticias\\\/wp-content\\\/uploads\\\/2021\\\/02\\\/los-heroes.jpeg\",\"width\":768,\"height\":511},{\"@type\":\"BreadcrumbList\",\"@id\":\"https:\\\/\\\/reporteroshoy.mx\\\/noticias\\\/carcel-por-golpear-a-su-ex-pareja-el-14-de-febrero-en-los-heroes\\\/#breadcrumb\",\"itemListElement\":[{\"@type\":\"ListItem\",\"position\":1,\"name\":\"Portada\",\"item\":\"https:\\\/\\\/reporteroshoy.mx\\\/noticias\\\/\"},{\"@type\":\"ListItem\",\"position\":2,\"name\":\"C\u00e1rcel por golpear a su ex pareja el 14 de febrero en los H\u00e9roes\"}]},{\"@type\":\"WebSite\",\"@id\":\"https:\\\/\\\/reporteroshoy.mx\\\/noticias\\\/#website\",\"url\":\"https:\\\/\\\/reporteroshoy.mx\\\/noticias\\\/\",\"name\":\"Reporteros Hoy | Noticias de Yucat\u00e1n\",\"description\":\"Peri\u00f3dico digital con noticias diarias desde M\u00e9rida, Yucat\u00e1n para el mundo.\",\"potentialAction\":[{\"@type\":\"SearchAction\",\"target\":{\"@type\":\"EntryPoint\",\"urlTemplate\":\"https:\\\/\\\/reporteroshoy.mx\\\/noticias\\\/?s={search_term_string}\"},\"query-input\":{\"@type\":\"PropertyValueSpecification\",\"valueRequired\":true,\"valueName\":\"search_term_string\"}}],\"inLanguage\":\"es\"},{\"@type\":\"Person\",\"@id\":\"https:\\\/\\\/reporteroshoy.mx\\\/noticias\\\/#\\\/schema\\\/person\\\/49ae631fc906b44554e4ba3866c505d7\",\"name\":\"Reporteros Hoy GS\",\"image\":{\"@type\":\"ImageObject\",\"inLanguage\":\"es\",\"@id\":\"https:\\\/\\\/secure.gravatar.com\\\/avatar\\\/00d32adb620345c3db2cfc175917f65c584e1e338fdc49ad126aa1f9830eb6a9?s=96&d=mm&r=g\",\"url\":\"https:\\\/\\\/secure.gravatar.com\\\/avatar\\\/00d32adb620345c3db2cfc175917f65c584e1e338fdc49ad126aa1f9830eb6a9?s=96&d=mm&r=g\",\"contentUrl\":\"https:\\\/\\\/secure.gravatar.com\\\/avatar\\\/00d32adb620345c3db2cfc175917f65c584e1e338fdc49ad126aa1f9830eb6a9?s=96&d=mm&r=g\",\"caption\":\"Reporteros Hoy GS\"},\"url\":\"https:\\\/\\\/reporteroshoy.mx\\\/noticias\\\/author\\\/lupis\\\/\"}]}<\/script>\n<!-- \/ Yoast SEO plugin. -->","yoast_head_json":{"title":"C\u00e1rcel por golpear a su ex pareja el 14 de febrero en los H\u00e9roes","description":"L.A.P.B. fue vinculado a proceso por los delitos de violencia familiar, lesiones y da\u00f1o en propiedad ajena, ahora enfrentar\u00e1 su proceso en prisi\u00f3n por violento.","robots":{"index":"index","follow":"follow","max-snippet":"max-snippet:-1","max-image-preview":"max-image-preview:large","max-video-preview":"max-video-preview:-1"},"canonical":"https:\/\/reporteroshoy.mx\/noticias\/carcel-por-golpear-a-su-ex-pareja-el-14-de-febrero-en-los-heroes\/","og_locale":"es_ES","og_type":"article","og_title":"C\u00e1rcel por golpear a su ex pareja el 14 de febrero en los H\u00e9roes","og_description":"L.A.P.B. fue vinculado a proceso por los delitos de violencia familiar, lesiones y da\u00f1o en propiedad ajena, ahora enfrentar\u00e1 su proceso en prisi\u00f3n por violento.","og_url":"https:\/\/reporteroshoy.mx\/noticias\/carcel-por-golpear-a-su-ex-pareja-el-14-de-febrero-en-los-heroes\/","og_site_name":"Reporteros Hoy | Noticias de Yucat\u00e1n","article_publisher":"http:\/\/www.facebook.com\/reporteroshoymx","article_published_time":"2021-02-20T19:30:33+00:00","article_modified_time":"2021-02-22T23:22:38+00:00","og_image":[{"width":768,"height":511,"url":"https:\/\/reporteroshoy.mx\/noticias\/wp-content\/uploads\/2021\/02\/los-heroes.jpeg","type":"image\/jpeg"}],"author":"Reporteros Hoy GS","twitter_card":"summary_large_image","twitter_creator":"@reporteroshoy","twitter_site":"@reporteroshoy","twitter_misc":{"Escrito por":"Reporteros Hoy GS","Tiempo de lectura":"2 minutos"},"schema":{"@context":"https:\/\/schema.org","@graph":[{"@type":"Article","@id":"https:\/\/reporteroshoy.mx\/noticias\/carcel-por-golpear-a-su-ex-pareja-el-14-de-febrero-en-los-heroes\/#article","isPartOf":{"@id":"https:\/\/reporteroshoy.mx\/noticias\/carcel-por-golpear-a-su-ex-pareja-el-14-de-febrero-en-los-heroes\/"},"author":{"name":"Reporteros Hoy GS","@id":"https:\/\/reporteroshoy.mx\/noticias\/#\/schema\/person\/49ae631fc906b44554e4ba3866c505d7"},"headline":"C\u00e1rcel por golpear a su ex pareja el 14 de febrero en los H\u00e9roes","datePublished":"2021-02-20T19:30:33+00:00","dateModified":"2021-02-22T23:22:38+00:00","mainEntityOfPage":{"@id":"https:\/\/reporteroshoy.mx\/noticias\/carcel-por-golpear-a-su-ex-pareja-el-14-de-febrero-en-los-heroes\/"},"wordCount":223,"commentCount":0,"image":{"@id":"https:\/\/reporteroshoy.mx\/noticias\/carcel-por-golpear-a-su-ex-pareja-el-14-de-febrero-en-los-heroes\/#primaryimage"},"thumbnailUrl":"https:\/\/reporteroshoy.mx\/noticias\/wp-content\/uploads\/2021\/02\/los-heroes.jpeg","keywords":["Los H\u00e9roes","Violencia a la mujer","Violencia Familiar"],"articleSection":["Polic\u00eda"],"inLanguage":"es","potentialAction":[{"@type":"CommentAction","name":"Comment","target":["https:\/\/reporteroshoy.mx\/noticias\/carcel-por-golpear-a-su-ex-pareja-el-14-de-febrero-en-los-heroes\/#respond"]}]},{"@type":"WebPage","@id":"https:\/\/reporteroshoy.mx\/noticias\/carcel-por-golpear-a-su-ex-pareja-el-14-de-febrero-en-los-heroes\/","url":"https:\/\/reporteroshoy.mx\/noticias\/carcel-por-golpear-a-su-ex-pareja-el-14-de-febrero-en-los-heroes\/","name":"C\u00e1rcel por golpear a su ex pareja el 14 de febrero en los H\u00e9roes","isPartOf":{"@id":"https:\/\/reporteroshoy.mx\/noticias\/#website"},"primaryImageOfPage":{"@id":"https:\/\/reporteroshoy.mx\/noticias\/carcel-por-golpear-a-su-ex-pareja-el-14-de-febrero-en-los-heroes\/#primaryimage"},"image":{"@id":"https:\/\/reporteroshoy.mx\/noticias\/carcel-por-golpear-a-su-ex-pareja-el-14-de-febrero-en-los-heroes\/#primaryimage"},"thumbnailUrl":"https:\/\/reporteroshoy.mx\/noticias\/wp-content\/uploads\/2021\/02\/los-heroes.jpeg","datePublished":"2021-02-20T19:30:33+00:00","dateModified":"2021-02-22T23:22:38+00:00","author":{"@id":"https:\/\/reporteroshoy.mx\/noticias\/#\/schema\/person\/49ae631fc906b44554e4ba3866c505d7"},"description":"L.A.P.B. fue vinculado a proceso por los delitos de violencia familiar, lesiones y da\u00f1o en propiedad ajena, ahora enfrentar\u00e1 su proceso en prisi\u00f3n por violento.","breadcrumb":{"@id":"https:\/\/reporteroshoy.mx\/noticias\/carcel-por-golpear-a-su-ex-pareja-el-14-de-febrero-en-los-heroes\/#breadcrumb"},"inLanguage":"es","potentialAction":[{"@type":"ReadAction","target":["https:\/\/reporteroshoy.mx\/noticias\/carcel-por-golpear-a-su-ex-pareja-el-14-de-febrero-en-los-heroes\/"]}]},{"@type":"ImageObject","inLanguage":"es","@id":"https:\/\/reporteroshoy.mx\/noticias\/carcel-por-golpear-a-su-ex-pareja-el-14-de-febrero-en-los-heroes\/#primaryimage","url":"https:\/\/reporteroshoy.mx\/noticias\/wp-content\/uploads\/2021\/02\/los-heroes.jpeg","contentUrl":"https:\/\/reporteroshoy.mx\/noticias\/wp-content\/uploads\/2021\/02\/los-heroes.jpeg","width":768,"height":511},{"@type":"BreadcrumbList","@id":"https:\/\/reporteroshoy.mx\/noticias\/carcel-por-golpear-a-su-ex-pareja-el-14-de-febrero-en-los-heroes\/#breadcrumb","itemListElement":[{"@type":"ListItem","position":1,"name":"Portada","item":"https:\/\/reporteroshoy.mx\/noticias\/"},{"@type":"ListItem","position":2,"name":"C\u00e1rcel por golpear a su ex pareja el 14 de febrero en los H\u00e9roes"}]},{"@type":"WebSite","@id":"https:\/\/reporteroshoy.mx\/noticias\/#website","url":"https:\/\/reporteroshoy.mx\/noticias\/","name":"Reporteros Hoy | Noticias de Yucat\u00e1n","description":"Peri\u00f3dico digital con noticias diarias desde M\u00e9rida, Yucat\u00e1n para el mundo.","potentialAction":[{"@type":"SearchAction","target":{"@type":"EntryPoint","urlTemplate":"https:\/\/reporteroshoy.mx\/noticias\/?s={search_term_string}"},"query-input":{"@type":"PropertyValueSpecification","valueRequired":true,"valueName":"search_term_string"}}],"inLanguage":"es"},{"@type":"Person","@id":"https:\/\/reporteroshoy.mx\/noticias\/#\/schema\/person\/49ae631fc906b44554e4ba3866c505d7","name":"Reporteros Hoy GS","image":{"@type":"ImageObject","inLanguage":"es","@id":"https:\/\/secure.gravatar.com\/avatar\/00d32adb620345c3db2cfc175917f65c584e1e338fdc49ad126aa1f9830eb6a9?s=96&d=mm&r=g","url":"https:\/\/secure.gravatar.com\/avatar\/00d32adb620345c3db2cfc175917f65c584e1e338fdc49ad126aa1f9830eb6a9?s=96&d=mm&r=g","contentUrl":"https:\/\/secure.gravatar.com\/avatar\/00d32adb620345c3db2cfc175917f65c584e1e338fdc49ad126aa1f9830eb6a9?s=96&d=mm&r=g","caption":"Reporteros Hoy GS"},"url":"https:\/\/reporteroshoy.mx\/noticias\/author\/lupis\/"}]}},"_links":{"self":[{"href":"https:\/\/reporteroshoy.mx\/noticias\/wp-json\/wp\/v2\/posts\/57363","targetHints":{"allow":["GET"]}}],"collection":[{"href":"https:\/\/reporteroshoy.mx\/noticias\/wp-json\/wp\/v2\/posts"}],"about":[{"href":"https:\/\/reporteroshoy.mx\/noticias\/wp-json\/wp\/v2\/types\/post"}],"author":[{"embeddable":true,"href":"https:\/\/reporteroshoy.mx\/noticias\/wp-json\/wp\/v2\/users\/6"}],"replies":[{"embeddable":true,"href":"https:\/\/reporteroshoy.mx\/noticias\/wp-json\/wp\/v2\/comments?post=57363"}],"version-history":[{"count":0,"href":"https:\/\/reporteroshoy.mx\/noticias\/wp-json\/wp\/v2\/posts\/57363\/revisions"}],"wp:featuredmedia":[{"embeddable":true,"href":"https:\/\/reporteroshoy.mx\/noticias\/wp-json\/wp\/v2\/media\/57365"}],"wp:attachment":[{"href":"https:\/\/reporteroshoy.mx\/noticias\/wp-json\/wp\/v2\/media?parent=57363"}],"wp:term":[{"taxonomy":"category","embeddable":true,"href":"https:\/\/reporteroshoy.mx\/noticias\/wp-json\/wp\/v2\/categories?post=57363"},{"taxonomy":"post_tag","embeddable":true,"href":"https:\/\/reporteroshoy.mx\/noticias\/wp-json\/wp\/v2\/tags?post=57363"}],"curies":[{"name":"wp","href":"https:\/\/api.w.org\/{rel}","templated":true}]}}