{"id":58040,"date":"2021-02-28T13:00:53","date_gmt":"2021-02-28T19:00:53","guid":{"rendered":"https:\/\/reporteroshoy.mx\/noticias\/?p=58040"},"modified":"2021-03-01T12:13:27","modified_gmt":"2021-03-01T18:13:27","slug":"al-tambo-dos-anos-por-no-pasar-la-pension-alimenticia","status":"publish","type":"post","link":"https:\/\/reporteroshoy.mx\/noticias\/al-tambo-dos-anos-por-no-pasar-la-pension-alimenticia\/","title":{"rendered":"Al &#8216;tambo&#8217; dos a\u00f1os por no pasar la pensi\u00f3n alimenticia"},"content":{"rendered":"<p style=\"text-align: justify;\">M\u00e9rida, Yucat\u00e1n, 28 de febrero de 2021.- En una audiencia de procedimiento abreviado, se decret\u00f3 el fallo condenatorio en contra de J.A.C.P., al ser encontrado penalmente responsable del delito de incumplimiento de las obligaciones de asistencia familiar, por lo que fue sentenciado a dos a\u00f1os, tres meses de prisi\u00f3n y 65 d\u00edas de multa.<\/p>\n<p style=\"text-align: justify;\">Tras contar con la anuencia de las partes involucradas, la Fiscal\u00eda General del Estado (FGE), expuso los datos de prueba que permitieron a la Juez Primero de Control del Cuarto Distrito Judicial otorgar el citado fallo y sentenciar al acusado a la pena privativa de la libertad.<\/p>\n<p><img loading=\"lazy\" decoding=\"async\" class=\"wp-image-57991 aligncenter\" src=\"https:\/\/reporteroshoy.mx\/noticias\/wp-content\/uploads\/2021\/02\/Encarcelado.jpg\" alt=\"\" width=\"605\" height=\"341\" \/><\/p>\n<p style=\"text-align: justify;\">De acuerdo con la indagatoria realizada por los especialistas de la FGE, desde el a\u00f1o 2011 el imputado dej\u00f3 de cumplir con sus obligaciones para la manutenci\u00f3n de sus dos hijas, por lo que se present\u00f3 la formal denuncia que deriv\u00f3 en la causa penal 14\/2013<\/p>\n<p style=\"text-align: justify;\">En la audiencia celebrada en el Centro de Justicia Oral de Um\u00e1n, la autoridad judicial estableci\u00f3 las penas se\u00f1aladas, antes de concluir la diligencia judicial, se dispens\u00f3 la lectura por lo que queda en firme la sentencia.<\/p>\n","protected":false},"excerpt":{"rendered":"<p>Este mal padre dej\u00f3 de cumplir con sus obligaciones para la manutenci\u00f3n de sus dos hijas, por lo que se present\u00f3 la formal denuncia. <\/p>\n","protected":false},"author":5,"featured_media":57991,"comment_status":"open","ping_status":"closed","sticky":false,"template":"","format":"standard","meta":{"footnotes":""},"categories":[14],"tags":[431,13523,11318],"class_list":["post-58040","post","type-post","status-publish","format-standard","has-post-thumbnail","hentry","category-policia","tag-fge","tag-pension-alimenticia","tag-sentencia"],"yoast_head":"<!-- This site is optimized with the Yoast SEO plugin v28.3 - https:\/\/yoast.com\/product\/yoast-seo-wordpress\/ -->\n<title>Al &#039;tambo&#039; dos a\u00f1os por no pasar la pensi\u00f3n alimenticia<\/title>\n<meta name=\"description\" content=\"Este mal padre dej\u00f3 de cumplir con sus obligaciones para la manutenci\u00f3n de sus dos hijas, por lo que se present\u00f3 la formal denuncia.\" \/>\n<meta name=\"robots\" content=\"index, follow, max-snippet:-1, max-image-preview:large, max-video-preview:-1\" \/>\n<link rel=\"canonical\" href=\"https:\/\/reporteroshoy.mx\/noticias\/al-tambo-dos-anos-por-no-pasar-la-pension-alimenticia\/\" \/>\n<meta property=\"og:locale\" content=\"es_ES\" \/>\n<meta property=\"og:type\" content=\"article\" \/>\n<meta property=\"og:title\" content=\"Al &#039;tambo&#039; dos a\u00f1os por no pasar la pensi\u00f3n alimenticia\" \/>\n<meta property=\"og:description\" content=\"Este mal padre dej\u00f3 de cumplir con sus obligaciones para la manutenci\u00f3n de sus dos hijas, por lo que se present\u00f3 la formal denuncia.\" \/>\n<meta property=\"og:url\" content=\"https:\/\/reporteroshoy.mx\/noticias\/al-tambo-dos-anos-por-no-pasar-la-pension-alimenticia\/\" \/>\n<meta property=\"og:site_name\" content=\"Reporteros Hoy | Noticias de Yucat\u00e1n\" \/>\n<meta property=\"article:publisher\" content=\"http:\/\/www.facebook.com\/reporteroshoymx\" \/>\n<meta property=\"article:published_time\" content=\"2021-02-28T19:00:53+00:00\" \/>\n<meta property=\"article:modified_time\" content=\"2021-03-01T18:13:27+00:00\" \/>\n<meta property=\"og:image\" content=\"https:\/\/reporteroshoy.mx\/noticias\/wp-content\/uploads\/2021\/02\/Encarcelado.jpg\" \/>\n\t<meta property=\"og:image:width\" content=\"768\" \/>\n\t<meta property=\"og:image:height\" content=\"432\" \/>\n\t<meta property=\"og:image:type\" content=\"image\/jpeg\" \/>\n<meta name=\"author\" content=\"Reporteros Hoy IM\" \/>\n<meta name=\"twitter:card\" content=\"summary_large_image\" \/>\n<meta name=\"twitter:creator\" content=\"@reporteroshoy\" \/>\n<meta name=\"twitter:site\" content=\"@reporteroshoy\" \/>\n<meta name=\"twitter:label1\" content=\"Escrito por\" \/>\n\t<meta name=\"twitter:data1\" content=\"Reporteros Hoy IM\" \/>\n\t<meta name=\"twitter:label2\" content=\"Tiempo de lectura\" \/>\n\t<meta name=\"twitter:data2\" content=\"2 minutos\" \/>\n<script type=\"application\/ld+json\" class=\"yoast-schema-graph\">{\"@context\":\"https:\\\/\\\/schema.org\",\"@graph\":[{\"@type\":\"Article\",\"@id\":\"https:\\\/\\\/reporteroshoy.mx\\\/noticias\\\/al-tambo-dos-anos-por-no-pasar-la-pension-alimenticia\\\/#article\",\"isPartOf\":{\"@id\":\"https:\\\/\\\/reporteroshoy.mx\\\/noticias\\\/al-tambo-dos-anos-por-no-pasar-la-pension-alimenticia\\\/\"},\"author\":{\"name\":\"Reporteros Hoy IM\",\"@id\":\"https:\\\/\\\/reporteroshoy.mx\\\/noticias\\\/#\\\/schema\\\/person\\\/948520f0d88b01be2e5266bc4acbbc15\"},\"headline\":\"Al &#8216;tambo&#8217; dos a\u00f1os por no pasar la pensi\u00f3n alimenticia\",\"datePublished\":\"2021-02-28T19:00:53+00:00\",\"dateModified\":\"2021-03-01T18:13:27+00:00\",\"mainEntityOfPage\":{\"@id\":\"https:\\\/\\\/reporteroshoy.mx\\\/noticias\\\/al-tambo-dos-anos-por-no-pasar-la-pension-alimenticia\\\/\"},\"wordCount\":205,\"commentCount\":0,\"image\":{\"@id\":\"https:\\\/\\\/reporteroshoy.mx\\\/noticias\\\/al-tambo-dos-anos-por-no-pasar-la-pension-alimenticia\\\/#primaryimage\"},\"thumbnailUrl\":\"https:\\\/\\\/reporteroshoy.mx\\\/noticias\\\/wp-content\\\/uploads\\\/2021\\\/02\\\/Encarcelado.jpg\",\"keywords\":[\"FGE\",\"pensi\u00f3n alimenticia\",\"Sentencia\"],\"articleSection\":[\"Polic\u00eda\"],\"inLanguage\":\"es\",\"potentialAction\":[{\"@type\":\"CommentAction\",\"name\":\"Comment\",\"target\":[\"https:\\\/\\\/reporteroshoy.mx\\\/noticias\\\/al-tambo-dos-anos-por-no-pasar-la-pension-alimenticia\\\/#respond\"]}]},{\"@type\":\"WebPage\",\"@id\":\"https:\\\/\\\/reporteroshoy.mx\\\/noticias\\\/al-tambo-dos-anos-por-no-pasar-la-pension-alimenticia\\\/\",\"url\":\"https:\\\/\\\/reporteroshoy.mx\\\/noticias\\\/al-tambo-dos-anos-por-no-pasar-la-pension-alimenticia\\\/\",\"name\":\"Al 'tambo' dos a\u00f1os por no pasar la pensi\u00f3n alimenticia\",\"isPartOf\":{\"@id\":\"https:\\\/\\\/reporteroshoy.mx\\\/noticias\\\/#website\"},\"primaryImageOfPage\":{\"@id\":\"https:\\\/\\\/reporteroshoy.mx\\\/noticias\\\/al-tambo-dos-anos-por-no-pasar-la-pension-alimenticia\\\/#primaryimage\"},\"image\":{\"@id\":\"https:\\\/\\\/reporteroshoy.mx\\\/noticias\\\/al-tambo-dos-anos-por-no-pasar-la-pension-alimenticia\\\/#primaryimage\"},\"thumbnailUrl\":\"https:\\\/\\\/reporteroshoy.mx\\\/noticias\\\/wp-content\\\/uploads\\\/2021\\\/02\\\/Encarcelado.jpg\",\"datePublished\":\"2021-02-28T19:00:53+00:00\",\"dateModified\":\"2021-03-01T18:13:27+00:00\",\"author\":{\"@id\":\"https:\\\/\\\/reporteroshoy.mx\\\/noticias\\\/#\\\/schema\\\/person\\\/948520f0d88b01be2e5266bc4acbbc15\"},\"description\":\"Este mal padre dej\u00f3 de cumplir con sus obligaciones para la manutenci\u00f3n de sus dos hijas, por lo que se present\u00f3 la formal denuncia.\",\"breadcrumb\":{\"@id\":\"https:\\\/\\\/reporteroshoy.mx\\\/noticias\\\/al-tambo-dos-anos-por-no-pasar-la-pension-alimenticia\\\/#breadcrumb\"},\"inLanguage\":\"es\",\"potentialAction\":[{\"@type\":\"ReadAction\",\"target\":[\"https:\\\/\\\/reporteroshoy.mx\\\/noticias\\\/al-tambo-dos-anos-por-no-pasar-la-pension-alimenticia\\\/\"]}]},{\"@type\":\"ImageObject\",\"inLanguage\":\"es\",\"@id\":\"https:\\\/\\\/reporteroshoy.mx\\\/noticias\\\/al-tambo-dos-anos-por-no-pasar-la-pension-alimenticia\\\/#primaryimage\",\"url\":\"https:\\\/\\\/reporteroshoy.mx\\\/noticias\\\/wp-content\\\/uploads\\\/2021\\\/02\\\/Encarcelado.jpg\",\"contentUrl\":\"https:\\\/\\\/reporteroshoy.mx\\\/noticias\\\/wp-content\\\/uploads\\\/2021\\\/02\\\/Encarcelado.jpg\",\"width\":768,\"height\":432},{\"@type\":\"BreadcrumbList\",\"@id\":\"https:\\\/\\\/reporteroshoy.mx\\\/noticias\\\/al-tambo-dos-anos-por-no-pasar-la-pension-alimenticia\\\/#breadcrumb\",\"itemListElement\":[{\"@type\":\"ListItem\",\"position\":1,\"name\":\"Portada\",\"item\":\"https:\\\/\\\/reporteroshoy.mx\\\/noticias\\\/\"},{\"@type\":\"ListItem\",\"position\":2,\"name\":\"Al &#8216;tambo&#8217; dos a\u00f1os por no pasar la pensi\u00f3n alimenticia\"}]},{\"@type\":\"WebSite\",\"@id\":\"https:\\\/\\\/reporteroshoy.mx\\\/noticias\\\/#website\",\"url\":\"https:\\\/\\\/reporteroshoy.mx\\\/noticias\\\/\",\"name\":\"Reporteros Hoy | Noticias de Yucat\u00e1n\",\"description\":\"Peri\u00f3dico digital con noticias diarias desde M\u00e9rida, Yucat\u00e1n para el mundo.\",\"potentialAction\":[{\"@type\":\"SearchAction\",\"target\":{\"@type\":\"EntryPoint\",\"urlTemplate\":\"https:\\\/\\\/reporteroshoy.mx\\\/noticias\\\/?s={search_term_string}\"},\"query-input\":{\"@type\":\"PropertyValueSpecification\",\"valueRequired\":true,\"valueName\":\"search_term_string\"}}],\"inLanguage\":\"es\"},{\"@type\":\"Person\",\"@id\":\"https:\\\/\\\/reporteroshoy.mx\\\/noticias\\\/#\\\/schema\\\/person\\\/948520f0d88b01be2e5266bc4acbbc15\",\"name\":\"Reporteros Hoy IM\",\"image\":{\"@type\":\"ImageObject\",\"inLanguage\":\"es\",\"@id\":\"https:\\\/\\\/secure.gravatar.com\\\/avatar\\\/d843030b96552826ac048bdfe26f2895604b800ed0c880ee55765a74d95dfc65?s=96&d=mm&r=g\",\"url\":\"https:\\\/\\\/secure.gravatar.com\\\/avatar\\\/d843030b96552826ac048bdfe26f2895604b800ed0c880ee55765a74d95dfc65?s=96&d=mm&r=g\",\"contentUrl\":\"https:\\\/\\\/secure.gravatar.com\\\/avatar\\\/d843030b96552826ac048bdfe26f2895604b800ed0c880ee55765a74d95dfc65?s=96&d=mm&r=g\",\"caption\":\"Reporteros Hoy IM\"},\"url\":\"https:\\\/\\\/reporteroshoy.mx\\\/noticias\\\/author\\\/israel\\\/\"}]}<\/script>\n<!-- \/ Yoast SEO plugin. -->","yoast_head_json":{"title":"Al 'tambo' dos a\u00f1os por no pasar la pensi\u00f3n alimenticia","description":"Este mal padre dej\u00f3 de cumplir con sus obligaciones para la manutenci\u00f3n de sus dos hijas, por lo que se present\u00f3 la formal denuncia.","robots":{"index":"index","follow":"follow","max-snippet":"max-snippet:-1","max-image-preview":"max-image-preview:large","max-video-preview":"max-video-preview:-1"},"canonical":"https:\/\/reporteroshoy.mx\/noticias\/al-tambo-dos-anos-por-no-pasar-la-pension-alimenticia\/","og_locale":"es_ES","og_type":"article","og_title":"Al 'tambo' dos a\u00f1os por no pasar la pensi\u00f3n alimenticia","og_description":"Este mal padre dej\u00f3 de cumplir con sus obligaciones para la manutenci\u00f3n de sus dos hijas, por lo que se present\u00f3 la formal denuncia.","og_url":"https:\/\/reporteroshoy.mx\/noticias\/al-tambo-dos-anos-por-no-pasar-la-pension-alimenticia\/","og_site_name":"Reporteros Hoy | Noticias de Yucat\u00e1n","article_publisher":"http:\/\/www.facebook.com\/reporteroshoymx","article_published_time":"2021-02-28T19:00:53+00:00","article_modified_time":"2021-03-01T18:13:27+00:00","og_image":[{"width":768,"height":432,"url":"https:\/\/reporteroshoy.mx\/noticias\/wp-content\/uploads\/2021\/02\/Encarcelado.jpg","type":"image\/jpeg"}],"author":"Reporteros Hoy IM","twitter_card":"summary_large_image","twitter_creator":"@reporteroshoy","twitter_site":"@reporteroshoy","twitter_misc":{"Escrito por":"Reporteros Hoy IM","Tiempo de lectura":"2 minutos"},"schema":{"@context":"https:\/\/schema.org","@graph":[{"@type":"Article","@id":"https:\/\/reporteroshoy.mx\/noticias\/al-tambo-dos-anos-por-no-pasar-la-pension-alimenticia\/#article","isPartOf":{"@id":"https:\/\/reporteroshoy.mx\/noticias\/al-tambo-dos-anos-por-no-pasar-la-pension-alimenticia\/"},"author":{"name":"Reporteros Hoy IM","@id":"https:\/\/reporteroshoy.mx\/noticias\/#\/schema\/person\/948520f0d88b01be2e5266bc4acbbc15"},"headline":"Al &#8216;tambo&#8217; dos a\u00f1os por no pasar la pensi\u00f3n alimenticia","datePublished":"2021-02-28T19:00:53+00:00","dateModified":"2021-03-01T18:13:27+00:00","mainEntityOfPage":{"@id":"https:\/\/reporteroshoy.mx\/noticias\/al-tambo-dos-anos-por-no-pasar-la-pension-alimenticia\/"},"wordCount":205,"commentCount":0,"image":{"@id":"https:\/\/reporteroshoy.mx\/noticias\/al-tambo-dos-anos-por-no-pasar-la-pension-alimenticia\/#primaryimage"},"thumbnailUrl":"https:\/\/reporteroshoy.mx\/noticias\/wp-content\/uploads\/2021\/02\/Encarcelado.jpg","keywords":["FGE","pensi\u00f3n alimenticia","Sentencia"],"articleSection":["Polic\u00eda"],"inLanguage":"es","potentialAction":[{"@type":"CommentAction","name":"Comment","target":["https:\/\/reporteroshoy.mx\/noticias\/al-tambo-dos-anos-por-no-pasar-la-pension-alimenticia\/#respond"]}]},{"@type":"WebPage","@id":"https:\/\/reporteroshoy.mx\/noticias\/al-tambo-dos-anos-por-no-pasar-la-pension-alimenticia\/","url":"https:\/\/reporteroshoy.mx\/noticias\/al-tambo-dos-anos-por-no-pasar-la-pension-alimenticia\/","name":"Al 'tambo' dos a\u00f1os por no pasar la pensi\u00f3n alimenticia","isPartOf":{"@id":"https:\/\/reporteroshoy.mx\/noticias\/#website"},"primaryImageOfPage":{"@id":"https:\/\/reporteroshoy.mx\/noticias\/al-tambo-dos-anos-por-no-pasar-la-pension-alimenticia\/#primaryimage"},"image":{"@id":"https:\/\/reporteroshoy.mx\/noticias\/al-tambo-dos-anos-por-no-pasar-la-pension-alimenticia\/#primaryimage"},"thumbnailUrl":"https:\/\/reporteroshoy.mx\/noticias\/wp-content\/uploads\/2021\/02\/Encarcelado.jpg","datePublished":"2021-02-28T19:00:53+00:00","dateModified":"2021-03-01T18:13:27+00:00","author":{"@id":"https:\/\/reporteroshoy.mx\/noticias\/#\/schema\/person\/948520f0d88b01be2e5266bc4acbbc15"},"description":"Este mal padre dej\u00f3 de cumplir con sus obligaciones para la manutenci\u00f3n de sus dos hijas, por lo que se present\u00f3 la formal denuncia.","breadcrumb":{"@id":"https:\/\/reporteroshoy.mx\/noticias\/al-tambo-dos-anos-por-no-pasar-la-pension-alimenticia\/#breadcrumb"},"inLanguage":"es","potentialAction":[{"@type":"ReadAction","target":["https:\/\/reporteroshoy.mx\/noticias\/al-tambo-dos-anos-por-no-pasar-la-pension-alimenticia\/"]}]},{"@type":"ImageObject","inLanguage":"es","@id":"https:\/\/reporteroshoy.mx\/noticias\/al-tambo-dos-anos-por-no-pasar-la-pension-alimenticia\/#primaryimage","url":"https:\/\/reporteroshoy.mx\/noticias\/wp-content\/uploads\/2021\/02\/Encarcelado.jpg","contentUrl":"https:\/\/reporteroshoy.mx\/noticias\/wp-content\/uploads\/2021\/02\/Encarcelado.jpg","width":768,"height":432},{"@type":"BreadcrumbList","@id":"https:\/\/reporteroshoy.mx\/noticias\/al-tambo-dos-anos-por-no-pasar-la-pension-alimenticia\/#breadcrumb","itemListElement":[{"@type":"ListItem","position":1,"name":"Portada","item":"https:\/\/reporteroshoy.mx\/noticias\/"},{"@type":"ListItem","position":2,"name":"Al &#8216;tambo&#8217; dos a\u00f1os por no pasar la pensi\u00f3n alimenticia"}]},{"@type":"WebSite","@id":"https:\/\/reporteroshoy.mx\/noticias\/#website","url":"https:\/\/reporteroshoy.mx\/noticias\/","name":"Reporteros Hoy | Noticias de Yucat\u00e1n","description":"Peri\u00f3dico digital con noticias diarias desde M\u00e9rida, Yucat\u00e1n para el mundo.","potentialAction":[{"@type":"SearchAction","target":{"@type":"EntryPoint","urlTemplate":"https:\/\/reporteroshoy.mx\/noticias\/?s={search_term_string}"},"query-input":{"@type":"PropertyValueSpecification","valueRequired":true,"valueName":"search_term_string"}}],"inLanguage":"es"},{"@type":"Person","@id":"https:\/\/reporteroshoy.mx\/noticias\/#\/schema\/person\/948520f0d88b01be2e5266bc4acbbc15","name":"Reporteros Hoy IM","image":{"@type":"ImageObject","inLanguage":"es","@id":"https:\/\/secure.gravatar.com\/avatar\/d843030b96552826ac048bdfe26f2895604b800ed0c880ee55765a74d95dfc65?s=96&d=mm&r=g","url":"https:\/\/secure.gravatar.com\/avatar\/d843030b96552826ac048bdfe26f2895604b800ed0c880ee55765a74d95dfc65?s=96&d=mm&r=g","contentUrl":"https:\/\/secure.gravatar.com\/avatar\/d843030b96552826ac048bdfe26f2895604b800ed0c880ee55765a74d95dfc65?s=96&d=mm&r=g","caption":"Reporteros Hoy IM"},"url":"https:\/\/reporteroshoy.mx\/noticias\/author\/israel\/"}]}},"_links":{"self":[{"href":"https:\/\/reporteroshoy.mx\/noticias\/wp-json\/wp\/v2\/posts\/58040","targetHints":{"allow":["GET"]}}],"collection":[{"href":"https:\/\/reporteroshoy.mx\/noticias\/wp-json\/wp\/v2\/posts"}],"about":[{"href":"https:\/\/reporteroshoy.mx\/noticias\/wp-json\/wp\/v2\/types\/post"}],"author":[{"embeddable":true,"href":"https:\/\/reporteroshoy.mx\/noticias\/wp-json\/wp\/v2\/users\/5"}],"replies":[{"embeddable":true,"href":"https:\/\/reporteroshoy.mx\/noticias\/wp-json\/wp\/v2\/comments?post=58040"}],"version-history":[{"count":0,"href":"https:\/\/reporteroshoy.mx\/noticias\/wp-json\/wp\/v2\/posts\/58040\/revisions"}],"wp:featuredmedia":[{"embeddable":true,"href":"https:\/\/reporteroshoy.mx\/noticias\/wp-json\/wp\/v2\/media\/57991"}],"wp:attachment":[{"href":"https:\/\/reporteroshoy.mx\/noticias\/wp-json\/wp\/v2\/media?parent=58040"}],"wp:term":[{"taxonomy":"category","embeddable":true,"href":"https:\/\/reporteroshoy.mx\/noticias\/wp-json\/wp\/v2\/categories?post=58040"},{"taxonomy":"post_tag","embeddable":true,"href":"https:\/\/reporteroshoy.mx\/noticias\/wp-json\/wp\/v2\/tags?post=58040"}],"curies":[{"name":"wp","href":"https:\/\/api.w.org\/{rel}","templated":true}]}}