{"id":58053,"date":"2021-02-28T14:30:01","date_gmt":"2021-02-28T20:30:01","guid":{"rendered":"https:\/\/reporteroshoy.mx\/noticias\/?p=58053"},"modified":"2021-03-01T12:15:03","modified_gmt":"2021-03-01T18:15:03","slug":"brutal-versazo-en-periferico-conductor-ebrio-lucha-por-su-vida","status":"publish","type":"post","link":"https:\/\/reporteroshoy.mx\/noticias\/brutal-versazo-en-periferico-conductor-ebrio-lucha-por-su-vida\/","title":{"rendered":"Brutal \u2018Versazo\u2019 en perif\u00e9rico; conductor ebrio lucha por su vida"},"content":{"rendered":"<p style=\"text-align: justify;\">M\u00e9rida, Yucat\u00e1n, 28 de febrero de 2021 (ACOM).- Entre la vida y la muerte se debate un automovilista ebrio que anoche se impact\u00f3 contra una barda en el anillo perif\u00e9rico.<\/p>\n<p><img loading=\"lazy\" decoding=\"async\" class=\"wp-image-58052 aligncenter\" src=\"https:\/\/reporteroshoy.mx\/noticias\/wp-content\/uploads\/2021\/02\/ACCIDENTE_VERSA_PERIFERICO-2.jpeg\" alt=\"\" width=\"571\" height=\"428\" \/><\/p>\n<p style=\"text-align: justify;\">El accidente ocurri\u00f3 cerca de las 22:30 horas de ayer s\u00e1bado, lo que moviliz\u00f3 a polic\u00edas, bomberos y param\u00e9dicos de la Secretar\u00eda de Seguridad P\u00fablica (SSP) quienes arribaron al kil\u00f3metro 16, al oriente de la ciudad, luego del reporte a los n\u00fameros de emergencia 911.<\/p>\n<p><img loading=\"lazy\" decoding=\"async\" class=\"wp-image-58049 aligncenter\" src=\"https:\/\/reporteroshoy.mx\/noticias\/wp-content\/uploads\/2021\/02\/ACCIDENTE_VERSA_PERIFERICO-5.jpeg\" alt=\"\" width=\"589\" height=\"442\" \/><\/p>\n<p style=\"text-align: justify;\">Los hechos se dieron cuando un sujeto se sali\u00f3 de la cinta asf\u00e1ltica, al circular a exceso de velocidad, lo que le hizo perder el control y derribar una barda.<\/p>\n<p><img loading=\"lazy\" decoding=\"async\" class=\"wp-image-58050 aligncenter\" src=\"https:\/\/reporteroshoy.mx\/noticias\/wp-content\/uploads\/2021\/02\/ACCIDENTE_VERSA_PERIFERICO-4.jpeg\" alt=\"\" width=\"607\" height=\"342\" \/><\/p>\n<p style=\"text-align: justify;\">El conductor sali\u00f3 disparado del auto sufriendo fractura de cr\u00e1neo, lesi\u00f3n que lo tiene al borde de la muerte.<\/p>\n","protected":false},"excerpt":{"rendered":"<p>Circulaba a alta velocidad en la parte oriente de la ciudad y al perder el control del auto derrib\u00f3 una barda y sali\u00f3 disparado. <\/p>\n","protected":false},"author":5,"featured_media":58052,"comment_status":"open","ping_status":"closed","sticky":false,"template":"","format":"standard","meta":{"footnotes":""},"categories":[14],"tags":[1468,5510,563,2860],"class_list":["post-58053","post","type-post","status-publish","format-standard","has-post-thumbnail","hentry","category-policia","tag-accidente-en-periferico","tag-conductor-ebrio","tag-periferico-de-merida","tag-versa"],"yoast_head":"<!-- This site is optimized with the Yoast SEO plugin v28.4 - https:\/\/yoast.com\/product\/yoast-seo-wordpress\/ -->\n<title>Brutal \u2018Versazo\u2019 en perif\u00e9rico; conductor ebrio lucha por su vida<\/title>\n<meta name=\"description\" content=\"Circulaba a alta velocidad en la parte oriente de la ciudad y al perder el control del auto derrib\u00f3 una barda y sali\u00f3 disparado.\" \/>\n<meta name=\"robots\" content=\"index, follow, max-snippet:-1, max-image-preview:large, max-video-preview:-1\" \/>\n<link rel=\"canonical\" href=\"https:\/\/reporteroshoy.mx\/noticias\/brutal-versazo-en-periferico-conductor-ebrio-lucha-por-su-vida\/\" \/>\n<meta property=\"og:locale\" content=\"es_ES\" \/>\n<meta property=\"og:type\" content=\"article\" \/>\n<meta property=\"og:title\" content=\"Brutal \u2018Versazo\u2019 en perif\u00e9rico; conductor ebrio lucha por su vida\" \/>\n<meta property=\"og:description\" content=\"Circulaba a alta velocidad en la parte oriente de la ciudad y al perder el control del auto derrib\u00f3 una barda y sali\u00f3 disparado.\" \/>\n<meta property=\"og:url\" content=\"https:\/\/reporteroshoy.mx\/noticias\/brutal-versazo-en-periferico-conductor-ebrio-lucha-por-su-vida\/\" \/>\n<meta property=\"og:site_name\" content=\"Reporteros Hoy | Noticias de Yucat\u00e1n\" \/>\n<meta property=\"article:publisher\" content=\"http:\/\/www.facebook.com\/reporteroshoymx\" \/>\n<meta property=\"article:published_time\" content=\"2021-02-28T20:30:01+00:00\" \/>\n<meta property=\"article:modified_time\" content=\"2021-03-01T18:15:03+00:00\" \/>\n<meta property=\"og:image\" content=\"https:\/\/reporteroshoy.mx\/noticias\/wp-content\/uploads\/2021\/02\/ACCIDENTE_VERSA_PERIFERICO-2.jpeg\" \/>\n\t<meta property=\"og:image:width\" content=\"768\" \/>\n\t<meta property=\"og:image:height\" content=\"576\" \/>\n\t<meta property=\"og:image:type\" content=\"image\/jpeg\" \/>\n<meta name=\"author\" content=\"Reporteros Hoy IM\" \/>\n<meta name=\"twitter:card\" content=\"summary_large_image\" \/>\n<meta name=\"twitter:creator\" content=\"@reporteroshoy\" \/>\n<meta name=\"twitter:site\" content=\"@reporteroshoy\" \/>\n<meta name=\"twitter:label1\" content=\"Escrito por\" \/>\n\t<meta name=\"twitter:data1\" content=\"Reporteros Hoy IM\" \/>\n\t<meta name=\"twitter:label2\" content=\"Tiempo de lectura\" \/>\n\t<meta name=\"twitter:data2\" content=\"2 minutos\" \/>\n<script type=\"application\/ld+json\" class=\"yoast-schema-graph\">{\"@context\":\"https:\\\/\\\/schema.org\",\"@graph\":[{\"@type\":\"Article\",\"@id\":\"https:\\\/\\\/reporteroshoy.mx\\\/noticias\\\/brutal-versazo-en-periferico-conductor-ebrio-lucha-por-su-vida\\\/#article\",\"isPartOf\":{\"@id\":\"https:\\\/\\\/reporteroshoy.mx\\\/noticias\\\/brutal-versazo-en-periferico-conductor-ebrio-lucha-por-su-vida\\\/\"},\"author\":{\"name\":\"Reporteros Hoy IM\",\"@id\":\"https:\\\/\\\/reporteroshoy.mx\\\/noticias\\\/#\\\/schema\\\/person\\\/948520f0d88b01be2e5266bc4acbbc15\"},\"headline\":\"Brutal \u2018Versazo\u2019 en perif\u00e9rico; conductor ebrio lucha por su vida\",\"datePublished\":\"2021-02-28T20:30:01+00:00\",\"dateModified\":\"2021-03-01T18:15:03+00:00\",\"mainEntityOfPage\":{\"@id\":\"https:\\\/\\\/reporteroshoy.mx\\\/noticias\\\/brutal-versazo-en-periferico-conductor-ebrio-lucha-por-su-vida\\\/\"},\"wordCount\":144,\"commentCount\":0,\"image\":{\"@id\":\"https:\\\/\\\/reporteroshoy.mx\\\/noticias\\\/brutal-versazo-en-periferico-conductor-ebrio-lucha-por-su-vida\\\/#primaryimage\"},\"thumbnailUrl\":\"https:\\\/\\\/reporteroshoy.mx\\\/noticias\\\/wp-content\\\/uploads\\\/2021\\\/02\\\/ACCIDENTE_VERSA_PERIFERICO-2.jpeg\",\"keywords\":[\"accidente en perif\u00e9rico\",\"Conductor ebrio\",\"Perif\u00e9rico de M\u00e9rida\",\"Versa\"],\"articleSection\":[\"Polic\u00eda\"],\"inLanguage\":\"es\",\"potentialAction\":[{\"@type\":\"CommentAction\",\"name\":\"Comment\",\"target\":[\"https:\\\/\\\/reporteroshoy.mx\\\/noticias\\\/brutal-versazo-en-periferico-conductor-ebrio-lucha-por-su-vida\\\/#respond\"]}]},{\"@type\":\"WebPage\",\"@id\":\"https:\\\/\\\/reporteroshoy.mx\\\/noticias\\\/brutal-versazo-en-periferico-conductor-ebrio-lucha-por-su-vida\\\/\",\"url\":\"https:\\\/\\\/reporteroshoy.mx\\\/noticias\\\/brutal-versazo-en-periferico-conductor-ebrio-lucha-por-su-vida\\\/\",\"name\":\"Brutal \u2018Versazo\u2019 en perif\u00e9rico; conductor ebrio lucha por su vida\",\"isPartOf\":{\"@id\":\"https:\\\/\\\/reporteroshoy.mx\\\/noticias\\\/#website\"},\"primaryImageOfPage\":{\"@id\":\"https:\\\/\\\/reporteroshoy.mx\\\/noticias\\\/brutal-versazo-en-periferico-conductor-ebrio-lucha-por-su-vida\\\/#primaryimage\"},\"image\":{\"@id\":\"https:\\\/\\\/reporteroshoy.mx\\\/noticias\\\/brutal-versazo-en-periferico-conductor-ebrio-lucha-por-su-vida\\\/#primaryimage\"},\"thumbnailUrl\":\"https:\\\/\\\/reporteroshoy.mx\\\/noticias\\\/wp-content\\\/uploads\\\/2021\\\/02\\\/ACCIDENTE_VERSA_PERIFERICO-2.jpeg\",\"datePublished\":\"2021-02-28T20:30:01+00:00\",\"dateModified\":\"2021-03-01T18:15:03+00:00\",\"author\":{\"@id\":\"https:\\\/\\\/reporteroshoy.mx\\\/noticias\\\/#\\\/schema\\\/person\\\/948520f0d88b01be2e5266bc4acbbc15\"},\"description\":\"Circulaba a alta velocidad en la parte oriente de la ciudad y al perder el control del auto derrib\u00f3 una barda y sali\u00f3 disparado.\",\"breadcrumb\":{\"@id\":\"https:\\\/\\\/reporteroshoy.mx\\\/noticias\\\/brutal-versazo-en-periferico-conductor-ebrio-lucha-por-su-vida\\\/#breadcrumb\"},\"inLanguage\":\"es\",\"potentialAction\":[{\"@type\":\"ReadAction\",\"target\":[\"https:\\\/\\\/reporteroshoy.mx\\\/noticias\\\/brutal-versazo-en-periferico-conductor-ebrio-lucha-por-su-vida\\\/\"]}]},{\"@type\":\"ImageObject\",\"inLanguage\":\"es\",\"@id\":\"https:\\\/\\\/reporteroshoy.mx\\\/noticias\\\/brutal-versazo-en-periferico-conductor-ebrio-lucha-por-su-vida\\\/#primaryimage\",\"url\":\"https:\\\/\\\/reporteroshoy.mx\\\/noticias\\\/wp-content\\\/uploads\\\/2021\\\/02\\\/ACCIDENTE_VERSA_PERIFERICO-2.jpeg\",\"contentUrl\":\"https:\\\/\\\/reporteroshoy.mx\\\/noticias\\\/wp-content\\\/uploads\\\/2021\\\/02\\\/ACCIDENTE_VERSA_PERIFERICO-2.jpeg\",\"width\":768,\"height\":576},{\"@type\":\"BreadcrumbList\",\"@id\":\"https:\\\/\\\/reporteroshoy.mx\\\/noticias\\\/brutal-versazo-en-periferico-conductor-ebrio-lucha-por-su-vida\\\/#breadcrumb\",\"itemListElement\":[{\"@type\":\"ListItem\",\"position\":1,\"name\":\"Portada\",\"item\":\"https:\\\/\\\/reporteroshoy.mx\\\/noticias\\\/\"},{\"@type\":\"ListItem\",\"position\":2,\"name\":\"Brutal \u2018Versazo\u2019 en perif\u00e9rico; conductor ebrio lucha por su vida\"}]},{\"@type\":\"WebSite\",\"@id\":\"https:\\\/\\\/reporteroshoy.mx\\\/noticias\\\/#website\",\"url\":\"https:\\\/\\\/reporteroshoy.mx\\\/noticias\\\/\",\"name\":\"Reporteros Hoy | Noticias de Yucat\u00e1n\",\"description\":\"Peri\u00f3dico digital con noticias diarias desde M\u00e9rida, Yucat\u00e1n para el mundo.\",\"potentialAction\":[{\"@type\":\"SearchAction\",\"target\":{\"@type\":\"EntryPoint\",\"urlTemplate\":\"https:\\\/\\\/reporteroshoy.mx\\\/noticias\\\/?s={search_term_string}\"},\"query-input\":{\"@type\":\"PropertyValueSpecification\",\"valueRequired\":true,\"valueName\":\"search_term_string\"}}],\"inLanguage\":\"es\"},{\"@type\":\"Person\",\"@id\":\"https:\\\/\\\/reporteroshoy.mx\\\/noticias\\\/#\\\/schema\\\/person\\\/948520f0d88b01be2e5266bc4acbbc15\",\"name\":\"Reporteros Hoy IM\",\"image\":{\"@type\":\"ImageObject\",\"inLanguage\":\"es\",\"@id\":\"https:\\\/\\\/secure.gravatar.com\\\/avatar\\\/d843030b96552826ac048bdfe26f2895604b800ed0c880ee55765a74d95dfc65?s=96&d=mm&r=g\",\"url\":\"https:\\\/\\\/secure.gravatar.com\\\/avatar\\\/d843030b96552826ac048bdfe26f2895604b800ed0c880ee55765a74d95dfc65?s=96&d=mm&r=g\",\"contentUrl\":\"https:\\\/\\\/secure.gravatar.com\\\/avatar\\\/d843030b96552826ac048bdfe26f2895604b800ed0c880ee55765a74d95dfc65?s=96&d=mm&r=g\",\"caption\":\"Reporteros Hoy IM\"},\"url\":\"https:\\\/\\\/reporteroshoy.mx\\\/noticias\\\/author\\\/israel\\\/\"}]}<\/script>\n<!-- \/ Yoast SEO plugin. -->","yoast_head_json":{"title":"Brutal \u2018Versazo\u2019 en perif\u00e9rico; conductor ebrio lucha por su vida","description":"Circulaba a alta velocidad en la parte oriente de la ciudad y al perder el control del auto derrib\u00f3 una barda y sali\u00f3 disparado.","robots":{"index":"index","follow":"follow","max-snippet":"max-snippet:-1","max-image-preview":"max-image-preview:large","max-video-preview":"max-video-preview:-1"},"canonical":"https:\/\/reporteroshoy.mx\/noticias\/brutal-versazo-en-periferico-conductor-ebrio-lucha-por-su-vida\/","og_locale":"es_ES","og_type":"article","og_title":"Brutal \u2018Versazo\u2019 en perif\u00e9rico; conductor ebrio lucha por su vida","og_description":"Circulaba a alta velocidad en la parte oriente de la ciudad y al perder el control del auto derrib\u00f3 una barda y sali\u00f3 disparado.","og_url":"https:\/\/reporteroshoy.mx\/noticias\/brutal-versazo-en-periferico-conductor-ebrio-lucha-por-su-vida\/","og_site_name":"Reporteros Hoy | Noticias de Yucat\u00e1n","article_publisher":"http:\/\/www.facebook.com\/reporteroshoymx","article_published_time":"2021-02-28T20:30:01+00:00","article_modified_time":"2021-03-01T18:15:03+00:00","og_image":[{"width":768,"height":576,"url":"https:\/\/reporteroshoy.mx\/noticias\/wp-content\/uploads\/2021\/02\/ACCIDENTE_VERSA_PERIFERICO-2.jpeg","type":"image\/jpeg"}],"author":"Reporteros Hoy IM","twitter_card":"summary_large_image","twitter_creator":"@reporteroshoy","twitter_site":"@reporteroshoy","twitter_misc":{"Escrito por":"Reporteros Hoy IM","Tiempo de lectura":"2 minutos"},"schema":{"@context":"https:\/\/schema.org","@graph":[{"@type":"Article","@id":"https:\/\/reporteroshoy.mx\/noticias\/brutal-versazo-en-periferico-conductor-ebrio-lucha-por-su-vida\/#article","isPartOf":{"@id":"https:\/\/reporteroshoy.mx\/noticias\/brutal-versazo-en-periferico-conductor-ebrio-lucha-por-su-vida\/"},"author":{"name":"Reporteros Hoy IM","@id":"https:\/\/reporteroshoy.mx\/noticias\/#\/schema\/person\/948520f0d88b01be2e5266bc4acbbc15"},"headline":"Brutal \u2018Versazo\u2019 en perif\u00e9rico; conductor ebrio lucha por su vida","datePublished":"2021-02-28T20:30:01+00:00","dateModified":"2021-03-01T18:15:03+00:00","mainEntityOfPage":{"@id":"https:\/\/reporteroshoy.mx\/noticias\/brutal-versazo-en-periferico-conductor-ebrio-lucha-por-su-vida\/"},"wordCount":144,"commentCount":0,"image":{"@id":"https:\/\/reporteroshoy.mx\/noticias\/brutal-versazo-en-periferico-conductor-ebrio-lucha-por-su-vida\/#primaryimage"},"thumbnailUrl":"https:\/\/reporteroshoy.mx\/noticias\/wp-content\/uploads\/2021\/02\/ACCIDENTE_VERSA_PERIFERICO-2.jpeg","keywords":["accidente en perif\u00e9rico","Conductor ebrio","Perif\u00e9rico de M\u00e9rida","Versa"],"articleSection":["Polic\u00eda"],"inLanguage":"es","potentialAction":[{"@type":"CommentAction","name":"Comment","target":["https:\/\/reporteroshoy.mx\/noticias\/brutal-versazo-en-periferico-conductor-ebrio-lucha-por-su-vida\/#respond"]}]},{"@type":"WebPage","@id":"https:\/\/reporteroshoy.mx\/noticias\/brutal-versazo-en-periferico-conductor-ebrio-lucha-por-su-vida\/","url":"https:\/\/reporteroshoy.mx\/noticias\/brutal-versazo-en-periferico-conductor-ebrio-lucha-por-su-vida\/","name":"Brutal \u2018Versazo\u2019 en perif\u00e9rico; conductor ebrio lucha por su vida","isPartOf":{"@id":"https:\/\/reporteroshoy.mx\/noticias\/#website"},"primaryImageOfPage":{"@id":"https:\/\/reporteroshoy.mx\/noticias\/brutal-versazo-en-periferico-conductor-ebrio-lucha-por-su-vida\/#primaryimage"},"image":{"@id":"https:\/\/reporteroshoy.mx\/noticias\/brutal-versazo-en-periferico-conductor-ebrio-lucha-por-su-vida\/#primaryimage"},"thumbnailUrl":"https:\/\/reporteroshoy.mx\/noticias\/wp-content\/uploads\/2021\/02\/ACCIDENTE_VERSA_PERIFERICO-2.jpeg","datePublished":"2021-02-28T20:30:01+00:00","dateModified":"2021-03-01T18:15:03+00:00","author":{"@id":"https:\/\/reporteroshoy.mx\/noticias\/#\/schema\/person\/948520f0d88b01be2e5266bc4acbbc15"},"description":"Circulaba a alta velocidad en la parte oriente de la ciudad y al perder el control del auto derrib\u00f3 una barda y sali\u00f3 disparado.","breadcrumb":{"@id":"https:\/\/reporteroshoy.mx\/noticias\/brutal-versazo-en-periferico-conductor-ebrio-lucha-por-su-vida\/#breadcrumb"},"inLanguage":"es","potentialAction":[{"@type":"ReadAction","target":["https:\/\/reporteroshoy.mx\/noticias\/brutal-versazo-en-periferico-conductor-ebrio-lucha-por-su-vida\/"]}]},{"@type":"ImageObject","inLanguage":"es","@id":"https:\/\/reporteroshoy.mx\/noticias\/brutal-versazo-en-periferico-conductor-ebrio-lucha-por-su-vida\/#primaryimage","url":"https:\/\/reporteroshoy.mx\/noticias\/wp-content\/uploads\/2021\/02\/ACCIDENTE_VERSA_PERIFERICO-2.jpeg","contentUrl":"https:\/\/reporteroshoy.mx\/noticias\/wp-content\/uploads\/2021\/02\/ACCIDENTE_VERSA_PERIFERICO-2.jpeg","width":768,"height":576},{"@type":"BreadcrumbList","@id":"https:\/\/reporteroshoy.mx\/noticias\/brutal-versazo-en-periferico-conductor-ebrio-lucha-por-su-vida\/#breadcrumb","itemListElement":[{"@type":"ListItem","position":1,"name":"Portada","item":"https:\/\/reporteroshoy.mx\/noticias\/"},{"@type":"ListItem","position":2,"name":"Brutal \u2018Versazo\u2019 en perif\u00e9rico; conductor ebrio lucha por su vida"}]},{"@type":"WebSite","@id":"https:\/\/reporteroshoy.mx\/noticias\/#website","url":"https:\/\/reporteroshoy.mx\/noticias\/","name":"Reporteros Hoy | Noticias de Yucat\u00e1n","description":"Peri\u00f3dico digital con noticias diarias desde M\u00e9rida, Yucat\u00e1n para el mundo.","potentialAction":[{"@type":"SearchAction","target":{"@type":"EntryPoint","urlTemplate":"https:\/\/reporteroshoy.mx\/noticias\/?s={search_term_string}"},"query-input":{"@type":"PropertyValueSpecification","valueRequired":true,"valueName":"search_term_string"}}],"inLanguage":"es"},{"@type":"Person","@id":"https:\/\/reporteroshoy.mx\/noticias\/#\/schema\/person\/948520f0d88b01be2e5266bc4acbbc15","name":"Reporteros Hoy IM","image":{"@type":"ImageObject","inLanguage":"es","@id":"https:\/\/secure.gravatar.com\/avatar\/d843030b96552826ac048bdfe26f2895604b800ed0c880ee55765a74d95dfc65?s=96&d=mm&r=g","url":"https:\/\/secure.gravatar.com\/avatar\/d843030b96552826ac048bdfe26f2895604b800ed0c880ee55765a74d95dfc65?s=96&d=mm&r=g","contentUrl":"https:\/\/secure.gravatar.com\/avatar\/d843030b96552826ac048bdfe26f2895604b800ed0c880ee55765a74d95dfc65?s=96&d=mm&r=g","caption":"Reporteros Hoy IM"},"url":"https:\/\/reporteroshoy.mx\/noticias\/author\/israel\/"}]}},"_links":{"self":[{"href":"https:\/\/reporteroshoy.mx\/noticias\/wp-json\/wp\/v2\/posts\/58053","targetHints":{"allow":["GET"]}}],"collection":[{"href":"https:\/\/reporteroshoy.mx\/noticias\/wp-json\/wp\/v2\/posts"}],"about":[{"href":"https:\/\/reporteroshoy.mx\/noticias\/wp-json\/wp\/v2\/types\/post"}],"author":[{"embeddable":true,"href":"https:\/\/reporteroshoy.mx\/noticias\/wp-json\/wp\/v2\/users\/5"}],"replies":[{"embeddable":true,"href":"https:\/\/reporteroshoy.mx\/noticias\/wp-json\/wp\/v2\/comments?post=58053"}],"version-history":[{"count":0,"href":"https:\/\/reporteroshoy.mx\/noticias\/wp-json\/wp\/v2\/posts\/58053\/revisions"}],"wp:featuredmedia":[{"embeddable":true,"href":"https:\/\/reporteroshoy.mx\/noticias\/wp-json\/wp\/v2\/media\/58052"}],"wp:attachment":[{"href":"https:\/\/reporteroshoy.mx\/noticias\/wp-json\/wp\/v2\/media?parent=58053"}],"wp:term":[{"taxonomy":"category","embeddable":true,"href":"https:\/\/reporteroshoy.mx\/noticias\/wp-json\/wp\/v2\/categories?post=58053"},{"taxonomy":"post_tag","embeddable":true,"href":"https:\/\/reporteroshoy.mx\/noticias\/wp-json\/wp\/v2\/tags?post=58053"}],"curies":[{"name":"wp","href":"https:\/\/api.w.org\/{rel}","templated":true}]}}