{"id":58382,"date":"2021-03-04T09:00:47","date_gmt":"2021-03-04T15:00:47","guid":{"rendered":"https:\/\/reporteroshoy.mx\/noticias\/?p=58382"},"modified":"2021-03-04T09:51:55","modified_gmt":"2021-03-04T15:51:55","slug":"activan-alerta-de-tsunami-por-terremoto-de-7-3-en-nueva-zelanda","status":"publish","type":"post","link":"https:\/\/reporteroshoy.mx\/noticias\/activan-alerta-de-tsunami-por-terremoto-de-7-3-en-nueva-zelanda\/","title":{"rendered":"Activan alerta de tsunami por terremoto de 7.3 en Nueva Zelanda"},"content":{"rendered":"<p style=\"text-align: justify;\">Nueva Zelanda; 4 de marzo de 2021 (adn40).- Las autoridades de Nueva Zelanda\u00a0emitieron una advertencia de\u00a0tsunami\u00a0para las \u00e1reas costeras luego de un\u00a0terremoto\u00a0de magnitud 7.3 en la costa noreste.<\/p>\n<p style=\"text-align: justify;\">\u201cExiste una amenaza de tsunami terrestre y marino\u201d, dijo la Agencia de Manejo de Emergencias de Nueva Zelanda.<\/p>\n<p style=\"text-align: justify;\">Las olas de\u00a0tsunami\u00a0llegaron hasta 300 kil\u00f3metros (180 millas) del epicentro del terremoto, dijo el Centro de Alerta de Tsunamis del Pac\u00edfico (PTWC).<\/p>\n<div>\n<div>\u00abEstamos evaluando si el terremoto M7.3 ESTE DE LA ISLA NORTE DE NUEVA ZELANDA en 2021-03-05 2:27 AM ha creado un tsunami que podr\u00eda afectar a Nueva Zelanda. Proporcionaremos una actualizaci\u00f3n tan pronto como se haya completado la evaluaci\u00f3n inicial.<\/div>\n<\/div>\n<div>\n<div>\u00abCualquier persona que se encuentre cerca de la costa y que haya sentido un terremoto LARGO o FUERTE debe MUDARSE INMEDIATAMENTE al terreno elevado m\u00e1s cercano, o lo m\u00e1s hacia el interior que pueda.<\/div>\n<div><img loading=\"lazy\" decoding=\"async\" class=\"wp-image-58383 aligncenter\" src=\"https:\/\/reporteroshoy.mx\/noticias\/wp-content\/uploads\/2021\/03\/Nueva-Zelanda.jpg\" alt=\"\" width=\"600\" height=\"338\" \/><\/div>\n<\/div>\n<p style=\"text-align: justify;\">De acuerdo con\u00a0New Zealand Herald, el\u00a0terremoto\u00a0golpe\u00f3 cerca de 95 kil\u00f3metros al este de Te Araroa, en la Isla Norte, a las 2:27 am, causando temblores \u2018severos\u2019. Originalmente se inform\u00f3 como un sismo de magnitud 7.4 y luego se degrad\u00f3. La intensidad del terremoto se describi\u00f3 como severa.<\/p>\n<p style=\"text-align: justify;\">La Agencia Nacional de Manejo de Emergencias dijo que las personas cercanas a la costa desde Cape Runaway hasta la bah\u00eda de Tolaga deben trasladarse inmediatamente al terreno elevado m\u00e1s cercano, fuera de las zonas de evacuaci\u00f3n del\u00a0tsunami\u00a0o lo m\u00e1s tierra adentro posible.<\/p>\n<p style=\"text-align: justify;\">No deben regresar hasta que Defensa Civil d\u00e9 un mensaje oficial de que todo est\u00e1 en orden. Por su parte, la Defensa Civil advierti\u00f3 a cualquier persona que viva en la costa y sienta un\u00a0terremoto\u00a0fuerte o prolongado que llegue a un terreno m\u00e1s alto de inmediato.<\/p>\n<p style=\"text-align: justify;\">La Defensa Civil anunci\u00f3 que el aviso de evacuaci\u00f3n anula los requisitos actuales del nivel de alerta COVID-19.<\/p>\n<div>\n<div>\n<p style=\"text-align: justify;\">\u00abEl aviso de evacuaci\u00f3n anula los requisitos actuales del nivel de alerta COVID-19. Escuche a las autoridades locales de Defensa Civil y siga las instrucciones con respecto a la evacuaci\u00f3n de su \u00e1rea. Si le dicen que evacue, no se quede en casa\u00bb, dijo la agencia en un comunicado.<\/p>\n<\/div>\n<\/div>\n","protected":false},"excerpt":{"rendered":"<p>Autoridades pidieron evacuar a las personas. Las olas\u00a0llegaron hasta 300 kil\u00f3metros del epicentro del terremoto<\/p>\n","protected":false},"author":9,"featured_media":58383,"comment_status":"open","ping_status":"closed","sticky":false,"template":"","format":"standard","meta":{"footnotes":""},"categories":[10],"tags":[4453,1629,1122],"class_list":["post-58382","post","type-post","status-publish","format-standard","has-post-thumbnail","hentry","category-internacional","tag-alerta-de-tsunami","tag-nueva-zelanda","tag-terremoto"],"yoast_head":"<!-- This site is optimized with the Yoast SEO plugin v28.4 - https:\/\/yoast.com\/product\/yoast-seo-wordpress\/ -->\n<title>Activan alerta de tsunami por terremoto de 7.3 en Nueva Zelanda<\/title>\n<meta name=\"description\" content=\"Autoridades pidieron evacuar a las personas. Las olas\u00a0llegaron hasta 300 kil\u00f3metros del epicentro del terremoto\" \/>\n<meta name=\"robots\" content=\"index, follow, max-snippet:-1, max-image-preview:large, max-video-preview:-1\" \/>\n<link rel=\"canonical\" href=\"https:\/\/reporteroshoy.mx\/noticias\/activan-alerta-de-tsunami-por-terremoto-de-7-3-en-nueva-zelanda\/\" \/>\n<meta property=\"og:locale\" content=\"es_ES\" \/>\n<meta property=\"og:type\" content=\"article\" \/>\n<meta property=\"og:title\" content=\"Activan alerta de tsunami por terremoto de 7.3 en Nueva Zelanda\" \/>\n<meta property=\"og:description\" content=\"Autoridades pidieron evacuar a las personas. Las olas\u00a0llegaron hasta 300 kil\u00f3metros del epicentro del terremoto\" \/>\n<meta property=\"og:url\" content=\"https:\/\/reporteroshoy.mx\/noticias\/activan-alerta-de-tsunami-por-terremoto-de-7-3-en-nueva-zelanda\/\" \/>\n<meta property=\"og:site_name\" content=\"Reporteros Hoy | Noticias de Yucat\u00e1n\" \/>\n<meta property=\"article:publisher\" content=\"http:\/\/www.facebook.com\/reporteroshoymx\" \/>\n<meta property=\"article:published_time\" content=\"2021-03-04T15:00:47+00:00\" \/>\n<meta property=\"article:modified_time\" content=\"2021-03-04T15:51:55+00:00\" \/>\n<meta property=\"og:image\" content=\"https:\/\/reporteroshoy.mx\/noticias\/wp-content\/uploads\/2021\/03\/Nueva-Zelanda.jpg\" \/>\n\t<meta property=\"og:image:width\" content=\"768\" \/>\n\t<meta property=\"og:image:height\" content=\"432\" \/>\n\t<meta property=\"og:image:type\" content=\"image\/jpeg\" \/>\n<meta name=\"author\" content=\"Reporteros Hoy WP\" \/>\n<meta name=\"twitter:card\" content=\"summary_large_image\" \/>\n<meta name=\"twitter:creator\" content=\"@reporteroshoy\" \/>\n<meta name=\"twitter:site\" content=\"@reporteroshoy\" \/>\n<meta name=\"twitter:label1\" content=\"Escrito por\" \/>\n\t<meta name=\"twitter:data1\" content=\"Reporteros Hoy WP\" \/>\n\t<meta name=\"twitter:label2\" content=\"Tiempo de lectura\" \/>\n\t<meta name=\"twitter:data2\" content=\"2 minutos\" \/>\n<script type=\"application\/ld+json\" class=\"yoast-schema-graph\">{\"@context\":\"https:\\\/\\\/schema.org\",\"@graph\":[{\"@type\":\"Article\",\"@id\":\"https:\\\/\\\/reporteroshoy.mx\\\/noticias\\\/activan-alerta-de-tsunami-por-terremoto-de-7-3-en-nueva-zelanda\\\/#article\",\"isPartOf\":{\"@id\":\"https:\\\/\\\/reporteroshoy.mx\\\/noticias\\\/activan-alerta-de-tsunami-por-terremoto-de-7-3-en-nueva-zelanda\\\/\"},\"author\":{\"name\":\"Reporteros Hoy WP\",\"@id\":\"https:\\\/\\\/reporteroshoy.mx\\\/noticias\\\/#\\\/schema\\\/person\\\/c977527e57c958a62c5cefe8fe47876e\"},\"headline\":\"Activan alerta de tsunami por terremoto de 7.3 en Nueva Zelanda\",\"datePublished\":\"2021-03-04T15:00:47+00:00\",\"dateModified\":\"2021-03-04T15:51:55+00:00\",\"mainEntityOfPage\":{\"@id\":\"https:\\\/\\\/reporteroshoy.mx\\\/noticias\\\/activan-alerta-de-tsunami-por-terremoto-de-7-3-en-nueva-zelanda\\\/\"},\"wordCount\":378,\"commentCount\":0,\"image\":{\"@id\":\"https:\\\/\\\/reporteroshoy.mx\\\/noticias\\\/activan-alerta-de-tsunami-por-terremoto-de-7-3-en-nueva-zelanda\\\/#primaryimage\"},\"thumbnailUrl\":\"https:\\\/\\\/reporteroshoy.mx\\\/noticias\\\/wp-content\\\/uploads\\\/2021\\\/03\\\/Nueva-Zelanda.jpg\",\"keywords\":[\"Alerta de Tsunami\",\"Nueva Zelanda\",\"terremoto\"],\"articleSection\":[\"Internacional\"],\"inLanguage\":\"es\",\"potentialAction\":[{\"@type\":\"CommentAction\",\"name\":\"Comment\",\"target\":[\"https:\\\/\\\/reporteroshoy.mx\\\/noticias\\\/activan-alerta-de-tsunami-por-terremoto-de-7-3-en-nueva-zelanda\\\/#respond\"]}]},{\"@type\":\"WebPage\",\"@id\":\"https:\\\/\\\/reporteroshoy.mx\\\/noticias\\\/activan-alerta-de-tsunami-por-terremoto-de-7-3-en-nueva-zelanda\\\/\",\"url\":\"https:\\\/\\\/reporteroshoy.mx\\\/noticias\\\/activan-alerta-de-tsunami-por-terremoto-de-7-3-en-nueva-zelanda\\\/\",\"name\":\"Activan alerta de tsunami por terremoto de 7.3 en Nueva Zelanda\",\"isPartOf\":{\"@id\":\"https:\\\/\\\/reporteroshoy.mx\\\/noticias\\\/#website\"},\"primaryImageOfPage\":{\"@id\":\"https:\\\/\\\/reporteroshoy.mx\\\/noticias\\\/activan-alerta-de-tsunami-por-terremoto-de-7-3-en-nueva-zelanda\\\/#primaryimage\"},\"image\":{\"@id\":\"https:\\\/\\\/reporteroshoy.mx\\\/noticias\\\/activan-alerta-de-tsunami-por-terremoto-de-7-3-en-nueva-zelanda\\\/#primaryimage\"},\"thumbnailUrl\":\"https:\\\/\\\/reporteroshoy.mx\\\/noticias\\\/wp-content\\\/uploads\\\/2021\\\/03\\\/Nueva-Zelanda.jpg\",\"datePublished\":\"2021-03-04T15:00:47+00:00\",\"dateModified\":\"2021-03-04T15:51:55+00:00\",\"author\":{\"@id\":\"https:\\\/\\\/reporteroshoy.mx\\\/noticias\\\/#\\\/schema\\\/person\\\/c977527e57c958a62c5cefe8fe47876e\"},\"description\":\"Autoridades pidieron evacuar a las personas. Las olas\u00a0llegaron hasta 300 kil\u00f3metros del epicentro del terremoto\",\"breadcrumb\":{\"@id\":\"https:\\\/\\\/reporteroshoy.mx\\\/noticias\\\/activan-alerta-de-tsunami-por-terremoto-de-7-3-en-nueva-zelanda\\\/#breadcrumb\"},\"inLanguage\":\"es\",\"potentialAction\":[{\"@type\":\"ReadAction\",\"target\":[\"https:\\\/\\\/reporteroshoy.mx\\\/noticias\\\/activan-alerta-de-tsunami-por-terremoto-de-7-3-en-nueva-zelanda\\\/\"]}]},{\"@type\":\"ImageObject\",\"inLanguage\":\"es\",\"@id\":\"https:\\\/\\\/reporteroshoy.mx\\\/noticias\\\/activan-alerta-de-tsunami-por-terremoto-de-7-3-en-nueva-zelanda\\\/#primaryimage\",\"url\":\"https:\\\/\\\/reporteroshoy.mx\\\/noticias\\\/wp-content\\\/uploads\\\/2021\\\/03\\\/Nueva-Zelanda.jpg\",\"contentUrl\":\"https:\\\/\\\/reporteroshoy.mx\\\/noticias\\\/wp-content\\\/uploads\\\/2021\\\/03\\\/Nueva-Zelanda.jpg\",\"width\":768,\"height\":432},{\"@type\":\"BreadcrumbList\",\"@id\":\"https:\\\/\\\/reporteroshoy.mx\\\/noticias\\\/activan-alerta-de-tsunami-por-terremoto-de-7-3-en-nueva-zelanda\\\/#breadcrumb\",\"itemListElement\":[{\"@type\":\"ListItem\",\"position\":1,\"name\":\"Portada\",\"item\":\"https:\\\/\\\/reporteroshoy.mx\\\/noticias\\\/\"},{\"@type\":\"ListItem\",\"position\":2,\"name\":\"Activan alerta de tsunami por terremoto de 7.3 en Nueva Zelanda\"}]},{\"@type\":\"WebSite\",\"@id\":\"https:\\\/\\\/reporteroshoy.mx\\\/noticias\\\/#website\",\"url\":\"https:\\\/\\\/reporteroshoy.mx\\\/noticias\\\/\",\"name\":\"Reporteros Hoy | Noticias de Yucat\u00e1n\",\"description\":\"Peri\u00f3dico digital con noticias diarias desde M\u00e9rida, Yucat\u00e1n para el mundo.\",\"potentialAction\":[{\"@type\":\"SearchAction\",\"target\":{\"@type\":\"EntryPoint\",\"urlTemplate\":\"https:\\\/\\\/reporteroshoy.mx\\\/noticias\\\/?s={search_term_string}\"},\"query-input\":{\"@type\":\"PropertyValueSpecification\",\"valueRequired\":true,\"valueName\":\"search_term_string\"}}],\"inLanguage\":\"es\"},{\"@type\":\"Person\",\"@id\":\"https:\\\/\\\/reporteroshoy.mx\\\/noticias\\\/#\\\/schema\\\/person\\\/c977527e57c958a62c5cefe8fe47876e\",\"name\":\"Reporteros Hoy WP\",\"image\":{\"@type\":\"ImageObject\",\"inLanguage\":\"es\",\"@id\":\"https:\\\/\\\/secure.gravatar.com\\\/avatar\\\/fd2917f79a7dae30f8ac9ddc2f35e1756bb59e25e01d1cd09deaa64df7b2f73e?s=96&d=mm&r=g\",\"url\":\"https:\\\/\\\/secure.gravatar.com\\\/avatar\\\/fd2917f79a7dae30f8ac9ddc2f35e1756bb59e25e01d1cd09deaa64df7b2f73e?s=96&d=mm&r=g\",\"contentUrl\":\"https:\\\/\\\/secure.gravatar.com\\\/avatar\\\/fd2917f79a7dae30f8ac9ddc2f35e1756bb59e25e01d1cd09deaa64df7b2f73e?s=96&d=mm&r=g\",\"caption\":\"Reporteros Hoy WP\"},\"url\":\"https:\\\/\\\/reporteroshoy.mx\\\/noticias\\\/author\\\/walfer\\\/\"}]}<\/script>\n<!-- \/ Yoast SEO plugin. -->","yoast_head_json":{"title":"Activan alerta de tsunami por terremoto de 7.3 en Nueva Zelanda","description":"Autoridades pidieron evacuar a las personas. Las olas\u00a0llegaron hasta 300 kil\u00f3metros del epicentro del terremoto","robots":{"index":"index","follow":"follow","max-snippet":"max-snippet:-1","max-image-preview":"max-image-preview:large","max-video-preview":"max-video-preview:-1"},"canonical":"https:\/\/reporteroshoy.mx\/noticias\/activan-alerta-de-tsunami-por-terremoto-de-7-3-en-nueva-zelanda\/","og_locale":"es_ES","og_type":"article","og_title":"Activan alerta de tsunami por terremoto de 7.3 en Nueva Zelanda","og_description":"Autoridades pidieron evacuar a las personas. Las olas\u00a0llegaron hasta 300 kil\u00f3metros del epicentro del terremoto","og_url":"https:\/\/reporteroshoy.mx\/noticias\/activan-alerta-de-tsunami-por-terremoto-de-7-3-en-nueva-zelanda\/","og_site_name":"Reporteros Hoy | Noticias de Yucat\u00e1n","article_publisher":"http:\/\/www.facebook.com\/reporteroshoymx","article_published_time":"2021-03-04T15:00:47+00:00","article_modified_time":"2021-03-04T15:51:55+00:00","og_image":[{"width":768,"height":432,"url":"https:\/\/reporteroshoy.mx\/noticias\/wp-content\/uploads\/2021\/03\/Nueva-Zelanda.jpg","type":"image\/jpeg"}],"author":"Reporteros Hoy WP","twitter_card":"summary_large_image","twitter_creator":"@reporteroshoy","twitter_site":"@reporteroshoy","twitter_misc":{"Escrito por":"Reporteros Hoy WP","Tiempo de lectura":"2 minutos"},"schema":{"@context":"https:\/\/schema.org","@graph":[{"@type":"Article","@id":"https:\/\/reporteroshoy.mx\/noticias\/activan-alerta-de-tsunami-por-terremoto-de-7-3-en-nueva-zelanda\/#article","isPartOf":{"@id":"https:\/\/reporteroshoy.mx\/noticias\/activan-alerta-de-tsunami-por-terremoto-de-7-3-en-nueva-zelanda\/"},"author":{"name":"Reporteros Hoy WP","@id":"https:\/\/reporteroshoy.mx\/noticias\/#\/schema\/person\/c977527e57c958a62c5cefe8fe47876e"},"headline":"Activan alerta de tsunami por terremoto de 7.3 en Nueva Zelanda","datePublished":"2021-03-04T15:00:47+00:00","dateModified":"2021-03-04T15:51:55+00:00","mainEntityOfPage":{"@id":"https:\/\/reporteroshoy.mx\/noticias\/activan-alerta-de-tsunami-por-terremoto-de-7-3-en-nueva-zelanda\/"},"wordCount":378,"commentCount":0,"image":{"@id":"https:\/\/reporteroshoy.mx\/noticias\/activan-alerta-de-tsunami-por-terremoto-de-7-3-en-nueva-zelanda\/#primaryimage"},"thumbnailUrl":"https:\/\/reporteroshoy.mx\/noticias\/wp-content\/uploads\/2021\/03\/Nueva-Zelanda.jpg","keywords":["Alerta de Tsunami","Nueva Zelanda","terremoto"],"articleSection":["Internacional"],"inLanguage":"es","potentialAction":[{"@type":"CommentAction","name":"Comment","target":["https:\/\/reporteroshoy.mx\/noticias\/activan-alerta-de-tsunami-por-terremoto-de-7-3-en-nueva-zelanda\/#respond"]}]},{"@type":"WebPage","@id":"https:\/\/reporteroshoy.mx\/noticias\/activan-alerta-de-tsunami-por-terremoto-de-7-3-en-nueva-zelanda\/","url":"https:\/\/reporteroshoy.mx\/noticias\/activan-alerta-de-tsunami-por-terremoto-de-7-3-en-nueva-zelanda\/","name":"Activan alerta de tsunami por terremoto de 7.3 en Nueva Zelanda","isPartOf":{"@id":"https:\/\/reporteroshoy.mx\/noticias\/#website"},"primaryImageOfPage":{"@id":"https:\/\/reporteroshoy.mx\/noticias\/activan-alerta-de-tsunami-por-terremoto-de-7-3-en-nueva-zelanda\/#primaryimage"},"image":{"@id":"https:\/\/reporteroshoy.mx\/noticias\/activan-alerta-de-tsunami-por-terremoto-de-7-3-en-nueva-zelanda\/#primaryimage"},"thumbnailUrl":"https:\/\/reporteroshoy.mx\/noticias\/wp-content\/uploads\/2021\/03\/Nueva-Zelanda.jpg","datePublished":"2021-03-04T15:00:47+00:00","dateModified":"2021-03-04T15:51:55+00:00","author":{"@id":"https:\/\/reporteroshoy.mx\/noticias\/#\/schema\/person\/c977527e57c958a62c5cefe8fe47876e"},"description":"Autoridades pidieron evacuar a las personas. Las olas\u00a0llegaron hasta 300 kil\u00f3metros del epicentro del terremoto","breadcrumb":{"@id":"https:\/\/reporteroshoy.mx\/noticias\/activan-alerta-de-tsunami-por-terremoto-de-7-3-en-nueva-zelanda\/#breadcrumb"},"inLanguage":"es","potentialAction":[{"@type":"ReadAction","target":["https:\/\/reporteroshoy.mx\/noticias\/activan-alerta-de-tsunami-por-terremoto-de-7-3-en-nueva-zelanda\/"]}]},{"@type":"ImageObject","inLanguage":"es","@id":"https:\/\/reporteroshoy.mx\/noticias\/activan-alerta-de-tsunami-por-terremoto-de-7-3-en-nueva-zelanda\/#primaryimage","url":"https:\/\/reporteroshoy.mx\/noticias\/wp-content\/uploads\/2021\/03\/Nueva-Zelanda.jpg","contentUrl":"https:\/\/reporteroshoy.mx\/noticias\/wp-content\/uploads\/2021\/03\/Nueva-Zelanda.jpg","width":768,"height":432},{"@type":"BreadcrumbList","@id":"https:\/\/reporteroshoy.mx\/noticias\/activan-alerta-de-tsunami-por-terremoto-de-7-3-en-nueva-zelanda\/#breadcrumb","itemListElement":[{"@type":"ListItem","position":1,"name":"Portada","item":"https:\/\/reporteroshoy.mx\/noticias\/"},{"@type":"ListItem","position":2,"name":"Activan alerta de tsunami por terremoto de 7.3 en Nueva Zelanda"}]},{"@type":"WebSite","@id":"https:\/\/reporteroshoy.mx\/noticias\/#website","url":"https:\/\/reporteroshoy.mx\/noticias\/","name":"Reporteros Hoy | Noticias de Yucat\u00e1n","description":"Peri\u00f3dico digital con noticias diarias desde M\u00e9rida, Yucat\u00e1n para el mundo.","potentialAction":[{"@type":"SearchAction","target":{"@type":"EntryPoint","urlTemplate":"https:\/\/reporteroshoy.mx\/noticias\/?s={search_term_string}"},"query-input":{"@type":"PropertyValueSpecification","valueRequired":true,"valueName":"search_term_string"}}],"inLanguage":"es"},{"@type":"Person","@id":"https:\/\/reporteroshoy.mx\/noticias\/#\/schema\/person\/c977527e57c958a62c5cefe8fe47876e","name":"Reporteros Hoy WP","image":{"@type":"ImageObject","inLanguage":"es","@id":"https:\/\/secure.gravatar.com\/avatar\/fd2917f79a7dae30f8ac9ddc2f35e1756bb59e25e01d1cd09deaa64df7b2f73e?s=96&d=mm&r=g","url":"https:\/\/secure.gravatar.com\/avatar\/fd2917f79a7dae30f8ac9ddc2f35e1756bb59e25e01d1cd09deaa64df7b2f73e?s=96&d=mm&r=g","contentUrl":"https:\/\/secure.gravatar.com\/avatar\/fd2917f79a7dae30f8ac9ddc2f35e1756bb59e25e01d1cd09deaa64df7b2f73e?s=96&d=mm&r=g","caption":"Reporteros Hoy WP"},"url":"https:\/\/reporteroshoy.mx\/noticias\/author\/walfer\/"}]}},"_links":{"self":[{"href":"https:\/\/reporteroshoy.mx\/noticias\/wp-json\/wp\/v2\/posts\/58382","targetHints":{"allow":["GET"]}}],"collection":[{"href":"https:\/\/reporteroshoy.mx\/noticias\/wp-json\/wp\/v2\/posts"}],"about":[{"href":"https:\/\/reporteroshoy.mx\/noticias\/wp-json\/wp\/v2\/types\/post"}],"author":[{"embeddable":true,"href":"https:\/\/reporteroshoy.mx\/noticias\/wp-json\/wp\/v2\/users\/9"}],"replies":[{"embeddable":true,"href":"https:\/\/reporteroshoy.mx\/noticias\/wp-json\/wp\/v2\/comments?post=58382"}],"version-history":[{"count":0,"href":"https:\/\/reporteroshoy.mx\/noticias\/wp-json\/wp\/v2\/posts\/58382\/revisions"}],"wp:featuredmedia":[{"embeddable":true,"href":"https:\/\/reporteroshoy.mx\/noticias\/wp-json\/wp\/v2\/media\/58383"}],"wp:attachment":[{"href":"https:\/\/reporteroshoy.mx\/noticias\/wp-json\/wp\/v2\/media?parent=58382"}],"wp:term":[{"taxonomy":"category","embeddable":true,"href":"https:\/\/reporteroshoy.mx\/noticias\/wp-json\/wp\/v2\/categories?post=58382"},{"taxonomy":"post_tag","embeddable":true,"href":"https:\/\/reporteroshoy.mx\/noticias\/wp-json\/wp\/v2\/tags?post=58382"}],"curies":[{"name":"wp","href":"https:\/\/api.w.org\/{rel}","templated":true}]}}