{"id":58421,"date":"2021-03-04T15:00:50","date_gmt":"2021-03-04T21:00:50","guid":{"rendered":"https:\/\/reporteroshoy.mx\/noticias\/?p=58421"},"modified":"2021-03-04T21:40:44","modified_gmt":"2021-03-05T03:40:44","slug":"sin-casos-positivos-de-covid-19-en-indigentes-de-merida","status":"publish","type":"post","link":"https:\/\/reporteroshoy.mx\/noticias\/sin-casos-positivos-de-covid-19-en-indigentes-de-merida\/","title":{"rendered":"Sin casos positivos de COVID-19 en indigentes de M\u00e9rida"},"content":{"rendered":"<p style=\"text-align: justify;\">M\u00e9rida, Yucat\u00e1n; 4 de marzo de 2021 (ACOM).- Hasta ahora no hay casos positivos de COVID-19 en personas en situaci\u00f3n de calle, reportaron las autoridades municipales.<\/p>\n<p style=\"text-align: justify;\">Al respecto, el director de Desarrollo Social de M\u00e9rida, Jos\u00e9 Luis Mart\u00ednez Semerena, dijo que existe un monitoreo de las personas que se encuentran en esta situaci\u00f3n, las cuales se encuentran bajo atenci\u00f3n de la iniciativa privada.<\/p>\n<p style=\"text-align: justify;\">\u00abNo se ha reportado ning\u00fan caso con ellos, misteriosamente, ninguna de las instituciones nos ha reportado\u00bb, extern\u00f3.<\/p>\n<p><img loading=\"lazy\" decoding=\"async\" class=\"wp-image-58455 aligncenter\" src=\"https:\/\/reporteroshoy.mx\/noticias\/wp-content\/uploads\/2021\/03\/INDIGENTE.jpg\" alt=\"\" width=\"608\" height=\"354\" \/><\/p>\n<p style=\"text-align: justify;\">Explic\u00f3 que desde el 2019, se ten\u00eda un registro de entre 110 y 130 personas en situaci\u00f3n de calle en la ciudad, poblaci\u00f3n que redujo a unas 30 hasta al inicio de la contingencia sanitaria.<\/p>\n<p style=\"text-align: justify;\">Inform\u00f3 que a varios se les brinda apoyo en 3 albergues, en donde consiguen alimentos y alojamiento para todo el d\u00eda.<\/p>\n<div>\n<p style=\"text-align: justify;\">\u00abLos albergues tienen estrictas medidas de sanidad. Yo he estado personalmente. Incluso, en algunos casos, que alguien se llegue a sentir mal, los a\u00edslan, tienen un cuarto donde los a\u00edslan, sin embargo, no hemos tenido un solo caso\u00bb, apunt\u00f3.<\/p>\n<p style=\"text-align: justify;\">Mart\u00ednez Semerena asegur\u00f3 que, aunado a la vigilancia que los albergues pudieran ofrecer a los indigentes, tambi\u00e9n se les brinda apoyo por parte de la Direcci\u00f3n de Salud de la Comuna, a trav\u00e9s del programa \u00abM\u00e9dico a Domicilio\u00bb.<\/p>\n<\/div>\n","protected":false},"excerpt":{"rendered":"<p>Las personas en situaci\u00f3n de calle son atendidas en tres albergues y hasta el momento no se ha reportado ning\u00fan caso de COVID-19.<\/p>\n","protected":false},"author":9,"featured_media":58455,"comment_status":"open","ping_status":"closed","sticky":false,"template":"","format":"standard","meta":{"footnotes":""},"categories":[17],"tags":[24,9849,5435],"class_list":["post-58421","post","type-post","status-publish","format-standard","has-post-thumbnail","hentry","category-yucatan","tag-ayuntamiento-de-merida","tag-covid-19","tag-indigentes"],"yoast_head":"<!-- This site is optimized with the Yoast SEO plugin v28.4 - https:\/\/yoast.com\/product\/yoast-seo-wordpress\/ -->\n<title>Sin casos positivos de COVID-19 en indigentes de M\u00e9rida<\/title>\n<meta name=\"description\" content=\"Las personas en situaci\u00f3n de calle son atendidas en tres albergues y hasta el momento no se ha reportado ning\u00fan caso de COVID-19.\" \/>\n<meta name=\"robots\" content=\"index, follow, max-snippet:-1, max-image-preview:large, max-video-preview:-1\" \/>\n<link rel=\"canonical\" href=\"https:\/\/reporteroshoy.mx\/noticias\/sin-casos-positivos-de-covid-19-en-indigentes-de-merida\/\" \/>\n<meta property=\"og:locale\" content=\"es_ES\" \/>\n<meta property=\"og:type\" content=\"article\" \/>\n<meta property=\"og:title\" content=\"Sin casos positivos de COVID-19 en indigentes de M\u00e9rida\" \/>\n<meta property=\"og:description\" content=\"Las personas en situaci\u00f3n de calle son atendidas en tres albergues y hasta el momento no se ha reportado ning\u00fan caso de COVID-19.\" \/>\n<meta property=\"og:url\" content=\"https:\/\/reporteroshoy.mx\/noticias\/sin-casos-positivos-de-covid-19-en-indigentes-de-merida\/\" \/>\n<meta property=\"og:site_name\" content=\"Reporteros Hoy | Noticias de Yucat\u00e1n\" \/>\n<meta property=\"article:publisher\" content=\"http:\/\/www.facebook.com\/reporteroshoymx\" \/>\n<meta property=\"article:published_time\" content=\"2021-03-04T21:00:50+00:00\" \/>\n<meta property=\"article:modified_time\" content=\"2021-03-05T03:40:44+00:00\" \/>\n<meta property=\"og:image\" content=\"https:\/\/reporteroshoy.mx\/noticias\/wp-content\/uploads\/2021\/03\/INDIGENTE.jpg\" \/>\n\t<meta property=\"og:image:width\" content=\"768\" \/>\n\t<meta property=\"og:image:height\" content=\"447\" \/>\n\t<meta property=\"og:image:type\" content=\"image\/jpeg\" \/>\n<meta name=\"author\" content=\"Reporteros Hoy WP\" \/>\n<meta name=\"twitter:card\" content=\"summary_large_image\" \/>\n<meta name=\"twitter:creator\" content=\"@reporteroshoy\" \/>\n<meta name=\"twitter:site\" content=\"@reporteroshoy\" \/>\n<meta name=\"twitter:label1\" content=\"Escrito por\" \/>\n\t<meta name=\"twitter:data1\" content=\"Reporteros Hoy WP\" \/>\n\t<meta name=\"twitter:label2\" content=\"Tiempo de lectura\" \/>\n\t<meta name=\"twitter:data2\" content=\"2 minutos\" \/>\n<script type=\"application\/ld+json\" class=\"yoast-schema-graph\">{\"@context\":\"https:\\\/\\\/schema.org\",\"@graph\":[{\"@type\":\"Article\",\"@id\":\"https:\\\/\\\/reporteroshoy.mx\\\/noticias\\\/sin-casos-positivos-de-covid-19-en-indigentes-de-merida\\\/#article\",\"isPartOf\":{\"@id\":\"https:\\\/\\\/reporteroshoy.mx\\\/noticias\\\/sin-casos-positivos-de-covid-19-en-indigentes-de-merida\\\/\"},\"author\":{\"name\":\"Reporteros Hoy WP\",\"@id\":\"https:\\\/\\\/reporteroshoy.mx\\\/noticias\\\/#\\\/schema\\\/person\\\/c977527e57c958a62c5cefe8fe47876e\"},\"headline\":\"Sin casos positivos de COVID-19 en indigentes de M\u00e9rida\",\"datePublished\":\"2021-03-04T21:00:50+00:00\",\"dateModified\":\"2021-03-05T03:40:44+00:00\",\"mainEntityOfPage\":{\"@id\":\"https:\\\/\\\/reporteroshoy.mx\\\/noticias\\\/sin-casos-positivos-de-covid-19-en-indigentes-de-merida\\\/\"},\"wordCount\":236,\"commentCount\":0,\"image\":{\"@id\":\"https:\\\/\\\/reporteroshoy.mx\\\/noticias\\\/sin-casos-positivos-de-covid-19-en-indigentes-de-merida\\\/#primaryimage\"},\"thumbnailUrl\":\"https:\\\/\\\/reporteroshoy.mx\\\/noticias\\\/wp-content\\\/uploads\\\/2021\\\/03\\\/INDIGENTE.jpg\",\"keywords\":[\"ayuntamiento de merida\",\"Covid-19\",\"Indigentes\"],\"articleSection\":[\"Yucat\u00e1n\"],\"inLanguage\":\"es\",\"potentialAction\":[{\"@type\":\"CommentAction\",\"name\":\"Comment\",\"target\":[\"https:\\\/\\\/reporteroshoy.mx\\\/noticias\\\/sin-casos-positivos-de-covid-19-en-indigentes-de-merida\\\/#respond\"]}]},{\"@type\":\"WebPage\",\"@id\":\"https:\\\/\\\/reporteroshoy.mx\\\/noticias\\\/sin-casos-positivos-de-covid-19-en-indigentes-de-merida\\\/\",\"url\":\"https:\\\/\\\/reporteroshoy.mx\\\/noticias\\\/sin-casos-positivos-de-covid-19-en-indigentes-de-merida\\\/\",\"name\":\"Sin casos positivos de COVID-19 en indigentes de M\u00e9rida\",\"isPartOf\":{\"@id\":\"https:\\\/\\\/reporteroshoy.mx\\\/noticias\\\/#website\"},\"primaryImageOfPage\":{\"@id\":\"https:\\\/\\\/reporteroshoy.mx\\\/noticias\\\/sin-casos-positivos-de-covid-19-en-indigentes-de-merida\\\/#primaryimage\"},\"image\":{\"@id\":\"https:\\\/\\\/reporteroshoy.mx\\\/noticias\\\/sin-casos-positivos-de-covid-19-en-indigentes-de-merida\\\/#primaryimage\"},\"thumbnailUrl\":\"https:\\\/\\\/reporteroshoy.mx\\\/noticias\\\/wp-content\\\/uploads\\\/2021\\\/03\\\/INDIGENTE.jpg\",\"datePublished\":\"2021-03-04T21:00:50+00:00\",\"dateModified\":\"2021-03-05T03:40:44+00:00\",\"author\":{\"@id\":\"https:\\\/\\\/reporteroshoy.mx\\\/noticias\\\/#\\\/schema\\\/person\\\/c977527e57c958a62c5cefe8fe47876e\"},\"description\":\"Las personas en situaci\u00f3n de calle son atendidas en tres albergues y hasta el momento no se ha reportado ning\u00fan caso de COVID-19.\",\"breadcrumb\":{\"@id\":\"https:\\\/\\\/reporteroshoy.mx\\\/noticias\\\/sin-casos-positivos-de-covid-19-en-indigentes-de-merida\\\/#breadcrumb\"},\"inLanguage\":\"es\",\"potentialAction\":[{\"@type\":\"ReadAction\",\"target\":[\"https:\\\/\\\/reporteroshoy.mx\\\/noticias\\\/sin-casos-positivos-de-covid-19-en-indigentes-de-merida\\\/\"]}]},{\"@type\":\"ImageObject\",\"inLanguage\":\"es\",\"@id\":\"https:\\\/\\\/reporteroshoy.mx\\\/noticias\\\/sin-casos-positivos-de-covid-19-en-indigentes-de-merida\\\/#primaryimage\",\"url\":\"https:\\\/\\\/reporteroshoy.mx\\\/noticias\\\/wp-content\\\/uploads\\\/2021\\\/03\\\/INDIGENTE.jpg\",\"contentUrl\":\"https:\\\/\\\/reporteroshoy.mx\\\/noticias\\\/wp-content\\\/uploads\\\/2021\\\/03\\\/INDIGENTE.jpg\",\"width\":768,\"height\":447},{\"@type\":\"BreadcrumbList\",\"@id\":\"https:\\\/\\\/reporteroshoy.mx\\\/noticias\\\/sin-casos-positivos-de-covid-19-en-indigentes-de-merida\\\/#breadcrumb\",\"itemListElement\":[{\"@type\":\"ListItem\",\"position\":1,\"name\":\"Portada\",\"item\":\"https:\\\/\\\/reporteroshoy.mx\\\/noticias\\\/\"},{\"@type\":\"ListItem\",\"position\":2,\"name\":\"Sin casos positivos de COVID-19 en indigentes de M\u00e9rida\"}]},{\"@type\":\"WebSite\",\"@id\":\"https:\\\/\\\/reporteroshoy.mx\\\/noticias\\\/#website\",\"url\":\"https:\\\/\\\/reporteroshoy.mx\\\/noticias\\\/\",\"name\":\"Reporteros Hoy | Noticias de Yucat\u00e1n\",\"description\":\"Peri\u00f3dico digital con noticias diarias desde M\u00e9rida, Yucat\u00e1n para el mundo.\",\"potentialAction\":[{\"@type\":\"SearchAction\",\"target\":{\"@type\":\"EntryPoint\",\"urlTemplate\":\"https:\\\/\\\/reporteroshoy.mx\\\/noticias\\\/?s={search_term_string}\"},\"query-input\":{\"@type\":\"PropertyValueSpecification\",\"valueRequired\":true,\"valueName\":\"search_term_string\"}}],\"inLanguage\":\"es\"},{\"@type\":\"Person\",\"@id\":\"https:\\\/\\\/reporteroshoy.mx\\\/noticias\\\/#\\\/schema\\\/person\\\/c977527e57c958a62c5cefe8fe47876e\",\"name\":\"Reporteros Hoy WP\",\"image\":{\"@type\":\"ImageObject\",\"inLanguage\":\"es\",\"@id\":\"https:\\\/\\\/secure.gravatar.com\\\/avatar\\\/fd2917f79a7dae30f8ac9ddc2f35e1756bb59e25e01d1cd09deaa64df7b2f73e?s=96&d=mm&r=g\",\"url\":\"https:\\\/\\\/secure.gravatar.com\\\/avatar\\\/fd2917f79a7dae30f8ac9ddc2f35e1756bb59e25e01d1cd09deaa64df7b2f73e?s=96&d=mm&r=g\",\"contentUrl\":\"https:\\\/\\\/secure.gravatar.com\\\/avatar\\\/fd2917f79a7dae30f8ac9ddc2f35e1756bb59e25e01d1cd09deaa64df7b2f73e?s=96&d=mm&r=g\",\"caption\":\"Reporteros Hoy WP\"},\"url\":\"https:\\\/\\\/reporteroshoy.mx\\\/noticias\\\/author\\\/walfer\\\/\"}]}<\/script>\n<!-- \/ Yoast SEO plugin. -->","yoast_head_json":{"title":"Sin casos positivos de COVID-19 en indigentes de M\u00e9rida","description":"Las personas en situaci\u00f3n de calle son atendidas en tres albergues y hasta el momento no se ha reportado ning\u00fan caso de COVID-19.","robots":{"index":"index","follow":"follow","max-snippet":"max-snippet:-1","max-image-preview":"max-image-preview:large","max-video-preview":"max-video-preview:-1"},"canonical":"https:\/\/reporteroshoy.mx\/noticias\/sin-casos-positivos-de-covid-19-en-indigentes-de-merida\/","og_locale":"es_ES","og_type":"article","og_title":"Sin casos positivos de COVID-19 en indigentes de M\u00e9rida","og_description":"Las personas en situaci\u00f3n de calle son atendidas en tres albergues y hasta el momento no se ha reportado ning\u00fan caso de COVID-19.","og_url":"https:\/\/reporteroshoy.mx\/noticias\/sin-casos-positivos-de-covid-19-en-indigentes-de-merida\/","og_site_name":"Reporteros Hoy | Noticias de Yucat\u00e1n","article_publisher":"http:\/\/www.facebook.com\/reporteroshoymx","article_published_time":"2021-03-04T21:00:50+00:00","article_modified_time":"2021-03-05T03:40:44+00:00","og_image":[{"width":768,"height":447,"url":"https:\/\/reporteroshoy.mx\/noticias\/wp-content\/uploads\/2021\/03\/INDIGENTE.jpg","type":"image\/jpeg"}],"author":"Reporteros Hoy WP","twitter_card":"summary_large_image","twitter_creator":"@reporteroshoy","twitter_site":"@reporteroshoy","twitter_misc":{"Escrito por":"Reporteros Hoy WP","Tiempo de lectura":"2 minutos"},"schema":{"@context":"https:\/\/schema.org","@graph":[{"@type":"Article","@id":"https:\/\/reporteroshoy.mx\/noticias\/sin-casos-positivos-de-covid-19-en-indigentes-de-merida\/#article","isPartOf":{"@id":"https:\/\/reporteroshoy.mx\/noticias\/sin-casos-positivos-de-covid-19-en-indigentes-de-merida\/"},"author":{"name":"Reporteros Hoy WP","@id":"https:\/\/reporteroshoy.mx\/noticias\/#\/schema\/person\/c977527e57c958a62c5cefe8fe47876e"},"headline":"Sin casos positivos de COVID-19 en indigentes de M\u00e9rida","datePublished":"2021-03-04T21:00:50+00:00","dateModified":"2021-03-05T03:40:44+00:00","mainEntityOfPage":{"@id":"https:\/\/reporteroshoy.mx\/noticias\/sin-casos-positivos-de-covid-19-en-indigentes-de-merida\/"},"wordCount":236,"commentCount":0,"image":{"@id":"https:\/\/reporteroshoy.mx\/noticias\/sin-casos-positivos-de-covid-19-en-indigentes-de-merida\/#primaryimage"},"thumbnailUrl":"https:\/\/reporteroshoy.mx\/noticias\/wp-content\/uploads\/2021\/03\/INDIGENTE.jpg","keywords":["ayuntamiento de merida","Covid-19","Indigentes"],"articleSection":["Yucat\u00e1n"],"inLanguage":"es","potentialAction":[{"@type":"CommentAction","name":"Comment","target":["https:\/\/reporteroshoy.mx\/noticias\/sin-casos-positivos-de-covid-19-en-indigentes-de-merida\/#respond"]}]},{"@type":"WebPage","@id":"https:\/\/reporteroshoy.mx\/noticias\/sin-casos-positivos-de-covid-19-en-indigentes-de-merida\/","url":"https:\/\/reporteroshoy.mx\/noticias\/sin-casos-positivos-de-covid-19-en-indigentes-de-merida\/","name":"Sin casos positivos de COVID-19 en indigentes de M\u00e9rida","isPartOf":{"@id":"https:\/\/reporteroshoy.mx\/noticias\/#website"},"primaryImageOfPage":{"@id":"https:\/\/reporteroshoy.mx\/noticias\/sin-casos-positivos-de-covid-19-en-indigentes-de-merida\/#primaryimage"},"image":{"@id":"https:\/\/reporteroshoy.mx\/noticias\/sin-casos-positivos-de-covid-19-en-indigentes-de-merida\/#primaryimage"},"thumbnailUrl":"https:\/\/reporteroshoy.mx\/noticias\/wp-content\/uploads\/2021\/03\/INDIGENTE.jpg","datePublished":"2021-03-04T21:00:50+00:00","dateModified":"2021-03-05T03:40:44+00:00","author":{"@id":"https:\/\/reporteroshoy.mx\/noticias\/#\/schema\/person\/c977527e57c958a62c5cefe8fe47876e"},"description":"Las personas en situaci\u00f3n de calle son atendidas en tres albergues y hasta el momento no se ha reportado ning\u00fan caso de COVID-19.","breadcrumb":{"@id":"https:\/\/reporteroshoy.mx\/noticias\/sin-casos-positivos-de-covid-19-en-indigentes-de-merida\/#breadcrumb"},"inLanguage":"es","potentialAction":[{"@type":"ReadAction","target":["https:\/\/reporteroshoy.mx\/noticias\/sin-casos-positivos-de-covid-19-en-indigentes-de-merida\/"]}]},{"@type":"ImageObject","inLanguage":"es","@id":"https:\/\/reporteroshoy.mx\/noticias\/sin-casos-positivos-de-covid-19-en-indigentes-de-merida\/#primaryimage","url":"https:\/\/reporteroshoy.mx\/noticias\/wp-content\/uploads\/2021\/03\/INDIGENTE.jpg","contentUrl":"https:\/\/reporteroshoy.mx\/noticias\/wp-content\/uploads\/2021\/03\/INDIGENTE.jpg","width":768,"height":447},{"@type":"BreadcrumbList","@id":"https:\/\/reporteroshoy.mx\/noticias\/sin-casos-positivos-de-covid-19-en-indigentes-de-merida\/#breadcrumb","itemListElement":[{"@type":"ListItem","position":1,"name":"Portada","item":"https:\/\/reporteroshoy.mx\/noticias\/"},{"@type":"ListItem","position":2,"name":"Sin casos positivos de COVID-19 en indigentes de M\u00e9rida"}]},{"@type":"WebSite","@id":"https:\/\/reporteroshoy.mx\/noticias\/#website","url":"https:\/\/reporteroshoy.mx\/noticias\/","name":"Reporteros Hoy | Noticias de Yucat\u00e1n","description":"Peri\u00f3dico digital con noticias diarias desde M\u00e9rida, Yucat\u00e1n para el mundo.","potentialAction":[{"@type":"SearchAction","target":{"@type":"EntryPoint","urlTemplate":"https:\/\/reporteroshoy.mx\/noticias\/?s={search_term_string}"},"query-input":{"@type":"PropertyValueSpecification","valueRequired":true,"valueName":"search_term_string"}}],"inLanguage":"es"},{"@type":"Person","@id":"https:\/\/reporteroshoy.mx\/noticias\/#\/schema\/person\/c977527e57c958a62c5cefe8fe47876e","name":"Reporteros Hoy WP","image":{"@type":"ImageObject","inLanguage":"es","@id":"https:\/\/secure.gravatar.com\/avatar\/fd2917f79a7dae30f8ac9ddc2f35e1756bb59e25e01d1cd09deaa64df7b2f73e?s=96&d=mm&r=g","url":"https:\/\/secure.gravatar.com\/avatar\/fd2917f79a7dae30f8ac9ddc2f35e1756bb59e25e01d1cd09deaa64df7b2f73e?s=96&d=mm&r=g","contentUrl":"https:\/\/secure.gravatar.com\/avatar\/fd2917f79a7dae30f8ac9ddc2f35e1756bb59e25e01d1cd09deaa64df7b2f73e?s=96&d=mm&r=g","caption":"Reporteros Hoy WP"},"url":"https:\/\/reporteroshoy.mx\/noticias\/author\/walfer\/"}]}},"_links":{"self":[{"href":"https:\/\/reporteroshoy.mx\/noticias\/wp-json\/wp\/v2\/posts\/58421","targetHints":{"allow":["GET"]}}],"collection":[{"href":"https:\/\/reporteroshoy.mx\/noticias\/wp-json\/wp\/v2\/posts"}],"about":[{"href":"https:\/\/reporteroshoy.mx\/noticias\/wp-json\/wp\/v2\/types\/post"}],"author":[{"embeddable":true,"href":"https:\/\/reporteroshoy.mx\/noticias\/wp-json\/wp\/v2\/users\/9"}],"replies":[{"embeddable":true,"href":"https:\/\/reporteroshoy.mx\/noticias\/wp-json\/wp\/v2\/comments?post=58421"}],"version-history":[{"count":0,"href":"https:\/\/reporteroshoy.mx\/noticias\/wp-json\/wp\/v2\/posts\/58421\/revisions"}],"wp:featuredmedia":[{"embeddable":true,"href":"https:\/\/reporteroshoy.mx\/noticias\/wp-json\/wp\/v2\/media\/58455"}],"wp:attachment":[{"href":"https:\/\/reporteroshoy.mx\/noticias\/wp-json\/wp\/v2\/media?parent=58421"}],"wp:term":[{"taxonomy":"category","embeddable":true,"href":"https:\/\/reporteroshoy.mx\/noticias\/wp-json\/wp\/v2\/categories?post=58421"},{"taxonomy":"post_tag","embeddable":true,"href":"https:\/\/reporteroshoy.mx\/noticias\/wp-json\/wp\/v2\/tags?post=58421"}],"curies":[{"name":"wp","href":"https:\/\/api.w.org\/{rel}","templated":true}]}}