{"id":58561,"date":"2021-03-05T21:00:09","date_gmt":"2021-03-06T03:00:09","guid":{"rendered":"https:\/\/reporteroshoy.mx\/noticias\/?p=58561"},"modified":"2021-03-07T12:49:41","modified_gmt":"2021-03-07T18:49:41","slug":"vento-contra-aveo-en-valladolid","status":"publish","type":"post","link":"https:\/\/reporteroshoy.mx\/noticias\/vento-contra-aveo-en-valladolid\/","title":{"rendered":"Vento contra Aveo en Valladolid"},"content":{"rendered":"<p style=\"text-align: justify;\">Valladolid, Yucat\u00e1n, 5 de marzo de 2021 (ACOM). &#8211; Por no respetar una se\u00f1al de alto, un automovilista caus\u00f3 un choque en c\u00e9ntricas calles de la Sultana del Oriente.<\/p>\n<p><img loading=\"lazy\" decoding=\"async\" class=\"alignnone size-full wp-image-58558\" src=\"https:\/\/reporteroshoy.mx\/noticias\/wp-content\/uploads\/2021\/03\/VALLADOLID_CHOQUE-1.jpg\" alt=\"\" width=\"768\" height=\"373\" \/><\/p>\n<p style=\"text-align: justify;\">Se averiguo que el conductor de un veh\u00edculo Volkswagen Vento circulaba por la calle 46 y al llegar al cruce con la 37 no respet\u00f3 la se\u00f1al de alto y colision\u00f3 con un auto Chevrolet Aveo.<\/p>\n<p><img loading=\"lazy\" decoding=\"async\" class=\"alignnone size-full wp-image-58559\" src=\"https:\/\/reporteroshoy.mx\/noticias\/wp-content\/uploads\/2021\/03\/VALLADOLID_CHOQUE-2.jpg\" alt=\"\" width=\"768\" height=\"373\" \/><\/p>\n<p style=\"text-align: justify;\">Para fortuna de los conductores \u00fanicamente se registraron da\u00f1os materiales sin haber personas lesionadas. Tras dialogar, llegaron a un arreglo para la reparaci\u00f3n de los da\u00f1os.<\/p>\n","protected":false},"excerpt":{"rendered":"<p>Uno de los conductores se vol\u00f3 el alto y caus\u00f3 el choque en c\u00e9ntricas calles de la Sultana del Oriente.<\/p>\n","protected":false},"author":5,"featured_media":58558,"comment_status":"open","ping_status":"closed","sticky":false,"template":"","format":"standard","meta":{"footnotes":""},"categories":[11],"tags":[9098,437,139,4224],"class_list":["post-58561","post","type-post","status-publish","format-standard","has-post-thumbnail","hentry","category-municipios-de-yucatan","tag-aveo","tag-choque","tag-valladolid","tag-vento"],"yoast_head":"<!-- This site is optimized with the Yoast SEO plugin v28.4 - https:\/\/yoast.com\/product\/yoast-seo-wordpress\/ -->\n<title>Vento contra Aveo en Valladolid<\/title>\n<meta name=\"description\" content=\"Uno de los conductores se vol\u00f3 el alto y caus\u00f3 el choque en c\u00e9ntricas calles de la Sultana del Oriente.\" \/>\n<meta name=\"robots\" content=\"index, follow, max-snippet:-1, max-image-preview:large, max-video-preview:-1\" \/>\n<link rel=\"canonical\" href=\"https:\/\/reporteroshoy.mx\/noticias\/vento-contra-aveo-en-valladolid\/\" \/>\n<meta property=\"og:locale\" content=\"es_ES\" \/>\n<meta property=\"og:type\" content=\"article\" \/>\n<meta property=\"og:title\" content=\"Vento contra Aveo en Valladolid\" \/>\n<meta property=\"og:description\" content=\"Uno de los conductores se vol\u00f3 el alto y caus\u00f3 el choque en c\u00e9ntricas calles de la Sultana del Oriente.\" \/>\n<meta property=\"og:url\" content=\"https:\/\/reporteroshoy.mx\/noticias\/vento-contra-aveo-en-valladolid\/\" \/>\n<meta property=\"og:site_name\" content=\"Reporteros Hoy | Noticias de Yucat\u00e1n\" \/>\n<meta property=\"article:publisher\" content=\"http:\/\/www.facebook.com\/reporteroshoymx\" \/>\n<meta property=\"article:published_time\" content=\"2021-03-06T03:00:09+00:00\" \/>\n<meta property=\"article:modified_time\" content=\"2021-03-07T18:49:41+00:00\" \/>\n<meta property=\"og:image\" content=\"https:\/\/reporteroshoy.mx\/noticias\/wp-content\/uploads\/2021\/03\/VALLADOLID_CHOQUE-1.jpg\" \/>\n\t<meta property=\"og:image:width\" content=\"768\" \/>\n\t<meta property=\"og:image:height\" content=\"373\" \/>\n\t<meta property=\"og:image:type\" content=\"image\/jpeg\" \/>\n<meta name=\"author\" content=\"Reporteros Hoy IM\" \/>\n<meta name=\"twitter:card\" content=\"summary_large_image\" \/>\n<meta name=\"twitter:creator\" content=\"@reporteroshoy\" \/>\n<meta name=\"twitter:site\" content=\"@reporteroshoy\" \/>\n<meta name=\"twitter:label1\" content=\"Escrito por\" \/>\n\t<meta name=\"twitter:data1\" content=\"Reporteros Hoy IM\" \/>\n\t<meta name=\"twitter:label2\" content=\"Tiempo de lectura\" \/>\n\t<meta name=\"twitter:data2\" content=\"1 minuto\" \/>\n<script type=\"application\/ld+json\" class=\"yoast-schema-graph\">{\"@context\":\"https:\\\/\\\/schema.org\",\"@graph\":[{\"@type\":\"Article\",\"@id\":\"https:\\\/\\\/reporteroshoy.mx\\\/noticias\\\/vento-contra-aveo-en-valladolid\\\/#article\",\"isPartOf\":{\"@id\":\"https:\\\/\\\/reporteroshoy.mx\\\/noticias\\\/vento-contra-aveo-en-valladolid\\\/\"},\"author\":{\"name\":\"Reporteros Hoy IM\",\"@id\":\"https:\\\/\\\/reporteroshoy.mx\\\/noticias\\\/#\\\/schema\\\/person\\\/948520f0d88b01be2e5266bc4acbbc15\"},\"headline\":\"Vento contra Aveo en Valladolid\",\"datePublished\":\"2021-03-06T03:00:09+00:00\",\"dateModified\":\"2021-03-07T18:49:41+00:00\",\"mainEntityOfPage\":{\"@id\":\"https:\\\/\\\/reporteroshoy.mx\\\/noticias\\\/vento-contra-aveo-en-valladolid\\\/\"},\"wordCount\":100,\"commentCount\":0,\"image\":{\"@id\":\"https:\\\/\\\/reporteroshoy.mx\\\/noticias\\\/vento-contra-aveo-en-valladolid\\\/#primaryimage\"},\"thumbnailUrl\":\"https:\\\/\\\/reporteroshoy.mx\\\/noticias\\\/wp-content\\\/uploads\\\/2021\\\/03\\\/VALLADOLID_CHOQUE-1.jpg\",\"keywords\":[\"Aveo\",\"Choque\",\"Valladolid\",\"Vento\"],\"articleSection\":[\"Municipios\"],\"inLanguage\":\"es\",\"potentialAction\":[{\"@type\":\"CommentAction\",\"name\":\"Comment\",\"target\":[\"https:\\\/\\\/reporteroshoy.mx\\\/noticias\\\/vento-contra-aveo-en-valladolid\\\/#respond\"]}]},{\"@type\":\"WebPage\",\"@id\":\"https:\\\/\\\/reporteroshoy.mx\\\/noticias\\\/vento-contra-aveo-en-valladolid\\\/\",\"url\":\"https:\\\/\\\/reporteroshoy.mx\\\/noticias\\\/vento-contra-aveo-en-valladolid\\\/\",\"name\":\"Vento contra Aveo en Valladolid\",\"isPartOf\":{\"@id\":\"https:\\\/\\\/reporteroshoy.mx\\\/noticias\\\/#website\"},\"primaryImageOfPage\":{\"@id\":\"https:\\\/\\\/reporteroshoy.mx\\\/noticias\\\/vento-contra-aveo-en-valladolid\\\/#primaryimage\"},\"image\":{\"@id\":\"https:\\\/\\\/reporteroshoy.mx\\\/noticias\\\/vento-contra-aveo-en-valladolid\\\/#primaryimage\"},\"thumbnailUrl\":\"https:\\\/\\\/reporteroshoy.mx\\\/noticias\\\/wp-content\\\/uploads\\\/2021\\\/03\\\/VALLADOLID_CHOQUE-1.jpg\",\"datePublished\":\"2021-03-06T03:00:09+00:00\",\"dateModified\":\"2021-03-07T18:49:41+00:00\",\"author\":{\"@id\":\"https:\\\/\\\/reporteroshoy.mx\\\/noticias\\\/#\\\/schema\\\/person\\\/948520f0d88b01be2e5266bc4acbbc15\"},\"description\":\"Uno de los conductores se vol\u00f3 el alto y caus\u00f3 el choque en c\u00e9ntricas calles de la Sultana del Oriente.\",\"breadcrumb\":{\"@id\":\"https:\\\/\\\/reporteroshoy.mx\\\/noticias\\\/vento-contra-aveo-en-valladolid\\\/#breadcrumb\"},\"inLanguage\":\"es\",\"potentialAction\":[{\"@type\":\"ReadAction\",\"target\":[\"https:\\\/\\\/reporteroshoy.mx\\\/noticias\\\/vento-contra-aveo-en-valladolid\\\/\"]}]},{\"@type\":\"ImageObject\",\"inLanguage\":\"es\",\"@id\":\"https:\\\/\\\/reporteroshoy.mx\\\/noticias\\\/vento-contra-aveo-en-valladolid\\\/#primaryimage\",\"url\":\"https:\\\/\\\/reporteroshoy.mx\\\/noticias\\\/wp-content\\\/uploads\\\/2021\\\/03\\\/VALLADOLID_CHOQUE-1.jpg\",\"contentUrl\":\"https:\\\/\\\/reporteroshoy.mx\\\/noticias\\\/wp-content\\\/uploads\\\/2021\\\/03\\\/VALLADOLID_CHOQUE-1.jpg\",\"width\":768,\"height\":373},{\"@type\":\"BreadcrumbList\",\"@id\":\"https:\\\/\\\/reporteroshoy.mx\\\/noticias\\\/vento-contra-aveo-en-valladolid\\\/#breadcrumb\",\"itemListElement\":[{\"@type\":\"ListItem\",\"position\":1,\"name\":\"Portada\",\"item\":\"https:\\\/\\\/reporteroshoy.mx\\\/noticias\\\/\"},{\"@type\":\"ListItem\",\"position\":2,\"name\":\"Vento contra Aveo en Valladolid\"}]},{\"@type\":\"WebSite\",\"@id\":\"https:\\\/\\\/reporteroshoy.mx\\\/noticias\\\/#website\",\"url\":\"https:\\\/\\\/reporteroshoy.mx\\\/noticias\\\/\",\"name\":\"Reporteros Hoy | Noticias de Yucat\u00e1n\",\"description\":\"Peri\u00f3dico digital con noticias diarias desde M\u00e9rida, Yucat\u00e1n para el mundo.\",\"potentialAction\":[{\"@type\":\"SearchAction\",\"target\":{\"@type\":\"EntryPoint\",\"urlTemplate\":\"https:\\\/\\\/reporteroshoy.mx\\\/noticias\\\/?s={search_term_string}\"},\"query-input\":{\"@type\":\"PropertyValueSpecification\",\"valueRequired\":true,\"valueName\":\"search_term_string\"}}],\"inLanguage\":\"es\"},{\"@type\":\"Person\",\"@id\":\"https:\\\/\\\/reporteroshoy.mx\\\/noticias\\\/#\\\/schema\\\/person\\\/948520f0d88b01be2e5266bc4acbbc15\",\"name\":\"Reporteros Hoy IM\",\"image\":{\"@type\":\"ImageObject\",\"inLanguage\":\"es\",\"@id\":\"https:\\\/\\\/secure.gravatar.com\\\/avatar\\\/d843030b96552826ac048bdfe26f2895604b800ed0c880ee55765a74d95dfc65?s=96&d=mm&r=g\",\"url\":\"https:\\\/\\\/secure.gravatar.com\\\/avatar\\\/d843030b96552826ac048bdfe26f2895604b800ed0c880ee55765a74d95dfc65?s=96&d=mm&r=g\",\"contentUrl\":\"https:\\\/\\\/secure.gravatar.com\\\/avatar\\\/d843030b96552826ac048bdfe26f2895604b800ed0c880ee55765a74d95dfc65?s=96&d=mm&r=g\",\"caption\":\"Reporteros Hoy IM\"},\"url\":\"https:\\\/\\\/reporteroshoy.mx\\\/noticias\\\/author\\\/israel\\\/\"}]}<\/script>\n<!-- \/ Yoast SEO plugin. -->","yoast_head_json":{"title":"Vento contra Aveo en Valladolid","description":"Uno de los conductores se vol\u00f3 el alto y caus\u00f3 el choque en c\u00e9ntricas calles de la Sultana del Oriente.","robots":{"index":"index","follow":"follow","max-snippet":"max-snippet:-1","max-image-preview":"max-image-preview:large","max-video-preview":"max-video-preview:-1"},"canonical":"https:\/\/reporteroshoy.mx\/noticias\/vento-contra-aveo-en-valladolid\/","og_locale":"es_ES","og_type":"article","og_title":"Vento contra Aveo en Valladolid","og_description":"Uno de los conductores se vol\u00f3 el alto y caus\u00f3 el choque en c\u00e9ntricas calles de la Sultana del Oriente.","og_url":"https:\/\/reporteroshoy.mx\/noticias\/vento-contra-aveo-en-valladolid\/","og_site_name":"Reporteros Hoy | Noticias de Yucat\u00e1n","article_publisher":"http:\/\/www.facebook.com\/reporteroshoymx","article_published_time":"2021-03-06T03:00:09+00:00","article_modified_time":"2021-03-07T18:49:41+00:00","og_image":[{"width":768,"height":373,"url":"https:\/\/reporteroshoy.mx\/noticias\/wp-content\/uploads\/2021\/03\/VALLADOLID_CHOQUE-1.jpg","type":"image\/jpeg"}],"author":"Reporteros Hoy IM","twitter_card":"summary_large_image","twitter_creator":"@reporteroshoy","twitter_site":"@reporteroshoy","twitter_misc":{"Escrito por":"Reporteros Hoy IM","Tiempo de lectura":"1 minuto"},"schema":{"@context":"https:\/\/schema.org","@graph":[{"@type":"Article","@id":"https:\/\/reporteroshoy.mx\/noticias\/vento-contra-aveo-en-valladolid\/#article","isPartOf":{"@id":"https:\/\/reporteroshoy.mx\/noticias\/vento-contra-aveo-en-valladolid\/"},"author":{"name":"Reporteros Hoy IM","@id":"https:\/\/reporteroshoy.mx\/noticias\/#\/schema\/person\/948520f0d88b01be2e5266bc4acbbc15"},"headline":"Vento contra Aveo en Valladolid","datePublished":"2021-03-06T03:00:09+00:00","dateModified":"2021-03-07T18:49:41+00:00","mainEntityOfPage":{"@id":"https:\/\/reporteroshoy.mx\/noticias\/vento-contra-aveo-en-valladolid\/"},"wordCount":100,"commentCount":0,"image":{"@id":"https:\/\/reporteroshoy.mx\/noticias\/vento-contra-aveo-en-valladolid\/#primaryimage"},"thumbnailUrl":"https:\/\/reporteroshoy.mx\/noticias\/wp-content\/uploads\/2021\/03\/VALLADOLID_CHOQUE-1.jpg","keywords":["Aveo","Choque","Valladolid","Vento"],"articleSection":["Municipios"],"inLanguage":"es","potentialAction":[{"@type":"CommentAction","name":"Comment","target":["https:\/\/reporteroshoy.mx\/noticias\/vento-contra-aveo-en-valladolid\/#respond"]}]},{"@type":"WebPage","@id":"https:\/\/reporteroshoy.mx\/noticias\/vento-contra-aveo-en-valladolid\/","url":"https:\/\/reporteroshoy.mx\/noticias\/vento-contra-aveo-en-valladolid\/","name":"Vento contra Aveo en Valladolid","isPartOf":{"@id":"https:\/\/reporteroshoy.mx\/noticias\/#website"},"primaryImageOfPage":{"@id":"https:\/\/reporteroshoy.mx\/noticias\/vento-contra-aveo-en-valladolid\/#primaryimage"},"image":{"@id":"https:\/\/reporteroshoy.mx\/noticias\/vento-contra-aveo-en-valladolid\/#primaryimage"},"thumbnailUrl":"https:\/\/reporteroshoy.mx\/noticias\/wp-content\/uploads\/2021\/03\/VALLADOLID_CHOQUE-1.jpg","datePublished":"2021-03-06T03:00:09+00:00","dateModified":"2021-03-07T18:49:41+00:00","author":{"@id":"https:\/\/reporteroshoy.mx\/noticias\/#\/schema\/person\/948520f0d88b01be2e5266bc4acbbc15"},"description":"Uno de los conductores se vol\u00f3 el alto y caus\u00f3 el choque en c\u00e9ntricas calles de la Sultana del Oriente.","breadcrumb":{"@id":"https:\/\/reporteroshoy.mx\/noticias\/vento-contra-aveo-en-valladolid\/#breadcrumb"},"inLanguage":"es","potentialAction":[{"@type":"ReadAction","target":["https:\/\/reporteroshoy.mx\/noticias\/vento-contra-aveo-en-valladolid\/"]}]},{"@type":"ImageObject","inLanguage":"es","@id":"https:\/\/reporteroshoy.mx\/noticias\/vento-contra-aveo-en-valladolid\/#primaryimage","url":"https:\/\/reporteroshoy.mx\/noticias\/wp-content\/uploads\/2021\/03\/VALLADOLID_CHOQUE-1.jpg","contentUrl":"https:\/\/reporteroshoy.mx\/noticias\/wp-content\/uploads\/2021\/03\/VALLADOLID_CHOQUE-1.jpg","width":768,"height":373},{"@type":"BreadcrumbList","@id":"https:\/\/reporteroshoy.mx\/noticias\/vento-contra-aveo-en-valladolid\/#breadcrumb","itemListElement":[{"@type":"ListItem","position":1,"name":"Portada","item":"https:\/\/reporteroshoy.mx\/noticias\/"},{"@type":"ListItem","position":2,"name":"Vento contra Aveo en Valladolid"}]},{"@type":"WebSite","@id":"https:\/\/reporteroshoy.mx\/noticias\/#website","url":"https:\/\/reporteroshoy.mx\/noticias\/","name":"Reporteros Hoy | Noticias de Yucat\u00e1n","description":"Peri\u00f3dico digital con noticias diarias desde M\u00e9rida, Yucat\u00e1n para el mundo.","potentialAction":[{"@type":"SearchAction","target":{"@type":"EntryPoint","urlTemplate":"https:\/\/reporteroshoy.mx\/noticias\/?s={search_term_string}"},"query-input":{"@type":"PropertyValueSpecification","valueRequired":true,"valueName":"search_term_string"}}],"inLanguage":"es"},{"@type":"Person","@id":"https:\/\/reporteroshoy.mx\/noticias\/#\/schema\/person\/948520f0d88b01be2e5266bc4acbbc15","name":"Reporteros Hoy IM","image":{"@type":"ImageObject","inLanguage":"es","@id":"https:\/\/secure.gravatar.com\/avatar\/d843030b96552826ac048bdfe26f2895604b800ed0c880ee55765a74d95dfc65?s=96&d=mm&r=g","url":"https:\/\/secure.gravatar.com\/avatar\/d843030b96552826ac048bdfe26f2895604b800ed0c880ee55765a74d95dfc65?s=96&d=mm&r=g","contentUrl":"https:\/\/secure.gravatar.com\/avatar\/d843030b96552826ac048bdfe26f2895604b800ed0c880ee55765a74d95dfc65?s=96&d=mm&r=g","caption":"Reporteros Hoy IM"},"url":"https:\/\/reporteroshoy.mx\/noticias\/author\/israel\/"}]}},"_links":{"self":[{"href":"https:\/\/reporteroshoy.mx\/noticias\/wp-json\/wp\/v2\/posts\/58561","targetHints":{"allow":["GET"]}}],"collection":[{"href":"https:\/\/reporteroshoy.mx\/noticias\/wp-json\/wp\/v2\/posts"}],"about":[{"href":"https:\/\/reporteroshoy.mx\/noticias\/wp-json\/wp\/v2\/types\/post"}],"author":[{"embeddable":true,"href":"https:\/\/reporteroshoy.mx\/noticias\/wp-json\/wp\/v2\/users\/5"}],"replies":[{"embeddable":true,"href":"https:\/\/reporteroshoy.mx\/noticias\/wp-json\/wp\/v2\/comments?post=58561"}],"version-history":[{"count":0,"href":"https:\/\/reporteroshoy.mx\/noticias\/wp-json\/wp\/v2\/posts\/58561\/revisions"}],"wp:featuredmedia":[{"embeddable":true,"href":"https:\/\/reporteroshoy.mx\/noticias\/wp-json\/wp\/v2\/media\/58558"}],"wp:attachment":[{"href":"https:\/\/reporteroshoy.mx\/noticias\/wp-json\/wp\/v2\/media?parent=58561"}],"wp:term":[{"taxonomy":"category","embeddable":true,"href":"https:\/\/reporteroshoy.mx\/noticias\/wp-json\/wp\/v2\/categories?post=58561"},{"taxonomy":"post_tag","embeddable":true,"href":"https:\/\/reporteroshoy.mx\/noticias\/wp-json\/wp\/v2\/tags?post=58561"}],"curies":[{"name":"wp","href":"https:\/\/api.w.org\/{rel}","templated":true}]}}