{"id":58680,"date":"2021-03-08T11:00:07","date_gmt":"2021-03-08T17:00:07","guid":{"rendered":"https:\/\/reporteroshoy.mx\/noticias\/?p=58680"},"modified":"2021-03-08T23:36:28","modified_gmt":"2021-03-09T05:36:28","slug":"nueva-zelanda-anuncia-que-solo-utilizara-vacuna-de-pfizer","status":"publish","type":"post","link":"https:\/\/reporteroshoy.mx\/noticias\/nueva-zelanda-anuncia-que-solo-utilizara-vacuna-de-pfizer\/","title":{"rendered":"Nueva Zelanda anuncia que solo utilizar\u00e1 vacuna de Pfizer"},"content":{"rendered":"<p style=\"text-align: justify;\">Nueva Zelanda; 8 de marzo de 2021 (AP).- Nueva Zelanda\u00a0utilizar\u00e1\u00a0solamente\u00a0la\u00a0vacuna\u00a0de\u00a0Pfizer\u00a0para\u00a0inmunizar\u00a0a su\u00a0poblaci\u00f3n\u00a0contra el\u00a0coronavirus, cambiando sus\u00a0planes anteriores\u00a0de utilizar\u00a0cuatro f\u00e1rmacos distintos.<\/p>\n<p style=\"text-align: justify;\">La\u00a0primera ministra, Jacinda Ardern, anunci\u00f3 la\u00a0estrategia\u00a0este lunes y se\u00f1al\u00f3 que se deb\u00eda a la\u00a0efectividad\u00a0de la\u00a0vacuna\u00a0de\u00a0Pfizer-BioNTech.<\/p>\n<p style=\"text-align: justify;\">Que todos los neozelandeses puedan acceder a la misma vacuna ser\u00e1 m\u00e1s f\u00e1cil y m\u00e1s justo, se\u00f1al\u00f3.<\/p>\n<p style=\"text-align: justify;\">Sin embargo, el plan tambi\u00e9n podr\u00eda deberse en parte a las demoras en la autorizaci\u00f3n de las vacunas.<\/p>\n<p style=\"text-align: justify;\">Por ahora, las autoridades sanitarias neozelandesas s\u00f3lo han aprobado la vacuna de Pfizer y est\u00e1n revisando otras dos opciones.<\/p>\n<p><img loading=\"lazy\" decoding=\"async\" class=\"wp-image-58681 aligncenter\" src=\"https:\/\/reporteroshoy.mx\/noticias\/wp-content\/uploads\/2021\/03\/Vacuna-Pfizer.jpg\" alt=\"\" width=\"602\" height=\"339\" \/><\/p>\n<h4 style=\"text-align: justify;\"><strong>ESCENARIO ESTABLE<\/strong><\/h4>\n<p style=\"text-align: justify;\">Nueva Zelanda ha comprado 10 millones de dosis de la vacuna de Pfizer, suficiente para inocular a los 5 millones de habitantes del pa\u00eds con las dos dosis necesarias.<\/p>\n<p style=\"text-align: justify;\">Se espera que la mayor\u00eda de las dosis lleguen a Nueva Zelanda durante el segundo semestre del a\u00f1o, a\u00f1adi\u00f3 la mandataria.<\/p>\n<p style=\"text-align: justify;\">Por ahora, Nueva Zelanda s\u00f3lo ha vacunado a unos pocos miles de personas, la mayor\u00eda trabajadores de fronteras.<\/p>\n<p style=\"text-align: justify;\">El pa\u00eds ha eliminado los contagios locales del virus, y las vacunaciones no se consideran tan urgentes como en otros pa\u00edses.<\/p>\n","protected":false},"excerpt":{"rendered":"<p>La\u00a0primera ministra, Jacinda Ardern, anunci\u00f3 que se cambi\u00f3 la\u00a0estrategia\u00a0debido a la\u00a0efectividad\u00a0de la\u00a0vacuna\u00a0de\u00a0Pfizer-BioNTech.<\/p>\n","protected":false},"author":9,"featured_media":58681,"comment_status":"open","ping_status":"closed","sticky":false,"template":"","format":"standard","meta":{"footnotes":""},"categories":[10],"tags":[9849,1629,12696,7731],"class_list":["post-58680","post","type-post","status-publish","format-standard","has-post-thumbnail","hentry","category-internacional","tag-covid-19","tag-nueva-zelanda","tag-pfizer","tag-vacuna"],"yoast_head":"<!-- This site is optimized with the Yoast SEO plugin v28.4 - https:\/\/yoast.com\/product\/yoast-seo-wordpress\/ -->\n<title>Nueva Zelanda anuncia que solo utilizar\u00e1 vacuna de Pfizer<\/title>\n<meta name=\"description\" content=\"La\u00a0primera ministra, Jacinda Ardern, anunci\u00f3 que se cambi\u00f3 la\u00a0estrategia\u00a0debido a la\u00a0efectividad\u00a0de la\u00a0vacuna\u00a0de\u00a0Pfizer-BioNTech.\" \/>\n<meta name=\"robots\" content=\"index, follow, max-snippet:-1, max-image-preview:large, max-video-preview:-1\" \/>\n<link rel=\"canonical\" href=\"https:\/\/reporteroshoy.mx\/noticias\/nueva-zelanda-anuncia-que-solo-utilizara-vacuna-de-pfizer\/\" \/>\n<meta property=\"og:locale\" content=\"es_ES\" \/>\n<meta property=\"og:type\" content=\"article\" \/>\n<meta property=\"og:title\" content=\"Nueva Zelanda anuncia que solo utilizar\u00e1 vacuna de Pfizer\" \/>\n<meta property=\"og:description\" content=\"La\u00a0primera ministra, Jacinda Ardern, anunci\u00f3 que se cambi\u00f3 la\u00a0estrategia\u00a0debido a la\u00a0efectividad\u00a0de la\u00a0vacuna\u00a0de\u00a0Pfizer-BioNTech.\" \/>\n<meta property=\"og:url\" content=\"https:\/\/reporteroshoy.mx\/noticias\/nueva-zelanda-anuncia-que-solo-utilizara-vacuna-de-pfizer\/\" \/>\n<meta property=\"og:site_name\" content=\"Reporteros Hoy | Noticias de Yucat\u00e1n\" \/>\n<meta property=\"article:publisher\" content=\"http:\/\/www.facebook.com\/reporteroshoymx\" \/>\n<meta property=\"article:published_time\" content=\"2021-03-08T17:00:07+00:00\" \/>\n<meta property=\"article:modified_time\" content=\"2021-03-09T05:36:28+00:00\" \/>\n<meta property=\"og:image\" content=\"https:\/\/reporteroshoy.mx\/noticias\/wp-content\/uploads\/2021\/03\/Vacuna-Pfizer.jpg\" \/>\n\t<meta property=\"og:image:width\" content=\"768\" \/>\n\t<meta property=\"og:image:height\" content=\"432\" \/>\n\t<meta property=\"og:image:type\" content=\"image\/jpeg\" \/>\n<meta name=\"author\" content=\"Reporteros Hoy WP\" \/>\n<meta name=\"twitter:card\" content=\"summary_large_image\" \/>\n<meta name=\"twitter:creator\" content=\"@reporteroshoy\" \/>\n<meta name=\"twitter:site\" content=\"@reporteroshoy\" \/>\n<meta name=\"twitter:label1\" content=\"Escrito por\" \/>\n\t<meta name=\"twitter:data1\" content=\"Reporteros Hoy WP\" \/>\n\t<meta name=\"twitter:label2\" content=\"Tiempo de lectura\" \/>\n\t<meta name=\"twitter:data2\" content=\"2 minutos\" \/>\n<script type=\"application\/ld+json\" class=\"yoast-schema-graph\">{\"@context\":\"https:\\\/\\\/schema.org\",\"@graph\":[{\"@type\":\"Article\",\"@id\":\"https:\\\/\\\/reporteroshoy.mx\\\/noticias\\\/nueva-zelanda-anuncia-que-solo-utilizara-vacuna-de-pfizer\\\/#article\",\"isPartOf\":{\"@id\":\"https:\\\/\\\/reporteroshoy.mx\\\/noticias\\\/nueva-zelanda-anuncia-que-solo-utilizara-vacuna-de-pfizer\\\/\"},\"author\":{\"name\":\"Reporteros Hoy WP\",\"@id\":\"https:\\\/\\\/reporteroshoy.mx\\\/noticias\\\/#\\\/schema\\\/person\\\/c977527e57c958a62c5cefe8fe47876e\"},\"headline\":\"Nueva Zelanda anuncia que solo utilizar\u00e1 vacuna de Pfizer\",\"datePublished\":\"2021-03-08T17:00:07+00:00\",\"dateModified\":\"2021-03-09T05:36:28+00:00\",\"mainEntityOfPage\":{\"@id\":\"https:\\\/\\\/reporteroshoy.mx\\\/noticias\\\/nueva-zelanda-anuncia-que-solo-utilizara-vacuna-de-pfizer\\\/\"},\"wordCount\":228,\"commentCount\":0,\"image\":{\"@id\":\"https:\\\/\\\/reporteroshoy.mx\\\/noticias\\\/nueva-zelanda-anuncia-que-solo-utilizara-vacuna-de-pfizer\\\/#primaryimage\"},\"thumbnailUrl\":\"https:\\\/\\\/reporteroshoy.mx\\\/noticias\\\/wp-content\\\/uploads\\\/2021\\\/03\\\/Vacuna-Pfizer.jpg\",\"keywords\":[\"Covid-19\",\"Nueva Zelanda\",\"Pfizer\",\"vacuna\"],\"articleSection\":[\"Internacional\"],\"inLanguage\":\"es\",\"potentialAction\":[{\"@type\":\"CommentAction\",\"name\":\"Comment\",\"target\":[\"https:\\\/\\\/reporteroshoy.mx\\\/noticias\\\/nueva-zelanda-anuncia-que-solo-utilizara-vacuna-de-pfizer\\\/#respond\"]}]},{\"@type\":\"WebPage\",\"@id\":\"https:\\\/\\\/reporteroshoy.mx\\\/noticias\\\/nueva-zelanda-anuncia-que-solo-utilizara-vacuna-de-pfizer\\\/\",\"url\":\"https:\\\/\\\/reporteroshoy.mx\\\/noticias\\\/nueva-zelanda-anuncia-que-solo-utilizara-vacuna-de-pfizer\\\/\",\"name\":\"Nueva Zelanda anuncia que solo utilizar\u00e1 vacuna de Pfizer\",\"isPartOf\":{\"@id\":\"https:\\\/\\\/reporteroshoy.mx\\\/noticias\\\/#website\"},\"primaryImageOfPage\":{\"@id\":\"https:\\\/\\\/reporteroshoy.mx\\\/noticias\\\/nueva-zelanda-anuncia-que-solo-utilizara-vacuna-de-pfizer\\\/#primaryimage\"},\"image\":{\"@id\":\"https:\\\/\\\/reporteroshoy.mx\\\/noticias\\\/nueva-zelanda-anuncia-que-solo-utilizara-vacuna-de-pfizer\\\/#primaryimage\"},\"thumbnailUrl\":\"https:\\\/\\\/reporteroshoy.mx\\\/noticias\\\/wp-content\\\/uploads\\\/2021\\\/03\\\/Vacuna-Pfizer.jpg\",\"datePublished\":\"2021-03-08T17:00:07+00:00\",\"dateModified\":\"2021-03-09T05:36:28+00:00\",\"author\":{\"@id\":\"https:\\\/\\\/reporteroshoy.mx\\\/noticias\\\/#\\\/schema\\\/person\\\/c977527e57c958a62c5cefe8fe47876e\"},\"description\":\"La\u00a0primera ministra, Jacinda Ardern, anunci\u00f3 que se cambi\u00f3 la\u00a0estrategia\u00a0debido a la\u00a0efectividad\u00a0de la\u00a0vacuna\u00a0de\u00a0Pfizer-BioNTech.\",\"breadcrumb\":{\"@id\":\"https:\\\/\\\/reporteroshoy.mx\\\/noticias\\\/nueva-zelanda-anuncia-que-solo-utilizara-vacuna-de-pfizer\\\/#breadcrumb\"},\"inLanguage\":\"es\",\"potentialAction\":[{\"@type\":\"ReadAction\",\"target\":[\"https:\\\/\\\/reporteroshoy.mx\\\/noticias\\\/nueva-zelanda-anuncia-que-solo-utilizara-vacuna-de-pfizer\\\/\"]}]},{\"@type\":\"ImageObject\",\"inLanguage\":\"es\",\"@id\":\"https:\\\/\\\/reporteroshoy.mx\\\/noticias\\\/nueva-zelanda-anuncia-que-solo-utilizara-vacuna-de-pfizer\\\/#primaryimage\",\"url\":\"https:\\\/\\\/reporteroshoy.mx\\\/noticias\\\/wp-content\\\/uploads\\\/2021\\\/03\\\/Vacuna-Pfizer.jpg\",\"contentUrl\":\"https:\\\/\\\/reporteroshoy.mx\\\/noticias\\\/wp-content\\\/uploads\\\/2021\\\/03\\\/Vacuna-Pfizer.jpg\",\"width\":768,\"height\":432},{\"@type\":\"BreadcrumbList\",\"@id\":\"https:\\\/\\\/reporteroshoy.mx\\\/noticias\\\/nueva-zelanda-anuncia-que-solo-utilizara-vacuna-de-pfizer\\\/#breadcrumb\",\"itemListElement\":[{\"@type\":\"ListItem\",\"position\":1,\"name\":\"Portada\",\"item\":\"https:\\\/\\\/reporteroshoy.mx\\\/noticias\\\/\"},{\"@type\":\"ListItem\",\"position\":2,\"name\":\"Nueva Zelanda anuncia que solo utilizar\u00e1 vacuna de Pfizer\"}]},{\"@type\":\"WebSite\",\"@id\":\"https:\\\/\\\/reporteroshoy.mx\\\/noticias\\\/#website\",\"url\":\"https:\\\/\\\/reporteroshoy.mx\\\/noticias\\\/\",\"name\":\"Reporteros Hoy | Noticias de Yucat\u00e1n\",\"description\":\"Peri\u00f3dico digital con noticias diarias desde M\u00e9rida, Yucat\u00e1n para el mundo.\",\"potentialAction\":[{\"@type\":\"SearchAction\",\"target\":{\"@type\":\"EntryPoint\",\"urlTemplate\":\"https:\\\/\\\/reporteroshoy.mx\\\/noticias\\\/?s={search_term_string}\"},\"query-input\":{\"@type\":\"PropertyValueSpecification\",\"valueRequired\":true,\"valueName\":\"search_term_string\"}}],\"inLanguage\":\"es\"},{\"@type\":\"Person\",\"@id\":\"https:\\\/\\\/reporteroshoy.mx\\\/noticias\\\/#\\\/schema\\\/person\\\/c977527e57c958a62c5cefe8fe47876e\",\"name\":\"Reporteros Hoy WP\",\"image\":{\"@type\":\"ImageObject\",\"inLanguage\":\"es\",\"@id\":\"https:\\\/\\\/secure.gravatar.com\\\/avatar\\\/fd2917f79a7dae30f8ac9ddc2f35e1756bb59e25e01d1cd09deaa64df7b2f73e?s=96&d=mm&r=g\",\"url\":\"https:\\\/\\\/secure.gravatar.com\\\/avatar\\\/fd2917f79a7dae30f8ac9ddc2f35e1756bb59e25e01d1cd09deaa64df7b2f73e?s=96&d=mm&r=g\",\"contentUrl\":\"https:\\\/\\\/secure.gravatar.com\\\/avatar\\\/fd2917f79a7dae30f8ac9ddc2f35e1756bb59e25e01d1cd09deaa64df7b2f73e?s=96&d=mm&r=g\",\"caption\":\"Reporteros Hoy WP\"},\"url\":\"https:\\\/\\\/reporteroshoy.mx\\\/noticias\\\/author\\\/walfer\\\/\"}]}<\/script>\n<!-- \/ Yoast SEO plugin. -->","yoast_head_json":{"title":"Nueva Zelanda anuncia que solo utilizar\u00e1 vacuna de Pfizer","description":"La\u00a0primera ministra, Jacinda Ardern, anunci\u00f3 que se cambi\u00f3 la\u00a0estrategia\u00a0debido a la\u00a0efectividad\u00a0de la\u00a0vacuna\u00a0de\u00a0Pfizer-BioNTech.","robots":{"index":"index","follow":"follow","max-snippet":"max-snippet:-1","max-image-preview":"max-image-preview:large","max-video-preview":"max-video-preview:-1"},"canonical":"https:\/\/reporteroshoy.mx\/noticias\/nueva-zelanda-anuncia-que-solo-utilizara-vacuna-de-pfizer\/","og_locale":"es_ES","og_type":"article","og_title":"Nueva Zelanda anuncia que solo utilizar\u00e1 vacuna de Pfizer","og_description":"La\u00a0primera ministra, Jacinda Ardern, anunci\u00f3 que se cambi\u00f3 la\u00a0estrategia\u00a0debido a la\u00a0efectividad\u00a0de la\u00a0vacuna\u00a0de\u00a0Pfizer-BioNTech.","og_url":"https:\/\/reporteroshoy.mx\/noticias\/nueva-zelanda-anuncia-que-solo-utilizara-vacuna-de-pfizer\/","og_site_name":"Reporteros Hoy | Noticias de Yucat\u00e1n","article_publisher":"http:\/\/www.facebook.com\/reporteroshoymx","article_published_time":"2021-03-08T17:00:07+00:00","article_modified_time":"2021-03-09T05:36:28+00:00","og_image":[{"width":768,"height":432,"url":"https:\/\/reporteroshoy.mx\/noticias\/wp-content\/uploads\/2021\/03\/Vacuna-Pfizer.jpg","type":"image\/jpeg"}],"author":"Reporteros Hoy WP","twitter_card":"summary_large_image","twitter_creator":"@reporteroshoy","twitter_site":"@reporteroshoy","twitter_misc":{"Escrito por":"Reporteros Hoy WP","Tiempo de lectura":"2 minutos"},"schema":{"@context":"https:\/\/schema.org","@graph":[{"@type":"Article","@id":"https:\/\/reporteroshoy.mx\/noticias\/nueva-zelanda-anuncia-que-solo-utilizara-vacuna-de-pfizer\/#article","isPartOf":{"@id":"https:\/\/reporteroshoy.mx\/noticias\/nueva-zelanda-anuncia-que-solo-utilizara-vacuna-de-pfizer\/"},"author":{"name":"Reporteros Hoy WP","@id":"https:\/\/reporteroshoy.mx\/noticias\/#\/schema\/person\/c977527e57c958a62c5cefe8fe47876e"},"headline":"Nueva Zelanda anuncia que solo utilizar\u00e1 vacuna de Pfizer","datePublished":"2021-03-08T17:00:07+00:00","dateModified":"2021-03-09T05:36:28+00:00","mainEntityOfPage":{"@id":"https:\/\/reporteroshoy.mx\/noticias\/nueva-zelanda-anuncia-que-solo-utilizara-vacuna-de-pfizer\/"},"wordCount":228,"commentCount":0,"image":{"@id":"https:\/\/reporteroshoy.mx\/noticias\/nueva-zelanda-anuncia-que-solo-utilizara-vacuna-de-pfizer\/#primaryimage"},"thumbnailUrl":"https:\/\/reporteroshoy.mx\/noticias\/wp-content\/uploads\/2021\/03\/Vacuna-Pfizer.jpg","keywords":["Covid-19","Nueva Zelanda","Pfizer","vacuna"],"articleSection":["Internacional"],"inLanguage":"es","potentialAction":[{"@type":"CommentAction","name":"Comment","target":["https:\/\/reporteroshoy.mx\/noticias\/nueva-zelanda-anuncia-que-solo-utilizara-vacuna-de-pfizer\/#respond"]}]},{"@type":"WebPage","@id":"https:\/\/reporteroshoy.mx\/noticias\/nueva-zelanda-anuncia-que-solo-utilizara-vacuna-de-pfizer\/","url":"https:\/\/reporteroshoy.mx\/noticias\/nueva-zelanda-anuncia-que-solo-utilizara-vacuna-de-pfizer\/","name":"Nueva Zelanda anuncia que solo utilizar\u00e1 vacuna de Pfizer","isPartOf":{"@id":"https:\/\/reporteroshoy.mx\/noticias\/#website"},"primaryImageOfPage":{"@id":"https:\/\/reporteroshoy.mx\/noticias\/nueva-zelanda-anuncia-que-solo-utilizara-vacuna-de-pfizer\/#primaryimage"},"image":{"@id":"https:\/\/reporteroshoy.mx\/noticias\/nueva-zelanda-anuncia-que-solo-utilizara-vacuna-de-pfizer\/#primaryimage"},"thumbnailUrl":"https:\/\/reporteroshoy.mx\/noticias\/wp-content\/uploads\/2021\/03\/Vacuna-Pfizer.jpg","datePublished":"2021-03-08T17:00:07+00:00","dateModified":"2021-03-09T05:36:28+00:00","author":{"@id":"https:\/\/reporteroshoy.mx\/noticias\/#\/schema\/person\/c977527e57c958a62c5cefe8fe47876e"},"description":"La\u00a0primera ministra, Jacinda Ardern, anunci\u00f3 que se cambi\u00f3 la\u00a0estrategia\u00a0debido a la\u00a0efectividad\u00a0de la\u00a0vacuna\u00a0de\u00a0Pfizer-BioNTech.","breadcrumb":{"@id":"https:\/\/reporteroshoy.mx\/noticias\/nueva-zelanda-anuncia-que-solo-utilizara-vacuna-de-pfizer\/#breadcrumb"},"inLanguage":"es","potentialAction":[{"@type":"ReadAction","target":["https:\/\/reporteroshoy.mx\/noticias\/nueva-zelanda-anuncia-que-solo-utilizara-vacuna-de-pfizer\/"]}]},{"@type":"ImageObject","inLanguage":"es","@id":"https:\/\/reporteroshoy.mx\/noticias\/nueva-zelanda-anuncia-que-solo-utilizara-vacuna-de-pfizer\/#primaryimage","url":"https:\/\/reporteroshoy.mx\/noticias\/wp-content\/uploads\/2021\/03\/Vacuna-Pfizer.jpg","contentUrl":"https:\/\/reporteroshoy.mx\/noticias\/wp-content\/uploads\/2021\/03\/Vacuna-Pfizer.jpg","width":768,"height":432},{"@type":"BreadcrumbList","@id":"https:\/\/reporteroshoy.mx\/noticias\/nueva-zelanda-anuncia-que-solo-utilizara-vacuna-de-pfizer\/#breadcrumb","itemListElement":[{"@type":"ListItem","position":1,"name":"Portada","item":"https:\/\/reporteroshoy.mx\/noticias\/"},{"@type":"ListItem","position":2,"name":"Nueva Zelanda anuncia que solo utilizar\u00e1 vacuna de Pfizer"}]},{"@type":"WebSite","@id":"https:\/\/reporteroshoy.mx\/noticias\/#website","url":"https:\/\/reporteroshoy.mx\/noticias\/","name":"Reporteros Hoy | Noticias de Yucat\u00e1n","description":"Peri\u00f3dico digital con noticias diarias desde M\u00e9rida, Yucat\u00e1n para el mundo.","potentialAction":[{"@type":"SearchAction","target":{"@type":"EntryPoint","urlTemplate":"https:\/\/reporteroshoy.mx\/noticias\/?s={search_term_string}"},"query-input":{"@type":"PropertyValueSpecification","valueRequired":true,"valueName":"search_term_string"}}],"inLanguage":"es"},{"@type":"Person","@id":"https:\/\/reporteroshoy.mx\/noticias\/#\/schema\/person\/c977527e57c958a62c5cefe8fe47876e","name":"Reporteros Hoy WP","image":{"@type":"ImageObject","inLanguage":"es","@id":"https:\/\/secure.gravatar.com\/avatar\/fd2917f79a7dae30f8ac9ddc2f35e1756bb59e25e01d1cd09deaa64df7b2f73e?s=96&d=mm&r=g","url":"https:\/\/secure.gravatar.com\/avatar\/fd2917f79a7dae30f8ac9ddc2f35e1756bb59e25e01d1cd09deaa64df7b2f73e?s=96&d=mm&r=g","contentUrl":"https:\/\/secure.gravatar.com\/avatar\/fd2917f79a7dae30f8ac9ddc2f35e1756bb59e25e01d1cd09deaa64df7b2f73e?s=96&d=mm&r=g","caption":"Reporteros Hoy WP"},"url":"https:\/\/reporteroshoy.mx\/noticias\/author\/walfer\/"}]}},"_links":{"self":[{"href":"https:\/\/reporteroshoy.mx\/noticias\/wp-json\/wp\/v2\/posts\/58680","targetHints":{"allow":["GET"]}}],"collection":[{"href":"https:\/\/reporteroshoy.mx\/noticias\/wp-json\/wp\/v2\/posts"}],"about":[{"href":"https:\/\/reporteroshoy.mx\/noticias\/wp-json\/wp\/v2\/types\/post"}],"author":[{"embeddable":true,"href":"https:\/\/reporteroshoy.mx\/noticias\/wp-json\/wp\/v2\/users\/9"}],"replies":[{"embeddable":true,"href":"https:\/\/reporteroshoy.mx\/noticias\/wp-json\/wp\/v2\/comments?post=58680"}],"version-history":[{"count":0,"href":"https:\/\/reporteroshoy.mx\/noticias\/wp-json\/wp\/v2\/posts\/58680\/revisions"}],"wp:featuredmedia":[{"embeddable":true,"href":"https:\/\/reporteroshoy.mx\/noticias\/wp-json\/wp\/v2\/media\/58681"}],"wp:attachment":[{"href":"https:\/\/reporteroshoy.mx\/noticias\/wp-json\/wp\/v2\/media?parent=58680"}],"wp:term":[{"taxonomy":"category","embeddable":true,"href":"https:\/\/reporteroshoy.mx\/noticias\/wp-json\/wp\/v2\/categories?post=58680"},{"taxonomy":"post_tag","embeddable":true,"href":"https:\/\/reporteroshoy.mx\/noticias\/wp-json\/wp\/v2\/tags?post=58680"}],"curies":[{"name":"wp","href":"https:\/\/api.w.org\/{rel}","templated":true}]}}