{"id":58848,"date":"2021-03-10T09:00:32","date_gmt":"2021-03-10T15:00:32","guid":{"rendered":"https:\/\/reporteroshoy.mx\/noticias\/?p=58848"},"modified":"2021-03-10T11:53:07","modified_gmt":"2021-03-10T17:53:07","slug":"brutal-accidente-en-periferico-policias-acaban-prensados","status":"publish","type":"post","link":"https:\/\/reporteroshoy.mx\/noticias\/brutal-accidente-en-periferico-policias-acaban-prensados\/","title":{"rendered":"Brutal accidente en perif\u00e9rico; polic\u00edas acaban prensados"},"content":{"rendered":"<p style=\"text-align: justify;\">M\u00e9rida, Yucat\u00e1n; 10 de marzo de 2021 (ACOM).- Un siniestro vial en el perif\u00e9rico poniente de M\u00e9rida dej\u00f3 como saldo dos agentes de la SSP lesionados, luego de chocar contra un poste de alumbrado p\u00fablico.<\/p>\n<p style=\"text-align: justify;\">Los hechos ocurrieron esta ma\u00f1ana en el kil\u00f3metro 47 cuando un joven polic\u00eda conduc\u00eda un Ford Fiesta, con placas USR-658-B de Quintana Roo, llevando como acompa\u00f1ante a una oficial.<\/p>\n<p style=\"text-align: justify;\">De momento, otro veh\u00edculo se atraves\u00f3 en su camino y para no chocar volante\u00f3 hasta impactarse contra un poste de alumbrado p\u00fablico y destrozar el auto. Ambos ocupantes quedaron prensados.<\/p>\n<p><img loading=\"lazy\" decoding=\"async\" class=\"wp-image-58850 aligncenter\" src=\"https:\/\/reporteroshoy.mx\/noticias\/wp-content\/uploads\/2021\/03\/Accidente-policias1.jpg\" alt=\"\" width=\"600\" height=\"338\" \/><\/p>\n<p style=\"text-align: justify;\">Al lugar arribaron bomberos, param\u00e9dicos y polic\u00edas estatales. La oficial Fernanda Q.D., de 28 a\u00f1os y originaria de Chochol\u00e1, fue la que se llev\u00f3 la peor parte.<\/p>\n<p style=\"text-align: justify;\">Ambos fueron trasladados por una ambulancia de la SSP a la T-1 para que reciban atenci\u00f3n m\u00e9dica.<\/p>\n<p><img loading=\"lazy\" decoding=\"async\" class=\"wp-image-58849 aligncenter\" src=\"https:\/\/reporteroshoy.mx\/noticias\/wp-content\/uploads\/2021\/03\/Accidente-policias.jpg\" alt=\"\" width=\"600\" height=\"338\" \/><\/p>\n<p style=\"text-align: justify;\">La pareja de polic\u00edas se dirig\u00eda a trabajar al Complejo de Seguridad Publica.<\/p>\n","protected":false},"excerpt":{"rendered":"<p> Para evitar chocar un veh\u00edculo que se les atraves\u00f3, el polic\u00eda volante\u00f3 y se impact\u00f3 contra un poste. La oficial que lo acompa\u00f1aba se llev\u00f3 la peor parte.<\/p>\n","protected":false},"author":9,"featured_media":58849,"comment_status":"open","ping_status":"closed","sticky":false,"template":"","format":"standard","meta":{"footnotes":""},"categories":[14],"tags":[1468,261,15856,689],"class_list":["post-58848","post","type-post","status-publish","format-standard","has-post-thumbnail","hentry","category-policia","tag-accidente-en-periferico","tag-policias","tag-siniestro-vial","tag-ssp"],"yoast_head":"<!-- This site is optimized with the Yoast SEO plugin v28.4 - https:\/\/yoast.com\/product\/yoast-seo-wordpress\/ -->\n<title>Brutal accidente en perif\u00e9rico; polic\u00edas acaban prensados<\/title>\n<meta name=\"description\" content=\"Para evitar chocar un veh\u00edculo que se les atraves\u00f3, el polic\u00eda volante\u00f3 y se impact\u00f3 contra un poste. La oficial que lo acompa\u00f1aba se llev\u00f3 la peor parte.\" \/>\n<meta name=\"robots\" content=\"index, follow, max-snippet:-1, max-image-preview:large, max-video-preview:-1\" \/>\n<link rel=\"canonical\" href=\"https:\/\/reporteroshoy.mx\/noticias\/brutal-accidente-en-periferico-policias-acaban-prensados\/\" \/>\n<meta property=\"og:locale\" content=\"es_ES\" \/>\n<meta property=\"og:type\" content=\"article\" \/>\n<meta property=\"og:title\" content=\"Brutal accidente en perif\u00e9rico; polic\u00edas acaban prensados\" \/>\n<meta property=\"og:description\" content=\"Para evitar chocar un veh\u00edculo que se les atraves\u00f3, el polic\u00eda volante\u00f3 y se impact\u00f3 contra un poste. La oficial que lo acompa\u00f1aba se llev\u00f3 la peor parte.\" \/>\n<meta property=\"og:url\" content=\"https:\/\/reporteroshoy.mx\/noticias\/brutal-accidente-en-periferico-policias-acaban-prensados\/\" \/>\n<meta property=\"og:site_name\" content=\"Reporteros Hoy | Noticias de Yucat\u00e1n\" \/>\n<meta property=\"article:publisher\" content=\"http:\/\/www.facebook.com\/reporteroshoymx\" \/>\n<meta property=\"article:published_time\" content=\"2021-03-10T15:00:32+00:00\" \/>\n<meta property=\"article:modified_time\" content=\"2021-03-10T17:53:07+00:00\" \/>\n<meta property=\"og:image\" content=\"https:\/\/reporteroshoy.mx\/noticias\/wp-content\/uploads\/2021\/03\/Accidente-policias.jpg\" \/>\n\t<meta property=\"og:image:width\" content=\"768\" \/>\n\t<meta property=\"og:image:height\" content=\"432\" \/>\n\t<meta property=\"og:image:type\" content=\"image\/jpeg\" \/>\n<meta name=\"author\" content=\"Reporteros Hoy WP\" \/>\n<meta name=\"twitter:card\" content=\"summary_large_image\" \/>\n<meta name=\"twitter:creator\" content=\"@reporteroshoy\" \/>\n<meta name=\"twitter:site\" content=\"@reporteroshoy\" \/>\n<meta name=\"twitter:label1\" content=\"Escrito por\" \/>\n\t<meta name=\"twitter:data1\" content=\"Reporteros Hoy WP\" \/>\n\t<meta name=\"twitter:label2\" content=\"Tiempo de lectura\" \/>\n\t<meta name=\"twitter:data2\" content=\"2 minutos\" \/>\n<script type=\"application\/ld+json\" class=\"yoast-schema-graph\">{\"@context\":\"https:\\\/\\\/schema.org\",\"@graph\":[{\"@type\":\"Article\",\"@id\":\"https:\\\/\\\/reporteroshoy.mx\\\/noticias\\\/brutal-accidente-en-periferico-policias-acaban-prensados\\\/#article\",\"isPartOf\":{\"@id\":\"https:\\\/\\\/reporteroshoy.mx\\\/noticias\\\/brutal-accidente-en-periferico-policias-acaban-prensados\\\/\"},\"author\":{\"name\":\"Reporteros Hoy WP\",\"@id\":\"https:\\\/\\\/reporteroshoy.mx\\\/noticias\\\/#\\\/schema\\\/person\\\/c977527e57c958a62c5cefe8fe47876e\"},\"headline\":\"Brutal accidente en perif\u00e9rico; polic\u00edas acaban prensados\",\"datePublished\":\"2021-03-10T15:00:32+00:00\",\"dateModified\":\"2021-03-10T17:53:07+00:00\",\"mainEntityOfPage\":{\"@id\":\"https:\\\/\\\/reporteroshoy.mx\\\/noticias\\\/brutal-accidente-en-periferico-policias-acaban-prensados\\\/\"},\"wordCount\":178,\"commentCount\":0,\"image\":{\"@id\":\"https:\\\/\\\/reporteroshoy.mx\\\/noticias\\\/brutal-accidente-en-periferico-policias-acaban-prensados\\\/#primaryimage\"},\"thumbnailUrl\":\"https:\\\/\\\/reporteroshoy.mx\\\/noticias\\\/wp-content\\\/uploads\\\/2021\\\/03\\\/Accidente-policias.jpg\",\"keywords\":[\"accidente en perif\u00e9rico\",\"Polic\u00edas\",\"Siniestro vial\",\"SSP\"],\"articleSection\":[\"Polic\u00eda\"],\"inLanguage\":\"es\",\"potentialAction\":[{\"@type\":\"CommentAction\",\"name\":\"Comment\",\"target\":[\"https:\\\/\\\/reporteroshoy.mx\\\/noticias\\\/brutal-accidente-en-periferico-policias-acaban-prensados\\\/#respond\"]}]},{\"@type\":\"WebPage\",\"@id\":\"https:\\\/\\\/reporteroshoy.mx\\\/noticias\\\/brutal-accidente-en-periferico-policias-acaban-prensados\\\/\",\"url\":\"https:\\\/\\\/reporteroshoy.mx\\\/noticias\\\/brutal-accidente-en-periferico-policias-acaban-prensados\\\/\",\"name\":\"Brutal accidente en perif\u00e9rico; polic\u00edas acaban prensados\",\"isPartOf\":{\"@id\":\"https:\\\/\\\/reporteroshoy.mx\\\/noticias\\\/#website\"},\"primaryImageOfPage\":{\"@id\":\"https:\\\/\\\/reporteroshoy.mx\\\/noticias\\\/brutal-accidente-en-periferico-policias-acaban-prensados\\\/#primaryimage\"},\"image\":{\"@id\":\"https:\\\/\\\/reporteroshoy.mx\\\/noticias\\\/brutal-accidente-en-periferico-policias-acaban-prensados\\\/#primaryimage\"},\"thumbnailUrl\":\"https:\\\/\\\/reporteroshoy.mx\\\/noticias\\\/wp-content\\\/uploads\\\/2021\\\/03\\\/Accidente-policias.jpg\",\"datePublished\":\"2021-03-10T15:00:32+00:00\",\"dateModified\":\"2021-03-10T17:53:07+00:00\",\"author\":{\"@id\":\"https:\\\/\\\/reporteroshoy.mx\\\/noticias\\\/#\\\/schema\\\/person\\\/c977527e57c958a62c5cefe8fe47876e\"},\"description\":\"Para evitar chocar un veh\u00edculo que se les atraves\u00f3, el polic\u00eda volante\u00f3 y se impact\u00f3 contra un poste. La oficial que lo acompa\u00f1aba se llev\u00f3 la peor parte.\",\"breadcrumb\":{\"@id\":\"https:\\\/\\\/reporteroshoy.mx\\\/noticias\\\/brutal-accidente-en-periferico-policias-acaban-prensados\\\/#breadcrumb\"},\"inLanguage\":\"es\",\"potentialAction\":[{\"@type\":\"ReadAction\",\"target\":[\"https:\\\/\\\/reporteroshoy.mx\\\/noticias\\\/brutal-accidente-en-periferico-policias-acaban-prensados\\\/\"]}]},{\"@type\":\"ImageObject\",\"inLanguage\":\"es\",\"@id\":\"https:\\\/\\\/reporteroshoy.mx\\\/noticias\\\/brutal-accidente-en-periferico-policias-acaban-prensados\\\/#primaryimage\",\"url\":\"https:\\\/\\\/reporteroshoy.mx\\\/noticias\\\/wp-content\\\/uploads\\\/2021\\\/03\\\/Accidente-policias.jpg\",\"contentUrl\":\"https:\\\/\\\/reporteroshoy.mx\\\/noticias\\\/wp-content\\\/uploads\\\/2021\\\/03\\\/Accidente-policias.jpg\",\"width\":768,\"height\":432},{\"@type\":\"BreadcrumbList\",\"@id\":\"https:\\\/\\\/reporteroshoy.mx\\\/noticias\\\/brutal-accidente-en-periferico-policias-acaban-prensados\\\/#breadcrumb\",\"itemListElement\":[{\"@type\":\"ListItem\",\"position\":1,\"name\":\"Portada\",\"item\":\"https:\\\/\\\/reporteroshoy.mx\\\/noticias\\\/\"},{\"@type\":\"ListItem\",\"position\":2,\"name\":\"Brutal accidente en perif\u00e9rico; polic\u00edas acaban prensados\"}]},{\"@type\":\"WebSite\",\"@id\":\"https:\\\/\\\/reporteroshoy.mx\\\/noticias\\\/#website\",\"url\":\"https:\\\/\\\/reporteroshoy.mx\\\/noticias\\\/\",\"name\":\"Reporteros Hoy | Noticias de Yucat\u00e1n\",\"description\":\"Peri\u00f3dico digital con noticias diarias desde M\u00e9rida, Yucat\u00e1n para el mundo.\",\"potentialAction\":[{\"@type\":\"SearchAction\",\"target\":{\"@type\":\"EntryPoint\",\"urlTemplate\":\"https:\\\/\\\/reporteroshoy.mx\\\/noticias\\\/?s={search_term_string}\"},\"query-input\":{\"@type\":\"PropertyValueSpecification\",\"valueRequired\":true,\"valueName\":\"search_term_string\"}}],\"inLanguage\":\"es\"},{\"@type\":\"Person\",\"@id\":\"https:\\\/\\\/reporteroshoy.mx\\\/noticias\\\/#\\\/schema\\\/person\\\/c977527e57c958a62c5cefe8fe47876e\",\"name\":\"Reporteros Hoy WP\",\"image\":{\"@type\":\"ImageObject\",\"inLanguage\":\"es\",\"@id\":\"https:\\\/\\\/secure.gravatar.com\\\/avatar\\\/fd2917f79a7dae30f8ac9ddc2f35e1756bb59e25e01d1cd09deaa64df7b2f73e?s=96&d=mm&r=g\",\"url\":\"https:\\\/\\\/secure.gravatar.com\\\/avatar\\\/fd2917f79a7dae30f8ac9ddc2f35e1756bb59e25e01d1cd09deaa64df7b2f73e?s=96&d=mm&r=g\",\"contentUrl\":\"https:\\\/\\\/secure.gravatar.com\\\/avatar\\\/fd2917f79a7dae30f8ac9ddc2f35e1756bb59e25e01d1cd09deaa64df7b2f73e?s=96&d=mm&r=g\",\"caption\":\"Reporteros Hoy WP\"},\"url\":\"https:\\\/\\\/reporteroshoy.mx\\\/noticias\\\/author\\\/walfer\\\/\"}]}<\/script>\n<!-- \/ Yoast SEO plugin. -->","yoast_head_json":{"title":"Brutal accidente en perif\u00e9rico; polic\u00edas acaban prensados","description":"Para evitar chocar un veh\u00edculo que se les atraves\u00f3, el polic\u00eda volante\u00f3 y se impact\u00f3 contra un poste. La oficial que lo acompa\u00f1aba se llev\u00f3 la peor parte.","robots":{"index":"index","follow":"follow","max-snippet":"max-snippet:-1","max-image-preview":"max-image-preview:large","max-video-preview":"max-video-preview:-1"},"canonical":"https:\/\/reporteroshoy.mx\/noticias\/brutal-accidente-en-periferico-policias-acaban-prensados\/","og_locale":"es_ES","og_type":"article","og_title":"Brutal accidente en perif\u00e9rico; polic\u00edas acaban prensados","og_description":"Para evitar chocar un veh\u00edculo que se les atraves\u00f3, el polic\u00eda volante\u00f3 y se impact\u00f3 contra un poste. La oficial que lo acompa\u00f1aba se llev\u00f3 la peor parte.","og_url":"https:\/\/reporteroshoy.mx\/noticias\/brutal-accidente-en-periferico-policias-acaban-prensados\/","og_site_name":"Reporteros Hoy | Noticias de Yucat\u00e1n","article_publisher":"http:\/\/www.facebook.com\/reporteroshoymx","article_published_time":"2021-03-10T15:00:32+00:00","article_modified_time":"2021-03-10T17:53:07+00:00","og_image":[{"width":768,"height":432,"url":"https:\/\/reporteroshoy.mx\/noticias\/wp-content\/uploads\/2021\/03\/Accidente-policias.jpg","type":"image\/jpeg"}],"author":"Reporteros Hoy WP","twitter_card":"summary_large_image","twitter_creator":"@reporteroshoy","twitter_site":"@reporteroshoy","twitter_misc":{"Escrito por":"Reporteros Hoy WP","Tiempo de lectura":"2 minutos"},"schema":{"@context":"https:\/\/schema.org","@graph":[{"@type":"Article","@id":"https:\/\/reporteroshoy.mx\/noticias\/brutal-accidente-en-periferico-policias-acaban-prensados\/#article","isPartOf":{"@id":"https:\/\/reporteroshoy.mx\/noticias\/brutal-accidente-en-periferico-policias-acaban-prensados\/"},"author":{"name":"Reporteros Hoy WP","@id":"https:\/\/reporteroshoy.mx\/noticias\/#\/schema\/person\/c977527e57c958a62c5cefe8fe47876e"},"headline":"Brutal accidente en perif\u00e9rico; polic\u00edas acaban prensados","datePublished":"2021-03-10T15:00:32+00:00","dateModified":"2021-03-10T17:53:07+00:00","mainEntityOfPage":{"@id":"https:\/\/reporteroshoy.mx\/noticias\/brutal-accidente-en-periferico-policias-acaban-prensados\/"},"wordCount":178,"commentCount":0,"image":{"@id":"https:\/\/reporteroshoy.mx\/noticias\/brutal-accidente-en-periferico-policias-acaban-prensados\/#primaryimage"},"thumbnailUrl":"https:\/\/reporteroshoy.mx\/noticias\/wp-content\/uploads\/2021\/03\/Accidente-policias.jpg","keywords":["accidente en perif\u00e9rico","Polic\u00edas","Siniestro vial","SSP"],"articleSection":["Polic\u00eda"],"inLanguage":"es","potentialAction":[{"@type":"CommentAction","name":"Comment","target":["https:\/\/reporteroshoy.mx\/noticias\/brutal-accidente-en-periferico-policias-acaban-prensados\/#respond"]}]},{"@type":"WebPage","@id":"https:\/\/reporteroshoy.mx\/noticias\/brutal-accidente-en-periferico-policias-acaban-prensados\/","url":"https:\/\/reporteroshoy.mx\/noticias\/brutal-accidente-en-periferico-policias-acaban-prensados\/","name":"Brutal accidente en perif\u00e9rico; polic\u00edas acaban prensados","isPartOf":{"@id":"https:\/\/reporteroshoy.mx\/noticias\/#website"},"primaryImageOfPage":{"@id":"https:\/\/reporteroshoy.mx\/noticias\/brutal-accidente-en-periferico-policias-acaban-prensados\/#primaryimage"},"image":{"@id":"https:\/\/reporteroshoy.mx\/noticias\/brutal-accidente-en-periferico-policias-acaban-prensados\/#primaryimage"},"thumbnailUrl":"https:\/\/reporteroshoy.mx\/noticias\/wp-content\/uploads\/2021\/03\/Accidente-policias.jpg","datePublished":"2021-03-10T15:00:32+00:00","dateModified":"2021-03-10T17:53:07+00:00","author":{"@id":"https:\/\/reporteroshoy.mx\/noticias\/#\/schema\/person\/c977527e57c958a62c5cefe8fe47876e"},"description":"Para evitar chocar un veh\u00edculo que se les atraves\u00f3, el polic\u00eda volante\u00f3 y se impact\u00f3 contra un poste. La oficial que lo acompa\u00f1aba se llev\u00f3 la peor parte.","breadcrumb":{"@id":"https:\/\/reporteroshoy.mx\/noticias\/brutal-accidente-en-periferico-policias-acaban-prensados\/#breadcrumb"},"inLanguage":"es","potentialAction":[{"@type":"ReadAction","target":["https:\/\/reporteroshoy.mx\/noticias\/brutal-accidente-en-periferico-policias-acaban-prensados\/"]}]},{"@type":"ImageObject","inLanguage":"es","@id":"https:\/\/reporteroshoy.mx\/noticias\/brutal-accidente-en-periferico-policias-acaban-prensados\/#primaryimage","url":"https:\/\/reporteroshoy.mx\/noticias\/wp-content\/uploads\/2021\/03\/Accidente-policias.jpg","contentUrl":"https:\/\/reporteroshoy.mx\/noticias\/wp-content\/uploads\/2021\/03\/Accidente-policias.jpg","width":768,"height":432},{"@type":"BreadcrumbList","@id":"https:\/\/reporteroshoy.mx\/noticias\/brutal-accidente-en-periferico-policias-acaban-prensados\/#breadcrumb","itemListElement":[{"@type":"ListItem","position":1,"name":"Portada","item":"https:\/\/reporteroshoy.mx\/noticias\/"},{"@type":"ListItem","position":2,"name":"Brutal accidente en perif\u00e9rico; polic\u00edas acaban prensados"}]},{"@type":"WebSite","@id":"https:\/\/reporteroshoy.mx\/noticias\/#website","url":"https:\/\/reporteroshoy.mx\/noticias\/","name":"Reporteros Hoy | Noticias de Yucat\u00e1n","description":"Peri\u00f3dico digital con noticias diarias desde M\u00e9rida, Yucat\u00e1n para el mundo.","potentialAction":[{"@type":"SearchAction","target":{"@type":"EntryPoint","urlTemplate":"https:\/\/reporteroshoy.mx\/noticias\/?s={search_term_string}"},"query-input":{"@type":"PropertyValueSpecification","valueRequired":true,"valueName":"search_term_string"}}],"inLanguage":"es"},{"@type":"Person","@id":"https:\/\/reporteroshoy.mx\/noticias\/#\/schema\/person\/c977527e57c958a62c5cefe8fe47876e","name":"Reporteros Hoy WP","image":{"@type":"ImageObject","inLanguage":"es","@id":"https:\/\/secure.gravatar.com\/avatar\/fd2917f79a7dae30f8ac9ddc2f35e1756bb59e25e01d1cd09deaa64df7b2f73e?s=96&d=mm&r=g","url":"https:\/\/secure.gravatar.com\/avatar\/fd2917f79a7dae30f8ac9ddc2f35e1756bb59e25e01d1cd09deaa64df7b2f73e?s=96&d=mm&r=g","contentUrl":"https:\/\/secure.gravatar.com\/avatar\/fd2917f79a7dae30f8ac9ddc2f35e1756bb59e25e01d1cd09deaa64df7b2f73e?s=96&d=mm&r=g","caption":"Reporteros Hoy WP"},"url":"https:\/\/reporteroshoy.mx\/noticias\/author\/walfer\/"}]}},"_links":{"self":[{"href":"https:\/\/reporteroshoy.mx\/noticias\/wp-json\/wp\/v2\/posts\/58848","targetHints":{"allow":["GET"]}}],"collection":[{"href":"https:\/\/reporteroshoy.mx\/noticias\/wp-json\/wp\/v2\/posts"}],"about":[{"href":"https:\/\/reporteroshoy.mx\/noticias\/wp-json\/wp\/v2\/types\/post"}],"author":[{"embeddable":true,"href":"https:\/\/reporteroshoy.mx\/noticias\/wp-json\/wp\/v2\/users\/9"}],"replies":[{"embeddable":true,"href":"https:\/\/reporteroshoy.mx\/noticias\/wp-json\/wp\/v2\/comments?post=58848"}],"version-history":[{"count":0,"href":"https:\/\/reporteroshoy.mx\/noticias\/wp-json\/wp\/v2\/posts\/58848\/revisions"}],"wp:featuredmedia":[{"embeddable":true,"href":"https:\/\/reporteroshoy.mx\/noticias\/wp-json\/wp\/v2\/media\/58849"}],"wp:attachment":[{"href":"https:\/\/reporteroshoy.mx\/noticias\/wp-json\/wp\/v2\/media?parent=58848"}],"wp:term":[{"taxonomy":"category","embeddable":true,"href":"https:\/\/reporteroshoy.mx\/noticias\/wp-json\/wp\/v2\/categories?post=58848"},{"taxonomy":"post_tag","embeddable":true,"href":"https:\/\/reporteroshoy.mx\/noticias\/wp-json\/wp\/v2\/tags?post=58848"}],"curies":[{"name":"wp","href":"https:\/\/api.w.org\/{rel}","templated":true}]}}