{"id":58940,"date":"2021-03-10T21:00:21","date_gmt":"2021-03-11T03:00:21","guid":{"rendered":"https:\/\/reporteroshoy.mx\/noticias\/?p=58940"},"modified":"2021-03-11T09:56:11","modified_gmt":"2021-03-11T15:56:11","slug":"conmocion-en-comisaria-motulena-por-intento-de-suicidio-de-nina","status":"publish","type":"post","link":"https:\/\/reporteroshoy.mx\/noticias\/conmocion-en-comisaria-motulena-por-intento-de-suicidio-de-nina\/","title":{"rendered":"Alarma en comisar\u00eda motule\u00f1a por intento de suicidio de ni\u00f1a"},"content":{"rendered":"<p style=\"text-align: justify;\">Motul, Yucat\u00e1n; 10 de marzo de 2021 (ACOM).- Una peque\u00f1a de 11 a\u00f1os de edad intent\u00f3 quitarse la vida por la v\u00eda del ahorcamiento, la escena fue descubierta por su hermana.<\/p>\n<p style=\"text-align: justify;\">Los hechos ocurrieron en la comisar\u00eda motule\u00f1a de Kin\u00ed, frente al templo de los mormones, donde una menor se encontraba al interior del predio con su hermanita de 11 a\u00f1os, quien le dijo que quer\u00eda colgarse y quitarse la vida, la hermana al pensar que se trataba de una broma sali\u00f3 del domicilio y le inform\u00f3 a su mam\u00e1.<\/p>\n<p><img loading=\"lazy\" decoding=\"async\" class=\"wp-image-58942 aligncenter\" src=\"https:\/\/reporteroshoy.mx\/noticias\/wp-content\/uploads\/2021\/03\/20210310_231146.jpg\" alt=\"\" width=\"626\" height=\"377\" \/><\/p>\n<p style=\"text-align: justify;\">Al retornar la hermana a la casa, encontr\u00f3 a la ni\u00f1a suspendida; los gritos hicieron que la mam\u00e1 ingrese al domicilio y sostenga a la menor mientras otros familiares la descolgaron.<\/p>\n<p style=\"text-align: justify;\">La peque\u00f1a se encontraba inconsciente, vecinos alertaron a los servicios de emergencia arribando param\u00e9dicos de la Polic\u00eda Municipal de Motul, Polic\u00edas Municipales y Estatales y param\u00e9dicos de la SSP, quienes constataron que la menor ya se estaba restableciendo, fue llevada al Centro de Salud local, de ah\u00ed al IMSS de Motul y seguidamente al hospital Agust\u00edn O&#8217;Hor\u00e1n de M\u00e9rida.<\/p>\n<p style=\"text-align: justify;\">Hasta el momento se desconocen los motivos por los cuales la menor de edad habr\u00eda decidido quitarse la vida, las autoridades ya se encuentran investigando el caso.<\/p>\n<p>Reporteros Hoy te recuerda que si t\u00fa o alguno de tus familiares o amigos necesitan apoyo emocional, puedes comunicarte a los siguientes tel\u00e9fonos y conseguir ayuda.<\/p>\n<ul>\n<li>Salvemos una Vida, AC, 9-24-59-91.<\/li>\n<li>Programa Integral para la Atenci\u00f3n del Suicidio (PIAS), 9993-10-36-62 y al correo programapias@hotmail.com<\/li>\n<li>L\u00ednea de Orientaci\u00f3n y Apoyo Emocional: 800-108-8000<\/li>\n<\/ul>\n<div id=\"essb_displayed_bottom_99619159\" class=\"essb_links essb_counter_modern_right essb_displayed_bottom essb_share essb_template_default4-retina essb_99619159 essb_links_center print-no\" data-essb-postid=\"58914\" data-essb-position=\"bottom\" data-essb-button-style=\"button\" data-essb-template=\"default4-retina\" data-essb-counter-pos=\"right\" data-essb-url=\"https:\/\/reporteroshoy.mx\/noticias\/tristeza-y-conmocion-por-suicidio-juvenil-en-hunucma\/\" data-essb-fullurl=\"https:\/\/reporteroshoy.mx\/noticias\/tristeza-y-conmocion-por-suicidio-juvenil-en-hunucma\/\" data-essb-instance=\"99619159\"><\/div>\n","protected":false},"excerpt":{"rendered":"<p>De tan solo 11 a\u00f1os, le dijo a su hermana que se quitar\u00eda la vida. Unos minutos despu\u00e9s, lo intent\u00f3.<\/p>\n","protected":false},"author":6,"featured_media":58941,"comment_status":"open","ping_status":"closed","sticky":false,"template":"","format":"standard","meta":{"footnotes":""},"categories":[11],"tags":[1180,103,132,16720],"class_list":["post-58940","post","type-post","status-publish","format-standard","has-post-thumbnail","hentry","category-municipios-de-yucatan","tag-intento-de-suicidio","tag-motul","tag-suicidio","tag-suicidio-nina"],"yoast_head":"<!-- This site is optimized with the Yoast SEO plugin v28.4 - https:\/\/yoast.com\/product\/yoast-seo-wordpress\/ -->\n<title>Conmoci\u00f3n en comisar\u00eda motule\u00f1a por intento de suicidio de ni\u00f1a<\/title>\n<meta name=\"description\" content=\"De tan solo 11 a\u00f1os, le dijo a su hermana que se quitar\u00eda la vida. Unos minutos despu\u00e9s, lo intent\u00f3.\" \/>\n<meta name=\"robots\" content=\"index, follow, max-snippet:-1, max-image-preview:large, max-video-preview:-1\" \/>\n<link rel=\"canonical\" href=\"https:\/\/reporteroshoy.mx\/noticias\/conmocion-en-comisaria-motulena-por-intento-de-suicidio-de-nina\/\" \/>\n<meta property=\"og:locale\" content=\"es_ES\" \/>\n<meta property=\"og:type\" content=\"article\" \/>\n<meta property=\"og:title\" content=\"Conmoci\u00f3n en comisar\u00eda motule\u00f1a por intento de suicidio de ni\u00f1a\" \/>\n<meta property=\"og:description\" content=\"De tan solo 11 a\u00f1os, le dijo a su hermana que se quitar\u00eda la vida. Unos minutos despu\u00e9s, lo intent\u00f3.\" \/>\n<meta property=\"og:url\" content=\"https:\/\/reporteroshoy.mx\/noticias\/conmocion-en-comisaria-motulena-por-intento-de-suicidio-de-nina\/\" \/>\n<meta property=\"og:site_name\" content=\"Reporteros Hoy | Noticias de Yucat\u00e1n\" \/>\n<meta property=\"article:publisher\" content=\"http:\/\/www.facebook.com\/reporteroshoymx\" \/>\n<meta property=\"article:published_time\" content=\"2021-03-11T03:00:21+00:00\" \/>\n<meta property=\"article:modified_time\" content=\"2021-03-11T15:56:11+00:00\" \/>\n<meta property=\"og:image\" content=\"https:\/\/reporteroshoy.mx\/noticias\/wp-content\/uploads\/2021\/03\/2921.jpg\" \/>\n\t<meta property=\"og:image:width\" content=\"768\" \/>\n\t<meta property=\"og:image:height\" content=\"444\" \/>\n\t<meta property=\"og:image:type\" content=\"image\/jpeg\" \/>\n<meta name=\"author\" content=\"Reporteros Hoy GS\" \/>\n<meta name=\"twitter:card\" content=\"summary_large_image\" \/>\n<meta name=\"twitter:creator\" content=\"@reporteroshoy\" \/>\n<meta name=\"twitter:site\" content=\"@reporteroshoy\" \/>\n<meta name=\"twitter:label1\" content=\"Escrito por\" \/>\n\t<meta name=\"twitter:data1\" content=\"Reporteros Hoy GS\" \/>\n\t<meta name=\"twitter:label2\" content=\"Tiempo de lectura\" \/>\n\t<meta name=\"twitter:data2\" content=\"2 minutos\" \/>\n<script type=\"application\/ld+json\" class=\"yoast-schema-graph\">{\"@context\":\"https:\\\/\\\/schema.org\",\"@graph\":[{\"@type\":\"Article\",\"@id\":\"https:\\\/\\\/reporteroshoy.mx\\\/noticias\\\/conmocion-en-comisaria-motulena-por-intento-de-suicidio-de-nina\\\/#article\",\"isPartOf\":{\"@id\":\"https:\\\/\\\/reporteroshoy.mx\\\/noticias\\\/conmocion-en-comisaria-motulena-por-intento-de-suicidio-de-nina\\\/\"},\"author\":{\"name\":\"Reporteros Hoy GS\",\"@id\":\"https:\\\/\\\/reporteroshoy.mx\\\/noticias\\\/#\\\/schema\\\/person\\\/49ae631fc906b44554e4ba3866c505d7\"},\"headline\":\"Alarma en comisar\u00eda motule\u00f1a por intento de suicidio de ni\u00f1a\",\"datePublished\":\"2021-03-11T03:00:21+00:00\",\"dateModified\":\"2021-03-11T15:56:11+00:00\",\"mainEntityOfPage\":{\"@id\":\"https:\\\/\\\/reporteroshoy.mx\\\/noticias\\\/conmocion-en-comisaria-motulena-por-intento-de-suicidio-de-nina\\\/\"},\"wordCount\":298,\"commentCount\":0,\"image\":{\"@id\":\"https:\\\/\\\/reporteroshoy.mx\\\/noticias\\\/conmocion-en-comisaria-motulena-por-intento-de-suicidio-de-nina\\\/#primaryimage\"},\"thumbnailUrl\":\"https:\\\/\\\/reporteroshoy.mx\\\/noticias\\\/wp-content\\\/uploads\\\/2021\\\/03\\\/2921.jpg\",\"keywords\":[\"intento de suicidio\",\"Motul\",\"Suicidio\",\"suicidio ni\u00f1a\"],\"articleSection\":[\"Municipios\"],\"inLanguage\":\"es\",\"potentialAction\":[{\"@type\":\"CommentAction\",\"name\":\"Comment\",\"target\":[\"https:\\\/\\\/reporteroshoy.mx\\\/noticias\\\/conmocion-en-comisaria-motulena-por-intento-de-suicidio-de-nina\\\/#respond\"]}]},{\"@type\":\"WebPage\",\"@id\":\"https:\\\/\\\/reporteroshoy.mx\\\/noticias\\\/conmocion-en-comisaria-motulena-por-intento-de-suicidio-de-nina\\\/\",\"url\":\"https:\\\/\\\/reporteroshoy.mx\\\/noticias\\\/conmocion-en-comisaria-motulena-por-intento-de-suicidio-de-nina\\\/\",\"name\":\"Conmoci\u00f3n en comisar\u00eda motule\u00f1a por intento de suicidio de ni\u00f1a\",\"isPartOf\":{\"@id\":\"https:\\\/\\\/reporteroshoy.mx\\\/noticias\\\/#website\"},\"primaryImageOfPage\":{\"@id\":\"https:\\\/\\\/reporteroshoy.mx\\\/noticias\\\/conmocion-en-comisaria-motulena-por-intento-de-suicidio-de-nina\\\/#primaryimage\"},\"image\":{\"@id\":\"https:\\\/\\\/reporteroshoy.mx\\\/noticias\\\/conmocion-en-comisaria-motulena-por-intento-de-suicidio-de-nina\\\/#primaryimage\"},\"thumbnailUrl\":\"https:\\\/\\\/reporteroshoy.mx\\\/noticias\\\/wp-content\\\/uploads\\\/2021\\\/03\\\/2921.jpg\",\"datePublished\":\"2021-03-11T03:00:21+00:00\",\"dateModified\":\"2021-03-11T15:56:11+00:00\",\"author\":{\"@id\":\"https:\\\/\\\/reporteroshoy.mx\\\/noticias\\\/#\\\/schema\\\/person\\\/49ae631fc906b44554e4ba3866c505d7\"},\"description\":\"De tan solo 11 a\u00f1os, le dijo a su hermana que se quitar\u00eda la vida. Unos minutos despu\u00e9s, lo intent\u00f3.\",\"breadcrumb\":{\"@id\":\"https:\\\/\\\/reporteroshoy.mx\\\/noticias\\\/conmocion-en-comisaria-motulena-por-intento-de-suicidio-de-nina\\\/#breadcrumb\"},\"inLanguage\":\"es\",\"potentialAction\":[{\"@type\":\"ReadAction\",\"target\":[\"https:\\\/\\\/reporteroshoy.mx\\\/noticias\\\/conmocion-en-comisaria-motulena-por-intento-de-suicidio-de-nina\\\/\"]}]},{\"@type\":\"ImageObject\",\"inLanguage\":\"es\",\"@id\":\"https:\\\/\\\/reporteroshoy.mx\\\/noticias\\\/conmocion-en-comisaria-motulena-por-intento-de-suicidio-de-nina\\\/#primaryimage\",\"url\":\"https:\\\/\\\/reporteroshoy.mx\\\/noticias\\\/wp-content\\\/uploads\\\/2021\\\/03\\\/2921.jpg\",\"contentUrl\":\"https:\\\/\\\/reporteroshoy.mx\\\/noticias\\\/wp-content\\\/uploads\\\/2021\\\/03\\\/2921.jpg\",\"width\":768,\"height\":444},{\"@type\":\"BreadcrumbList\",\"@id\":\"https:\\\/\\\/reporteroshoy.mx\\\/noticias\\\/conmocion-en-comisaria-motulena-por-intento-de-suicidio-de-nina\\\/#breadcrumb\",\"itemListElement\":[{\"@type\":\"ListItem\",\"position\":1,\"name\":\"Portada\",\"item\":\"https:\\\/\\\/reporteroshoy.mx\\\/noticias\\\/\"},{\"@type\":\"ListItem\",\"position\":2,\"name\":\"Alarma en comisar\u00eda motule\u00f1a por intento de suicidio de ni\u00f1a\"}]},{\"@type\":\"WebSite\",\"@id\":\"https:\\\/\\\/reporteroshoy.mx\\\/noticias\\\/#website\",\"url\":\"https:\\\/\\\/reporteroshoy.mx\\\/noticias\\\/\",\"name\":\"Reporteros Hoy | Noticias de Yucat\u00e1n\",\"description\":\"Peri\u00f3dico digital con noticias diarias desde M\u00e9rida, Yucat\u00e1n para el mundo.\",\"potentialAction\":[{\"@type\":\"SearchAction\",\"target\":{\"@type\":\"EntryPoint\",\"urlTemplate\":\"https:\\\/\\\/reporteroshoy.mx\\\/noticias\\\/?s={search_term_string}\"},\"query-input\":{\"@type\":\"PropertyValueSpecification\",\"valueRequired\":true,\"valueName\":\"search_term_string\"}}],\"inLanguage\":\"es\"},{\"@type\":\"Person\",\"@id\":\"https:\\\/\\\/reporteroshoy.mx\\\/noticias\\\/#\\\/schema\\\/person\\\/49ae631fc906b44554e4ba3866c505d7\",\"name\":\"Reporteros Hoy GS\",\"image\":{\"@type\":\"ImageObject\",\"inLanguage\":\"es\",\"@id\":\"https:\\\/\\\/secure.gravatar.com\\\/avatar\\\/00d32adb620345c3db2cfc175917f65c584e1e338fdc49ad126aa1f9830eb6a9?s=96&d=mm&r=g\",\"url\":\"https:\\\/\\\/secure.gravatar.com\\\/avatar\\\/00d32adb620345c3db2cfc175917f65c584e1e338fdc49ad126aa1f9830eb6a9?s=96&d=mm&r=g\",\"contentUrl\":\"https:\\\/\\\/secure.gravatar.com\\\/avatar\\\/00d32adb620345c3db2cfc175917f65c584e1e338fdc49ad126aa1f9830eb6a9?s=96&d=mm&r=g\",\"caption\":\"Reporteros Hoy GS\"},\"url\":\"https:\\\/\\\/reporteroshoy.mx\\\/noticias\\\/author\\\/lupis\\\/\"}]}<\/script>\n<!-- \/ Yoast SEO plugin. -->","yoast_head_json":{"title":"Conmoci\u00f3n en comisar\u00eda motule\u00f1a por intento de suicidio de ni\u00f1a","description":"De tan solo 11 a\u00f1os, le dijo a su hermana que se quitar\u00eda la vida. Unos minutos despu\u00e9s, lo intent\u00f3.","robots":{"index":"index","follow":"follow","max-snippet":"max-snippet:-1","max-image-preview":"max-image-preview:large","max-video-preview":"max-video-preview:-1"},"canonical":"https:\/\/reporteroshoy.mx\/noticias\/conmocion-en-comisaria-motulena-por-intento-de-suicidio-de-nina\/","og_locale":"es_ES","og_type":"article","og_title":"Conmoci\u00f3n en comisar\u00eda motule\u00f1a por intento de suicidio de ni\u00f1a","og_description":"De tan solo 11 a\u00f1os, le dijo a su hermana que se quitar\u00eda la vida. Unos minutos despu\u00e9s, lo intent\u00f3.","og_url":"https:\/\/reporteroshoy.mx\/noticias\/conmocion-en-comisaria-motulena-por-intento-de-suicidio-de-nina\/","og_site_name":"Reporteros Hoy | Noticias de Yucat\u00e1n","article_publisher":"http:\/\/www.facebook.com\/reporteroshoymx","article_published_time":"2021-03-11T03:00:21+00:00","article_modified_time":"2021-03-11T15:56:11+00:00","og_image":[{"width":768,"height":444,"url":"https:\/\/reporteroshoy.mx\/noticias\/wp-content\/uploads\/2021\/03\/2921.jpg","type":"image\/jpeg"}],"author":"Reporteros Hoy GS","twitter_card":"summary_large_image","twitter_creator":"@reporteroshoy","twitter_site":"@reporteroshoy","twitter_misc":{"Escrito por":"Reporteros Hoy GS","Tiempo de lectura":"2 minutos"},"schema":{"@context":"https:\/\/schema.org","@graph":[{"@type":"Article","@id":"https:\/\/reporteroshoy.mx\/noticias\/conmocion-en-comisaria-motulena-por-intento-de-suicidio-de-nina\/#article","isPartOf":{"@id":"https:\/\/reporteroshoy.mx\/noticias\/conmocion-en-comisaria-motulena-por-intento-de-suicidio-de-nina\/"},"author":{"name":"Reporteros Hoy GS","@id":"https:\/\/reporteroshoy.mx\/noticias\/#\/schema\/person\/49ae631fc906b44554e4ba3866c505d7"},"headline":"Alarma en comisar\u00eda motule\u00f1a por intento de suicidio de ni\u00f1a","datePublished":"2021-03-11T03:00:21+00:00","dateModified":"2021-03-11T15:56:11+00:00","mainEntityOfPage":{"@id":"https:\/\/reporteroshoy.mx\/noticias\/conmocion-en-comisaria-motulena-por-intento-de-suicidio-de-nina\/"},"wordCount":298,"commentCount":0,"image":{"@id":"https:\/\/reporteroshoy.mx\/noticias\/conmocion-en-comisaria-motulena-por-intento-de-suicidio-de-nina\/#primaryimage"},"thumbnailUrl":"https:\/\/reporteroshoy.mx\/noticias\/wp-content\/uploads\/2021\/03\/2921.jpg","keywords":["intento de suicidio","Motul","Suicidio","suicidio ni\u00f1a"],"articleSection":["Municipios"],"inLanguage":"es","potentialAction":[{"@type":"CommentAction","name":"Comment","target":["https:\/\/reporteroshoy.mx\/noticias\/conmocion-en-comisaria-motulena-por-intento-de-suicidio-de-nina\/#respond"]}]},{"@type":"WebPage","@id":"https:\/\/reporteroshoy.mx\/noticias\/conmocion-en-comisaria-motulena-por-intento-de-suicidio-de-nina\/","url":"https:\/\/reporteroshoy.mx\/noticias\/conmocion-en-comisaria-motulena-por-intento-de-suicidio-de-nina\/","name":"Conmoci\u00f3n en comisar\u00eda motule\u00f1a por intento de suicidio de ni\u00f1a","isPartOf":{"@id":"https:\/\/reporteroshoy.mx\/noticias\/#website"},"primaryImageOfPage":{"@id":"https:\/\/reporteroshoy.mx\/noticias\/conmocion-en-comisaria-motulena-por-intento-de-suicidio-de-nina\/#primaryimage"},"image":{"@id":"https:\/\/reporteroshoy.mx\/noticias\/conmocion-en-comisaria-motulena-por-intento-de-suicidio-de-nina\/#primaryimage"},"thumbnailUrl":"https:\/\/reporteroshoy.mx\/noticias\/wp-content\/uploads\/2021\/03\/2921.jpg","datePublished":"2021-03-11T03:00:21+00:00","dateModified":"2021-03-11T15:56:11+00:00","author":{"@id":"https:\/\/reporteroshoy.mx\/noticias\/#\/schema\/person\/49ae631fc906b44554e4ba3866c505d7"},"description":"De tan solo 11 a\u00f1os, le dijo a su hermana que se quitar\u00eda la vida. Unos minutos despu\u00e9s, lo intent\u00f3.","breadcrumb":{"@id":"https:\/\/reporteroshoy.mx\/noticias\/conmocion-en-comisaria-motulena-por-intento-de-suicidio-de-nina\/#breadcrumb"},"inLanguage":"es","potentialAction":[{"@type":"ReadAction","target":["https:\/\/reporteroshoy.mx\/noticias\/conmocion-en-comisaria-motulena-por-intento-de-suicidio-de-nina\/"]}]},{"@type":"ImageObject","inLanguage":"es","@id":"https:\/\/reporteroshoy.mx\/noticias\/conmocion-en-comisaria-motulena-por-intento-de-suicidio-de-nina\/#primaryimage","url":"https:\/\/reporteroshoy.mx\/noticias\/wp-content\/uploads\/2021\/03\/2921.jpg","contentUrl":"https:\/\/reporteroshoy.mx\/noticias\/wp-content\/uploads\/2021\/03\/2921.jpg","width":768,"height":444},{"@type":"BreadcrumbList","@id":"https:\/\/reporteroshoy.mx\/noticias\/conmocion-en-comisaria-motulena-por-intento-de-suicidio-de-nina\/#breadcrumb","itemListElement":[{"@type":"ListItem","position":1,"name":"Portada","item":"https:\/\/reporteroshoy.mx\/noticias\/"},{"@type":"ListItem","position":2,"name":"Alarma en comisar\u00eda motule\u00f1a por intento de suicidio de ni\u00f1a"}]},{"@type":"WebSite","@id":"https:\/\/reporteroshoy.mx\/noticias\/#website","url":"https:\/\/reporteroshoy.mx\/noticias\/","name":"Reporteros Hoy | Noticias de Yucat\u00e1n","description":"Peri\u00f3dico digital con noticias diarias desde M\u00e9rida, Yucat\u00e1n para el mundo.","potentialAction":[{"@type":"SearchAction","target":{"@type":"EntryPoint","urlTemplate":"https:\/\/reporteroshoy.mx\/noticias\/?s={search_term_string}"},"query-input":{"@type":"PropertyValueSpecification","valueRequired":true,"valueName":"search_term_string"}}],"inLanguage":"es"},{"@type":"Person","@id":"https:\/\/reporteroshoy.mx\/noticias\/#\/schema\/person\/49ae631fc906b44554e4ba3866c505d7","name":"Reporteros Hoy GS","image":{"@type":"ImageObject","inLanguage":"es","@id":"https:\/\/secure.gravatar.com\/avatar\/00d32adb620345c3db2cfc175917f65c584e1e338fdc49ad126aa1f9830eb6a9?s=96&d=mm&r=g","url":"https:\/\/secure.gravatar.com\/avatar\/00d32adb620345c3db2cfc175917f65c584e1e338fdc49ad126aa1f9830eb6a9?s=96&d=mm&r=g","contentUrl":"https:\/\/secure.gravatar.com\/avatar\/00d32adb620345c3db2cfc175917f65c584e1e338fdc49ad126aa1f9830eb6a9?s=96&d=mm&r=g","caption":"Reporteros Hoy GS"},"url":"https:\/\/reporteroshoy.mx\/noticias\/author\/lupis\/"}]}},"_links":{"self":[{"href":"https:\/\/reporteroshoy.mx\/noticias\/wp-json\/wp\/v2\/posts\/58940","targetHints":{"allow":["GET"]}}],"collection":[{"href":"https:\/\/reporteroshoy.mx\/noticias\/wp-json\/wp\/v2\/posts"}],"about":[{"href":"https:\/\/reporteroshoy.mx\/noticias\/wp-json\/wp\/v2\/types\/post"}],"author":[{"embeddable":true,"href":"https:\/\/reporteroshoy.mx\/noticias\/wp-json\/wp\/v2\/users\/6"}],"replies":[{"embeddable":true,"href":"https:\/\/reporteroshoy.mx\/noticias\/wp-json\/wp\/v2\/comments?post=58940"}],"version-history":[{"count":0,"href":"https:\/\/reporteroshoy.mx\/noticias\/wp-json\/wp\/v2\/posts\/58940\/revisions"}],"wp:featuredmedia":[{"embeddable":true,"href":"https:\/\/reporteroshoy.mx\/noticias\/wp-json\/wp\/v2\/media\/58941"}],"wp:attachment":[{"href":"https:\/\/reporteroshoy.mx\/noticias\/wp-json\/wp\/v2\/media?parent=58940"}],"wp:term":[{"taxonomy":"category","embeddable":true,"href":"https:\/\/reporteroshoy.mx\/noticias\/wp-json\/wp\/v2\/categories?post=58940"},{"taxonomy":"post_tag","embeddable":true,"href":"https:\/\/reporteroshoy.mx\/noticias\/wp-json\/wp\/v2\/tags?post=58940"}],"curies":[{"name":"wp","href":"https:\/\/api.w.org\/{rel}","templated":true}]}}