{"id":59020,"date":"2021-03-11T17:30:19","date_gmt":"2021-03-11T23:30:19","guid":{"rendered":"https:\/\/reporteroshoy.mx\/noticias\/?p=59020"},"modified":"2021-03-11T20:10:37","modified_gmt":"2021-03-12T02:10:37","slug":"investigaran-que-orillo-a-nina-de-motul-a-intentar-suicidarse","status":"publish","type":"post","link":"https:\/\/reporteroshoy.mx\/noticias\/investigaran-que-orillo-a-nina-de-motul-a-intentar-suicidarse\/","title":{"rendered":"Investigar\u00e1n qu\u00e9 orill\u00f3 a ni\u00f1a de Motul a intentar suicidarse"},"content":{"rendered":"<p style=\"text-align: justify;\"><span style=\"color: #000000;\">Motul, Yucat\u00e1n; 11 de marzo de 2021 (ACOM).- El DIF Municipal y la Procuradur\u00eda de la Defensa del Menor y la Familia (Prodemefa) investigar\u00e1n el <span style=\"text-decoration: underline; color: #0000ff;\"><strong><a style=\"color: #0000ff; text-decoration: underline;\" href=\"https:\/\/reporteroshoy.mx\/noticias\/conmocion-en-comisaria-motulena-por-intento-de-suicidio-de-nina\/\">intento de suicidio de una menor de once a\u00f1os que ayer trat\u00f3 de quitarse la vida en la comisar\u00eda de Kin\u00ed<\/a><\/strong><\/span>.<\/span><\/p>\n<p style=\"text-align: justify;\"><span style=\"color: #000000;\">En un comunicado, el alcalde Roger Aguilar Arroyo asegur\u00f3 que \u00abel tema ser\u00e1 tratado con la importancia que merece\u00bb, al tiempo que reiter\u00f3 el apoyo de la Comuna para la familia de la v\u00edctima.<\/span><\/p>\n<p style=\"text-align: justify;\"><span style=\"color: #000000;\">\u00abEste es un caso aislado que se ha presentado en nuestro municipio que nos obliga a abrir una investigaci\u00f3n a trav\u00e9s del DIF y la Prodemefa para llegar a las causas que originaron este hecho e identificar los factores que han influido en esta lamentable situaci\u00f3n\u00bb, dijo Aguilar Arroyo.<\/span><\/p>\n<p><img loading=\"lazy\" decoding=\"async\" class=\"wp-image-59021 aligncenter\" src=\"https:\/\/reporteroshoy.mx\/noticias\/wp-content\/uploads\/2021\/03\/MOTUL.jpg\" alt=\"\" width=\"605\" height=\"411\" \/><\/p>\n<p style=\"text-align: justify;\"><span style=\"color: #000000;\">El presidente municipal llam\u00f3 a las familias del municipio a estar al pendiente de la salud emocional de sus hijas e hijos, y afirm\u00f3 que el DIF municipal cuenta con psic\u00f3logos que brindan la atenci\u00f3n requerida a quien lo solicite.<\/span><\/p>\n<p style=\"text-align: justify;\"><span style=\"color: #000000;\">Hago un llamado a las familias motule\u00f1as para estar al pendiente de la salud emocional de sus hijas e hijos, as\u00ed como para reiterar que en el DIF Municipal contamos con psic\u00f3logos que brindan la atenci\u00f3n requerida a quien lo solicite. \u00abLa labor de proteger a nuestros menores es, sin duda, una prioridad en este momento\u00bb, concluy\u00f3.<\/span><\/p>\n","protected":false},"excerpt":{"rendered":"<p>El alcalde Roger Aguilar asegur\u00f3 que se trata de un \u00abcaso aislado\u00bb que ser\u00e1 investigado por el DIF municipal y la Prodemefa.<\/p>\n","protected":false},"author":6,"featured_media":59021,"comment_status":"open","ping_status":"closed","sticky":false,"template":"","format":"standard","meta":{"footnotes":""},"categories":[11],"tags":[1180,5552,16732,760],"class_list":["post-59020","post","type-post","status-publish","format-standard","has-post-thumbnail","hentry","category-municipios-de-yucatan","tag-intento-de-suicidio","tag-kini","tag-suicidio-en-motul","tag-yucatan-centro"],"yoast_head":"<!-- This site is optimized with the Yoast SEO plugin v28.4 - https:\/\/yoast.com\/product\/yoast-seo-wordpress\/ -->\n<title>Investigar\u00e1n causas que orillaron a ni\u00f1a de Motul a intentar suicidarse<\/title>\n<meta name=\"description\" content=\"El alcalde Roger Aguilar asegur\u00f3 que se trata de un &quot;caso aislado&quot; que ser\u00e1 investigado por el DIF municipal y la Prodemefa.\" \/>\n<meta name=\"robots\" content=\"index, follow, max-snippet:-1, max-image-preview:large, max-video-preview:-1\" \/>\n<link rel=\"canonical\" href=\"https:\/\/reporteroshoy.mx\/noticias\/investigaran-que-orillo-a-nina-de-motul-a-intentar-suicidarse\/\" \/>\n<meta property=\"og:locale\" content=\"es_ES\" \/>\n<meta property=\"og:type\" content=\"article\" \/>\n<meta property=\"og:title\" content=\"Investigar\u00e1n causas que orillaron a ni\u00f1a de Motul a intentar suicidarse\" \/>\n<meta property=\"og:description\" content=\"El alcalde Roger Aguilar asegur\u00f3 que se trata de un &quot;caso aislado&quot; que ser\u00e1 investigado por el DIF municipal y la Prodemefa.\" \/>\n<meta property=\"og:url\" content=\"https:\/\/reporteroshoy.mx\/noticias\/investigaran-que-orillo-a-nina-de-motul-a-intentar-suicidarse\/\" \/>\n<meta property=\"og:site_name\" content=\"Reporteros Hoy | Noticias de Yucat\u00e1n\" \/>\n<meta property=\"article:publisher\" content=\"http:\/\/www.facebook.com\/reporteroshoymx\" \/>\n<meta property=\"article:published_time\" content=\"2021-03-11T23:30:19+00:00\" \/>\n<meta property=\"article:modified_time\" content=\"2021-03-12T02:10:37+00:00\" \/>\n<meta property=\"og:image\" content=\"https:\/\/reporteroshoy.mx\/noticias\/wp-content\/uploads\/2021\/03\/MOTUL.jpg\" \/>\n\t<meta property=\"og:image:width\" content=\"768\" \/>\n\t<meta property=\"og:image:height\" content=\"522\" \/>\n\t<meta property=\"og:image:type\" content=\"image\/jpeg\" \/>\n<meta name=\"author\" content=\"Reporteros Hoy GS\" \/>\n<meta name=\"twitter:card\" content=\"summary_large_image\" \/>\n<meta name=\"twitter:creator\" content=\"@reporteroshoy\" \/>\n<meta name=\"twitter:site\" content=\"@reporteroshoy\" \/>\n<meta name=\"twitter:label1\" content=\"Escrito por\" \/>\n\t<meta name=\"twitter:data1\" content=\"Reporteros Hoy GS\" \/>\n\t<meta name=\"twitter:label2\" content=\"Tiempo de lectura\" \/>\n\t<meta name=\"twitter:data2\" content=\"2 minutos\" \/>\n<script type=\"application\/ld+json\" class=\"yoast-schema-graph\">{\"@context\":\"https:\\\/\\\/schema.org\",\"@graph\":[{\"@type\":\"Article\",\"@id\":\"https:\\\/\\\/reporteroshoy.mx\\\/noticias\\\/investigaran-que-orillo-a-nina-de-motul-a-intentar-suicidarse\\\/#article\",\"isPartOf\":{\"@id\":\"https:\\\/\\\/reporteroshoy.mx\\\/noticias\\\/investigaran-que-orillo-a-nina-de-motul-a-intentar-suicidarse\\\/\"},\"author\":{\"name\":\"Reporteros Hoy GS\",\"@id\":\"https:\\\/\\\/reporteroshoy.mx\\\/noticias\\\/#\\\/schema\\\/person\\\/49ae631fc906b44554e4ba3866c505d7\"},\"headline\":\"Investigar\u00e1n qu\u00e9 orill\u00f3 a ni\u00f1a de Motul a intentar suicidarse\",\"datePublished\":\"2021-03-11T23:30:19+00:00\",\"dateModified\":\"2021-03-12T02:10:37+00:00\",\"mainEntityOfPage\":{\"@id\":\"https:\\\/\\\/reporteroshoy.mx\\\/noticias\\\/investigaran-que-orillo-a-nina-de-motul-a-intentar-suicidarse\\\/\"},\"wordCount\":251,\"commentCount\":0,\"image\":{\"@id\":\"https:\\\/\\\/reporteroshoy.mx\\\/noticias\\\/investigaran-que-orillo-a-nina-de-motul-a-intentar-suicidarse\\\/#primaryimage\"},\"thumbnailUrl\":\"https:\\\/\\\/reporteroshoy.mx\\\/noticias\\\/wp-content\\\/uploads\\\/2021\\\/03\\\/MOTUL.jpg\",\"keywords\":[\"intento de suicidio\",\"kin\u00ed\",\"suicidio en Motul\",\"Yucat\u00e1n Centro\"],\"articleSection\":[\"Municipios\"],\"inLanguage\":\"es\",\"potentialAction\":[{\"@type\":\"CommentAction\",\"name\":\"Comment\",\"target\":[\"https:\\\/\\\/reporteroshoy.mx\\\/noticias\\\/investigaran-que-orillo-a-nina-de-motul-a-intentar-suicidarse\\\/#respond\"]}]},{\"@type\":\"WebPage\",\"@id\":\"https:\\\/\\\/reporteroshoy.mx\\\/noticias\\\/investigaran-que-orillo-a-nina-de-motul-a-intentar-suicidarse\\\/\",\"url\":\"https:\\\/\\\/reporteroshoy.mx\\\/noticias\\\/investigaran-que-orillo-a-nina-de-motul-a-intentar-suicidarse\\\/\",\"name\":\"Investigar\u00e1n causas que orillaron a ni\u00f1a de Motul a intentar suicidarse\",\"isPartOf\":{\"@id\":\"https:\\\/\\\/reporteroshoy.mx\\\/noticias\\\/#website\"},\"primaryImageOfPage\":{\"@id\":\"https:\\\/\\\/reporteroshoy.mx\\\/noticias\\\/investigaran-que-orillo-a-nina-de-motul-a-intentar-suicidarse\\\/#primaryimage\"},\"image\":{\"@id\":\"https:\\\/\\\/reporteroshoy.mx\\\/noticias\\\/investigaran-que-orillo-a-nina-de-motul-a-intentar-suicidarse\\\/#primaryimage\"},\"thumbnailUrl\":\"https:\\\/\\\/reporteroshoy.mx\\\/noticias\\\/wp-content\\\/uploads\\\/2021\\\/03\\\/MOTUL.jpg\",\"datePublished\":\"2021-03-11T23:30:19+00:00\",\"dateModified\":\"2021-03-12T02:10:37+00:00\",\"author\":{\"@id\":\"https:\\\/\\\/reporteroshoy.mx\\\/noticias\\\/#\\\/schema\\\/person\\\/49ae631fc906b44554e4ba3866c505d7\"},\"description\":\"El alcalde Roger Aguilar asegur\u00f3 que se trata de un \\\"caso aislado\\\" que ser\u00e1 investigado por el DIF municipal y la Prodemefa.\",\"breadcrumb\":{\"@id\":\"https:\\\/\\\/reporteroshoy.mx\\\/noticias\\\/investigaran-que-orillo-a-nina-de-motul-a-intentar-suicidarse\\\/#breadcrumb\"},\"inLanguage\":\"es\",\"potentialAction\":[{\"@type\":\"ReadAction\",\"target\":[\"https:\\\/\\\/reporteroshoy.mx\\\/noticias\\\/investigaran-que-orillo-a-nina-de-motul-a-intentar-suicidarse\\\/\"]}]},{\"@type\":\"ImageObject\",\"inLanguage\":\"es\",\"@id\":\"https:\\\/\\\/reporteroshoy.mx\\\/noticias\\\/investigaran-que-orillo-a-nina-de-motul-a-intentar-suicidarse\\\/#primaryimage\",\"url\":\"https:\\\/\\\/reporteroshoy.mx\\\/noticias\\\/wp-content\\\/uploads\\\/2021\\\/03\\\/MOTUL.jpg\",\"contentUrl\":\"https:\\\/\\\/reporteroshoy.mx\\\/noticias\\\/wp-content\\\/uploads\\\/2021\\\/03\\\/MOTUL.jpg\",\"width\":768,\"height\":522},{\"@type\":\"BreadcrumbList\",\"@id\":\"https:\\\/\\\/reporteroshoy.mx\\\/noticias\\\/investigaran-que-orillo-a-nina-de-motul-a-intentar-suicidarse\\\/#breadcrumb\",\"itemListElement\":[{\"@type\":\"ListItem\",\"position\":1,\"name\":\"Portada\",\"item\":\"https:\\\/\\\/reporteroshoy.mx\\\/noticias\\\/\"},{\"@type\":\"ListItem\",\"position\":2,\"name\":\"Investigar\u00e1n qu\u00e9 orill\u00f3 a ni\u00f1a de Motul a intentar suicidarse\"}]},{\"@type\":\"WebSite\",\"@id\":\"https:\\\/\\\/reporteroshoy.mx\\\/noticias\\\/#website\",\"url\":\"https:\\\/\\\/reporteroshoy.mx\\\/noticias\\\/\",\"name\":\"Reporteros Hoy | Noticias de Yucat\u00e1n\",\"description\":\"Peri\u00f3dico digital con noticias diarias desde M\u00e9rida, Yucat\u00e1n para el mundo.\",\"potentialAction\":[{\"@type\":\"SearchAction\",\"target\":{\"@type\":\"EntryPoint\",\"urlTemplate\":\"https:\\\/\\\/reporteroshoy.mx\\\/noticias\\\/?s={search_term_string}\"},\"query-input\":{\"@type\":\"PropertyValueSpecification\",\"valueRequired\":true,\"valueName\":\"search_term_string\"}}],\"inLanguage\":\"es\"},{\"@type\":\"Person\",\"@id\":\"https:\\\/\\\/reporteroshoy.mx\\\/noticias\\\/#\\\/schema\\\/person\\\/49ae631fc906b44554e4ba3866c505d7\",\"name\":\"Reporteros Hoy GS\",\"image\":{\"@type\":\"ImageObject\",\"inLanguage\":\"es\",\"@id\":\"https:\\\/\\\/secure.gravatar.com\\\/avatar\\\/00d32adb620345c3db2cfc175917f65c584e1e338fdc49ad126aa1f9830eb6a9?s=96&d=mm&r=g\",\"url\":\"https:\\\/\\\/secure.gravatar.com\\\/avatar\\\/00d32adb620345c3db2cfc175917f65c584e1e338fdc49ad126aa1f9830eb6a9?s=96&d=mm&r=g\",\"contentUrl\":\"https:\\\/\\\/secure.gravatar.com\\\/avatar\\\/00d32adb620345c3db2cfc175917f65c584e1e338fdc49ad126aa1f9830eb6a9?s=96&d=mm&r=g\",\"caption\":\"Reporteros Hoy GS\"},\"url\":\"https:\\\/\\\/reporteroshoy.mx\\\/noticias\\\/author\\\/lupis\\\/\"}]}<\/script>\n<!-- \/ Yoast SEO plugin. -->","yoast_head_json":{"title":"Investigar\u00e1n causas que orillaron a ni\u00f1a de Motul a intentar suicidarse","description":"El alcalde Roger Aguilar asegur\u00f3 que se trata de un \"caso aislado\" que ser\u00e1 investigado por el DIF municipal y la Prodemefa.","robots":{"index":"index","follow":"follow","max-snippet":"max-snippet:-1","max-image-preview":"max-image-preview:large","max-video-preview":"max-video-preview:-1"},"canonical":"https:\/\/reporteroshoy.mx\/noticias\/investigaran-que-orillo-a-nina-de-motul-a-intentar-suicidarse\/","og_locale":"es_ES","og_type":"article","og_title":"Investigar\u00e1n causas que orillaron a ni\u00f1a de Motul a intentar suicidarse","og_description":"El alcalde Roger Aguilar asegur\u00f3 que se trata de un \"caso aislado\" que ser\u00e1 investigado por el DIF municipal y la Prodemefa.","og_url":"https:\/\/reporteroshoy.mx\/noticias\/investigaran-que-orillo-a-nina-de-motul-a-intentar-suicidarse\/","og_site_name":"Reporteros Hoy | Noticias de Yucat\u00e1n","article_publisher":"http:\/\/www.facebook.com\/reporteroshoymx","article_published_time":"2021-03-11T23:30:19+00:00","article_modified_time":"2021-03-12T02:10:37+00:00","og_image":[{"width":768,"height":522,"url":"https:\/\/reporteroshoy.mx\/noticias\/wp-content\/uploads\/2021\/03\/MOTUL.jpg","type":"image\/jpeg"}],"author":"Reporteros Hoy GS","twitter_card":"summary_large_image","twitter_creator":"@reporteroshoy","twitter_site":"@reporteroshoy","twitter_misc":{"Escrito por":"Reporteros Hoy GS","Tiempo de lectura":"2 minutos"},"schema":{"@context":"https:\/\/schema.org","@graph":[{"@type":"Article","@id":"https:\/\/reporteroshoy.mx\/noticias\/investigaran-que-orillo-a-nina-de-motul-a-intentar-suicidarse\/#article","isPartOf":{"@id":"https:\/\/reporteroshoy.mx\/noticias\/investigaran-que-orillo-a-nina-de-motul-a-intentar-suicidarse\/"},"author":{"name":"Reporteros Hoy GS","@id":"https:\/\/reporteroshoy.mx\/noticias\/#\/schema\/person\/49ae631fc906b44554e4ba3866c505d7"},"headline":"Investigar\u00e1n qu\u00e9 orill\u00f3 a ni\u00f1a de Motul a intentar suicidarse","datePublished":"2021-03-11T23:30:19+00:00","dateModified":"2021-03-12T02:10:37+00:00","mainEntityOfPage":{"@id":"https:\/\/reporteroshoy.mx\/noticias\/investigaran-que-orillo-a-nina-de-motul-a-intentar-suicidarse\/"},"wordCount":251,"commentCount":0,"image":{"@id":"https:\/\/reporteroshoy.mx\/noticias\/investigaran-que-orillo-a-nina-de-motul-a-intentar-suicidarse\/#primaryimage"},"thumbnailUrl":"https:\/\/reporteroshoy.mx\/noticias\/wp-content\/uploads\/2021\/03\/MOTUL.jpg","keywords":["intento de suicidio","kin\u00ed","suicidio en Motul","Yucat\u00e1n Centro"],"articleSection":["Municipios"],"inLanguage":"es","potentialAction":[{"@type":"CommentAction","name":"Comment","target":["https:\/\/reporteroshoy.mx\/noticias\/investigaran-que-orillo-a-nina-de-motul-a-intentar-suicidarse\/#respond"]}]},{"@type":"WebPage","@id":"https:\/\/reporteroshoy.mx\/noticias\/investigaran-que-orillo-a-nina-de-motul-a-intentar-suicidarse\/","url":"https:\/\/reporteroshoy.mx\/noticias\/investigaran-que-orillo-a-nina-de-motul-a-intentar-suicidarse\/","name":"Investigar\u00e1n causas que orillaron a ni\u00f1a de Motul a intentar suicidarse","isPartOf":{"@id":"https:\/\/reporteroshoy.mx\/noticias\/#website"},"primaryImageOfPage":{"@id":"https:\/\/reporteroshoy.mx\/noticias\/investigaran-que-orillo-a-nina-de-motul-a-intentar-suicidarse\/#primaryimage"},"image":{"@id":"https:\/\/reporteroshoy.mx\/noticias\/investigaran-que-orillo-a-nina-de-motul-a-intentar-suicidarse\/#primaryimage"},"thumbnailUrl":"https:\/\/reporteroshoy.mx\/noticias\/wp-content\/uploads\/2021\/03\/MOTUL.jpg","datePublished":"2021-03-11T23:30:19+00:00","dateModified":"2021-03-12T02:10:37+00:00","author":{"@id":"https:\/\/reporteroshoy.mx\/noticias\/#\/schema\/person\/49ae631fc906b44554e4ba3866c505d7"},"description":"El alcalde Roger Aguilar asegur\u00f3 que se trata de un \"caso aislado\" que ser\u00e1 investigado por el DIF municipal y la Prodemefa.","breadcrumb":{"@id":"https:\/\/reporteroshoy.mx\/noticias\/investigaran-que-orillo-a-nina-de-motul-a-intentar-suicidarse\/#breadcrumb"},"inLanguage":"es","potentialAction":[{"@type":"ReadAction","target":["https:\/\/reporteroshoy.mx\/noticias\/investigaran-que-orillo-a-nina-de-motul-a-intentar-suicidarse\/"]}]},{"@type":"ImageObject","inLanguage":"es","@id":"https:\/\/reporteroshoy.mx\/noticias\/investigaran-que-orillo-a-nina-de-motul-a-intentar-suicidarse\/#primaryimage","url":"https:\/\/reporteroshoy.mx\/noticias\/wp-content\/uploads\/2021\/03\/MOTUL.jpg","contentUrl":"https:\/\/reporteroshoy.mx\/noticias\/wp-content\/uploads\/2021\/03\/MOTUL.jpg","width":768,"height":522},{"@type":"BreadcrumbList","@id":"https:\/\/reporteroshoy.mx\/noticias\/investigaran-que-orillo-a-nina-de-motul-a-intentar-suicidarse\/#breadcrumb","itemListElement":[{"@type":"ListItem","position":1,"name":"Portada","item":"https:\/\/reporteroshoy.mx\/noticias\/"},{"@type":"ListItem","position":2,"name":"Investigar\u00e1n qu\u00e9 orill\u00f3 a ni\u00f1a de Motul a intentar suicidarse"}]},{"@type":"WebSite","@id":"https:\/\/reporteroshoy.mx\/noticias\/#website","url":"https:\/\/reporteroshoy.mx\/noticias\/","name":"Reporteros Hoy | Noticias de Yucat\u00e1n","description":"Peri\u00f3dico digital con noticias diarias desde M\u00e9rida, Yucat\u00e1n para el mundo.","potentialAction":[{"@type":"SearchAction","target":{"@type":"EntryPoint","urlTemplate":"https:\/\/reporteroshoy.mx\/noticias\/?s={search_term_string}"},"query-input":{"@type":"PropertyValueSpecification","valueRequired":true,"valueName":"search_term_string"}}],"inLanguage":"es"},{"@type":"Person","@id":"https:\/\/reporteroshoy.mx\/noticias\/#\/schema\/person\/49ae631fc906b44554e4ba3866c505d7","name":"Reporteros Hoy GS","image":{"@type":"ImageObject","inLanguage":"es","@id":"https:\/\/secure.gravatar.com\/avatar\/00d32adb620345c3db2cfc175917f65c584e1e338fdc49ad126aa1f9830eb6a9?s=96&d=mm&r=g","url":"https:\/\/secure.gravatar.com\/avatar\/00d32adb620345c3db2cfc175917f65c584e1e338fdc49ad126aa1f9830eb6a9?s=96&d=mm&r=g","contentUrl":"https:\/\/secure.gravatar.com\/avatar\/00d32adb620345c3db2cfc175917f65c584e1e338fdc49ad126aa1f9830eb6a9?s=96&d=mm&r=g","caption":"Reporteros Hoy GS"},"url":"https:\/\/reporteroshoy.mx\/noticias\/author\/lupis\/"}]}},"_links":{"self":[{"href":"https:\/\/reporteroshoy.mx\/noticias\/wp-json\/wp\/v2\/posts\/59020","targetHints":{"allow":["GET"]}}],"collection":[{"href":"https:\/\/reporteroshoy.mx\/noticias\/wp-json\/wp\/v2\/posts"}],"about":[{"href":"https:\/\/reporteroshoy.mx\/noticias\/wp-json\/wp\/v2\/types\/post"}],"author":[{"embeddable":true,"href":"https:\/\/reporteroshoy.mx\/noticias\/wp-json\/wp\/v2\/users\/6"}],"replies":[{"embeddable":true,"href":"https:\/\/reporteroshoy.mx\/noticias\/wp-json\/wp\/v2\/comments?post=59020"}],"version-history":[{"count":0,"href":"https:\/\/reporteroshoy.mx\/noticias\/wp-json\/wp\/v2\/posts\/59020\/revisions"}],"wp:featuredmedia":[{"embeddable":true,"href":"https:\/\/reporteroshoy.mx\/noticias\/wp-json\/wp\/v2\/media\/59021"}],"wp:attachment":[{"href":"https:\/\/reporteroshoy.mx\/noticias\/wp-json\/wp\/v2\/media?parent=59020"}],"wp:term":[{"taxonomy":"category","embeddable":true,"href":"https:\/\/reporteroshoy.mx\/noticias\/wp-json\/wp\/v2\/categories?post=59020"},{"taxonomy":"post_tag","embeddable":true,"href":"https:\/\/reporteroshoy.mx\/noticias\/wp-json\/wp\/v2\/tags?post=59020"}],"curies":[{"name":"wp","href":"https:\/\/api.w.org\/{rel}","templated":true}]}}