{"id":59053,"date":"2021-03-12T08:30:24","date_gmt":"2021-03-12T14:30:24","guid":{"rendered":"https:\/\/reporteroshoy.mx\/noticias\/?p=59053"},"modified":"2021-03-12T21:09:12","modified_gmt":"2021-03-13T03:09:12","slug":"secuestran-a-decenas-de-estudiantes-en-escuela-de-nigeria","status":"publish","type":"post","link":"https:\/\/reporteroshoy.mx\/noticias\/secuestran-a-decenas-de-estudiantes-en-escuela-de-nigeria\/","title":{"rendered":"Secuestran a decenas de estudiantes en escuela de Nigeria"},"content":{"rendered":"<p style=\"text-align: justify;\">Nigeria; 12 de marzo de 2021 (Reuters).- Hombres armados en el estado noroccidental nigeriano de Kaduna secuestraron a unos 30 estudiantes durante la noche en una escuela forestal cerca de una academia militar, dijo el comisionado de seguridad estatal el viernes, en el cuarto secuestro masivo en un colegio desde diciembre.<\/p>\n<p style=\"text-align: justify;\">El Colegio Federal de Mecanizaci\u00f3n Forestal se encuentra en las afueras de la ciudad de Kaduna, capital del estado hom\u00f3nimo,en una regi\u00f3n donde abunda el bandolerismo desde hace a\u00f1os.<\/p>\n<p style=\"text-align: justify;\">El comisionado de seguridad del estado de Kaduna, Samuel Aruwan, afirm\u00f3 en un comunicado que una banda armada atac\u00f3 el colegio en torno a las 23.30 hora local (2230 GMT) del jueves.<\/p>\n<p style=\"text-align: justify;\">Seg\u00fan indic\u00f3,\u00a0el ej\u00e9rcito rescat\u00f3 a 180 personas en las primeras horas del viernes, pero \u00abunos 30 estudiantes, una mezcla de hombres y mujeres, no han sido hallados a\u00fan\u00bb.<\/p>\n<p><img loading=\"lazy\" decoding=\"async\" class=\"wp-image-59054 aligncenter\" src=\"https:\/\/reporteroshoy.mx\/noticias\/wp-content\/uploads\/2021\/03\/Nigeria.jpg\" alt=\"\" width=\"600\" height=\"338\" \/><\/p>\n<p style=\"text-align: justify;\">El residente local Haruna Salisu dijo por tel\u00e9fono que escuch\u00f3 disparos espor\u00e1dicos alrededor de las 23.30 horas.<\/p>\n<p style=\"text-align: justify;\">\u00abNo entramos en p\u00e1nico, ya que pensamos que era un ejercicio militar normal que se estaba realizando en la Academia de Defensa de Nigeria\u00bb, se\u00f1al\u00f3.<\/p>\n<p style=\"text-align: justify;\">\u00abSalimos para las oraciones del amanecer, a las 5.20, y vimos a algunos de los estudiantes, maestros y personal de seguridad por todo el recinto escolar. Nos dijeron que hombres armados allanaron la escuela y secuestraron a algunos de los estudiantes\u00bb, agreg\u00f3.<\/p>\n<p style=\"text-align: justify;\">Los secuestros en internados fueron iniciados por el grupo yihadista Boko Haram, que captur\u00f3 a 270 alumnas de una escuela en Chibok, en el noreste, en 2014. Las bandas criminales armadas imitaron este procedimiento para cobrar rescates.<\/p>\n<p style=\"text-align: justify;\">En las \u00faltimas semanas, 279 alumnas fueron liberadas tras su secuestro de un internado en Jangebe, en el estado noroccidentalde Zamfara, y 27 adolescentes fueron liberados despu\u00e9s de ser secuestrados en su escuela en el estado de N\u00edger, junto con tres miembros del personal y 12 familiares. Un estudiante muri\u00f3 a tiros en ese ataque.<\/p>\n<p style=\"text-align: justify;\">Los intentos militares y policiales para combatir a las bandas han tenido poco \u00e9xito, mientras que a muchos les preocupa que las autoridades estatales est\u00e9n empeorando la situaci\u00f3n al dejar que los secuestradores queden impunes, pagarles o -como en Zamfara- proporcionarles incentivos.<\/p>\n","protected":false},"excerpt":{"rendered":"<p>Es el cuarto secuestro masivo en un colegio desde diciembre; los secuestros en internados fueron iniciados por Boko Haram.<\/p>\n","protected":false},"author":9,"featured_media":59054,"comment_status":"open","ping_status":"closed","sticky":false,"template":"","format":"standard","meta":{"footnotes":""},"categories":[10],"tags":[16737,1080,1092],"class_list":["post-59053","post","type-post","status-publish","format-standard","has-post-thumbnail","hentry","category-internacional","tag-boko-haram","tag-estudiantes","tag-nigeria"],"yoast_head":"<!-- This site is optimized with the Yoast SEO plugin v28.3 - https:\/\/yoast.com\/product\/yoast-seo-wordpress\/ -->\n<title>Secuestran a decenas de estudiantes en escuela de Nigeria<\/title>\n<meta name=\"description\" content=\"Es el cuarto secuestro masivo en un colegio desde diciembre; los secuestros en internados fueron iniciados por Boko Haram.\" \/>\n<meta name=\"robots\" content=\"index, follow, max-snippet:-1, max-image-preview:large, max-video-preview:-1\" \/>\n<link rel=\"canonical\" href=\"https:\/\/reporteroshoy.mx\/noticias\/secuestran-a-decenas-de-estudiantes-en-escuela-de-nigeria\/\" \/>\n<meta property=\"og:locale\" content=\"es_ES\" \/>\n<meta property=\"og:type\" content=\"article\" \/>\n<meta property=\"og:title\" content=\"Secuestran a decenas de estudiantes en escuela de Nigeria\" \/>\n<meta property=\"og:description\" content=\"Es el cuarto secuestro masivo en un colegio desde diciembre; los secuestros en internados fueron iniciados por Boko Haram.\" \/>\n<meta property=\"og:url\" content=\"https:\/\/reporteroshoy.mx\/noticias\/secuestran-a-decenas-de-estudiantes-en-escuela-de-nigeria\/\" \/>\n<meta property=\"og:site_name\" content=\"Reporteros Hoy | Noticias de Yucat\u00e1n\" \/>\n<meta property=\"article:publisher\" content=\"http:\/\/www.facebook.com\/reporteroshoymx\" \/>\n<meta property=\"article:published_time\" content=\"2021-03-12T14:30:24+00:00\" \/>\n<meta property=\"article:modified_time\" content=\"2021-03-13T03:09:12+00:00\" \/>\n<meta property=\"og:image\" content=\"https:\/\/reporteroshoy.mx\/noticias\/wp-content\/uploads\/2021\/03\/Nigeria.jpg\" \/>\n\t<meta property=\"og:image:width\" content=\"768\" \/>\n\t<meta property=\"og:image:height\" content=\"432\" \/>\n\t<meta property=\"og:image:type\" content=\"image\/jpeg\" \/>\n<meta name=\"author\" content=\"Reporteros Hoy WP\" \/>\n<meta name=\"twitter:card\" content=\"summary_large_image\" \/>\n<meta name=\"twitter:creator\" content=\"@reporteroshoy\" \/>\n<meta name=\"twitter:site\" content=\"@reporteroshoy\" \/>\n<meta name=\"twitter:label1\" content=\"Escrito por\" \/>\n\t<meta name=\"twitter:data1\" content=\"Reporteros Hoy WP\" \/>\n\t<meta name=\"twitter:label2\" content=\"Tiempo de lectura\" \/>\n\t<meta name=\"twitter:data2\" content=\"2 minutos\" \/>\n<script type=\"application\/ld+json\" class=\"yoast-schema-graph\">{\"@context\":\"https:\\\/\\\/schema.org\",\"@graph\":[{\"@type\":\"Article\",\"@id\":\"https:\\\/\\\/reporteroshoy.mx\\\/noticias\\\/secuestran-a-decenas-de-estudiantes-en-escuela-de-nigeria\\\/#article\",\"isPartOf\":{\"@id\":\"https:\\\/\\\/reporteroshoy.mx\\\/noticias\\\/secuestran-a-decenas-de-estudiantes-en-escuela-de-nigeria\\\/\"},\"author\":{\"name\":\"Reporteros Hoy WP\",\"@id\":\"https:\\\/\\\/reporteroshoy.mx\\\/noticias\\\/#\\\/schema\\\/person\\\/c977527e57c958a62c5cefe8fe47876e\"},\"headline\":\"Secuestran a decenas de estudiantes en escuela de Nigeria\",\"datePublished\":\"2021-03-12T14:30:24+00:00\",\"dateModified\":\"2021-03-13T03:09:12+00:00\",\"mainEntityOfPage\":{\"@id\":\"https:\\\/\\\/reporteroshoy.mx\\\/noticias\\\/secuestran-a-decenas-de-estudiantes-en-escuela-de-nigeria\\\/\"},\"wordCount\":371,\"commentCount\":0,\"image\":{\"@id\":\"https:\\\/\\\/reporteroshoy.mx\\\/noticias\\\/secuestran-a-decenas-de-estudiantes-en-escuela-de-nigeria\\\/#primaryimage\"},\"thumbnailUrl\":\"https:\\\/\\\/reporteroshoy.mx\\\/noticias\\\/wp-content\\\/uploads\\\/2021\\\/03\\\/Nigeria.jpg\",\"keywords\":[\"Boko Haram\",\"Estudiantes\",\"Nigeria\"],\"articleSection\":[\"Internacional\"],\"inLanguage\":\"es\",\"potentialAction\":[{\"@type\":\"CommentAction\",\"name\":\"Comment\",\"target\":[\"https:\\\/\\\/reporteroshoy.mx\\\/noticias\\\/secuestran-a-decenas-de-estudiantes-en-escuela-de-nigeria\\\/#respond\"]}]},{\"@type\":\"WebPage\",\"@id\":\"https:\\\/\\\/reporteroshoy.mx\\\/noticias\\\/secuestran-a-decenas-de-estudiantes-en-escuela-de-nigeria\\\/\",\"url\":\"https:\\\/\\\/reporteroshoy.mx\\\/noticias\\\/secuestran-a-decenas-de-estudiantes-en-escuela-de-nigeria\\\/\",\"name\":\"Secuestran a decenas de estudiantes en escuela de Nigeria\",\"isPartOf\":{\"@id\":\"https:\\\/\\\/reporteroshoy.mx\\\/noticias\\\/#website\"},\"primaryImageOfPage\":{\"@id\":\"https:\\\/\\\/reporteroshoy.mx\\\/noticias\\\/secuestran-a-decenas-de-estudiantes-en-escuela-de-nigeria\\\/#primaryimage\"},\"image\":{\"@id\":\"https:\\\/\\\/reporteroshoy.mx\\\/noticias\\\/secuestran-a-decenas-de-estudiantes-en-escuela-de-nigeria\\\/#primaryimage\"},\"thumbnailUrl\":\"https:\\\/\\\/reporteroshoy.mx\\\/noticias\\\/wp-content\\\/uploads\\\/2021\\\/03\\\/Nigeria.jpg\",\"datePublished\":\"2021-03-12T14:30:24+00:00\",\"dateModified\":\"2021-03-13T03:09:12+00:00\",\"author\":{\"@id\":\"https:\\\/\\\/reporteroshoy.mx\\\/noticias\\\/#\\\/schema\\\/person\\\/c977527e57c958a62c5cefe8fe47876e\"},\"description\":\"Es el cuarto secuestro masivo en un colegio desde diciembre; los secuestros en internados fueron iniciados por Boko Haram.\",\"breadcrumb\":{\"@id\":\"https:\\\/\\\/reporteroshoy.mx\\\/noticias\\\/secuestran-a-decenas-de-estudiantes-en-escuela-de-nigeria\\\/#breadcrumb\"},\"inLanguage\":\"es\",\"potentialAction\":[{\"@type\":\"ReadAction\",\"target\":[\"https:\\\/\\\/reporteroshoy.mx\\\/noticias\\\/secuestran-a-decenas-de-estudiantes-en-escuela-de-nigeria\\\/\"]}]},{\"@type\":\"ImageObject\",\"inLanguage\":\"es\",\"@id\":\"https:\\\/\\\/reporteroshoy.mx\\\/noticias\\\/secuestran-a-decenas-de-estudiantes-en-escuela-de-nigeria\\\/#primaryimage\",\"url\":\"https:\\\/\\\/reporteroshoy.mx\\\/noticias\\\/wp-content\\\/uploads\\\/2021\\\/03\\\/Nigeria.jpg\",\"contentUrl\":\"https:\\\/\\\/reporteroshoy.mx\\\/noticias\\\/wp-content\\\/uploads\\\/2021\\\/03\\\/Nigeria.jpg\",\"width\":768,\"height\":432},{\"@type\":\"BreadcrumbList\",\"@id\":\"https:\\\/\\\/reporteroshoy.mx\\\/noticias\\\/secuestran-a-decenas-de-estudiantes-en-escuela-de-nigeria\\\/#breadcrumb\",\"itemListElement\":[{\"@type\":\"ListItem\",\"position\":1,\"name\":\"Portada\",\"item\":\"https:\\\/\\\/reporteroshoy.mx\\\/noticias\\\/\"},{\"@type\":\"ListItem\",\"position\":2,\"name\":\"Secuestran a decenas de estudiantes en escuela de Nigeria\"}]},{\"@type\":\"WebSite\",\"@id\":\"https:\\\/\\\/reporteroshoy.mx\\\/noticias\\\/#website\",\"url\":\"https:\\\/\\\/reporteroshoy.mx\\\/noticias\\\/\",\"name\":\"Reporteros Hoy | Noticias de Yucat\u00e1n\",\"description\":\"Peri\u00f3dico digital con noticias diarias desde M\u00e9rida, Yucat\u00e1n para el mundo.\",\"potentialAction\":[{\"@type\":\"SearchAction\",\"target\":{\"@type\":\"EntryPoint\",\"urlTemplate\":\"https:\\\/\\\/reporteroshoy.mx\\\/noticias\\\/?s={search_term_string}\"},\"query-input\":{\"@type\":\"PropertyValueSpecification\",\"valueRequired\":true,\"valueName\":\"search_term_string\"}}],\"inLanguage\":\"es\"},{\"@type\":\"Person\",\"@id\":\"https:\\\/\\\/reporteroshoy.mx\\\/noticias\\\/#\\\/schema\\\/person\\\/c977527e57c958a62c5cefe8fe47876e\",\"name\":\"Reporteros Hoy WP\",\"image\":{\"@type\":\"ImageObject\",\"inLanguage\":\"es\",\"@id\":\"https:\\\/\\\/secure.gravatar.com\\\/avatar\\\/fd2917f79a7dae30f8ac9ddc2f35e1756bb59e25e01d1cd09deaa64df7b2f73e?s=96&d=mm&r=g\",\"url\":\"https:\\\/\\\/secure.gravatar.com\\\/avatar\\\/fd2917f79a7dae30f8ac9ddc2f35e1756bb59e25e01d1cd09deaa64df7b2f73e?s=96&d=mm&r=g\",\"contentUrl\":\"https:\\\/\\\/secure.gravatar.com\\\/avatar\\\/fd2917f79a7dae30f8ac9ddc2f35e1756bb59e25e01d1cd09deaa64df7b2f73e?s=96&d=mm&r=g\",\"caption\":\"Reporteros Hoy WP\"},\"url\":\"https:\\\/\\\/reporteroshoy.mx\\\/noticias\\\/author\\\/walfer\\\/\"}]}<\/script>\n<!-- \/ Yoast SEO plugin. -->","yoast_head_json":{"title":"Secuestran a decenas de estudiantes en escuela de Nigeria","description":"Es el cuarto secuestro masivo en un colegio desde diciembre; los secuestros en internados fueron iniciados por Boko Haram.","robots":{"index":"index","follow":"follow","max-snippet":"max-snippet:-1","max-image-preview":"max-image-preview:large","max-video-preview":"max-video-preview:-1"},"canonical":"https:\/\/reporteroshoy.mx\/noticias\/secuestran-a-decenas-de-estudiantes-en-escuela-de-nigeria\/","og_locale":"es_ES","og_type":"article","og_title":"Secuestran a decenas de estudiantes en escuela de Nigeria","og_description":"Es el cuarto secuestro masivo en un colegio desde diciembre; los secuestros en internados fueron iniciados por Boko Haram.","og_url":"https:\/\/reporteroshoy.mx\/noticias\/secuestran-a-decenas-de-estudiantes-en-escuela-de-nigeria\/","og_site_name":"Reporteros Hoy | Noticias de Yucat\u00e1n","article_publisher":"http:\/\/www.facebook.com\/reporteroshoymx","article_published_time":"2021-03-12T14:30:24+00:00","article_modified_time":"2021-03-13T03:09:12+00:00","og_image":[{"width":768,"height":432,"url":"https:\/\/reporteroshoy.mx\/noticias\/wp-content\/uploads\/2021\/03\/Nigeria.jpg","type":"image\/jpeg"}],"author":"Reporteros Hoy WP","twitter_card":"summary_large_image","twitter_creator":"@reporteroshoy","twitter_site":"@reporteroshoy","twitter_misc":{"Escrito por":"Reporteros Hoy WP","Tiempo de lectura":"2 minutos"},"schema":{"@context":"https:\/\/schema.org","@graph":[{"@type":"Article","@id":"https:\/\/reporteroshoy.mx\/noticias\/secuestran-a-decenas-de-estudiantes-en-escuela-de-nigeria\/#article","isPartOf":{"@id":"https:\/\/reporteroshoy.mx\/noticias\/secuestran-a-decenas-de-estudiantes-en-escuela-de-nigeria\/"},"author":{"name":"Reporteros Hoy WP","@id":"https:\/\/reporteroshoy.mx\/noticias\/#\/schema\/person\/c977527e57c958a62c5cefe8fe47876e"},"headline":"Secuestran a decenas de estudiantes en escuela de Nigeria","datePublished":"2021-03-12T14:30:24+00:00","dateModified":"2021-03-13T03:09:12+00:00","mainEntityOfPage":{"@id":"https:\/\/reporteroshoy.mx\/noticias\/secuestran-a-decenas-de-estudiantes-en-escuela-de-nigeria\/"},"wordCount":371,"commentCount":0,"image":{"@id":"https:\/\/reporteroshoy.mx\/noticias\/secuestran-a-decenas-de-estudiantes-en-escuela-de-nigeria\/#primaryimage"},"thumbnailUrl":"https:\/\/reporteroshoy.mx\/noticias\/wp-content\/uploads\/2021\/03\/Nigeria.jpg","keywords":["Boko Haram","Estudiantes","Nigeria"],"articleSection":["Internacional"],"inLanguage":"es","potentialAction":[{"@type":"CommentAction","name":"Comment","target":["https:\/\/reporteroshoy.mx\/noticias\/secuestran-a-decenas-de-estudiantes-en-escuela-de-nigeria\/#respond"]}]},{"@type":"WebPage","@id":"https:\/\/reporteroshoy.mx\/noticias\/secuestran-a-decenas-de-estudiantes-en-escuela-de-nigeria\/","url":"https:\/\/reporteroshoy.mx\/noticias\/secuestran-a-decenas-de-estudiantes-en-escuela-de-nigeria\/","name":"Secuestran a decenas de estudiantes en escuela de Nigeria","isPartOf":{"@id":"https:\/\/reporteroshoy.mx\/noticias\/#website"},"primaryImageOfPage":{"@id":"https:\/\/reporteroshoy.mx\/noticias\/secuestran-a-decenas-de-estudiantes-en-escuela-de-nigeria\/#primaryimage"},"image":{"@id":"https:\/\/reporteroshoy.mx\/noticias\/secuestran-a-decenas-de-estudiantes-en-escuela-de-nigeria\/#primaryimage"},"thumbnailUrl":"https:\/\/reporteroshoy.mx\/noticias\/wp-content\/uploads\/2021\/03\/Nigeria.jpg","datePublished":"2021-03-12T14:30:24+00:00","dateModified":"2021-03-13T03:09:12+00:00","author":{"@id":"https:\/\/reporteroshoy.mx\/noticias\/#\/schema\/person\/c977527e57c958a62c5cefe8fe47876e"},"description":"Es el cuarto secuestro masivo en un colegio desde diciembre; los secuestros en internados fueron iniciados por Boko Haram.","breadcrumb":{"@id":"https:\/\/reporteroshoy.mx\/noticias\/secuestran-a-decenas-de-estudiantes-en-escuela-de-nigeria\/#breadcrumb"},"inLanguage":"es","potentialAction":[{"@type":"ReadAction","target":["https:\/\/reporteroshoy.mx\/noticias\/secuestran-a-decenas-de-estudiantes-en-escuela-de-nigeria\/"]}]},{"@type":"ImageObject","inLanguage":"es","@id":"https:\/\/reporteroshoy.mx\/noticias\/secuestran-a-decenas-de-estudiantes-en-escuela-de-nigeria\/#primaryimage","url":"https:\/\/reporteroshoy.mx\/noticias\/wp-content\/uploads\/2021\/03\/Nigeria.jpg","contentUrl":"https:\/\/reporteroshoy.mx\/noticias\/wp-content\/uploads\/2021\/03\/Nigeria.jpg","width":768,"height":432},{"@type":"BreadcrumbList","@id":"https:\/\/reporteroshoy.mx\/noticias\/secuestran-a-decenas-de-estudiantes-en-escuela-de-nigeria\/#breadcrumb","itemListElement":[{"@type":"ListItem","position":1,"name":"Portada","item":"https:\/\/reporteroshoy.mx\/noticias\/"},{"@type":"ListItem","position":2,"name":"Secuestran a decenas de estudiantes en escuela de Nigeria"}]},{"@type":"WebSite","@id":"https:\/\/reporteroshoy.mx\/noticias\/#website","url":"https:\/\/reporteroshoy.mx\/noticias\/","name":"Reporteros Hoy | Noticias de Yucat\u00e1n","description":"Peri\u00f3dico digital con noticias diarias desde M\u00e9rida, Yucat\u00e1n para el mundo.","potentialAction":[{"@type":"SearchAction","target":{"@type":"EntryPoint","urlTemplate":"https:\/\/reporteroshoy.mx\/noticias\/?s={search_term_string}"},"query-input":{"@type":"PropertyValueSpecification","valueRequired":true,"valueName":"search_term_string"}}],"inLanguage":"es"},{"@type":"Person","@id":"https:\/\/reporteroshoy.mx\/noticias\/#\/schema\/person\/c977527e57c958a62c5cefe8fe47876e","name":"Reporteros Hoy WP","image":{"@type":"ImageObject","inLanguage":"es","@id":"https:\/\/secure.gravatar.com\/avatar\/fd2917f79a7dae30f8ac9ddc2f35e1756bb59e25e01d1cd09deaa64df7b2f73e?s=96&d=mm&r=g","url":"https:\/\/secure.gravatar.com\/avatar\/fd2917f79a7dae30f8ac9ddc2f35e1756bb59e25e01d1cd09deaa64df7b2f73e?s=96&d=mm&r=g","contentUrl":"https:\/\/secure.gravatar.com\/avatar\/fd2917f79a7dae30f8ac9ddc2f35e1756bb59e25e01d1cd09deaa64df7b2f73e?s=96&d=mm&r=g","caption":"Reporteros Hoy WP"},"url":"https:\/\/reporteroshoy.mx\/noticias\/author\/walfer\/"}]}},"_links":{"self":[{"href":"https:\/\/reporteroshoy.mx\/noticias\/wp-json\/wp\/v2\/posts\/59053","targetHints":{"allow":["GET"]}}],"collection":[{"href":"https:\/\/reporteroshoy.mx\/noticias\/wp-json\/wp\/v2\/posts"}],"about":[{"href":"https:\/\/reporteroshoy.mx\/noticias\/wp-json\/wp\/v2\/types\/post"}],"author":[{"embeddable":true,"href":"https:\/\/reporteroshoy.mx\/noticias\/wp-json\/wp\/v2\/users\/9"}],"replies":[{"embeddable":true,"href":"https:\/\/reporteroshoy.mx\/noticias\/wp-json\/wp\/v2\/comments?post=59053"}],"version-history":[{"count":0,"href":"https:\/\/reporteroshoy.mx\/noticias\/wp-json\/wp\/v2\/posts\/59053\/revisions"}],"wp:featuredmedia":[{"embeddable":true,"href":"https:\/\/reporteroshoy.mx\/noticias\/wp-json\/wp\/v2\/media\/59054"}],"wp:attachment":[{"href":"https:\/\/reporteroshoy.mx\/noticias\/wp-json\/wp\/v2\/media?parent=59053"}],"wp:term":[{"taxonomy":"category","embeddable":true,"href":"https:\/\/reporteroshoy.mx\/noticias\/wp-json\/wp\/v2\/categories?post=59053"},{"taxonomy":"post_tag","embeddable":true,"href":"https:\/\/reporteroshoy.mx\/noticias\/wp-json\/wp\/v2\/tags?post=59053"}],"curies":[{"name":"wp","href":"https:\/\/api.w.org\/{rel}","templated":true}]}}