{"id":59060,"date":"2021-03-12T12:00:51","date_gmt":"2021-03-12T18:00:51","guid":{"rendered":"https:\/\/reporteroshoy.mx\/noticias\/?p=59060"},"modified":"2021-03-12T21:09:59","modified_gmt":"2021-03-13T03:09:59","slug":"tailandia-se-suma-a-paises-que-suspenden-vacunacion-con-astrazeneca","status":"publish","type":"post","link":"https:\/\/reporteroshoy.mx\/noticias\/tailandia-se-suma-a-paises-que-suspenden-vacunacion-con-astrazeneca\/","title":{"rendered":"Tailandia se suma a pa\u00edses que suspenden vacunaci\u00f3n con AstraZeneca"},"content":{"rendered":"<p style=\"text-align: justify;\">Tailandia; 12 de marzo de 2021 (El Universal).- Tailandia\u00a0decidi\u00f3 retrasar el lanzamiento de la campa\u00f1a de vacunaci\u00f3n con\u00a0AstraZeneca, anunci\u00f3 el viernes un alto cargo de las autoridades sanitarias, en medio de temores de que la\u00a0vacuna\u00a0pueda provocar trombos.<\/p>\n<p style=\"text-align: justify;\">\u00abAunque la calidad de AstraZeneca es buena, algunos pa\u00edses han pedido que se retrase\u00bb su uso y \u00abnosotros tambi\u00e9n lo retrasaremos\u00bb, declar\u00f3 en rueda de prensa Piyasakol Sakolsatayadorn, asesor del comit\u00e9 nacional encargado de la campa\u00f1a de vacunaci\u00f3n contra el\u00a0Covid-19\u00a0en el pa\u00eds.<\/p>\n<p><img loading=\"lazy\" decoding=\"async\" class=\"wp-image-59061 aligncenter\" src=\"https:\/\/reporteroshoy.mx\/noticias\/wp-content\/uploads\/2021\/03\/AstraZeneca-Tailandia.jpg\" alt=\"\" width=\"600\" height=\"338\" \/><\/p>\n<h4 style=\"text-align: justify;\"><strong>Recomiendan seguir con vacunaci\u00f3n en Europa\u00a0<\/strong><\/h4>\n<p style=\"text-align: justify;\">La Agencia Europea del Medicamento (EMA) recomend\u00f3 \u201cseguir administrando\u201d la vacuna contra\u00a0Covid-19\u00a0de AstraZeneca en la Uni\u00f3n Europea (UE), suspendida este jueves por varios pa\u00edses europeos por problemas de coagulaci\u00f3n diagnosticados tras la vacunaci\u00f3n, y consider\u00f3 que \u201clos beneficios de la vacuna siguen superando sus riesgos\u201d.<\/p>\n<p style=\"text-align: justify;\">El comit\u00e9 de seguridad (PRAC) de la EMA, que se reuni\u00f3 este jueves para revisar todos los casos de eventos tromboemb\u00f3licos y otras afecciones relacionadas con co\u00e1gulos sangu\u00edneos, concluy\u00f3 que, de momento, \u201cno hay indicios de que la vacunaci\u00f3n haya causado estas afecciones, que no se enumeran como efectos secundarios de esta vacuna\u201d.<\/p>\n<p style=\"text-align: justify;\">Italia, Dinamarca, Noruega e Islandia, adem\u00e1s de Estonia, Lituania, Letonia y Luxemburgo, se encuentran entre los pa\u00edses europeos que decidieron suspender la inmunizaci\u00f3n con todas las dosis de AstraZeneca, o solo con alg\u00fan lote en concreto, a la espera de que el PRAC finalice su investigaci\u00f3n sobre los casos reportados.<\/p>\n<p style=\"text-align: justify;\">La voz de alarma la dio Austria, que retir\u00f3 el pasado domingo el lote ABV5300 como medida de precauci\u00f3n tras la muerte de una persona diagnosticada con trombosis m\u00faltiple -formaci\u00f3n de co\u00e1gulos sangu\u00edneos- y la enfermedad de otra coincidiendo con su vacunaci\u00f3n.<\/p>\n<p style=\"text-align: justify;\">No obstante, las autoridades sanitarias de Austria dijeron que no ven raz\u00f3n para suspender la administraci\u00f3n de la vacuna de la AstraZeneca.<\/p>\n","protected":false},"excerpt":{"rendered":"<p>Autoridades sanitarias consideraron que aunque la calidad de la vacuna de AstraZeneca \u00abes buena\u00bb, por el momento pospondr\u00e1n su aplicaci\u00f3n.<\/p>\n","protected":false},"author":9,"featured_media":59061,"comment_status":"open","ping_status":"closed","sticky":false,"template":"","format":"standard","meta":{"footnotes":""},"categories":[10],"tags":[12700,6517,9581],"class_list":["post-59060","post","type-post","status-publish","format-standard","has-post-thumbnail","hentry","category-internacional","tag-astrazeneca","tag-tailandia","tag-vacunacion"],"yoast_head":"<!-- This site is optimized with the Yoast SEO plugin v28.4 - https:\/\/yoast.com\/product\/yoast-seo-wordpress\/ -->\n<title>Tailandia se suma a pa\u00edses que suspenden vacunaci\u00f3n con AstraZeneca<\/title>\n<meta name=\"description\" content=\"Autoridades sanitarias consideraron que aunque la calidad de la vacuna de AstraZeneca &quot;es buena&quot;, por el momento pospondr\u00e1n su aplicaci\u00f3n.\" \/>\n<meta name=\"robots\" content=\"index, follow, max-snippet:-1, max-image-preview:large, max-video-preview:-1\" \/>\n<link rel=\"canonical\" href=\"https:\/\/reporteroshoy.mx\/noticias\/tailandia-se-suma-a-paises-que-suspenden-vacunacion-con-astrazeneca\/\" \/>\n<meta property=\"og:locale\" content=\"es_ES\" \/>\n<meta property=\"og:type\" content=\"article\" \/>\n<meta property=\"og:title\" content=\"Tailandia se suma a pa\u00edses que suspenden vacunaci\u00f3n con AstraZeneca\" \/>\n<meta property=\"og:description\" content=\"Autoridades sanitarias consideraron que aunque la calidad de la vacuna de AstraZeneca &quot;es buena&quot;, por el momento pospondr\u00e1n su aplicaci\u00f3n.\" \/>\n<meta property=\"og:url\" content=\"https:\/\/reporteroshoy.mx\/noticias\/tailandia-se-suma-a-paises-que-suspenden-vacunacion-con-astrazeneca\/\" \/>\n<meta property=\"og:site_name\" content=\"Reporteros Hoy | Noticias de Yucat\u00e1n\" \/>\n<meta property=\"article:publisher\" content=\"http:\/\/www.facebook.com\/reporteroshoymx\" \/>\n<meta property=\"article:published_time\" content=\"2021-03-12T18:00:51+00:00\" \/>\n<meta property=\"article:modified_time\" content=\"2021-03-13T03:09:59+00:00\" \/>\n<meta property=\"og:image\" content=\"https:\/\/reporteroshoy.mx\/noticias\/wp-content\/uploads\/2021\/03\/AstraZeneca-Tailandia.jpg\" \/>\n\t<meta property=\"og:image:width\" content=\"768\" \/>\n\t<meta property=\"og:image:height\" content=\"432\" \/>\n\t<meta property=\"og:image:type\" content=\"image\/jpeg\" \/>\n<meta name=\"author\" content=\"Reporteros Hoy WP\" \/>\n<meta name=\"twitter:card\" content=\"summary_large_image\" \/>\n<meta name=\"twitter:creator\" content=\"@reporteroshoy\" \/>\n<meta name=\"twitter:site\" content=\"@reporteroshoy\" \/>\n<meta name=\"twitter:label1\" content=\"Escrito por\" \/>\n\t<meta name=\"twitter:data1\" content=\"Reporteros Hoy WP\" \/>\n\t<meta name=\"twitter:label2\" content=\"Tiempo de lectura\" \/>\n\t<meta name=\"twitter:data2\" content=\"2 minutos\" \/>\n<script type=\"application\/ld+json\" class=\"yoast-schema-graph\">{\"@context\":\"https:\\\/\\\/schema.org\",\"@graph\":[{\"@type\":\"Article\",\"@id\":\"https:\\\/\\\/reporteroshoy.mx\\\/noticias\\\/tailandia-se-suma-a-paises-que-suspenden-vacunacion-con-astrazeneca\\\/#article\",\"isPartOf\":{\"@id\":\"https:\\\/\\\/reporteroshoy.mx\\\/noticias\\\/tailandia-se-suma-a-paises-que-suspenden-vacunacion-con-astrazeneca\\\/\"},\"author\":{\"name\":\"Reporteros Hoy WP\",\"@id\":\"https:\\\/\\\/reporteroshoy.mx\\\/noticias\\\/#\\\/schema\\\/person\\\/c977527e57c958a62c5cefe8fe47876e\"},\"headline\":\"Tailandia se suma a pa\u00edses que suspenden vacunaci\u00f3n con AstraZeneca\",\"datePublished\":\"2021-03-12T18:00:51+00:00\",\"dateModified\":\"2021-03-13T03:09:59+00:00\",\"mainEntityOfPage\":{\"@id\":\"https:\\\/\\\/reporteroshoy.mx\\\/noticias\\\/tailandia-se-suma-a-paises-que-suspenden-vacunacion-con-astrazeneca\\\/\"},\"wordCount\":345,\"commentCount\":0,\"image\":{\"@id\":\"https:\\\/\\\/reporteroshoy.mx\\\/noticias\\\/tailandia-se-suma-a-paises-que-suspenden-vacunacion-con-astrazeneca\\\/#primaryimage\"},\"thumbnailUrl\":\"https:\\\/\\\/reporteroshoy.mx\\\/noticias\\\/wp-content\\\/uploads\\\/2021\\\/03\\\/AstraZeneca-Tailandia.jpg\",\"keywords\":[\"AstraZeneca\",\"Tailandia\",\"Vacunaci\u00f3n\"],\"articleSection\":[\"Internacional\"],\"inLanguage\":\"es\",\"potentialAction\":[{\"@type\":\"CommentAction\",\"name\":\"Comment\",\"target\":[\"https:\\\/\\\/reporteroshoy.mx\\\/noticias\\\/tailandia-se-suma-a-paises-que-suspenden-vacunacion-con-astrazeneca\\\/#respond\"]}]},{\"@type\":\"WebPage\",\"@id\":\"https:\\\/\\\/reporteroshoy.mx\\\/noticias\\\/tailandia-se-suma-a-paises-que-suspenden-vacunacion-con-astrazeneca\\\/\",\"url\":\"https:\\\/\\\/reporteroshoy.mx\\\/noticias\\\/tailandia-se-suma-a-paises-que-suspenden-vacunacion-con-astrazeneca\\\/\",\"name\":\"Tailandia se suma a pa\u00edses que suspenden vacunaci\u00f3n con AstraZeneca\",\"isPartOf\":{\"@id\":\"https:\\\/\\\/reporteroshoy.mx\\\/noticias\\\/#website\"},\"primaryImageOfPage\":{\"@id\":\"https:\\\/\\\/reporteroshoy.mx\\\/noticias\\\/tailandia-se-suma-a-paises-que-suspenden-vacunacion-con-astrazeneca\\\/#primaryimage\"},\"image\":{\"@id\":\"https:\\\/\\\/reporteroshoy.mx\\\/noticias\\\/tailandia-se-suma-a-paises-que-suspenden-vacunacion-con-astrazeneca\\\/#primaryimage\"},\"thumbnailUrl\":\"https:\\\/\\\/reporteroshoy.mx\\\/noticias\\\/wp-content\\\/uploads\\\/2021\\\/03\\\/AstraZeneca-Tailandia.jpg\",\"datePublished\":\"2021-03-12T18:00:51+00:00\",\"dateModified\":\"2021-03-13T03:09:59+00:00\",\"author\":{\"@id\":\"https:\\\/\\\/reporteroshoy.mx\\\/noticias\\\/#\\\/schema\\\/person\\\/c977527e57c958a62c5cefe8fe47876e\"},\"description\":\"Autoridades sanitarias consideraron que aunque la calidad de la vacuna de AstraZeneca \\\"es buena\\\", por el momento pospondr\u00e1n su aplicaci\u00f3n.\",\"breadcrumb\":{\"@id\":\"https:\\\/\\\/reporteroshoy.mx\\\/noticias\\\/tailandia-se-suma-a-paises-que-suspenden-vacunacion-con-astrazeneca\\\/#breadcrumb\"},\"inLanguage\":\"es\",\"potentialAction\":[{\"@type\":\"ReadAction\",\"target\":[\"https:\\\/\\\/reporteroshoy.mx\\\/noticias\\\/tailandia-se-suma-a-paises-que-suspenden-vacunacion-con-astrazeneca\\\/\"]}]},{\"@type\":\"ImageObject\",\"inLanguage\":\"es\",\"@id\":\"https:\\\/\\\/reporteroshoy.mx\\\/noticias\\\/tailandia-se-suma-a-paises-que-suspenden-vacunacion-con-astrazeneca\\\/#primaryimage\",\"url\":\"https:\\\/\\\/reporteroshoy.mx\\\/noticias\\\/wp-content\\\/uploads\\\/2021\\\/03\\\/AstraZeneca-Tailandia.jpg\",\"contentUrl\":\"https:\\\/\\\/reporteroshoy.mx\\\/noticias\\\/wp-content\\\/uploads\\\/2021\\\/03\\\/AstraZeneca-Tailandia.jpg\",\"width\":768,\"height\":432},{\"@type\":\"BreadcrumbList\",\"@id\":\"https:\\\/\\\/reporteroshoy.mx\\\/noticias\\\/tailandia-se-suma-a-paises-que-suspenden-vacunacion-con-astrazeneca\\\/#breadcrumb\",\"itemListElement\":[{\"@type\":\"ListItem\",\"position\":1,\"name\":\"Portada\",\"item\":\"https:\\\/\\\/reporteroshoy.mx\\\/noticias\\\/\"},{\"@type\":\"ListItem\",\"position\":2,\"name\":\"Tailandia se suma a pa\u00edses que suspenden vacunaci\u00f3n con AstraZeneca\"}]},{\"@type\":\"WebSite\",\"@id\":\"https:\\\/\\\/reporteroshoy.mx\\\/noticias\\\/#website\",\"url\":\"https:\\\/\\\/reporteroshoy.mx\\\/noticias\\\/\",\"name\":\"Reporteros Hoy | Noticias de Yucat\u00e1n\",\"description\":\"Peri\u00f3dico digital con noticias diarias desde M\u00e9rida, Yucat\u00e1n para el mundo.\",\"potentialAction\":[{\"@type\":\"SearchAction\",\"target\":{\"@type\":\"EntryPoint\",\"urlTemplate\":\"https:\\\/\\\/reporteroshoy.mx\\\/noticias\\\/?s={search_term_string}\"},\"query-input\":{\"@type\":\"PropertyValueSpecification\",\"valueRequired\":true,\"valueName\":\"search_term_string\"}}],\"inLanguage\":\"es\"},{\"@type\":\"Person\",\"@id\":\"https:\\\/\\\/reporteroshoy.mx\\\/noticias\\\/#\\\/schema\\\/person\\\/c977527e57c958a62c5cefe8fe47876e\",\"name\":\"Reporteros Hoy WP\",\"image\":{\"@type\":\"ImageObject\",\"inLanguage\":\"es\",\"@id\":\"https:\\\/\\\/secure.gravatar.com\\\/avatar\\\/fd2917f79a7dae30f8ac9ddc2f35e1756bb59e25e01d1cd09deaa64df7b2f73e?s=96&d=mm&r=g\",\"url\":\"https:\\\/\\\/secure.gravatar.com\\\/avatar\\\/fd2917f79a7dae30f8ac9ddc2f35e1756bb59e25e01d1cd09deaa64df7b2f73e?s=96&d=mm&r=g\",\"contentUrl\":\"https:\\\/\\\/secure.gravatar.com\\\/avatar\\\/fd2917f79a7dae30f8ac9ddc2f35e1756bb59e25e01d1cd09deaa64df7b2f73e?s=96&d=mm&r=g\",\"caption\":\"Reporteros Hoy WP\"},\"url\":\"https:\\\/\\\/reporteroshoy.mx\\\/noticias\\\/author\\\/walfer\\\/\"}]}<\/script>\n<!-- \/ Yoast SEO plugin. -->","yoast_head_json":{"title":"Tailandia se suma a pa\u00edses que suspenden vacunaci\u00f3n con AstraZeneca","description":"Autoridades sanitarias consideraron que aunque la calidad de la vacuna de AstraZeneca \"es buena\", por el momento pospondr\u00e1n su aplicaci\u00f3n.","robots":{"index":"index","follow":"follow","max-snippet":"max-snippet:-1","max-image-preview":"max-image-preview:large","max-video-preview":"max-video-preview:-1"},"canonical":"https:\/\/reporteroshoy.mx\/noticias\/tailandia-se-suma-a-paises-que-suspenden-vacunacion-con-astrazeneca\/","og_locale":"es_ES","og_type":"article","og_title":"Tailandia se suma a pa\u00edses que suspenden vacunaci\u00f3n con AstraZeneca","og_description":"Autoridades sanitarias consideraron que aunque la calidad de la vacuna de AstraZeneca \"es buena\", por el momento pospondr\u00e1n su aplicaci\u00f3n.","og_url":"https:\/\/reporteroshoy.mx\/noticias\/tailandia-se-suma-a-paises-que-suspenden-vacunacion-con-astrazeneca\/","og_site_name":"Reporteros Hoy | Noticias de Yucat\u00e1n","article_publisher":"http:\/\/www.facebook.com\/reporteroshoymx","article_published_time":"2021-03-12T18:00:51+00:00","article_modified_time":"2021-03-13T03:09:59+00:00","og_image":[{"width":768,"height":432,"url":"https:\/\/reporteroshoy.mx\/noticias\/wp-content\/uploads\/2021\/03\/AstraZeneca-Tailandia.jpg","type":"image\/jpeg"}],"author":"Reporteros Hoy WP","twitter_card":"summary_large_image","twitter_creator":"@reporteroshoy","twitter_site":"@reporteroshoy","twitter_misc":{"Escrito por":"Reporteros Hoy WP","Tiempo de lectura":"2 minutos"},"schema":{"@context":"https:\/\/schema.org","@graph":[{"@type":"Article","@id":"https:\/\/reporteroshoy.mx\/noticias\/tailandia-se-suma-a-paises-que-suspenden-vacunacion-con-astrazeneca\/#article","isPartOf":{"@id":"https:\/\/reporteroshoy.mx\/noticias\/tailandia-se-suma-a-paises-que-suspenden-vacunacion-con-astrazeneca\/"},"author":{"name":"Reporteros Hoy WP","@id":"https:\/\/reporteroshoy.mx\/noticias\/#\/schema\/person\/c977527e57c958a62c5cefe8fe47876e"},"headline":"Tailandia se suma a pa\u00edses que suspenden vacunaci\u00f3n con AstraZeneca","datePublished":"2021-03-12T18:00:51+00:00","dateModified":"2021-03-13T03:09:59+00:00","mainEntityOfPage":{"@id":"https:\/\/reporteroshoy.mx\/noticias\/tailandia-se-suma-a-paises-que-suspenden-vacunacion-con-astrazeneca\/"},"wordCount":345,"commentCount":0,"image":{"@id":"https:\/\/reporteroshoy.mx\/noticias\/tailandia-se-suma-a-paises-que-suspenden-vacunacion-con-astrazeneca\/#primaryimage"},"thumbnailUrl":"https:\/\/reporteroshoy.mx\/noticias\/wp-content\/uploads\/2021\/03\/AstraZeneca-Tailandia.jpg","keywords":["AstraZeneca","Tailandia","Vacunaci\u00f3n"],"articleSection":["Internacional"],"inLanguage":"es","potentialAction":[{"@type":"CommentAction","name":"Comment","target":["https:\/\/reporteroshoy.mx\/noticias\/tailandia-se-suma-a-paises-que-suspenden-vacunacion-con-astrazeneca\/#respond"]}]},{"@type":"WebPage","@id":"https:\/\/reporteroshoy.mx\/noticias\/tailandia-se-suma-a-paises-que-suspenden-vacunacion-con-astrazeneca\/","url":"https:\/\/reporteroshoy.mx\/noticias\/tailandia-se-suma-a-paises-que-suspenden-vacunacion-con-astrazeneca\/","name":"Tailandia se suma a pa\u00edses que suspenden vacunaci\u00f3n con AstraZeneca","isPartOf":{"@id":"https:\/\/reporteroshoy.mx\/noticias\/#website"},"primaryImageOfPage":{"@id":"https:\/\/reporteroshoy.mx\/noticias\/tailandia-se-suma-a-paises-que-suspenden-vacunacion-con-astrazeneca\/#primaryimage"},"image":{"@id":"https:\/\/reporteroshoy.mx\/noticias\/tailandia-se-suma-a-paises-que-suspenden-vacunacion-con-astrazeneca\/#primaryimage"},"thumbnailUrl":"https:\/\/reporteroshoy.mx\/noticias\/wp-content\/uploads\/2021\/03\/AstraZeneca-Tailandia.jpg","datePublished":"2021-03-12T18:00:51+00:00","dateModified":"2021-03-13T03:09:59+00:00","author":{"@id":"https:\/\/reporteroshoy.mx\/noticias\/#\/schema\/person\/c977527e57c958a62c5cefe8fe47876e"},"description":"Autoridades sanitarias consideraron que aunque la calidad de la vacuna de AstraZeneca \"es buena\", por el momento pospondr\u00e1n su aplicaci\u00f3n.","breadcrumb":{"@id":"https:\/\/reporteroshoy.mx\/noticias\/tailandia-se-suma-a-paises-que-suspenden-vacunacion-con-astrazeneca\/#breadcrumb"},"inLanguage":"es","potentialAction":[{"@type":"ReadAction","target":["https:\/\/reporteroshoy.mx\/noticias\/tailandia-se-suma-a-paises-que-suspenden-vacunacion-con-astrazeneca\/"]}]},{"@type":"ImageObject","inLanguage":"es","@id":"https:\/\/reporteroshoy.mx\/noticias\/tailandia-se-suma-a-paises-que-suspenden-vacunacion-con-astrazeneca\/#primaryimage","url":"https:\/\/reporteroshoy.mx\/noticias\/wp-content\/uploads\/2021\/03\/AstraZeneca-Tailandia.jpg","contentUrl":"https:\/\/reporteroshoy.mx\/noticias\/wp-content\/uploads\/2021\/03\/AstraZeneca-Tailandia.jpg","width":768,"height":432},{"@type":"BreadcrumbList","@id":"https:\/\/reporteroshoy.mx\/noticias\/tailandia-se-suma-a-paises-que-suspenden-vacunacion-con-astrazeneca\/#breadcrumb","itemListElement":[{"@type":"ListItem","position":1,"name":"Portada","item":"https:\/\/reporteroshoy.mx\/noticias\/"},{"@type":"ListItem","position":2,"name":"Tailandia se suma a pa\u00edses que suspenden vacunaci\u00f3n con AstraZeneca"}]},{"@type":"WebSite","@id":"https:\/\/reporteroshoy.mx\/noticias\/#website","url":"https:\/\/reporteroshoy.mx\/noticias\/","name":"Reporteros Hoy | Noticias de Yucat\u00e1n","description":"Peri\u00f3dico digital con noticias diarias desde M\u00e9rida, Yucat\u00e1n para el mundo.","potentialAction":[{"@type":"SearchAction","target":{"@type":"EntryPoint","urlTemplate":"https:\/\/reporteroshoy.mx\/noticias\/?s={search_term_string}"},"query-input":{"@type":"PropertyValueSpecification","valueRequired":true,"valueName":"search_term_string"}}],"inLanguage":"es"},{"@type":"Person","@id":"https:\/\/reporteroshoy.mx\/noticias\/#\/schema\/person\/c977527e57c958a62c5cefe8fe47876e","name":"Reporteros Hoy WP","image":{"@type":"ImageObject","inLanguage":"es","@id":"https:\/\/secure.gravatar.com\/avatar\/fd2917f79a7dae30f8ac9ddc2f35e1756bb59e25e01d1cd09deaa64df7b2f73e?s=96&d=mm&r=g","url":"https:\/\/secure.gravatar.com\/avatar\/fd2917f79a7dae30f8ac9ddc2f35e1756bb59e25e01d1cd09deaa64df7b2f73e?s=96&d=mm&r=g","contentUrl":"https:\/\/secure.gravatar.com\/avatar\/fd2917f79a7dae30f8ac9ddc2f35e1756bb59e25e01d1cd09deaa64df7b2f73e?s=96&d=mm&r=g","caption":"Reporteros Hoy WP"},"url":"https:\/\/reporteroshoy.mx\/noticias\/author\/walfer\/"}]}},"_links":{"self":[{"href":"https:\/\/reporteroshoy.mx\/noticias\/wp-json\/wp\/v2\/posts\/59060","targetHints":{"allow":["GET"]}}],"collection":[{"href":"https:\/\/reporteroshoy.mx\/noticias\/wp-json\/wp\/v2\/posts"}],"about":[{"href":"https:\/\/reporteroshoy.mx\/noticias\/wp-json\/wp\/v2\/types\/post"}],"author":[{"embeddable":true,"href":"https:\/\/reporteroshoy.mx\/noticias\/wp-json\/wp\/v2\/users\/9"}],"replies":[{"embeddable":true,"href":"https:\/\/reporteroshoy.mx\/noticias\/wp-json\/wp\/v2\/comments?post=59060"}],"version-history":[{"count":0,"href":"https:\/\/reporteroshoy.mx\/noticias\/wp-json\/wp\/v2\/posts\/59060\/revisions"}],"wp:featuredmedia":[{"embeddable":true,"href":"https:\/\/reporteroshoy.mx\/noticias\/wp-json\/wp\/v2\/media\/59061"}],"wp:attachment":[{"href":"https:\/\/reporteroshoy.mx\/noticias\/wp-json\/wp\/v2\/media?parent=59060"}],"wp:term":[{"taxonomy":"category","embeddable":true,"href":"https:\/\/reporteroshoy.mx\/noticias\/wp-json\/wp\/v2\/categories?post=59060"},{"taxonomy":"post_tag","embeddable":true,"href":"https:\/\/reporteroshoy.mx\/noticias\/wp-json\/wp\/v2\/tags?post=59060"}],"curies":[{"name":"wp","href":"https:\/\/api.w.org\/{rel}","templated":true}]}}