{"id":59214,"date":"2021-03-13T19:30:00","date_gmt":"2021-03-14T01:30:00","guid":{"rendered":"https:\/\/reporteroshoy.mx\/noticias\/?p=59214"},"modified":"2021-03-15T23:57:58","modified_gmt":"2021-03-16T05:57:58","slug":"versazo-contra-deisy","status":"publish","type":"post","link":"https:\/\/reporteroshoy.mx\/noticias\/versazo-contra-deisy\/","title":{"rendered":"\u2018Versazo\u2019 contra Deisy"},"content":{"rendered":"<p style=\"text-align: justify;\">Tizim\u00edn, Yucat\u00e1n, 14 de marzo de 2021 (ACOM).- Luego de perder el control de su veh\u00edculo, un joven conductor termin\u00f3 chocando contra una barda cuando circulaba sobre la calle 50 entre 69 y 69 a de la colonia Santa Rosa de Lima.<\/p>\n<p><img loading=\"lazy\" decoding=\"async\" class=\"wp-image-59211 aligncenter\" src=\"https:\/\/reporteroshoy.mx\/noticias\/wp-content\/uploads\/2021\/03\/TIZIMIN_BARDA-2.jpg\" alt=\"\" width=\"583\" height=\"391\" \/><\/p>\n<p>Se averigu\u00f3 que Jos\u00e9 Alejandro B.B., de 19 a\u00f1os de edad, circulaba a bordo de un veh\u00edculo Versa y fue a dar contra el muro de Deisy Aurora B.D., de 54 a\u00f1os de edad.<\/p>\n<p><img loading=\"lazy\" decoding=\"async\" class=\"wp-image-59210 aligncenter\" src=\"https:\/\/reporteroshoy.mx\/noticias\/wp-content\/uploads\/2021\/03\/TIZIMIN_BARDA-3.jpg\" alt=\"\" width=\"650\" height=\"328\" \/><\/p>\n<p>Tras dialogar, los involucrados llegaron a un arreglo en el sitio para la reparaci\u00f3n de los da\u00f1os.<\/p>\n","protected":false},"excerpt":{"rendered":"<p>Luego de perder el control de su veh\u00edculo, un joven conductor termin\u00f3 chocando contra una barda en la colonia Santa Rosa de Lima. <\/p>\n","protected":false},"author":5,"featured_media":59211,"comment_status":"open","ping_status":"closed","sticky":false,"template":"","format":"standard","meta":{"footnotes":""},"categories":[11],"tags":[146,437,2860],"class_list":["post-59214","post","type-post","status-publish","format-standard","has-post-thumbnail","hentry","category-municipios-de-yucatan","tag-accidente","tag-choque","tag-versa"],"yoast_head":"<!-- This site is optimized with the Yoast SEO plugin v28.4 - https:\/\/yoast.com\/product\/yoast-seo-wordpress\/ -->\n<title>\u2018Versazo\u2019 contra Deisy<\/title>\n<meta name=\"description\" content=\"Luego de perder el control de su veh\u00edculo, un joven conductor termin\u00f3 chocando contra una barda en la colonia Santa Rosa de Lima.\" \/>\n<meta name=\"robots\" content=\"index, follow, max-snippet:-1, max-image-preview:large, max-video-preview:-1\" \/>\n<link rel=\"canonical\" href=\"https:\/\/reporteroshoy.mx\/noticias\/versazo-contra-deisy\/\" \/>\n<meta property=\"og:locale\" content=\"es_ES\" \/>\n<meta property=\"og:type\" content=\"article\" \/>\n<meta property=\"og:title\" content=\"\u2018Versazo\u2019 contra Deisy\" \/>\n<meta property=\"og:description\" content=\"Luego de perder el control de su veh\u00edculo, un joven conductor termin\u00f3 chocando contra una barda en la colonia Santa Rosa de Lima.\" \/>\n<meta property=\"og:url\" content=\"https:\/\/reporteroshoy.mx\/noticias\/versazo-contra-deisy\/\" \/>\n<meta property=\"og:site_name\" content=\"Reporteros Hoy | Noticias de Yucat\u00e1n\" \/>\n<meta property=\"article:publisher\" content=\"http:\/\/www.facebook.com\/reporteroshoymx\" \/>\n<meta property=\"article:published_time\" content=\"2021-03-14T01:30:00+00:00\" \/>\n<meta property=\"article:modified_time\" content=\"2021-03-16T05:57:58+00:00\" \/>\n<meta property=\"og:image\" content=\"https:\/\/reporteroshoy.mx\/noticias\/wp-content\/uploads\/2021\/03\/TIZIMIN_BARDA-2.jpg\" \/>\n\t<meta property=\"og:image:width\" content=\"750\" \/>\n\t<meta property=\"og:image:height\" content=\"503\" \/>\n\t<meta property=\"og:image:type\" content=\"image\/jpeg\" \/>\n<meta name=\"author\" content=\"Reporteros Hoy IM\" \/>\n<meta name=\"twitter:card\" content=\"summary_large_image\" \/>\n<meta name=\"twitter:creator\" content=\"@reporteroshoy\" \/>\n<meta name=\"twitter:site\" content=\"@reporteroshoy\" \/>\n<meta name=\"twitter:label1\" content=\"Escrito por\" \/>\n\t<meta name=\"twitter:data1\" content=\"Reporteros Hoy IM\" \/>\n\t<meta name=\"twitter:label2\" content=\"Tiempo de lectura\" \/>\n\t<meta name=\"twitter:data2\" content=\"1 minuto\" \/>\n<script type=\"application\/ld+json\" class=\"yoast-schema-graph\">{\"@context\":\"https:\\\/\\\/schema.org\",\"@graph\":[{\"@type\":\"Article\",\"@id\":\"https:\\\/\\\/reporteroshoy.mx\\\/noticias\\\/versazo-contra-deisy\\\/#article\",\"isPartOf\":{\"@id\":\"https:\\\/\\\/reporteroshoy.mx\\\/noticias\\\/versazo-contra-deisy\\\/\"},\"author\":{\"name\":\"Reporteros Hoy IM\",\"@id\":\"https:\\\/\\\/reporteroshoy.mx\\\/noticias\\\/#\\\/schema\\\/person\\\/948520f0d88b01be2e5266bc4acbbc15\"},\"headline\":\"\u2018Versazo\u2019 contra Deisy\",\"datePublished\":\"2021-03-14T01:30:00+00:00\",\"dateModified\":\"2021-03-16T05:57:58+00:00\",\"mainEntityOfPage\":{\"@id\":\"https:\\\/\\\/reporteroshoy.mx\\\/noticias\\\/versazo-contra-deisy\\\/\"},\"wordCount\":100,\"commentCount\":0,\"image\":{\"@id\":\"https:\\\/\\\/reporteroshoy.mx\\\/noticias\\\/versazo-contra-deisy\\\/#primaryimage\"},\"thumbnailUrl\":\"https:\\\/\\\/reporteroshoy.mx\\\/noticias\\\/wp-content\\\/uploads\\\/2021\\\/03\\\/TIZIMIN_BARDA-2.jpg\",\"keywords\":[\"accidente\",\"Choque\",\"Versa\"],\"articleSection\":[\"Municipios\"],\"inLanguage\":\"es\",\"potentialAction\":[{\"@type\":\"CommentAction\",\"name\":\"Comment\",\"target\":[\"https:\\\/\\\/reporteroshoy.mx\\\/noticias\\\/versazo-contra-deisy\\\/#respond\"]}]},{\"@type\":\"WebPage\",\"@id\":\"https:\\\/\\\/reporteroshoy.mx\\\/noticias\\\/versazo-contra-deisy\\\/\",\"url\":\"https:\\\/\\\/reporteroshoy.mx\\\/noticias\\\/versazo-contra-deisy\\\/\",\"name\":\"\u2018Versazo\u2019 contra Deisy\",\"isPartOf\":{\"@id\":\"https:\\\/\\\/reporteroshoy.mx\\\/noticias\\\/#website\"},\"primaryImageOfPage\":{\"@id\":\"https:\\\/\\\/reporteroshoy.mx\\\/noticias\\\/versazo-contra-deisy\\\/#primaryimage\"},\"image\":{\"@id\":\"https:\\\/\\\/reporteroshoy.mx\\\/noticias\\\/versazo-contra-deisy\\\/#primaryimage\"},\"thumbnailUrl\":\"https:\\\/\\\/reporteroshoy.mx\\\/noticias\\\/wp-content\\\/uploads\\\/2021\\\/03\\\/TIZIMIN_BARDA-2.jpg\",\"datePublished\":\"2021-03-14T01:30:00+00:00\",\"dateModified\":\"2021-03-16T05:57:58+00:00\",\"author\":{\"@id\":\"https:\\\/\\\/reporteroshoy.mx\\\/noticias\\\/#\\\/schema\\\/person\\\/948520f0d88b01be2e5266bc4acbbc15\"},\"description\":\"Luego de perder el control de su veh\u00edculo, un joven conductor termin\u00f3 chocando contra una barda en la colonia Santa Rosa de Lima.\",\"breadcrumb\":{\"@id\":\"https:\\\/\\\/reporteroshoy.mx\\\/noticias\\\/versazo-contra-deisy\\\/#breadcrumb\"},\"inLanguage\":\"es\",\"potentialAction\":[{\"@type\":\"ReadAction\",\"target\":[\"https:\\\/\\\/reporteroshoy.mx\\\/noticias\\\/versazo-contra-deisy\\\/\"]}]},{\"@type\":\"ImageObject\",\"inLanguage\":\"es\",\"@id\":\"https:\\\/\\\/reporteroshoy.mx\\\/noticias\\\/versazo-contra-deisy\\\/#primaryimage\",\"url\":\"https:\\\/\\\/reporteroshoy.mx\\\/noticias\\\/wp-content\\\/uploads\\\/2021\\\/03\\\/TIZIMIN_BARDA-2.jpg\",\"contentUrl\":\"https:\\\/\\\/reporteroshoy.mx\\\/noticias\\\/wp-content\\\/uploads\\\/2021\\\/03\\\/TIZIMIN_BARDA-2.jpg\",\"width\":750,\"height\":503},{\"@type\":\"BreadcrumbList\",\"@id\":\"https:\\\/\\\/reporteroshoy.mx\\\/noticias\\\/versazo-contra-deisy\\\/#breadcrumb\",\"itemListElement\":[{\"@type\":\"ListItem\",\"position\":1,\"name\":\"Portada\",\"item\":\"https:\\\/\\\/reporteroshoy.mx\\\/noticias\\\/\"},{\"@type\":\"ListItem\",\"position\":2,\"name\":\"\u2018Versazo\u2019 contra Deisy\"}]},{\"@type\":\"WebSite\",\"@id\":\"https:\\\/\\\/reporteroshoy.mx\\\/noticias\\\/#website\",\"url\":\"https:\\\/\\\/reporteroshoy.mx\\\/noticias\\\/\",\"name\":\"Reporteros Hoy | Noticias de Yucat\u00e1n\",\"description\":\"Peri\u00f3dico digital con noticias diarias desde M\u00e9rida, Yucat\u00e1n para el mundo.\",\"potentialAction\":[{\"@type\":\"SearchAction\",\"target\":{\"@type\":\"EntryPoint\",\"urlTemplate\":\"https:\\\/\\\/reporteroshoy.mx\\\/noticias\\\/?s={search_term_string}\"},\"query-input\":{\"@type\":\"PropertyValueSpecification\",\"valueRequired\":true,\"valueName\":\"search_term_string\"}}],\"inLanguage\":\"es\"},{\"@type\":\"Person\",\"@id\":\"https:\\\/\\\/reporteroshoy.mx\\\/noticias\\\/#\\\/schema\\\/person\\\/948520f0d88b01be2e5266bc4acbbc15\",\"name\":\"Reporteros Hoy IM\",\"image\":{\"@type\":\"ImageObject\",\"inLanguage\":\"es\",\"@id\":\"https:\\\/\\\/secure.gravatar.com\\\/avatar\\\/d843030b96552826ac048bdfe26f2895604b800ed0c880ee55765a74d95dfc65?s=96&d=mm&r=g\",\"url\":\"https:\\\/\\\/secure.gravatar.com\\\/avatar\\\/d843030b96552826ac048bdfe26f2895604b800ed0c880ee55765a74d95dfc65?s=96&d=mm&r=g\",\"contentUrl\":\"https:\\\/\\\/secure.gravatar.com\\\/avatar\\\/d843030b96552826ac048bdfe26f2895604b800ed0c880ee55765a74d95dfc65?s=96&d=mm&r=g\",\"caption\":\"Reporteros Hoy IM\"},\"url\":\"https:\\\/\\\/reporteroshoy.mx\\\/noticias\\\/author\\\/israel\\\/\"}]}<\/script>\n<!-- \/ Yoast SEO plugin. -->","yoast_head_json":{"title":"\u2018Versazo\u2019 contra Deisy","description":"Luego de perder el control de su veh\u00edculo, un joven conductor termin\u00f3 chocando contra una barda en la colonia Santa Rosa de Lima.","robots":{"index":"index","follow":"follow","max-snippet":"max-snippet:-1","max-image-preview":"max-image-preview:large","max-video-preview":"max-video-preview:-1"},"canonical":"https:\/\/reporteroshoy.mx\/noticias\/versazo-contra-deisy\/","og_locale":"es_ES","og_type":"article","og_title":"\u2018Versazo\u2019 contra Deisy","og_description":"Luego de perder el control de su veh\u00edculo, un joven conductor termin\u00f3 chocando contra una barda en la colonia Santa Rosa de Lima.","og_url":"https:\/\/reporteroshoy.mx\/noticias\/versazo-contra-deisy\/","og_site_name":"Reporteros Hoy | Noticias de Yucat\u00e1n","article_publisher":"http:\/\/www.facebook.com\/reporteroshoymx","article_published_time":"2021-03-14T01:30:00+00:00","article_modified_time":"2021-03-16T05:57:58+00:00","og_image":[{"width":750,"height":503,"url":"https:\/\/reporteroshoy.mx\/noticias\/wp-content\/uploads\/2021\/03\/TIZIMIN_BARDA-2.jpg","type":"image\/jpeg"}],"author":"Reporteros Hoy IM","twitter_card":"summary_large_image","twitter_creator":"@reporteroshoy","twitter_site":"@reporteroshoy","twitter_misc":{"Escrito por":"Reporteros Hoy IM","Tiempo de lectura":"1 minuto"},"schema":{"@context":"https:\/\/schema.org","@graph":[{"@type":"Article","@id":"https:\/\/reporteroshoy.mx\/noticias\/versazo-contra-deisy\/#article","isPartOf":{"@id":"https:\/\/reporteroshoy.mx\/noticias\/versazo-contra-deisy\/"},"author":{"name":"Reporteros Hoy IM","@id":"https:\/\/reporteroshoy.mx\/noticias\/#\/schema\/person\/948520f0d88b01be2e5266bc4acbbc15"},"headline":"\u2018Versazo\u2019 contra Deisy","datePublished":"2021-03-14T01:30:00+00:00","dateModified":"2021-03-16T05:57:58+00:00","mainEntityOfPage":{"@id":"https:\/\/reporteroshoy.mx\/noticias\/versazo-contra-deisy\/"},"wordCount":100,"commentCount":0,"image":{"@id":"https:\/\/reporteroshoy.mx\/noticias\/versazo-contra-deisy\/#primaryimage"},"thumbnailUrl":"https:\/\/reporteroshoy.mx\/noticias\/wp-content\/uploads\/2021\/03\/TIZIMIN_BARDA-2.jpg","keywords":["accidente","Choque","Versa"],"articleSection":["Municipios"],"inLanguage":"es","potentialAction":[{"@type":"CommentAction","name":"Comment","target":["https:\/\/reporteroshoy.mx\/noticias\/versazo-contra-deisy\/#respond"]}]},{"@type":"WebPage","@id":"https:\/\/reporteroshoy.mx\/noticias\/versazo-contra-deisy\/","url":"https:\/\/reporteroshoy.mx\/noticias\/versazo-contra-deisy\/","name":"\u2018Versazo\u2019 contra Deisy","isPartOf":{"@id":"https:\/\/reporteroshoy.mx\/noticias\/#website"},"primaryImageOfPage":{"@id":"https:\/\/reporteroshoy.mx\/noticias\/versazo-contra-deisy\/#primaryimage"},"image":{"@id":"https:\/\/reporteroshoy.mx\/noticias\/versazo-contra-deisy\/#primaryimage"},"thumbnailUrl":"https:\/\/reporteroshoy.mx\/noticias\/wp-content\/uploads\/2021\/03\/TIZIMIN_BARDA-2.jpg","datePublished":"2021-03-14T01:30:00+00:00","dateModified":"2021-03-16T05:57:58+00:00","author":{"@id":"https:\/\/reporteroshoy.mx\/noticias\/#\/schema\/person\/948520f0d88b01be2e5266bc4acbbc15"},"description":"Luego de perder el control de su veh\u00edculo, un joven conductor termin\u00f3 chocando contra una barda en la colonia Santa Rosa de Lima.","breadcrumb":{"@id":"https:\/\/reporteroshoy.mx\/noticias\/versazo-contra-deisy\/#breadcrumb"},"inLanguage":"es","potentialAction":[{"@type":"ReadAction","target":["https:\/\/reporteroshoy.mx\/noticias\/versazo-contra-deisy\/"]}]},{"@type":"ImageObject","inLanguage":"es","@id":"https:\/\/reporteroshoy.mx\/noticias\/versazo-contra-deisy\/#primaryimage","url":"https:\/\/reporteroshoy.mx\/noticias\/wp-content\/uploads\/2021\/03\/TIZIMIN_BARDA-2.jpg","contentUrl":"https:\/\/reporteroshoy.mx\/noticias\/wp-content\/uploads\/2021\/03\/TIZIMIN_BARDA-2.jpg","width":750,"height":503},{"@type":"BreadcrumbList","@id":"https:\/\/reporteroshoy.mx\/noticias\/versazo-contra-deisy\/#breadcrumb","itemListElement":[{"@type":"ListItem","position":1,"name":"Portada","item":"https:\/\/reporteroshoy.mx\/noticias\/"},{"@type":"ListItem","position":2,"name":"\u2018Versazo\u2019 contra Deisy"}]},{"@type":"WebSite","@id":"https:\/\/reporteroshoy.mx\/noticias\/#website","url":"https:\/\/reporteroshoy.mx\/noticias\/","name":"Reporteros Hoy | Noticias de Yucat\u00e1n","description":"Peri\u00f3dico digital con noticias diarias desde M\u00e9rida, Yucat\u00e1n para el mundo.","potentialAction":[{"@type":"SearchAction","target":{"@type":"EntryPoint","urlTemplate":"https:\/\/reporteroshoy.mx\/noticias\/?s={search_term_string}"},"query-input":{"@type":"PropertyValueSpecification","valueRequired":true,"valueName":"search_term_string"}}],"inLanguage":"es"},{"@type":"Person","@id":"https:\/\/reporteroshoy.mx\/noticias\/#\/schema\/person\/948520f0d88b01be2e5266bc4acbbc15","name":"Reporteros Hoy IM","image":{"@type":"ImageObject","inLanguage":"es","@id":"https:\/\/secure.gravatar.com\/avatar\/d843030b96552826ac048bdfe26f2895604b800ed0c880ee55765a74d95dfc65?s=96&d=mm&r=g","url":"https:\/\/secure.gravatar.com\/avatar\/d843030b96552826ac048bdfe26f2895604b800ed0c880ee55765a74d95dfc65?s=96&d=mm&r=g","contentUrl":"https:\/\/secure.gravatar.com\/avatar\/d843030b96552826ac048bdfe26f2895604b800ed0c880ee55765a74d95dfc65?s=96&d=mm&r=g","caption":"Reporteros Hoy IM"},"url":"https:\/\/reporteroshoy.mx\/noticias\/author\/israel\/"}]}},"_links":{"self":[{"href":"https:\/\/reporteroshoy.mx\/noticias\/wp-json\/wp\/v2\/posts\/59214","targetHints":{"allow":["GET"]}}],"collection":[{"href":"https:\/\/reporteroshoy.mx\/noticias\/wp-json\/wp\/v2\/posts"}],"about":[{"href":"https:\/\/reporteroshoy.mx\/noticias\/wp-json\/wp\/v2\/types\/post"}],"author":[{"embeddable":true,"href":"https:\/\/reporteroshoy.mx\/noticias\/wp-json\/wp\/v2\/users\/5"}],"replies":[{"embeddable":true,"href":"https:\/\/reporteroshoy.mx\/noticias\/wp-json\/wp\/v2\/comments?post=59214"}],"version-history":[{"count":0,"href":"https:\/\/reporteroshoy.mx\/noticias\/wp-json\/wp\/v2\/posts\/59214\/revisions"}],"wp:featuredmedia":[{"embeddable":true,"href":"https:\/\/reporteroshoy.mx\/noticias\/wp-json\/wp\/v2\/media\/59211"}],"wp:attachment":[{"href":"https:\/\/reporteroshoy.mx\/noticias\/wp-json\/wp\/v2\/media?parent=59214"}],"wp:term":[{"taxonomy":"category","embeddable":true,"href":"https:\/\/reporteroshoy.mx\/noticias\/wp-json\/wp\/v2\/categories?post=59214"},{"taxonomy":"post_tag","embeddable":true,"href":"https:\/\/reporteroshoy.mx\/noticias\/wp-json\/wp\/v2\/tags?post=59214"}],"curies":[{"name":"wp","href":"https:\/\/api.w.org\/{rel}","templated":true}]}}