{"id":59606,"date":"2021-03-18T15:00:58","date_gmt":"2021-03-18T21:00:58","guid":{"rendered":"https:\/\/reporteroshoy.mx\/noticias\/?p=59606"},"modified":"2021-03-18T18:33:13","modified_gmt":"2021-03-19T00:33:13","slug":"en-veremos-apertura-de-centros-nocturnos-bares-y-cantinas-en-yucatan","status":"publish","type":"post","link":"https:\/\/reporteroshoy.mx\/noticias\/en-veremos-apertura-de-centros-nocturnos-bares-y-cantinas-en-yucatan\/","title":{"rendered":"En veremos, apertura de centros nocturnos, bares y cantinas en Yucat\u00e1n"},"content":{"rendered":"<p class=\"x_MsoNormal\" style=\"text-align: justify;\"><span class=\"\">M\u00e9rida, Yucat\u00e1n; 18 de marzo de 2021 (ACOM).- Las actividades de centros nocturnos, bares, cantinas, entretenimiento y ocio a\u00fan no est\u00e1n a discusi\u00f3n y se mantendr\u00e1n las restricciones de movilidad nocturna, asever\u00f3 Iv\u00e1n Rodr\u00edguez Gasque, presidente de la C\u00e1mara de Comercio de M\u00e9rida (Canacome)<\/span><\/p>\n<p class=\"x_MsoNormal\" style=\"text-align: justify;\"><span class=\"\">No est\u00e1 previsto por el momento la discusi\u00f3n sobre la reapertura de las actividades nocturnas, esto tambi\u00e9n aplica para los municipios del interior.<\/span><\/p>\n<p class=\"x_MsoNormal\" style=\"text-align: justify;\"><span class=\"\">Rodr\u00edguez Gasque manifest\u00f3 que la temporada vacacional de Semana Santa ser\u00e1 importante para los comerciantes de la costa, se espera que muchas familias acudan a su casa de la playa y otras m\u00e1s durante los fines de semana de la Semana Mayor y Pascua, pero no est\u00e1n autorizadas las actividades en la llamada zona de discotecas y restaurantes de Chicxulub.<\/span><\/p>\n<p class=\"x_MsoNormal\" style=\"text-align: justify;\"><span class=\"\">Con respecto a los cambios que anunci\u00f3 el gobernador para la \u00faltima semana del mes de marzo, el presidente de la Canacome destac\u00f3 que, se analizan cambios en el acercamiento de rutas y remover maceteros, aumento de los horarios de zona de carga y descarga, as\u00ed como la modificaci\u00f3n de horarios y las rutas de transporte p\u00fablico.<\/span><\/p>\n<p><img loading=\"lazy\" decoding=\"async\" class=\"wp-image-59607 aligncenter\" src=\"https:\/\/reporteroshoy.mx\/noticias\/wp-content\/uploads\/2021\/03\/Centros-nocturnos.jpg\" alt=\"\" width=\"600\" height=\"338\" \/><\/p>\n<p class=\"x_MsoNormal\" style=\"text-align: justify;\"><span class=\"\">Los cambios ser\u00e1n a partir del pr\u00f3ximo lunes 29 de marzo, tarea que servir\u00e1 para recuperar las actividades comerciales del Centro Hist\u00f3rico de M\u00e9rida.<\/span><\/p>\n<p class=\"x_MsoNormal\" style=\"text-align: justify;\"><span class=\"\">El l\u00edder empresarial destac\u00f3 que como C\u00e1mara de Comercio han mantenido un constante di\u00e1logo con el Gobierno del Estado y con el Ayuntamiento de M\u00e9rida sobre el proyecto de movilidad desde el principio de su implementaci\u00f3n, con todas las complejidades que eso implica, partiendo de la base que todos los proyectos son perfectibles.<\/span><\/p>\n<p class=\"x_MsoNormal\" style=\"text-align: justify;\"><span class=\"\">\u201cSomos conscientes de que el objetivo ha sido salvaguardar la salud de los yucatecos afectando en la menor forma posible a los comercios, por ello se han dado cambios desde el proyecto original como algunos acercamientos de paraderos, la creaci\u00f3n de la ruta enlace del ayuntamiento y la de acercamiento del gobierno del estado\u201d, finaliz\u00f3.<\/span><\/p>\n","protected":false},"excerpt":{"rendered":"<p>La Canacome inform\u00f3 que por ahora no est\u00e1 en discusi\u00f3n la reapertura de actividades nocturnas, ya que los contagios y hospitalizaciones siguen en aumento.<\/p>\n","protected":false},"author":9,"featured_media":59607,"comment_status":"open","ping_status":"closed","sticky":false,"template":"","format":"standard","meta":{"footnotes":""},"categories":[17],"tags":[16843,10574,16841,16842,4862],"class_list":["post-59606","post","type-post","status-publish","format-standard","has-post-thumbnail","hentry","category-yucatan","tag-actividades-nocturnas","tag-bares","tag-canacome","tag-cantinas","tag-centros-nocturnos"],"yoast_head":"<!-- This site is optimized with the Yoast SEO plugin v28.4 - https:\/\/yoast.com\/product\/yoast-seo-wordpress\/ -->\n<title>En veremos, apertura de centros nocturnos, bares y cantinas en Yucat\u00e1n<\/title>\n<meta name=\"description\" content=\"La Canacome inform\u00f3 que por ahora no est\u00e1 en discusi\u00f3n la reapertura de actividades nocturnas, ya que los contagios y hospitalizaciones siguen en aumento.\" \/>\n<meta name=\"robots\" content=\"index, follow, max-snippet:-1, max-image-preview:large, max-video-preview:-1\" \/>\n<link rel=\"canonical\" href=\"https:\/\/reporteroshoy.mx\/noticias\/en-veremos-apertura-de-centros-nocturnos-bares-y-cantinas-en-yucatan\/\" \/>\n<meta property=\"og:locale\" content=\"es_ES\" \/>\n<meta property=\"og:type\" content=\"article\" \/>\n<meta property=\"og:title\" content=\"En veremos, apertura de centros nocturnos, bares y cantinas en Yucat\u00e1n\" \/>\n<meta property=\"og:description\" content=\"La Canacome inform\u00f3 que por ahora no est\u00e1 en discusi\u00f3n la reapertura de actividades nocturnas, ya que los contagios y hospitalizaciones siguen en aumento.\" \/>\n<meta property=\"og:url\" content=\"https:\/\/reporteroshoy.mx\/noticias\/en-veremos-apertura-de-centros-nocturnos-bares-y-cantinas-en-yucatan\/\" \/>\n<meta property=\"og:site_name\" content=\"Reporteros Hoy | Noticias de Yucat\u00e1n\" \/>\n<meta property=\"article:publisher\" content=\"http:\/\/www.facebook.com\/reporteroshoymx\" \/>\n<meta property=\"article:published_time\" content=\"2021-03-18T21:00:58+00:00\" \/>\n<meta property=\"article:modified_time\" content=\"2021-03-19T00:33:13+00:00\" \/>\n<meta property=\"og:image\" content=\"https:\/\/reporteroshoy.mx\/noticias\/wp-content\/uploads\/2021\/03\/Centros-nocturnos.jpg\" \/>\n\t<meta property=\"og:image:width\" content=\"768\" \/>\n\t<meta property=\"og:image:height\" content=\"432\" \/>\n\t<meta property=\"og:image:type\" content=\"image\/jpeg\" \/>\n<meta name=\"author\" content=\"Reporteros Hoy WP\" \/>\n<meta name=\"twitter:card\" content=\"summary_large_image\" \/>\n<meta name=\"twitter:creator\" content=\"@reporteroshoy\" \/>\n<meta name=\"twitter:site\" content=\"@reporteroshoy\" \/>\n<meta name=\"twitter:label1\" content=\"Escrito por\" \/>\n\t<meta name=\"twitter:data1\" content=\"Reporteros Hoy WP\" \/>\n\t<meta name=\"twitter:label2\" content=\"Tiempo de lectura\" \/>\n\t<meta name=\"twitter:data2\" content=\"2 minutos\" \/>\n<script type=\"application\/ld+json\" class=\"yoast-schema-graph\">{\"@context\":\"https:\\\/\\\/schema.org\",\"@graph\":[{\"@type\":\"Article\",\"@id\":\"https:\\\/\\\/reporteroshoy.mx\\\/noticias\\\/en-veremos-apertura-de-centros-nocturnos-bares-y-cantinas-en-yucatan\\\/#article\",\"isPartOf\":{\"@id\":\"https:\\\/\\\/reporteroshoy.mx\\\/noticias\\\/en-veremos-apertura-de-centros-nocturnos-bares-y-cantinas-en-yucatan\\\/\"},\"author\":{\"name\":\"Reporteros Hoy WP\",\"@id\":\"https:\\\/\\\/reporteroshoy.mx\\\/noticias\\\/#\\\/schema\\\/person\\\/c977527e57c958a62c5cefe8fe47876e\"},\"headline\":\"En veremos, apertura de centros nocturnos, bares y cantinas en Yucat\u00e1n\",\"datePublished\":\"2021-03-18T21:00:58+00:00\",\"dateModified\":\"2021-03-19T00:33:13+00:00\",\"mainEntityOfPage\":{\"@id\":\"https:\\\/\\\/reporteroshoy.mx\\\/noticias\\\/en-veremos-apertura-de-centros-nocturnos-bares-y-cantinas-en-yucatan\\\/\"},\"wordCount\":353,\"commentCount\":0,\"image\":{\"@id\":\"https:\\\/\\\/reporteroshoy.mx\\\/noticias\\\/en-veremos-apertura-de-centros-nocturnos-bares-y-cantinas-en-yucatan\\\/#primaryimage\"},\"thumbnailUrl\":\"https:\\\/\\\/reporteroshoy.mx\\\/noticias\\\/wp-content\\\/uploads\\\/2021\\\/03\\\/Centros-nocturnos.jpg\",\"keywords\":[\"Actividades nocturnas\",\"bares\",\"Canacome\",\"cantinas\",\"Centros Nocturnos\"],\"articleSection\":[\"Yucat\u00e1n\"],\"inLanguage\":\"es\",\"potentialAction\":[{\"@type\":\"CommentAction\",\"name\":\"Comment\",\"target\":[\"https:\\\/\\\/reporteroshoy.mx\\\/noticias\\\/en-veremos-apertura-de-centros-nocturnos-bares-y-cantinas-en-yucatan\\\/#respond\"]}]},{\"@type\":\"WebPage\",\"@id\":\"https:\\\/\\\/reporteroshoy.mx\\\/noticias\\\/en-veremos-apertura-de-centros-nocturnos-bares-y-cantinas-en-yucatan\\\/\",\"url\":\"https:\\\/\\\/reporteroshoy.mx\\\/noticias\\\/en-veremos-apertura-de-centros-nocturnos-bares-y-cantinas-en-yucatan\\\/\",\"name\":\"En veremos, apertura de centros nocturnos, bares y cantinas en Yucat\u00e1n\",\"isPartOf\":{\"@id\":\"https:\\\/\\\/reporteroshoy.mx\\\/noticias\\\/#website\"},\"primaryImageOfPage\":{\"@id\":\"https:\\\/\\\/reporteroshoy.mx\\\/noticias\\\/en-veremos-apertura-de-centros-nocturnos-bares-y-cantinas-en-yucatan\\\/#primaryimage\"},\"image\":{\"@id\":\"https:\\\/\\\/reporteroshoy.mx\\\/noticias\\\/en-veremos-apertura-de-centros-nocturnos-bares-y-cantinas-en-yucatan\\\/#primaryimage\"},\"thumbnailUrl\":\"https:\\\/\\\/reporteroshoy.mx\\\/noticias\\\/wp-content\\\/uploads\\\/2021\\\/03\\\/Centros-nocturnos.jpg\",\"datePublished\":\"2021-03-18T21:00:58+00:00\",\"dateModified\":\"2021-03-19T00:33:13+00:00\",\"author\":{\"@id\":\"https:\\\/\\\/reporteroshoy.mx\\\/noticias\\\/#\\\/schema\\\/person\\\/c977527e57c958a62c5cefe8fe47876e\"},\"description\":\"La Canacome inform\u00f3 que por ahora no est\u00e1 en discusi\u00f3n la reapertura de actividades nocturnas, ya que los contagios y hospitalizaciones siguen en aumento.\",\"breadcrumb\":{\"@id\":\"https:\\\/\\\/reporteroshoy.mx\\\/noticias\\\/en-veremos-apertura-de-centros-nocturnos-bares-y-cantinas-en-yucatan\\\/#breadcrumb\"},\"inLanguage\":\"es\",\"potentialAction\":[{\"@type\":\"ReadAction\",\"target\":[\"https:\\\/\\\/reporteroshoy.mx\\\/noticias\\\/en-veremos-apertura-de-centros-nocturnos-bares-y-cantinas-en-yucatan\\\/\"]}]},{\"@type\":\"ImageObject\",\"inLanguage\":\"es\",\"@id\":\"https:\\\/\\\/reporteroshoy.mx\\\/noticias\\\/en-veremos-apertura-de-centros-nocturnos-bares-y-cantinas-en-yucatan\\\/#primaryimage\",\"url\":\"https:\\\/\\\/reporteroshoy.mx\\\/noticias\\\/wp-content\\\/uploads\\\/2021\\\/03\\\/Centros-nocturnos.jpg\",\"contentUrl\":\"https:\\\/\\\/reporteroshoy.mx\\\/noticias\\\/wp-content\\\/uploads\\\/2021\\\/03\\\/Centros-nocturnos.jpg\",\"width\":768,\"height\":432},{\"@type\":\"BreadcrumbList\",\"@id\":\"https:\\\/\\\/reporteroshoy.mx\\\/noticias\\\/en-veremos-apertura-de-centros-nocturnos-bares-y-cantinas-en-yucatan\\\/#breadcrumb\",\"itemListElement\":[{\"@type\":\"ListItem\",\"position\":1,\"name\":\"Portada\",\"item\":\"https:\\\/\\\/reporteroshoy.mx\\\/noticias\\\/\"},{\"@type\":\"ListItem\",\"position\":2,\"name\":\"En veremos, apertura de centros nocturnos, bares y cantinas en Yucat\u00e1n\"}]},{\"@type\":\"WebSite\",\"@id\":\"https:\\\/\\\/reporteroshoy.mx\\\/noticias\\\/#website\",\"url\":\"https:\\\/\\\/reporteroshoy.mx\\\/noticias\\\/\",\"name\":\"Reporteros Hoy | Noticias de Yucat\u00e1n\",\"description\":\"Peri\u00f3dico digital con noticias diarias desde M\u00e9rida, Yucat\u00e1n para el mundo.\",\"potentialAction\":[{\"@type\":\"SearchAction\",\"target\":{\"@type\":\"EntryPoint\",\"urlTemplate\":\"https:\\\/\\\/reporteroshoy.mx\\\/noticias\\\/?s={search_term_string}\"},\"query-input\":{\"@type\":\"PropertyValueSpecification\",\"valueRequired\":true,\"valueName\":\"search_term_string\"}}],\"inLanguage\":\"es\"},{\"@type\":\"Person\",\"@id\":\"https:\\\/\\\/reporteroshoy.mx\\\/noticias\\\/#\\\/schema\\\/person\\\/c977527e57c958a62c5cefe8fe47876e\",\"name\":\"Reporteros Hoy WP\",\"image\":{\"@type\":\"ImageObject\",\"inLanguage\":\"es\",\"@id\":\"https:\\\/\\\/secure.gravatar.com\\\/avatar\\\/fd2917f79a7dae30f8ac9ddc2f35e1756bb59e25e01d1cd09deaa64df7b2f73e?s=96&d=mm&r=g\",\"url\":\"https:\\\/\\\/secure.gravatar.com\\\/avatar\\\/fd2917f79a7dae30f8ac9ddc2f35e1756bb59e25e01d1cd09deaa64df7b2f73e?s=96&d=mm&r=g\",\"contentUrl\":\"https:\\\/\\\/secure.gravatar.com\\\/avatar\\\/fd2917f79a7dae30f8ac9ddc2f35e1756bb59e25e01d1cd09deaa64df7b2f73e?s=96&d=mm&r=g\",\"caption\":\"Reporteros Hoy WP\"},\"url\":\"https:\\\/\\\/reporteroshoy.mx\\\/noticias\\\/author\\\/walfer\\\/\"}]}<\/script>\n<!-- \/ Yoast SEO plugin. -->","yoast_head_json":{"title":"En veremos, apertura de centros nocturnos, bares y cantinas en Yucat\u00e1n","description":"La Canacome inform\u00f3 que por ahora no est\u00e1 en discusi\u00f3n la reapertura de actividades nocturnas, ya que los contagios y hospitalizaciones siguen en aumento.","robots":{"index":"index","follow":"follow","max-snippet":"max-snippet:-1","max-image-preview":"max-image-preview:large","max-video-preview":"max-video-preview:-1"},"canonical":"https:\/\/reporteroshoy.mx\/noticias\/en-veremos-apertura-de-centros-nocturnos-bares-y-cantinas-en-yucatan\/","og_locale":"es_ES","og_type":"article","og_title":"En veremos, apertura de centros nocturnos, bares y cantinas en Yucat\u00e1n","og_description":"La Canacome inform\u00f3 que por ahora no est\u00e1 en discusi\u00f3n la reapertura de actividades nocturnas, ya que los contagios y hospitalizaciones siguen en aumento.","og_url":"https:\/\/reporteroshoy.mx\/noticias\/en-veremos-apertura-de-centros-nocturnos-bares-y-cantinas-en-yucatan\/","og_site_name":"Reporteros Hoy | Noticias de Yucat\u00e1n","article_publisher":"http:\/\/www.facebook.com\/reporteroshoymx","article_published_time":"2021-03-18T21:00:58+00:00","article_modified_time":"2021-03-19T00:33:13+00:00","og_image":[{"width":768,"height":432,"url":"https:\/\/reporteroshoy.mx\/noticias\/wp-content\/uploads\/2021\/03\/Centros-nocturnos.jpg","type":"image\/jpeg"}],"author":"Reporteros Hoy WP","twitter_card":"summary_large_image","twitter_creator":"@reporteroshoy","twitter_site":"@reporteroshoy","twitter_misc":{"Escrito por":"Reporteros Hoy WP","Tiempo de lectura":"2 minutos"},"schema":{"@context":"https:\/\/schema.org","@graph":[{"@type":"Article","@id":"https:\/\/reporteroshoy.mx\/noticias\/en-veremos-apertura-de-centros-nocturnos-bares-y-cantinas-en-yucatan\/#article","isPartOf":{"@id":"https:\/\/reporteroshoy.mx\/noticias\/en-veremos-apertura-de-centros-nocturnos-bares-y-cantinas-en-yucatan\/"},"author":{"name":"Reporteros Hoy WP","@id":"https:\/\/reporteroshoy.mx\/noticias\/#\/schema\/person\/c977527e57c958a62c5cefe8fe47876e"},"headline":"En veremos, apertura de centros nocturnos, bares y cantinas en Yucat\u00e1n","datePublished":"2021-03-18T21:00:58+00:00","dateModified":"2021-03-19T00:33:13+00:00","mainEntityOfPage":{"@id":"https:\/\/reporteroshoy.mx\/noticias\/en-veremos-apertura-de-centros-nocturnos-bares-y-cantinas-en-yucatan\/"},"wordCount":353,"commentCount":0,"image":{"@id":"https:\/\/reporteroshoy.mx\/noticias\/en-veremos-apertura-de-centros-nocturnos-bares-y-cantinas-en-yucatan\/#primaryimage"},"thumbnailUrl":"https:\/\/reporteroshoy.mx\/noticias\/wp-content\/uploads\/2021\/03\/Centros-nocturnos.jpg","keywords":["Actividades nocturnas","bares","Canacome","cantinas","Centros Nocturnos"],"articleSection":["Yucat\u00e1n"],"inLanguage":"es","potentialAction":[{"@type":"CommentAction","name":"Comment","target":["https:\/\/reporteroshoy.mx\/noticias\/en-veremos-apertura-de-centros-nocturnos-bares-y-cantinas-en-yucatan\/#respond"]}]},{"@type":"WebPage","@id":"https:\/\/reporteroshoy.mx\/noticias\/en-veremos-apertura-de-centros-nocturnos-bares-y-cantinas-en-yucatan\/","url":"https:\/\/reporteroshoy.mx\/noticias\/en-veremos-apertura-de-centros-nocturnos-bares-y-cantinas-en-yucatan\/","name":"En veremos, apertura de centros nocturnos, bares y cantinas en Yucat\u00e1n","isPartOf":{"@id":"https:\/\/reporteroshoy.mx\/noticias\/#website"},"primaryImageOfPage":{"@id":"https:\/\/reporteroshoy.mx\/noticias\/en-veremos-apertura-de-centros-nocturnos-bares-y-cantinas-en-yucatan\/#primaryimage"},"image":{"@id":"https:\/\/reporteroshoy.mx\/noticias\/en-veremos-apertura-de-centros-nocturnos-bares-y-cantinas-en-yucatan\/#primaryimage"},"thumbnailUrl":"https:\/\/reporteroshoy.mx\/noticias\/wp-content\/uploads\/2021\/03\/Centros-nocturnos.jpg","datePublished":"2021-03-18T21:00:58+00:00","dateModified":"2021-03-19T00:33:13+00:00","author":{"@id":"https:\/\/reporteroshoy.mx\/noticias\/#\/schema\/person\/c977527e57c958a62c5cefe8fe47876e"},"description":"La Canacome inform\u00f3 que por ahora no est\u00e1 en discusi\u00f3n la reapertura de actividades nocturnas, ya que los contagios y hospitalizaciones siguen en aumento.","breadcrumb":{"@id":"https:\/\/reporteroshoy.mx\/noticias\/en-veremos-apertura-de-centros-nocturnos-bares-y-cantinas-en-yucatan\/#breadcrumb"},"inLanguage":"es","potentialAction":[{"@type":"ReadAction","target":["https:\/\/reporteroshoy.mx\/noticias\/en-veremos-apertura-de-centros-nocturnos-bares-y-cantinas-en-yucatan\/"]}]},{"@type":"ImageObject","inLanguage":"es","@id":"https:\/\/reporteroshoy.mx\/noticias\/en-veremos-apertura-de-centros-nocturnos-bares-y-cantinas-en-yucatan\/#primaryimage","url":"https:\/\/reporteroshoy.mx\/noticias\/wp-content\/uploads\/2021\/03\/Centros-nocturnos.jpg","contentUrl":"https:\/\/reporteroshoy.mx\/noticias\/wp-content\/uploads\/2021\/03\/Centros-nocturnos.jpg","width":768,"height":432},{"@type":"BreadcrumbList","@id":"https:\/\/reporteroshoy.mx\/noticias\/en-veremos-apertura-de-centros-nocturnos-bares-y-cantinas-en-yucatan\/#breadcrumb","itemListElement":[{"@type":"ListItem","position":1,"name":"Portada","item":"https:\/\/reporteroshoy.mx\/noticias\/"},{"@type":"ListItem","position":2,"name":"En veremos, apertura de centros nocturnos, bares y cantinas en Yucat\u00e1n"}]},{"@type":"WebSite","@id":"https:\/\/reporteroshoy.mx\/noticias\/#website","url":"https:\/\/reporteroshoy.mx\/noticias\/","name":"Reporteros Hoy | Noticias de Yucat\u00e1n","description":"Peri\u00f3dico digital con noticias diarias desde M\u00e9rida, Yucat\u00e1n para el mundo.","potentialAction":[{"@type":"SearchAction","target":{"@type":"EntryPoint","urlTemplate":"https:\/\/reporteroshoy.mx\/noticias\/?s={search_term_string}"},"query-input":{"@type":"PropertyValueSpecification","valueRequired":true,"valueName":"search_term_string"}}],"inLanguage":"es"},{"@type":"Person","@id":"https:\/\/reporteroshoy.mx\/noticias\/#\/schema\/person\/c977527e57c958a62c5cefe8fe47876e","name":"Reporteros Hoy WP","image":{"@type":"ImageObject","inLanguage":"es","@id":"https:\/\/secure.gravatar.com\/avatar\/fd2917f79a7dae30f8ac9ddc2f35e1756bb59e25e01d1cd09deaa64df7b2f73e?s=96&d=mm&r=g","url":"https:\/\/secure.gravatar.com\/avatar\/fd2917f79a7dae30f8ac9ddc2f35e1756bb59e25e01d1cd09deaa64df7b2f73e?s=96&d=mm&r=g","contentUrl":"https:\/\/secure.gravatar.com\/avatar\/fd2917f79a7dae30f8ac9ddc2f35e1756bb59e25e01d1cd09deaa64df7b2f73e?s=96&d=mm&r=g","caption":"Reporteros Hoy WP"},"url":"https:\/\/reporteroshoy.mx\/noticias\/author\/walfer\/"}]}},"_links":{"self":[{"href":"https:\/\/reporteroshoy.mx\/noticias\/wp-json\/wp\/v2\/posts\/59606","targetHints":{"allow":["GET"]}}],"collection":[{"href":"https:\/\/reporteroshoy.mx\/noticias\/wp-json\/wp\/v2\/posts"}],"about":[{"href":"https:\/\/reporteroshoy.mx\/noticias\/wp-json\/wp\/v2\/types\/post"}],"author":[{"embeddable":true,"href":"https:\/\/reporteroshoy.mx\/noticias\/wp-json\/wp\/v2\/users\/9"}],"replies":[{"embeddable":true,"href":"https:\/\/reporteroshoy.mx\/noticias\/wp-json\/wp\/v2\/comments?post=59606"}],"version-history":[{"count":0,"href":"https:\/\/reporteroshoy.mx\/noticias\/wp-json\/wp\/v2\/posts\/59606\/revisions"}],"wp:featuredmedia":[{"embeddable":true,"href":"https:\/\/reporteroshoy.mx\/noticias\/wp-json\/wp\/v2\/media\/59607"}],"wp:attachment":[{"href":"https:\/\/reporteroshoy.mx\/noticias\/wp-json\/wp\/v2\/media?parent=59606"}],"wp:term":[{"taxonomy":"category","embeddable":true,"href":"https:\/\/reporteroshoy.mx\/noticias\/wp-json\/wp\/v2\/categories?post=59606"},{"taxonomy":"post_tag","embeddable":true,"href":"https:\/\/reporteroshoy.mx\/noticias\/wp-json\/wp\/v2\/tags?post=59606"}],"curies":[{"name":"wp","href":"https:\/\/api.w.org\/{rel}","templated":true}]}}