{"id":59640,"date":"2021-03-18T20:50:44","date_gmt":"2021-03-19T02:50:44","guid":{"rendered":"https:\/\/reporteroshoy.mx\/noticias\/?p=59640"},"modified":"2021-03-22T10:18:49","modified_gmt":"2021-03-22T16:18:49","slug":"otro-irresponsable-choca-a-motociclista-y-se-escapa-en-su-vento","status":"publish","type":"post","link":"https:\/\/reporteroshoy.mx\/noticias\/otro-irresponsable-choca-a-motociclista-y-se-escapa-en-su-vento\/","title":{"rendered":"Otro irresponsable: choca a motociclista y se escapa en su Vento"},"content":{"rendered":"<p style=\"text-align: justify;\">Tizim\u00edn, Yucat\u00e1n, 18 de marzo de 2021 (ACOM).- Despu\u00e9s de chocar a un motociclista y el conductor de un veh\u00edculo pretendi\u00f3 darse a la fuga, pero fue detenido por agentes de la polic\u00eda municipal.<\/p>\n<p><img loading=\"lazy\" decoding=\"async\" class=\"wp-image-59641 aligncenter\" src=\"https:\/\/reporteroshoy.mx\/noticias\/wp-content\/uploads\/2021\/03\/TIZIMIN_ACCIDENTE_VENTO.jpg\" alt=\"\" width=\"625\" height=\"351\" \/><\/p>\n<p style=\"text-align: justify;\">Los hechos se registraron en la calle 51 por 68 de la colonia San Mart\u00edn, cuando Ra\u00fal Alberto T.B., de 21 a\u00f1os, circulaba en una motocicleta Italika y fue impactado por un veh\u00edculo Vento cuyo conductor no respet\u00f3 la se\u00f1al de alto y se escap\u00f3.<\/p>\n<p style=\"text-align: justify;\">Cuadras m\u00e1s adelante, el responsable del accidente fue detenido por la polic\u00eda municipal y trasladado a la c\u00e1rcel p\u00fablica para el deslinde de responsabilidades.<\/p>\n","protected":false},"excerpt":{"rendered":"<p>Cuadras m\u00e1s adelante, el responsable del accidente fue detenido por la polic\u00eda municipal y trasladado a la c\u00e1rcel p\u00fablica para el deslinde de responsabilidades.<\/p>\n","protected":false},"author":5,"featured_media":59641,"comment_status":"open","ping_status":"closed","sticky":false,"template":"","format":"standard","meta":{"footnotes":""},"categories":[11],"tags":[146,437,9099,109,4224],"class_list":["post-59640","post","type-post","status-publish","format-standard","has-post-thumbnail","hentry","category-municipios-de-yucatan","tag-accidente","tag-choque","tag-italika","tag-tizimin","tag-vento"],"yoast_head":"<!-- This site is optimized with the Yoast SEO plugin v28.4 - https:\/\/yoast.com\/product\/yoast-seo-wordpress\/ -->\n<title>Otro irresponsable: choca a motociclista y se escapa en su Vento<\/title>\n<meta name=\"description\" content=\"Cuadras m\u00e1s adelante, el responsable del accidente fue detenido por la polic\u00eda municipal y trasladado a la c\u00e1rcel p\u00fablica para el deslinde de responsabilidades.\" \/>\n<meta name=\"robots\" content=\"index, follow, max-snippet:-1, max-image-preview:large, max-video-preview:-1\" \/>\n<link rel=\"canonical\" href=\"https:\/\/reporteroshoy.mx\/noticias\/otro-irresponsable-choca-a-motociclista-y-se-escapa-en-su-vento\/\" \/>\n<meta property=\"og:locale\" content=\"es_ES\" \/>\n<meta property=\"og:type\" content=\"article\" \/>\n<meta property=\"og:title\" content=\"Otro irresponsable: choca a motociclista y se escapa en su Vento\" \/>\n<meta property=\"og:description\" content=\"Cuadras m\u00e1s adelante, el responsable del accidente fue detenido por la polic\u00eda municipal y trasladado a la c\u00e1rcel p\u00fablica para el deslinde de responsabilidades.\" \/>\n<meta property=\"og:url\" content=\"https:\/\/reporteroshoy.mx\/noticias\/otro-irresponsable-choca-a-motociclista-y-se-escapa-en-su-vento\/\" \/>\n<meta property=\"og:site_name\" content=\"Reporteros Hoy | Noticias de Yucat\u00e1n\" \/>\n<meta property=\"article:publisher\" content=\"http:\/\/www.facebook.com\/reporteroshoymx\" \/>\n<meta property=\"article:published_time\" content=\"2021-03-19T02:50:44+00:00\" \/>\n<meta property=\"article:modified_time\" content=\"2021-03-22T16:18:49+00:00\" \/>\n<meta property=\"og:image\" content=\"https:\/\/reporteroshoy.mx\/noticias\/wp-content\/uploads\/2021\/03\/TIZIMIN_ACCIDENTE_VENTO.jpg\" \/>\n\t<meta property=\"og:image:width\" content=\"768\" \/>\n\t<meta property=\"og:image:height\" content=\"431\" \/>\n\t<meta property=\"og:image:type\" content=\"image\/jpeg\" \/>\n<meta name=\"author\" content=\"Reporteros Hoy IM\" \/>\n<meta name=\"twitter:card\" content=\"summary_large_image\" \/>\n<meta name=\"twitter:creator\" content=\"@reporteroshoy\" \/>\n<meta name=\"twitter:site\" content=\"@reporteroshoy\" \/>\n<meta name=\"twitter:label1\" content=\"Escrito por\" \/>\n\t<meta name=\"twitter:data1\" content=\"Reporteros Hoy IM\" \/>\n\t<meta name=\"twitter:label2\" content=\"Tiempo de lectura\" \/>\n\t<meta name=\"twitter:data2\" content=\"1 minuto\" \/>\n<script type=\"application\/ld+json\" class=\"yoast-schema-graph\">{\"@context\":\"https:\\\/\\\/schema.org\",\"@graph\":[{\"@type\":\"Article\",\"@id\":\"https:\\\/\\\/reporteroshoy.mx\\\/noticias\\\/otro-irresponsable-choca-a-motociclista-y-se-escapa-en-su-vento\\\/#article\",\"isPartOf\":{\"@id\":\"https:\\\/\\\/reporteroshoy.mx\\\/noticias\\\/otro-irresponsable-choca-a-motociclista-y-se-escapa-en-su-vento\\\/\"},\"author\":{\"name\":\"Reporteros Hoy IM\",\"@id\":\"https:\\\/\\\/reporteroshoy.mx\\\/noticias\\\/#\\\/schema\\\/person\\\/948520f0d88b01be2e5266bc4acbbc15\"},\"headline\":\"Otro irresponsable: choca a motociclista y se escapa en su Vento\",\"datePublished\":\"2021-03-19T02:50:44+00:00\",\"dateModified\":\"2021-03-22T16:18:49+00:00\",\"mainEntityOfPage\":{\"@id\":\"https:\\\/\\\/reporteroshoy.mx\\\/noticias\\\/otro-irresponsable-choca-a-motociclista-y-se-escapa-en-su-vento\\\/\"},\"wordCount\":125,\"commentCount\":0,\"image\":{\"@id\":\"https:\\\/\\\/reporteroshoy.mx\\\/noticias\\\/otro-irresponsable-choca-a-motociclista-y-se-escapa-en-su-vento\\\/#primaryimage\"},\"thumbnailUrl\":\"https:\\\/\\\/reporteroshoy.mx\\\/noticias\\\/wp-content\\\/uploads\\\/2021\\\/03\\\/TIZIMIN_ACCIDENTE_VENTO.jpg\",\"keywords\":[\"accidente\",\"Choque\",\"Italika\",\"Tizim\u00edn\",\"Vento\"],\"articleSection\":[\"Municipios\"],\"inLanguage\":\"es\",\"potentialAction\":[{\"@type\":\"CommentAction\",\"name\":\"Comment\",\"target\":[\"https:\\\/\\\/reporteroshoy.mx\\\/noticias\\\/otro-irresponsable-choca-a-motociclista-y-se-escapa-en-su-vento\\\/#respond\"]}]},{\"@type\":\"WebPage\",\"@id\":\"https:\\\/\\\/reporteroshoy.mx\\\/noticias\\\/otro-irresponsable-choca-a-motociclista-y-se-escapa-en-su-vento\\\/\",\"url\":\"https:\\\/\\\/reporteroshoy.mx\\\/noticias\\\/otro-irresponsable-choca-a-motociclista-y-se-escapa-en-su-vento\\\/\",\"name\":\"Otro irresponsable: choca a motociclista y se escapa en su Vento\",\"isPartOf\":{\"@id\":\"https:\\\/\\\/reporteroshoy.mx\\\/noticias\\\/#website\"},\"primaryImageOfPage\":{\"@id\":\"https:\\\/\\\/reporteroshoy.mx\\\/noticias\\\/otro-irresponsable-choca-a-motociclista-y-se-escapa-en-su-vento\\\/#primaryimage\"},\"image\":{\"@id\":\"https:\\\/\\\/reporteroshoy.mx\\\/noticias\\\/otro-irresponsable-choca-a-motociclista-y-se-escapa-en-su-vento\\\/#primaryimage\"},\"thumbnailUrl\":\"https:\\\/\\\/reporteroshoy.mx\\\/noticias\\\/wp-content\\\/uploads\\\/2021\\\/03\\\/TIZIMIN_ACCIDENTE_VENTO.jpg\",\"datePublished\":\"2021-03-19T02:50:44+00:00\",\"dateModified\":\"2021-03-22T16:18:49+00:00\",\"author\":{\"@id\":\"https:\\\/\\\/reporteroshoy.mx\\\/noticias\\\/#\\\/schema\\\/person\\\/948520f0d88b01be2e5266bc4acbbc15\"},\"description\":\"Cuadras m\u00e1s adelante, el responsable del accidente fue detenido por la polic\u00eda municipal y trasladado a la c\u00e1rcel p\u00fablica para el deslinde de responsabilidades.\",\"breadcrumb\":{\"@id\":\"https:\\\/\\\/reporteroshoy.mx\\\/noticias\\\/otro-irresponsable-choca-a-motociclista-y-se-escapa-en-su-vento\\\/#breadcrumb\"},\"inLanguage\":\"es\",\"potentialAction\":[{\"@type\":\"ReadAction\",\"target\":[\"https:\\\/\\\/reporteroshoy.mx\\\/noticias\\\/otro-irresponsable-choca-a-motociclista-y-se-escapa-en-su-vento\\\/\"]}]},{\"@type\":\"ImageObject\",\"inLanguage\":\"es\",\"@id\":\"https:\\\/\\\/reporteroshoy.mx\\\/noticias\\\/otro-irresponsable-choca-a-motociclista-y-se-escapa-en-su-vento\\\/#primaryimage\",\"url\":\"https:\\\/\\\/reporteroshoy.mx\\\/noticias\\\/wp-content\\\/uploads\\\/2021\\\/03\\\/TIZIMIN_ACCIDENTE_VENTO.jpg\",\"contentUrl\":\"https:\\\/\\\/reporteroshoy.mx\\\/noticias\\\/wp-content\\\/uploads\\\/2021\\\/03\\\/TIZIMIN_ACCIDENTE_VENTO.jpg\",\"width\":768,\"height\":431},{\"@type\":\"BreadcrumbList\",\"@id\":\"https:\\\/\\\/reporteroshoy.mx\\\/noticias\\\/otro-irresponsable-choca-a-motociclista-y-se-escapa-en-su-vento\\\/#breadcrumb\",\"itemListElement\":[{\"@type\":\"ListItem\",\"position\":1,\"name\":\"Portada\",\"item\":\"https:\\\/\\\/reporteroshoy.mx\\\/noticias\\\/\"},{\"@type\":\"ListItem\",\"position\":2,\"name\":\"Otro irresponsable: choca a motociclista y se escapa en su Vento\"}]},{\"@type\":\"WebSite\",\"@id\":\"https:\\\/\\\/reporteroshoy.mx\\\/noticias\\\/#website\",\"url\":\"https:\\\/\\\/reporteroshoy.mx\\\/noticias\\\/\",\"name\":\"Reporteros Hoy | Noticias de Yucat\u00e1n\",\"description\":\"Peri\u00f3dico digital con noticias diarias desde M\u00e9rida, Yucat\u00e1n para el mundo.\",\"potentialAction\":[{\"@type\":\"SearchAction\",\"target\":{\"@type\":\"EntryPoint\",\"urlTemplate\":\"https:\\\/\\\/reporteroshoy.mx\\\/noticias\\\/?s={search_term_string}\"},\"query-input\":{\"@type\":\"PropertyValueSpecification\",\"valueRequired\":true,\"valueName\":\"search_term_string\"}}],\"inLanguage\":\"es\"},{\"@type\":\"Person\",\"@id\":\"https:\\\/\\\/reporteroshoy.mx\\\/noticias\\\/#\\\/schema\\\/person\\\/948520f0d88b01be2e5266bc4acbbc15\",\"name\":\"Reporteros Hoy IM\",\"image\":{\"@type\":\"ImageObject\",\"inLanguage\":\"es\",\"@id\":\"https:\\\/\\\/secure.gravatar.com\\\/avatar\\\/d843030b96552826ac048bdfe26f2895604b800ed0c880ee55765a74d95dfc65?s=96&d=mm&r=g\",\"url\":\"https:\\\/\\\/secure.gravatar.com\\\/avatar\\\/d843030b96552826ac048bdfe26f2895604b800ed0c880ee55765a74d95dfc65?s=96&d=mm&r=g\",\"contentUrl\":\"https:\\\/\\\/secure.gravatar.com\\\/avatar\\\/d843030b96552826ac048bdfe26f2895604b800ed0c880ee55765a74d95dfc65?s=96&d=mm&r=g\",\"caption\":\"Reporteros Hoy IM\"},\"url\":\"https:\\\/\\\/reporteroshoy.mx\\\/noticias\\\/author\\\/israel\\\/\"}]}<\/script>\n<!-- \/ Yoast SEO plugin. -->","yoast_head_json":{"title":"Otro irresponsable: choca a motociclista y se escapa en su Vento","description":"Cuadras m\u00e1s adelante, el responsable del accidente fue detenido por la polic\u00eda municipal y trasladado a la c\u00e1rcel p\u00fablica para el deslinde de responsabilidades.","robots":{"index":"index","follow":"follow","max-snippet":"max-snippet:-1","max-image-preview":"max-image-preview:large","max-video-preview":"max-video-preview:-1"},"canonical":"https:\/\/reporteroshoy.mx\/noticias\/otro-irresponsable-choca-a-motociclista-y-se-escapa-en-su-vento\/","og_locale":"es_ES","og_type":"article","og_title":"Otro irresponsable: choca a motociclista y se escapa en su Vento","og_description":"Cuadras m\u00e1s adelante, el responsable del accidente fue detenido por la polic\u00eda municipal y trasladado a la c\u00e1rcel p\u00fablica para el deslinde de responsabilidades.","og_url":"https:\/\/reporteroshoy.mx\/noticias\/otro-irresponsable-choca-a-motociclista-y-se-escapa-en-su-vento\/","og_site_name":"Reporteros Hoy | Noticias de Yucat\u00e1n","article_publisher":"http:\/\/www.facebook.com\/reporteroshoymx","article_published_time":"2021-03-19T02:50:44+00:00","article_modified_time":"2021-03-22T16:18:49+00:00","og_image":[{"width":768,"height":431,"url":"https:\/\/reporteroshoy.mx\/noticias\/wp-content\/uploads\/2021\/03\/TIZIMIN_ACCIDENTE_VENTO.jpg","type":"image\/jpeg"}],"author":"Reporteros Hoy IM","twitter_card":"summary_large_image","twitter_creator":"@reporteroshoy","twitter_site":"@reporteroshoy","twitter_misc":{"Escrito por":"Reporteros Hoy IM","Tiempo de lectura":"1 minuto"},"schema":{"@context":"https:\/\/schema.org","@graph":[{"@type":"Article","@id":"https:\/\/reporteroshoy.mx\/noticias\/otro-irresponsable-choca-a-motociclista-y-se-escapa-en-su-vento\/#article","isPartOf":{"@id":"https:\/\/reporteroshoy.mx\/noticias\/otro-irresponsable-choca-a-motociclista-y-se-escapa-en-su-vento\/"},"author":{"name":"Reporteros Hoy IM","@id":"https:\/\/reporteroshoy.mx\/noticias\/#\/schema\/person\/948520f0d88b01be2e5266bc4acbbc15"},"headline":"Otro irresponsable: choca a motociclista y se escapa en su Vento","datePublished":"2021-03-19T02:50:44+00:00","dateModified":"2021-03-22T16:18:49+00:00","mainEntityOfPage":{"@id":"https:\/\/reporteroshoy.mx\/noticias\/otro-irresponsable-choca-a-motociclista-y-se-escapa-en-su-vento\/"},"wordCount":125,"commentCount":0,"image":{"@id":"https:\/\/reporteroshoy.mx\/noticias\/otro-irresponsable-choca-a-motociclista-y-se-escapa-en-su-vento\/#primaryimage"},"thumbnailUrl":"https:\/\/reporteroshoy.mx\/noticias\/wp-content\/uploads\/2021\/03\/TIZIMIN_ACCIDENTE_VENTO.jpg","keywords":["accidente","Choque","Italika","Tizim\u00edn","Vento"],"articleSection":["Municipios"],"inLanguage":"es","potentialAction":[{"@type":"CommentAction","name":"Comment","target":["https:\/\/reporteroshoy.mx\/noticias\/otro-irresponsable-choca-a-motociclista-y-se-escapa-en-su-vento\/#respond"]}]},{"@type":"WebPage","@id":"https:\/\/reporteroshoy.mx\/noticias\/otro-irresponsable-choca-a-motociclista-y-se-escapa-en-su-vento\/","url":"https:\/\/reporteroshoy.mx\/noticias\/otro-irresponsable-choca-a-motociclista-y-se-escapa-en-su-vento\/","name":"Otro irresponsable: choca a motociclista y se escapa en su Vento","isPartOf":{"@id":"https:\/\/reporteroshoy.mx\/noticias\/#website"},"primaryImageOfPage":{"@id":"https:\/\/reporteroshoy.mx\/noticias\/otro-irresponsable-choca-a-motociclista-y-se-escapa-en-su-vento\/#primaryimage"},"image":{"@id":"https:\/\/reporteroshoy.mx\/noticias\/otro-irresponsable-choca-a-motociclista-y-se-escapa-en-su-vento\/#primaryimage"},"thumbnailUrl":"https:\/\/reporteroshoy.mx\/noticias\/wp-content\/uploads\/2021\/03\/TIZIMIN_ACCIDENTE_VENTO.jpg","datePublished":"2021-03-19T02:50:44+00:00","dateModified":"2021-03-22T16:18:49+00:00","author":{"@id":"https:\/\/reporteroshoy.mx\/noticias\/#\/schema\/person\/948520f0d88b01be2e5266bc4acbbc15"},"description":"Cuadras m\u00e1s adelante, el responsable del accidente fue detenido por la polic\u00eda municipal y trasladado a la c\u00e1rcel p\u00fablica para el deslinde de responsabilidades.","breadcrumb":{"@id":"https:\/\/reporteroshoy.mx\/noticias\/otro-irresponsable-choca-a-motociclista-y-se-escapa-en-su-vento\/#breadcrumb"},"inLanguage":"es","potentialAction":[{"@type":"ReadAction","target":["https:\/\/reporteroshoy.mx\/noticias\/otro-irresponsable-choca-a-motociclista-y-se-escapa-en-su-vento\/"]}]},{"@type":"ImageObject","inLanguage":"es","@id":"https:\/\/reporteroshoy.mx\/noticias\/otro-irresponsable-choca-a-motociclista-y-se-escapa-en-su-vento\/#primaryimage","url":"https:\/\/reporteroshoy.mx\/noticias\/wp-content\/uploads\/2021\/03\/TIZIMIN_ACCIDENTE_VENTO.jpg","contentUrl":"https:\/\/reporteroshoy.mx\/noticias\/wp-content\/uploads\/2021\/03\/TIZIMIN_ACCIDENTE_VENTO.jpg","width":768,"height":431},{"@type":"BreadcrumbList","@id":"https:\/\/reporteroshoy.mx\/noticias\/otro-irresponsable-choca-a-motociclista-y-se-escapa-en-su-vento\/#breadcrumb","itemListElement":[{"@type":"ListItem","position":1,"name":"Portada","item":"https:\/\/reporteroshoy.mx\/noticias\/"},{"@type":"ListItem","position":2,"name":"Otro irresponsable: choca a motociclista y se escapa en su Vento"}]},{"@type":"WebSite","@id":"https:\/\/reporteroshoy.mx\/noticias\/#website","url":"https:\/\/reporteroshoy.mx\/noticias\/","name":"Reporteros Hoy | Noticias de Yucat\u00e1n","description":"Peri\u00f3dico digital con noticias diarias desde M\u00e9rida, Yucat\u00e1n para el mundo.","potentialAction":[{"@type":"SearchAction","target":{"@type":"EntryPoint","urlTemplate":"https:\/\/reporteroshoy.mx\/noticias\/?s={search_term_string}"},"query-input":{"@type":"PropertyValueSpecification","valueRequired":true,"valueName":"search_term_string"}}],"inLanguage":"es"},{"@type":"Person","@id":"https:\/\/reporteroshoy.mx\/noticias\/#\/schema\/person\/948520f0d88b01be2e5266bc4acbbc15","name":"Reporteros Hoy IM","image":{"@type":"ImageObject","inLanguage":"es","@id":"https:\/\/secure.gravatar.com\/avatar\/d843030b96552826ac048bdfe26f2895604b800ed0c880ee55765a74d95dfc65?s=96&d=mm&r=g","url":"https:\/\/secure.gravatar.com\/avatar\/d843030b96552826ac048bdfe26f2895604b800ed0c880ee55765a74d95dfc65?s=96&d=mm&r=g","contentUrl":"https:\/\/secure.gravatar.com\/avatar\/d843030b96552826ac048bdfe26f2895604b800ed0c880ee55765a74d95dfc65?s=96&d=mm&r=g","caption":"Reporteros Hoy IM"},"url":"https:\/\/reporteroshoy.mx\/noticias\/author\/israel\/"}]}},"_links":{"self":[{"href":"https:\/\/reporteroshoy.mx\/noticias\/wp-json\/wp\/v2\/posts\/59640","targetHints":{"allow":["GET"]}}],"collection":[{"href":"https:\/\/reporteroshoy.mx\/noticias\/wp-json\/wp\/v2\/posts"}],"about":[{"href":"https:\/\/reporteroshoy.mx\/noticias\/wp-json\/wp\/v2\/types\/post"}],"author":[{"embeddable":true,"href":"https:\/\/reporteroshoy.mx\/noticias\/wp-json\/wp\/v2\/users\/5"}],"replies":[{"embeddable":true,"href":"https:\/\/reporteroshoy.mx\/noticias\/wp-json\/wp\/v2\/comments?post=59640"}],"version-history":[{"count":0,"href":"https:\/\/reporteroshoy.mx\/noticias\/wp-json\/wp\/v2\/posts\/59640\/revisions"}],"wp:featuredmedia":[{"embeddable":true,"href":"https:\/\/reporteroshoy.mx\/noticias\/wp-json\/wp\/v2\/media\/59641"}],"wp:attachment":[{"href":"https:\/\/reporteroshoy.mx\/noticias\/wp-json\/wp\/v2\/media?parent=59640"}],"wp:term":[{"taxonomy":"category","embeddable":true,"href":"https:\/\/reporteroshoy.mx\/noticias\/wp-json\/wp\/v2\/categories?post=59640"},{"taxonomy":"post_tag","embeddable":true,"href":"https:\/\/reporteroshoy.mx\/noticias\/wp-json\/wp\/v2\/tags?post=59640"}],"curies":[{"name":"wp","href":"https:\/\/api.w.org\/{rel}","templated":true}]}}