{"id":59703,"date":"2021-03-19T16:40:08","date_gmt":"2021-03-19T22:40:08","guid":{"rendered":"https:\/\/reporteroshoy.mx\/noticias\/?p=59703"},"modified":"2021-03-22T10:18:18","modified_gmt":"2021-03-22T16:18:18","slug":"promoveran-los-derechos-humanos-con-expresiones-artisticas","status":"publish","type":"post","link":"https:\/\/reporteroshoy.mx\/noticias\/promoveran-los-derechos-humanos-con-expresiones-artisticas\/","title":{"rendered":"Promover\u00e1n los derechos humanos con expresiones art\u00edsticas"},"content":{"rendered":"<p style=\"text-align: justify;\"><span style=\"color: #000000;\">M\u00e9rida, Yucat\u00e1n,19 de marzo de 2021.- La Comisi\u00f3n de Derechos Humanos del Estado de Yucat\u00e1n y la Escuela Superior de Artes de Yucat\u00e1n (ESAY) signaron un convenio de colaboraci\u00f3n con el fin de que estudiantes y docentes obtengan beneficios por medio de actividades de cooperaci\u00f3n acad\u00e9mica, art\u00edstica, cultural, de emprendimiento, capacitaci\u00f3n y de investigaci\u00f3n.<\/span><\/p>\n<p style=\"text-align: justify;\"><span style=\"color: #000000;\">En una ceremonia realizada de manera virtual, por la CODHEY, firm\u00f3 el convenio su presidente, Miguel \u00d3scar Sabido Santana y por la ESAY, el Director General, Javier \u00c1lvarez Fuentes.<\/span><\/p>\n<p><span style=\"color: #000000;\"><img loading=\"lazy\" decoding=\"async\" class=\"wp-image-59704 aligncenter\" src=\"https:\/\/reporteroshoy.mx\/noticias\/wp-content\/uploads\/2021\/03\/CONVENIO-CODHEY-ESAY-7.jpeg\" alt=\"\" width=\"589\" height=\"392\" \/><\/span><\/p>\n<p style=\"text-align: justify;\"><span style=\"color: #000000;\">En un mensaje, Sabido Santana record\u00f3 que la ESAY es un espacio donde se desarrollan derechos fundamentales, principalmente los pertenecientes al bloque de derechos econ\u00f3micos, sociales, culturales y ambientales, por lo que esta alianza permitir\u00e1 llevar a cabo acciones para su promoci\u00f3n, estudio y protecci\u00f3n.<\/span><\/p>\n<p style=\"text-align: justify;\"><span style=\"color: #000000;\">\u201cDebemos hacer conciencia en la importancia de los derechos culturales, y dejar de reducirlos a costumbres o tradiciones cuando son m\u00e1s amplios y contemplan m\u00e1s aspectos que necesitamos que la sociedad conozca\u201d, precis\u00f3.<\/span><\/p>\n<p style=\"text-align: justify;\"><span style=\"color: #000000;\">En su oportunidad, \u00c1lvarez Fuentes, destac\u00f3 que esta vinculaci\u00f3n permitir\u00e1 profundizar las acciones encaminadas a la investigaci\u00f3n y difusi\u00f3n de los derechos humanos y culturales, en beneficio de la comunidad acad\u00e9mica y art\u00edstica, principalmente beneficiar\u00e1 a los m\u00e1s de 300 alumnos y alumnas.<\/span><\/p>\n<p style=\"text-align: justify;\"><span style=\"color: #000000;\">Esta alianza, agreg\u00f3, incrementar\u00e1 la labor que la ESAY realiza al interior con su planta docente, administrativa y alumnado a fin de promover la conciencia social y el impulso al ejercicio pleno de los derechos econ\u00f3micos, culturales y ambientales.<\/span><\/p>\n<p><span style=\"color: #000000;\"><img loading=\"lazy\" decoding=\"async\" class=\"wp-image-59706 aligncenter\" src=\"https:\/\/reporteroshoy.mx\/noticias\/wp-content\/uploads\/2021\/03\/CONVENIO-CODHEY-ESAY-1.jpeg\" alt=\"\" width=\"607\" height=\"404\" \/><\/span><\/p>\n<p style=\"text-align: justify;\"><span style=\"color: #000000;\">La Escuela Superior de Artes de Yucat\u00e1n, tiene la misi\u00f3n de formar profesionistas de las artes y humanos con una conciencia social que impulsen el ejercicio pleno de los derechos econ\u00f3micos, sociales, culturales y ambientales. Este convenio permitir\u00e1 que la comunidad administrativa, estudiantil y docente se instruyan y se vuelvan promotores de derechos humanos.<\/span><\/p>\n<p style=\"text-align: justify;\"><span style=\"color: #000000;\">Fueron testigos del evento, la Jefa de Vinculaci\u00f3n y Extensi\u00f3n ESAY, Natalia Pelayo; la responsable de la Unidad de Igualdad de G\u00e9nero, Xahil Espadas; la Jefa de Departamento Jur\u00eddico, Regina Camacho; la Jefa de Promoci\u00f3n y Difusi\u00f3n ESAY, Ximena Reyes; el Secretario Ejecutivo de la CODHEY, Gustavo Arjona Canto; la Directora de Vinculaci\u00f3n, Capacitaci\u00f3n y Difusi\u00f3n de la CODHEY, Mireya Zapata Amaya, entre otras autoridades.<\/span><\/p>\n","protected":false},"excerpt":{"rendered":"<p>La Comisi\u00f3n de Derechos Humanos del Estado de Yucat\u00e1n y la Escuela Superior de Artes unen fuerzas para que m\u00e1s gente sepa c\u00f3mo defenderse de los abusos de una autoridad. <\/p>\n","protected":false},"author":5,"featured_media":59705,"comment_status":"open","ping_status":"closed","sticky":false,"template":"","format":"standard","meta":{"footnotes":""},"categories":[2],"tags":[308,966,16859],"class_list":["post-59703","post","type-post","status-publish","format-standard","has-post-thumbnail","hentry","category-boletines","tag-codhey","tag-derechos-humanos","tag-esay"],"yoast_head":"<!-- This site is optimized with the Yoast SEO plugin v28.4 - https:\/\/yoast.com\/product\/yoast-seo-wordpress\/ -->\n<title>Promover\u00e1n los derechos humanos con expresiones art\u00edsticas<\/title>\n<meta name=\"description\" content=\"La Comisi\u00f3n de Derechos Humanos del Estado de Yucat\u00e1n y la Escuela Superior de Artes unen fuerzas para que m\u00e1s gente sepa c\u00f3mo defenderse de los abusos de una autoridad.\" \/>\n<meta name=\"robots\" content=\"index, follow, max-snippet:-1, max-image-preview:large, max-video-preview:-1\" \/>\n<link rel=\"canonical\" href=\"https:\/\/reporteroshoy.mx\/noticias\/promoveran-los-derechos-humanos-con-expresiones-artisticas\/\" \/>\n<meta property=\"og:locale\" content=\"es_ES\" \/>\n<meta property=\"og:type\" content=\"article\" \/>\n<meta property=\"og:title\" content=\"Promover\u00e1n los derechos humanos con expresiones art\u00edsticas\" \/>\n<meta property=\"og:description\" content=\"La Comisi\u00f3n de Derechos Humanos del Estado de Yucat\u00e1n y la Escuela Superior de Artes unen fuerzas para que m\u00e1s gente sepa c\u00f3mo defenderse de los abusos de una autoridad.\" \/>\n<meta property=\"og:url\" content=\"https:\/\/reporteroshoy.mx\/noticias\/promoveran-los-derechos-humanos-con-expresiones-artisticas\/\" \/>\n<meta property=\"og:site_name\" content=\"Reporteros Hoy | Noticias de Yucat\u00e1n\" \/>\n<meta property=\"article:publisher\" content=\"http:\/\/www.facebook.com\/reporteroshoymx\" \/>\n<meta property=\"article:published_time\" content=\"2021-03-19T22:40:08+00:00\" \/>\n<meta property=\"article:modified_time\" content=\"2021-03-22T16:18:18+00:00\" \/>\n<meta property=\"og:image\" content=\"https:\/\/reporteroshoy.mx\/noticias\/wp-content\/uploads\/2021\/03\/CONVENIO-CODHEY-ESAY-3.jpeg\" \/>\n\t<meta property=\"og:image:width\" content=\"768\" \/>\n\t<meta property=\"og:image:height\" content=\"511\" \/>\n\t<meta property=\"og:image:type\" content=\"image\/jpeg\" \/>\n<meta name=\"author\" content=\"Reporteros Hoy IM\" \/>\n<meta name=\"twitter:card\" content=\"summary_large_image\" \/>\n<meta name=\"twitter:creator\" content=\"@reporteroshoy\" \/>\n<meta name=\"twitter:site\" content=\"@reporteroshoy\" \/>\n<meta name=\"twitter:label1\" content=\"Escrito por\" \/>\n\t<meta name=\"twitter:data1\" content=\"Reporteros Hoy IM\" \/>\n\t<meta name=\"twitter:label2\" content=\"Tiempo de lectura\" \/>\n\t<meta name=\"twitter:data2\" content=\"2 minutos\" \/>\n<script type=\"application\/ld+json\" class=\"yoast-schema-graph\">{\"@context\":\"https:\\\/\\\/schema.org\",\"@graph\":[{\"@type\":\"Article\",\"@id\":\"https:\\\/\\\/reporteroshoy.mx\\\/noticias\\\/promoveran-los-derechos-humanos-con-expresiones-artisticas\\\/#article\",\"isPartOf\":{\"@id\":\"https:\\\/\\\/reporteroshoy.mx\\\/noticias\\\/promoveran-los-derechos-humanos-con-expresiones-artisticas\\\/\"},\"author\":{\"name\":\"Reporteros Hoy IM\",\"@id\":\"https:\\\/\\\/reporteroshoy.mx\\\/noticias\\\/#\\\/schema\\\/person\\\/948520f0d88b01be2e5266bc4acbbc15\"},\"headline\":\"Promover\u00e1n los derechos humanos con expresiones art\u00edsticas\",\"datePublished\":\"2021-03-19T22:40:08+00:00\",\"dateModified\":\"2021-03-22T16:18:18+00:00\",\"mainEntityOfPage\":{\"@id\":\"https:\\\/\\\/reporteroshoy.mx\\\/noticias\\\/promoveran-los-derechos-humanos-con-expresiones-artisticas\\\/\"},\"wordCount\":405,\"commentCount\":0,\"image\":{\"@id\":\"https:\\\/\\\/reporteroshoy.mx\\\/noticias\\\/promoveran-los-derechos-humanos-con-expresiones-artisticas\\\/#primaryimage\"},\"thumbnailUrl\":\"https:\\\/\\\/reporteroshoy.mx\\\/noticias\\\/wp-content\\\/uploads\\\/2021\\\/03\\\/CONVENIO-CODHEY-ESAY-3.jpeg\",\"keywords\":[\"codhey\",\"Derechos Humanos\",\"ESAY\"],\"articleSection\":[\"Boletines\"],\"inLanguage\":\"es\",\"potentialAction\":[{\"@type\":\"CommentAction\",\"name\":\"Comment\",\"target\":[\"https:\\\/\\\/reporteroshoy.mx\\\/noticias\\\/promoveran-los-derechos-humanos-con-expresiones-artisticas\\\/#respond\"]}]},{\"@type\":\"WebPage\",\"@id\":\"https:\\\/\\\/reporteroshoy.mx\\\/noticias\\\/promoveran-los-derechos-humanos-con-expresiones-artisticas\\\/\",\"url\":\"https:\\\/\\\/reporteroshoy.mx\\\/noticias\\\/promoveran-los-derechos-humanos-con-expresiones-artisticas\\\/\",\"name\":\"Promover\u00e1n los derechos humanos con expresiones art\u00edsticas\",\"isPartOf\":{\"@id\":\"https:\\\/\\\/reporteroshoy.mx\\\/noticias\\\/#website\"},\"primaryImageOfPage\":{\"@id\":\"https:\\\/\\\/reporteroshoy.mx\\\/noticias\\\/promoveran-los-derechos-humanos-con-expresiones-artisticas\\\/#primaryimage\"},\"image\":{\"@id\":\"https:\\\/\\\/reporteroshoy.mx\\\/noticias\\\/promoveran-los-derechos-humanos-con-expresiones-artisticas\\\/#primaryimage\"},\"thumbnailUrl\":\"https:\\\/\\\/reporteroshoy.mx\\\/noticias\\\/wp-content\\\/uploads\\\/2021\\\/03\\\/CONVENIO-CODHEY-ESAY-3.jpeg\",\"datePublished\":\"2021-03-19T22:40:08+00:00\",\"dateModified\":\"2021-03-22T16:18:18+00:00\",\"author\":{\"@id\":\"https:\\\/\\\/reporteroshoy.mx\\\/noticias\\\/#\\\/schema\\\/person\\\/948520f0d88b01be2e5266bc4acbbc15\"},\"description\":\"La Comisi\u00f3n de Derechos Humanos del Estado de Yucat\u00e1n y la Escuela Superior de Artes unen fuerzas para que m\u00e1s gente sepa c\u00f3mo defenderse de los abusos de una autoridad.\",\"breadcrumb\":{\"@id\":\"https:\\\/\\\/reporteroshoy.mx\\\/noticias\\\/promoveran-los-derechos-humanos-con-expresiones-artisticas\\\/#breadcrumb\"},\"inLanguage\":\"es\",\"potentialAction\":[{\"@type\":\"ReadAction\",\"target\":[\"https:\\\/\\\/reporteroshoy.mx\\\/noticias\\\/promoveran-los-derechos-humanos-con-expresiones-artisticas\\\/\"]}]},{\"@type\":\"ImageObject\",\"inLanguage\":\"es\",\"@id\":\"https:\\\/\\\/reporteroshoy.mx\\\/noticias\\\/promoveran-los-derechos-humanos-con-expresiones-artisticas\\\/#primaryimage\",\"url\":\"https:\\\/\\\/reporteroshoy.mx\\\/noticias\\\/wp-content\\\/uploads\\\/2021\\\/03\\\/CONVENIO-CODHEY-ESAY-3.jpeg\",\"contentUrl\":\"https:\\\/\\\/reporteroshoy.mx\\\/noticias\\\/wp-content\\\/uploads\\\/2021\\\/03\\\/CONVENIO-CODHEY-ESAY-3.jpeg\",\"width\":768,\"height\":511},{\"@type\":\"BreadcrumbList\",\"@id\":\"https:\\\/\\\/reporteroshoy.mx\\\/noticias\\\/promoveran-los-derechos-humanos-con-expresiones-artisticas\\\/#breadcrumb\",\"itemListElement\":[{\"@type\":\"ListItem\",\"position\":1,\"name\":\"Portada\",\"item\":\"https:\\\/\\\/reporteroshoy.mx\\\/noticias\\\/\"},{\"@type\":\"ListItem\",\"position\":2,\"name\":\"Promover\u00e1n los derechos humanos con expresiones art\u00edsticas\"}]},{\"@type\":\"WebSite\",\"@id\":\"https:\\\/\\\/reporteroshoy.mx\\\/noticias\\\/#website\",\"url\":\"https:\\\/\\\/reporteroshoy.mx\\\/noticias\\\/\",\"name\":\"Reporteros Hoy | Noticias de Yucat\u00e1n\",\"description\":\"Peri\u00f3dico digital con noticias diarias desde M\u00e9rida, Yucat\u00e1n para el mundo.\",\"potentialAction\":[{\"@type\":\"SearchAction\",\"target\":{\"@type\":\"EntryPoint\",\"urlTemplate\":\"https:\\\/\\\/reporteroshoy.mx\\\/noticias\\\/?s={search_term_string}\"},\"query-input\":{\"@type\":\"PropertyValueSpecification\",\"valueRequired\":true,\"valueName\":\"search_term_string\"}}],\"inLanguage\":\"es\"},{\"@type\":\"Person\",\"@id\":\"https:\\\/\\\/reporteroshoy.mx\\\/noticias\\\/#\\\/schema\\\/person\\\/948520f0d88b01be2e5266bc4acbbc15\",\"name\":\"Reporteros Hoy IM\",\"image\":{\"@type\":\"ImageObject\",\"inLanguage\":\"es\",\"@id\":\"https:\\\/\\\/secure.gravatar.com\\\/avatar\\\/d843030b96552826ac048bdfe26f2895604b800ed0c880ee55765a74d95dfc65?s=96&d=mm&r=g\",\"url\":\"https:\\\/\\\/secure.gravatar.com\\\/avatar\\\/d843030b96552826ac048bdfe26f2895604b800ed0c880ee55765a74d95dfc65?s=96&d=mm&r=g\",\"contentUrl\":\"https:\\\/\\\/secure.gravatar.com\\\/avatar\\\/d843030b96552826ac048bdfe26f2895604b800ed0c880ee55765a74d95dfc65?s=96&d=mm&r=g\",\"caption\":\"Reporteros Hoy IM\"},\"url\":\"https:\\\/\\\/reporteroshoy.mx\\\/noticias\\\/author\\\/israel\\\/\"}]}<\/script>\n<!-- \/ Yoast SEO plugin. -->","yoast_head_json":{"title":"Promover\u00e1n los derechos humanos con expresiones art\u00edsticas","description":"La Comisi\u00f3n de Derechos Humanos del Estado de Yucat\u00e1n y la Escuela Superior de Artes unen fuerzas para que m\u00e1s gente sepa c\u00f3mo defenderse de los abusos de una autoridad.","robots":{"index":"index","follow":"follow","max-snippet":"max-snippet:-1","max-image-preview":"max-image-preview:large","max-video-preview":"max-video-preview:-1"},"canonical":"https:\/\/reporteroshoy.mx\/noticias\/promoveran-los-derechos-humanos-con-expresiones-artisticas\/","og_locale":"es_ES","og_type":"article","og_title":"Promover\u00e1n los derechos humanos con expresiones art\u00edsticas","og_description":"La Comisi\u00f3n de Derechos Humanos del Estado de Yucat\u00e1n y la Escuela Superior de Artes unen fuerzas para que m\u00e1s gente sepa c\u00f3mo defenderse de los abusos de una autoridad.","og_url":"https:\/\/reporteroshoy.mx\/noticias\/promoveran-los-derechos-humanos-con-expresiones-artisticas\/","og_site_name":"Reporteros Hoy | Noticias de Yucat\u00e1n","article_publisher":"http:\/\/www.facebook.com\/reporteroshoymx","article_published_time":"2021-03-19T22:40:08+00:00","article_modified_time":"2021-03-22T16:18:18+00:00","og_image":[{"width":768,"height":511,"url":"https:\/\/reporteroshoy.mx\/noticias\/wp-content\/uploads\/2021\/03\/CONVENIO-CODHEY-ESAY-3.jpeg","type":"image\/jpeg"}],"author":"Reporteros Hoy IM","twitter_card":"summary_large_image","twitter_creator":"@reporteroshoy","twitter_site":"@reporteroshoy","twitter_misc":{"Escrito por":"Reporteros Hoy IM","Tiempo de lectura":"2 minutos"},"schema":{"@context":"https:\/\/schema.org","@graph":[{"@type":"Article","@id":"https:\/\/reporteroshoy.mx\/noticias\/promoveran-los-derechos-humanos-con-expresiones-artisticas\/#article","isPartOf":{"@id":"https:\/\/reporteroshoy.mx\/noticias\/promoveran-los-derechos-humanos-con-expresiones-artisticas\/"},"author":{"name":"Reporteros Hoy IM","@id":"https:\/\/reporteroshoy.mx\/noticias\/#\/schema\/person\/948520f0d88b01be2e5266bc4acbbc15"},"headline":"Promover\u00e1n los derechos humanos con expresiones art\u00edsticas","datePublished":"2021-03-19T22:40:08+00:00","dateModified":"2021-03-22T16:18:18+00:00","mainEntityOfPage":{"@id":"https:\/\/reporteroshoy.mx\/noticias\/promoveran-los-derechos-humanos-con-expresiones-artisticas\/"},"wordCount":405,"commentCount":0,"image":{"@id":"https:\/\/reporteroshoy.mx\/noticias\/promoveran-los-derechos-humanos-con-expresiones-artisticas\/#primaryimage"},"thumbnailUrl":"https:\/\/reporteroshoy.mx\/noticias\/wp-content\/uploads\/2021\/03\/CONVENIO-CODHEY-ESAY-3.jpeg","keywords":["codhey","Derechos Humanos","ESAY"],"articleSection":["Boletines"],"inLanguage":"es","potentialAction":[{"@type":"CommentAction","name":"Comment","target":["https:\/\/reporteroshoy.mx\/noticias\/promoveran-los-derechos-humanos-con-expresiones-artisticas\/#respond"]}]},{"@type":"WebPage","@id":"https:\/\/reporteroshoy.mx\/noticias\/promoveran-los-derechos-humanos-con-expresiones-artisticas\/","url":"https:\/\/reporteroshoy.mx\/noticias\/promoveran-los-derechos-humanos-con-expresiones-artisticas\/","name":"Promover\u00e1n los derechos humanos con expresiones art\u00edsticas","isPartOf":{"@id":"https:\/\/reporteroshoy.mx\/noticias\/#website"},"primaryImageOfPage":{"@id":"https:\/\/reporteroshoy.mx\/noticias\/promoveran-los-derechos-humanos-con-expresiones-artisticas\/#primaryimage"},"image":{"@id":"https:\/\/reporteroshoy.mx\/noticias\/promoveran-los-derechos-humanos-con-expresiones-artisticas\/#primaryimage"},"thumbnailUrl":"https:\/\/reporteroshoy.mx\/noticias\/wp-content\/uploads\/2021\/03\/CONVENIO-CODHEY-ESAY-3.jpeg","datePublished":"2021-03-19T22:40:08+00:00","dateModified":"2021-03-22T16:18:18+00:00","author":{"@id":"https:\/\/reporteroshoy.mx\/noticias\/#\/schema\/person\/948520f0d88b01be2e5266bc4acbbc15"},"description":"La Comisi\u00f3n de Derechos Humanos del Estado de Yucat\u00e1n y la Escuela Superior de Artes unen fuerzas para que m\u00e1s gente sepa c\u00f3mo defenderse de los abusos de una autoridad.","breadcrumb":{"@id":"https:\/\/reporteroshoy.mx\/noticias\/promoveran-los-derechos-humanos-con-expresiones-artisticas\/#breadcrumb"},"inLanguage":"es","potentialAction":[{"@type":"ReadAction","target":["https:\/\/reporteroshoy.mx\/noticias\/promoveran-los-derechos-humanos-con-expresiones-artisticas\/"]}]},{"@type":"ImageObject","inLanguage":"es","@id":"https:\/\/reporteroshoy.mx\/noticias\/promoveran-los-derechos-humanos-con-expresiones-artisticas\/#primaryimage","url":"https:\/\/reporteroshoy.mx\/noticias\/wp-content\/uploads\/2021\/03\/CONVENIO-CODHEY-ESAY-3.jpeg","contentUrl":"https:\/\/reporteroshoy.mx\/noticias\/wp-content\/uploads\/2021\/03\/CONVENIO-CODHEY-ESAY-3.jpeg","width":768,"height":511},{"@type":"BreadcrumbList","@id":"https:\/\/reporteroshoy.mx\/noticias\/promoveran-los-derechos-humanos-con-expresiones-artisticas\/#breadcrumb","itemListElement":[{"@type":"ListItem","position":1,"name":"Portada","item":"https:\/\/reporteroshoy.mx\/noticias\/"},{"@type":"ListItem","position":2,"name":"Promover\u00e1n los derechos humanos con expresiones art\u00edsticas"}]},{"@type":"WebSite","@id":"https:\/\/reporteroshoy.mx\/noticias\/#website","url":"https:\/\/reporteroshoy.mx\/noticias\/","name":"Reporteros Hoy | Noticias de Yucat\u00e1n","description":"Peri\u00f3dico digital con noticias diarias desde M\u00e9rida, Yucat\u00e1n para el mundo.","potentialAction":[{"@type":"SearchAction","target":{"@type":"EntryPoint","urlTemplate":"https:\/\/reporteroshoy.mx\/noticias\/?s={search_term_string}"},"query-input":{"@type":"PropertyValueSpecification","valueRequired":true,"valueName":"search_term_string"}}],"inLanguage":"es"},{"@type":"Person","@id":"https:\/\/reporteroshoy.mx\/noticias\/#\/schema\/person\/948520f0d88b01be2e5266bc4acbbc15","name":"Reporteros Hoy IM","image":{"@type":"ImageObject","inLanguage":"es","@id":"https:\/\/secure.gravatar.com\/avatar\/d843030b96552826ac048bdfe26f2895604b800ed0c880ee55765a74d95dfc65?s=96&d=mm&r=g","url":"https:\/\/secure.gravatar.com\/avatar\/d843030b96552826ac048bdfe26f2895604b800ed0c880ee55765a74d95dfc65?s=96&d=mm&r=g","contentUrl":"https:\/\/secure.gravatar.com\/avatar\/d843030b96552826ac048bdfe26f2895604b800ed0c880ee55765a74d95dfc65?s=96&d=mm&r=g","caption":"Reporteros Hoy IM"},"url":"https:\/\/reporteroshoy.mx\/noticias\/author\/israel\/"}]}},"_links":{"self":[{"href":"https:\/\/reporteroshoy.mx\/noticias\/wp-json\/wp\/v2\/posts\/59703","targetHints":{"allow":["GET"]}}],"collection":[{"href":"https:\/\/reporteroshoy.mx\/noticias\/wp-json\/wp\/v2\/posts"}],"about":[{"href":"https:\/\/reporteroshoy.mx\/noticias\/wp-json\/wp\/v2\/types\/post"}],"author":[{"embeddable":true,"href":"https:\/\/reporteroshoy.mx\/noticias\/wp-json\/wp\/v2\/users\/5"}],"replies":[{"embeddable":true,"href":"https:\/\/reporteroshoy.mx\/noticias\/wp-json\/wp\/v2\/comments?post=59703"}],"version-history":[{"count":0,"href":"https:\/\/reporteroshoy.mx\/noticias\/wp-json\/wp\/v2\/posts\/59703\/revisions"}],"wp:featuredmedia":[{"embeddable":true,"href":"https:\/\/reporteroshoy.mx\/noticias\/wp-json\/wp\/v2\/media\/59705"}],"wp:attachment":[{"href":"https:\/\/reporteroshoy.mx\/noticias\/wp-json\/wp\/v2\/media?parent=59703"}],"wp:term":[{"taxonomy":"category","embeddable":true,"href":"https:\/\/reporteroshoy.mx\/noticias\/wp-json\/wp\/v2\/categories?post=59703"},{"taxonomy":"post_tag","embeddable":true,"href":"https:\/\/reporteroshoy.mx\/noticias\/wp-json\/wp\/v2\/tags?post=59703"}],"curies":[{"name":"wp","href":"https:\/\/api.w.org\/{rel}","templated":true}]}}