{"id":59755,"date":"2021-03-20T15:00:59","date_gmt":"2021-03-20T21:00:59","guid":{"rendered":"https:\/\/reporteroshoy.mx\/noticias\/?p=59755"},"modified":"2021-03-20T18:43:08","modified_gmt":"2021-03-21T00:43:08","slug":"vinculado-a-proceso-por-no-pasar-pension-alimenticia-en-cuatro-anos","status":"publish","type":"post","link":"https:\/\/reporteroshoy.mx\/noticias\/vinculado-a-proceso-por-no-pasar-pension-alimenticia-en-cuatro-anos\/","title":{"rendered":"Vinculado a proceso por no pasar pensi\u00f3n alimenticia en cuatro a\u00f1os"},"content":{"rendered":"<p dir=\"ltr\" style=\"text-align: justify;\"><span style=\"color: #000000;\">M\u00e9rida, Yucat\u00e1n; 20 de marzo de 2021.- Por el delito de incumplimiento de las obligaciones de asistencia familiar, la Fiscal\u00eda General del Estado (FGE) formul\u00f3 la imputaci\u00f3n a J.J.C.T., denunciado por no cumplir con la manutenci\u00f3n de sus hijos menores de edad.<\/span><\/p>\n<p dir=\"ltr\" style=\"text-align: justify;\"><span style=\"color: #000000;\">Tras la denuncia interpuesta se inici\u00f3 la investigaci\u00f3n por los especialistas de la Fiscal\u00eda y se estableci\u00f3 que el imputado y la denunciante procrearon cuatro hijos. <\/span><\/p>\n<p dir=\"ltr\"><img loading=\"lazy\" decoding=\"async\" class=\"wp-image-59756 aligncenter\" src=\"https:\/\/reporteroshoy.mx\/noticias\/wp-content\/uploads\/2021\/03\/PENSION-ALIMENTICIA.jpg\" alt=\"\" width=\"645\" height=\"428\" \/><\/p>\n<p dir=\"ltr\" style=\"text-align: justify;\"><span style=\"color: #000000;\">En el a\u00f1o 2017 acordaron ante un Juez de lo Familiar, que el encausado pagar\u00eda la pensi\u00f3n alimenticia de los menores, pero al no cumplir el acuerdo se interpuso la denuncia correspondiente, misma que deriv\u00f3 en la causa penal 47\/2021.<\/span><\/p>\n<p dir=\"ltr\" style=\"text-align: justify;\"><span style=\"color: #000000;\">En la audiencia realizada en el Centro de Justicia Oral de M\u00e9rida, los fiscales de litigaci\u00f3n formularon la imputaci\u00f3n del delito y despu\u00e9s presentaron los datos de prueba que obran en la carpeta de investigaci\u00f3n y solicitaron la vinculaci\u00f3n a proceso del imputado, quien pidi\u00f3 la duplicidad del t\u00e9rmino legal para definir su situaci\u00f3n jur\u00eddica, por lo que el Juez Primero de Control estableci\u00f3 que la audiencia contin\u00fae el pr\u00f3ximo 24 de marzo.<\/span><\/p>\n<p dir=\"ltr\" style=\"text-align: justify;\"><span style=\"color: #000000;\">Finalmente, antes de concluir, los fiscales expusieron sus argumentos para solicitar la imposici\u00f3n de medidas cautelares, por lo que el Juez de Control estableci\u00f3 que el imputado deber\u00e1 acudir a firmar peri\u00f3dicamente y la prohibici\u00f3n de salir del estado sin autorizaci\u00f3n judicial; todas estas medidas se mantendr\u00e1n vigentes por todo el tiempo que dure el proceso.<\/span><\/p>\n","protected":false},"excerpt":{"rendered":"<p>La madre de sus cuatro hijos lo denunci\u00f3 penalmente y ahora no podr\u00e1 salir del estado, en lo que se resuelve el caso.<\/p>\n","protected":false},"author":6,"featured_media":59756,"comment_status":"open","ping_status":"closed","sticky":false,"template":"","format":"standard","meta":{"footnotes":""},"categories":[14],"tags":[8701,13523],"class_list":["post-59755","post","type-post","status-publish","format-standard","has-post-thumbnail","hentry","category-policia","tag-padre-incumplido","tag-pension-alimenticia"],"yoast_head":"<!-- This site is optimized with the Yoast SEO plugin v28.3 - https:\/\/yoast.com\/product\/yoast-seo-wordpress\/ -->\n<title>Vinculado a proceso por no pasar pensi\u00f3n alimenticia en cuatro a\u00f1os<\/title>\n<meta name=\"description\" content=\"La madre de sus cuatro hijos lo denunci\u00f3 penalmente y ahora no podr\u00e1 salir del estado, en lo que se resuelve el caso.\" \/>\n<meta name=\"robots\" content=\"index, follow, max-snippet:-1, max-image-preview:large, max-video-preview:-1\" \/>\n<link rel=\"canonical\" href=\"https:\/\/reporteroshoy.mx\/noticias\/vinculado-a-proceso-por-no-pasar-pension-alimenticia-en-cuatro-anos\/\" \/>\n<meta property=\"og:locale\" content=\"es_ES\" \/>\n<meta property=\"og:type\" content=\"article\" \/>\n<meta property=\"og:title\" content=\"Vinculado a proceso por no pasar pensi\u00f3n alimenticia en cuatro a\u00f1os\" \/>\n<meta property=\"og:description\" content=\"La madre de sus cuatro hijos lo denunci\u00f3 penalmente y ahora no podr\u00e1 salir del estado, en lo que se resuelve el caso.\" \/>\n<meta property=\"og:url\" content=\"https:\/\/reporteroshoy.mx\/noticias\/vinculado-a-proceso-por-no-pasar-pension-alimenticia-en-cuatro-anos\/\" \/>\n<meta property=\"og:site_name\" content=\"Reporteros Hoy | Noticias de Yucat\u00e1n\" \/>\n<meta property=\"article:publisher\" content=\"http:\/\/www.facebook.com\/reporteroshoymx\" \/>\n<meta property=\"article:published_time\" content=\"2021-03-20T21:00:59+00:00\" \/>\n<meta property=\"article:modified_time\" content=\"2021-03-21T00:43:08+00:00\" \/>\n<meta property=\"og:image\" content=\"https:\/\/reporteroshoy.mx\/noticias\/wp-content\/uploads\/2021\/03\/PENSION-ALIMENTICIA.jpg\" \/>\n\t<meta property=\"og:image:width\" content=\"768\" \/>\n\t<meta property=\"og:image:height\" content=\"510\" \/>\n\t<meta property=\"og:image:type\" content=\"image\/jpeg\" \/>\n<meta name=\"author\" content=\"Reporteros Hoy GS\" \/>\n<meta name=\"twitter:card\" content=\"summary_large_image\" \/>\n<meta name=\"twitter:creator\" content=\"@reporteroshoy\" \/>\n<meta name=\"twitter:site\" content=\"@reporteroshoy\" \/>\n<meta name=\"twitter:label1\" content=\"Escrito por\" \/>\n\t<meta name=\"twitter:data1\" content=\"Reporteros Hoy GS\" \/>\n\t<meta name=\"twitter:label2\" content=\"Tiempo de lectura\" \/>\n\t<meta name=\"twitter:data2\" content=\"2 minutos\" \/>\n<script type=\"application\/ld+json\" class=\"yoast-schema-graph\">{\"@context\":\"https:\\\/\\\/schema.org\",\"@graph\":[{\"@type\":\"Article\",\"@id\":\"https:\\\/\\\/reporteroshoy.mx\\\/noticias\\\/vinculado-a-proceso-por-no-pasar-pension-alimenticia-en-cuatro-anos\\\/#article\",\"isPartOf\":{\"@id\":\"https:\\\/\\\/reporteroshoy.mx\\\/noticias\\\/vinculado-a-proceso-por-no-pasar-pension-alimenticia-en-cuatro-anos\\\/\"},\"author\":{\"name\":\"Reporteros Hoy GS\",\"@id\":\"https:\\\/\\\/reporteroshoy.mx\\\/noticias\\\/#\\\/schema\\\/person\\\/49ae631fc906b44554e4ba3866c505d7\"},\"headline\":\"Vinculado a proceso por no pasar pensi\u00f3n alimenticia en cuatro a\u00f1os\",\"datePublished\":\"2021-03-20T21:00:59+00:00\",\"dateModified\":\"2021-03-21T00:43:08+00:00\",\"mainEntityOfPage\":{\"@id\":\"https:\\\/\\\/reporteroshoy.mx\\\/noticias\\\/vinculado-a-proceso-por-no-pasar-pension-alimenticia-en-cuatro-anos\\\/\"},\"wordCount\":275,\"commentCount\":0,\"image\":{\"@id\":\"https:\\\/\\\/reporteroshoy.mx\\\/noticias\\\/vinculado-a-proceso-por-no-pasar-pension-alimenticia-en-cuatro-anos\\\/#primaryimage\"},\"thumbnailUrl\":\"https:\\\/\\\/reporteroshoy.mx\\\/noticias\\\/wp-content\\\/uploads\\\/2021\\\/03\\\/PENSION-ALIMENTICIA.jpg\",\"keywords\":[\"Padre incumplido\",\"pensi\u00f3n alimenticia\"],\"articleSection\":[\"Polic\u00eda\"],\"inLanguage\":\"es\",\"potentialAction\":[{\"@type\":\"CommentAction\",\"name\":\"Comment\",\"target\":[\"https:\\\/\\\/reporteroshoy.mx\\\/noticias\\\/vinculado-a-proceso-por-no-pasar-pension-alimenticia-en-cuatro-anos\\\/#respond\"]}]},{\"@type\":\"WebPage\",\"@id\":\"https:\\\/\\\/reporteroshoy.mx\\\/noticias\\\/vinculado-a-proceso-por-no-pasar-pension-alimenticia-en-cuatro-anos\\\/\",\"url\":\"https:\\\/\\\/reporteroshoy.mx\\\/noticias\\\/vinculado-a-proceso-por-no-pasar-pension-alimenticia-en-cuatro-anos\\\/\",\"name\":\"Vinculado a proceso por no pasar pensi\u00f3n alimenticia en cuatro a\u00f1os\",\"isPartOf\":{\"@id\":\"https:\\\/\\\/reporteroshoy.mx\\\/noticias\\\/#website\"},\"primaryImageOfPage\":{\"@id\":\"https:\\\/\\\/reporteroshoy.mx\\\/noticias\\\/vinculado-a-proceso-por-no-pasar-pension-alimenticia-en-cuatro-anos\\\/#primaryimage\"},\"image\":{\"@id\":\"https:\\\/\\\/reporteroshoy.mx\\\/noticias\\\/vinculado-a-proceso-por-no-pasar-pension-alimenticia-en-cuatro-anos\\\/#primaryimage\"},\"thumbnailUrl\":\"https:\\\/\\\/reporteroshoy.mx\\\/noticias\\\/wp-content\\\/uploads\\\/2021\\\/03\\\/PENSION-ALIMENTICIA.jpg\",\"datePublished\":\"2021-03-20T21:00:59+00:00\",\"dateModified\":\"2021-03-21T00:43:08+00:00\",\"author\":{\"@id\":\"https:\\\/\\\/reporteroshoy.mx\\\/noticias\\\/#\\\/schema\\\/person\\\/49ae631fc906b44554e4ba3866c505d7\"},\"description\":\"La madre de sus cuatro hijos lo denunci\u00f3 penalmente y ahora no podr\u00e1 salir del estado, en lo que se resuelve el caso.\",\"breadcrumb\":{\"@id\":\"https:\\\/\\\/reporteroshoy.mx\\\/noticias\\\/vinculado-a-proceso-por-no-pasar-pension-alimenticia-en-cuatro-anos\\\/#breadcrumb\"},\"inLanguage\":\"es\",\"potentialAction\":[{\"@type\":\"ReadAction\",\"target\":[\"https:\\\/\\\/reporteroshoy.mx\\\/noticias\\\/vinculado-a-proceso-por-no-pasar-pension-alimenticia-en-cuatro-anos\\\/\"]}]},{\"@type\":\"ImageObject\",\"inLanguage\":\"es\",\"@id\":\"https:\\\/\\\/reporteroshoy.mx\\\/noticias\\\/vinculado-a-proceso-por-no-pasar-pension-alimenticia-en-cuatro-anos\\\/#primaryimage\",\"url\":\"https:\\\/\\\/reporteroshoy.mx\\\/noticias\\\/wp-content\\\/uploads\\\/2021\\\/03\\\/PENSION-ALIMENTICIA.jpg\",\"contentUrl\":\"https:\\\/\\\/reporteroshoy.mx\\\/noticias\\\/wp-content\\\/uploads\\\/2021\\\/03\\\/PENSION-ALIMENTICIA.jpg\",\"width\":768,\"height\":510},{\"@type\":\"BreadcrumbList\",\"@id\":\"https:\\\/\\\/reporteroshoy.mx\\\/noticias\\\/vinculado-a-proceso-por-no-pasar-pension-alimenticia-en-cuatro-anos\\\/#breadcrumb\",\"itemListElement\":[{\"@type\":\"ListItem\",\"position\":1,\"name\":\"Portada\",\"item\":\"https:\\\/\\\/reporteroshoy.mx\\\/noticias\\\/\"},{\"@type\":\"ListItem\",\"position\":2,\"name\":\"Vinculado a proceso por no pasar pensi\u00f3n alimenticia en cuatro a\u00f1os\"}]},{\"@type\":\"WebSite\",\"@id\":\"https:\\\/\\\/reporteroshoy.mx\\\/noticias\\\/#website\",\"url\":\"https:\\\/\\\/reporteroshoy.mx\\\/noticias\\\/\",\"name\":\"Reporteros Hoy | Noticias de Yucat\u00e1n\",\"description\":\"Peri\u00f3dico digital con noticias diarias desde M\u00e9rida, Yucat\u00e1n para el mundo.\",\"potentialAction\":[{\"@type\":\"SearchAction\",\"target\":{\"@type\":\"EntryPoint\",\"urlTemplate\":\"https:\\\/\\\/reporteroshoy.mx\\\/noticias\\\/?s={search_term_string}\"},\"query-input\":{\"@type\":\"PropertyValueSpecification\",\"valueRequired\":true,\"valueName\":\"search_term_string\"}}],\"inLanguage\":\"es\"},{\"@type\":\"Person\",\"@id\":\"https:\\\/\\\/reporteroshoy.mx\\\/noticias\\\/#\\\/schema\\\/person\\\/49ae631fc906b44554e4ba3866c505d7\",\"name\":\"Reporteros Hoy GS\",\"image\":{\"@type\":\"ImageObject\",\"inLanguage\":\"es\",\"@id\":\"https:\\\/\\\/secure.gravatar.com\\\/avatar\\\/00d32adb620345c3db2cfc175917f65c584e1e338fdc49ad126aa1f9830eb6a9?s=96&d=mm&r=g\",\"url\":\"https:\\\/\\\/secure.gravatar.com\\\/avatar\\\/00d32adb620345c3db2cfc175917f65c584e1e338fdc49ad126aa1f9830eb6a9?s=96&d=mm&r=g\",\"contentUrl\":\"https:\\\/\\\/secure.gravatar.com\\\/avatar\\\/00d32adb620345c3db2cfc175917f65c584e1e338fdc49ad126aa1f9830eb6a9?s=96&d=mm&r=g\",\"caption\":\"Reporteros Hoy GS\"},\"url\":\"https:\\\/\\\/reporteroshoy.mx\\\/noticias\\\/author\\\/lupis\\\/\"}]}<\/script>\n<!-- \/ Yoast SEO plugin. -->","yoast_head_json":{"title":"Vinculado a proceso por no pasar pensi\u00f3n alimenticia en cuatro a\u00f1os","description":"La madre de sus cuatro hijos lo denunci\u00f3 penalmente y ahora no podr\u00e1 salir del estado, en lo que se resuelve el caso.","robots":{"index":"index","follow":"follow","max-snippet":"max-snippet:-1","max-image-preview":"max-image-preview:large","max-video-preview":"max-video-preview:-1"},"canonical":"https:\/\/reporteroshoy.mx\/noticias\/vinculado-a-proceso-por-no-pasar-pension-alimenticia-en-cuatro-anos\/","og_locale":"es_ES","og_type":"article","og_title":"Vinculado a proceso por no pasar pensi\u00f3n alimenticia en cuatro a\u00f1os","og_description":"La madre de sus cuatro hijos lo denunci\u00f3 penalmente y ahora no podr\u00e1 salir del estado, en lo que se resuelve el caso.","og_url":"https:\/\/reporteroshoy.mx\/noticias\/vinculado-a-proceso-por-no-pasar-pension-alimenticia-en-cuatro-anos\/","og_site_name":"Reporteros Hoy | Noticias de Yucat\u00e1n","article_publisher":"http:\/\/www.facebook.com\/reporteroshoymx","article_published_time":"2021-03-20T21:00:59+00:00","article_modified_time":"2021-03-21T00:43:08+00:00","og_image":[{"width":768,"height":510,"url":"https:\/\/reporteroshoy.mx\/noticias\/wp-content\/uploads\/2021\/03\/PENSION-ALIMENTICIA.jpg","type":"image\/jpeg"}],"author":"Reporteros Hoy GS","twitter_card":"summary_large_image","twitter_creator":"@reporteroshoy","twitter_site":"@reporteroshoy","twitter_misc":{"Escrito por":"Reporteros Hoy GS","Tiempo de lectura":"2 minutos"},"schema":{"@context":"https:\/\/schema.org","@graph":[{"@type":"Article","@id":"https:\/\/reporteroshoy.mx\/noticias\/vinculado-a-proceso-por-no-pasar-pension-alimenticia-en-cuatro-anos\/#article","isPartOf":{"@id":"https:\/\/reporteroshoy.mx\/noticias\/vinculado-a-proceso-por-no-pasar-pension-alimenticia-en-cuatro-anos\/"},"author":{"name":"Reporteros Hoy GS","@id":"https:\/\/reporteroshoy.mx\/noticias\/#\/schema\/person\/49ae631fc906b44554e4ba3866c505d7"},"headline":"Vinculado a proceso por no pasar pensi\u00f3n alimenticia en cuatro a\u00f1os","datePublished":"2021-03-20T21:00:59+00:00","dateModified":"2021-03-21T00:43:08+00:00","mainEntityOfPage":{"@id":"https:\/\/reporteroshoy.mx\/noticias\/vinculado-a-proceso-por-no-pasar-pension-alimenticia-en-cuatro-anos\/"},"wordCount":275,"commentCount":0,"image":{"@id":"https:\/\/reporteroshoy.mx\/noticias\/vinculado-a-proceso-por-no-pasar-pension-alimenticia-en-cuatro-anos\/#primaryimage"},"thumbnailUrl":"https:\/\/reporteroshoy.mx\/noticias\/wp-content\/uploads\/2021\/03\/PENSION-ALIMENTICIA.jpg","keywords":["Padre incumplido","pensi\u00f3n alimenticia"],"articleSection":["Polic\u00eda"],"inLanguage":"es","potentialAction":[{"@type":"CommentAction","name":"Comment","target":["https:\/\/reporteroshoy.mx\/noticias\/vinculado-a-proceso-por-no-pasar-pension-alimenticia-en-cuatro-anos\/#respond"]}]},{"@type":"WebPage","@id":"https:\/\/reporteroshoy.mx\/noticias\/vinculado-a-proceso-por-no-pasar-pension-alimenticia-en-cuatro-anos\/","url":"https:\/\/reporteroshoy.mx\/noticias\/vinculado-a-proceso-por-no-pasar-pension-alimenticia-en-cuatro-anos\/","name":"Vinculado a proceso por no pasar pensi\u00f3n alimenticia en cuatro a\u00f1os","isPartOf":{"@id":"https:\/\/reporteroshoy.mx\/noticias\/#website"},"primaryImageOfPage":{"@id":"https:\/\/reporteroshoy.mx\/noticias\/vinculado-a-proceso-por-no-pasar-pension-alimenticia-en-cuatro-anos\/#primaryimage"},"image":{"@id":"https:\/\/reporteroshoy.mx\/noticias\/vinculado-a-proceso-por-no-pasar-pension-alimenticia-en-cuatro-anos\/#primaryimage"},"thumbnailUrl":"https:\/\/reporteroshoy.mx\/noticias\/wp-content\/uploads\/2021\/03\/PENSION-ALIMENTICIA.jpg","datePublished":"2021-03-20T21:00:59+00:00","dateModified":"2021-03-21T00:43:08+00:00","author":{"@id":"https:\/\/reporteroshoy.mx\/noticias\/#\/schema\/person\/49ae631fc906b44554e4ba3866c505d7"},"description":"La madre de sus cuatro hijos lo denunci\u00f3 penalmente y ahora no podr\u00e1 salir del estado, en lo que se resuelve el caso.","breadcrumb":{"@id":"https:\/\/reporteroshoy.mx\/noticias\/vinculado-a-proceso-por-no-pasar-pension-alimenticia-en-cuatro-anos\/#breadcrumb"},"inLanguage":"es","potentialAction":[{"@type":"ReadAction","target":["https:\/\/reporteroshoy.mx\/noticias\/vinculado-a-proceso-por-no-pasar-pension-alimenticia-en-cuatro-anos\/"]}]},{"@type":"ImageObject","inLanguage":"es","@id":"https:\/\/reporteroshoy.mx\/noticias\/vinculado-a-proceso-por-no-pasar-pension-alimenticia-en-cuatro-anos\/#primaryimage","url":"https:\/\/reporteroshoy.mx\/noticias\/wp-content\/uploads\/2021\/03\/PENSION-ALIMENTICIA.jpg","contentUrl":"https:\/\/reporteroshoy.mx\/noticias\/wp-content\/uploads\/2021\/03\/PENSION-ALIMENTICIA.jpg","width":768,"height":510},{"@type":"BreadcrumbList","@id":"https:\/\/reporteroshoy.mx\/noticias\/vinculado-a-proceso-por-no-pasar-pension-alimenticia-en-cuatro-anos\/#breadcrumb","itemListElement":[{"@type":"ListItem","position":1,"name":"Portada","item":"https:\/\/reporteroshoy.mx\/noticias\/"},{"@type":"ListItem","position":2,"name":"Vinculado a proceso por no pasar pensi\u00f3n alimenticia en cuatro a\u00f1os"}]},{"@type":"WebSite","@id":"https:\/\/reporteroshoy.mx\/noticias\/#website","url":"https:\/\/reporteroshoy.mx\/noticias\/","name":"Reporteros Hoy | Noticias de Yucat\u00e1n","description":"Peri\u00f3dico digital con noticias diarias desde M\u00e9rida, Yucat\u00e1n para el mundo.","potentialAction":[{"@type":"SearchAction","target":{"@type":"EntryPoint","urlTemplate":"https:\/\/reporteroshoy.mx\/noticias\/?s={search_term_string}"},"query-input":{"@type":"PropertyValueSpecification","valueRequired":true,"valueName":"search_term_string"}}],"inLanguage":"es"},{"@type":"Person","@id":"https:\/\/reporteroshoy.mx\/noticias\/#\/schema\/person\/49ae631fc906b44554e4ba3866c505d7","name":"Reporteros Hoy GS","image":{"@type":"ImageObject","inLanguage":"es","@id":"https:\/\/secure.gravatar.com\/avatar\/00d32adb620345c3db2cfc175917f65c584e1e338fdc49ad126aa1f9830eb6a9?s=96&d=mm&r=g","url":"https:\/\/secure.gravatar.com\/avatar\/00d32adb620345c3db2cfc175917f65c584e1e338fdc49ad126aa1f9830eb6a9?s=96&d=mm&r=g","contentUrl":"https:\/\/secure.gravatar.com\/avatar\/00d32adb620345c3db2cfc175917f65c584e1e338fdc49ad126aa1f9830eb6a9?s=96&d=mm&r=g","caption":"Reporteros Hoy GS"},"url":"https:\/\/reporteroshoy.mx\/noticias\/author\/lupis\/"}]}},"_links":{"self":[{"href":"https:\/\/reporteroshoy.mx\/noticias\/wp-json\/wp\/v2\/posts\/59755","targetHints":{"allow":["GET"]}}],"collection":[{"href":"https:\/\/reporteroshoy.mx\/noticias\/wp-json\/wp\/v2\/posts"}],"about":[{"href":"https:\/\/reporteroshoy.mx\/noticias\/wp-json\/wp\/v2\/types\/post"}],"author":[{"embeddable":true,"href":"https:\/\/reporteroshoy.mx\/noticias\/wp-json\/wp\/v2\/users\/6"}],"replies":[{"embeddable":true,"href":"https:\/\/reporteroshoy.mx\/noticias\/wp-json\/wp\/v2\/comments?post=59755"}],"version-history":[{"count":0,"href":"https:\/\/reporteroshoy.mx\/noticias\/wp-json\/wp\/v2\/posts\/59755\/revisions"}],"wp:featuredmedia":[{"embeddable":true,"href":"https:\/\/reporteroshoy.mx\/noticias\/wp-json\/wp\/v2\/media\/59756"}],"wp:attachment":[{"href":"https:\/\/reporteroshoy.mx\/noticias\/wp-json\/wp\/v2\/media?parent=59755"}],"wp:term":[{"taxonomy":"category","embeddable":true,"href":"https:\/\/reporteroshoy.mx\/noticias\/wp-json\/wp\/v2\/categories?post=59755"},{"taxonomy":"post_tag","embeddable":true,"href":"https:\/\/reporteroshoy.mx\/noticias\/wp-json\/wp\/v2\/tags?post=59755"}],"curies":[{"name":"wp","href":"https:\/\/api.w.org\/{rel}","templated":true}]}}