{"id":59854,"date":"2021-03-22T10:30:30","date_gmt":"2021-03-22T16:30:30","guid":{"rendered":"https:\/\/reporteroshoy.mx\/noticias\/?p=59854"},"modified":"2021-03-23T13:21:27","modified_gmt":"2021-03-23T19:21:27","slug":"muere-sexagenario-en-malecon-de-rio-lagartos","status":"publish","type":"post","link":"https:\/\/reporteroshoy.mx\/noticias\/muere-sexagenario-en-malecon-de-rio-lagartos\/","title":{"rendered":"Muere sexagenario en malec\u00f3n de R\u00edo Lagartos"},"content":{"rendered":"<p dir=\"auto\" style=\"text-align: justify;\">R\u00edo Lagartos; 22 de marzo de 2021 (ACOM).- Un hombre se 60 a\u00f1os muri\u00f3 ahogado debajo de un puente de maderas en el malec\u00f3n de R\u00edo Lagartos.<\/p>\n<p dir=\"auto\"><img loading=\"lazy\" decoding=\"async\" class=\"wp-image-59855 aligncenter\" src=\"https:\/\/reporteroshoy.mx\/noticias\/wp-content\/uploads\/2021\/03\/Muerto-en-Rio-Lagartos.jpg\" alt=\"\" width=\"602\" height=\"339\" \/><\/p>\n<p dir=\"auto\" style=\"text-align: justify;\">Los porte\u00f1os se percataron del cuerpo que estaba flotando dentro del agua y dieron aviso a las autoridades. Al lugar acudieron agentes de la SSP quienes acordonaron la zona.<\/p>\n<p dir=\"auto\"><img loading=\"lazy\" decoding=\"async\" class=\"wp-image-59856 aligncenter\" src=\"https:\/\/reporteroshoy.mx\/noticias\/wp-content\/uploads\/2021\/03\/Muerto-en-Rio-Lagartos1.jpg\" alt=\"\" width=\"600\" height=\"338\" \/><\/p>\n<p dir=\"auto\" style=\"text-align: justify;\">Familiares del occiso llegaron a reconocer el cad\u00e1ver. Mencionaron que se trata de M.L.E., bebedor consuetudinario y vecino del puerto de Las Coloradas.<\/p>\n","protected":false},"excerpt":{"rendered":"<p>Habitantes del puerto encontraron el cuerpo flotando debajo del puente de maderas. Se trata de M.L.E., vecino de Las Coloradas.<\/p>\n","protected":false},"author":9,"featured_media":59856,"comment_status":"open","ping_status":"closed","sticky":false,"template":"","format":"standard","meta":{"footnotes":""},"categories":[11],"tags":[16888,1026,6487,136],"class_list":["post-59854","post","type-post","status-publish","format-standard","has-post-thumbnail","hentry","category-municipios-de-yucatan","tag-malecon","tag-rio-lagartos","tag-sexagenario","tag-yucatan-oriente"],"yoast_head":"<!-- This site is optimized with the Yoast SEO plugin v28.4 - https:\/\/yoast.com\/product\/yoast-seo-wordpress\/ -->\n<title>Muere sexagenario en malec\u00f3n de R\u00edo Lagartos<\/title>\n<meta name=\"description\" content=\"Habitantes del puerto encontraron el cuerpo flotando debajo del puente de maderas. Se trata de M.L.E., vecino de Las Coloradas.\" \/>\n<meta name=\"robots\" content=\"index, follow, max-snippet:-1, max-image-preview:large, max-video-preview:-1\" \/>\n<link rel=\"canonical\" href=\"https:\/\/reporteroshoy.mx\/noticias\/muere-sexagenario-en-malecon-de-rio-lagartos\/\" \/>\n<meta property=\"og:locale\" content=\"es_ES\" \/>\n<meta property=\"og:type\" content=\"article\" \/>\n<meta property=\"og:title\" content=\"Muere sexagenario en malec\u00f3n de R\u00edo Lagartos\" \/>\n<meta property=\"og:description\" content=\"Habitantes del puerto encontraron el cuerpo flotando debajo del puente de maderas. Se trata de M.L.E., vecino de Las Coloradas.\" \/>\n<meta property=\"og:url\" content=\"https:\/\/reporteroshoy.mx\/noticias\/muere-sexagenario-en-malecon-de-rio-lagartos\/\" \/>\n<meta property=\"og:site_name\" content=\"Reporteros Hoy | Noticias de Yucat\u00e1n\" \/>\n<meta property=\"article:publisher\" content=\"http:\/\/www.facebook.com\/reporteroshoymx\" \/>\n<meta property=\"article:published_time\" content=\"2021-03-22T16:30:30+00:00\" \/>\n<meta property=\"article:modified_time\" content=\"2021-03-23T19:21:27+00:00\" \/>\n<meta property=\"og:image\" content=\"https:\/\/reporteroshoy.mx\/noticias\/wp-content\/uploads\/2021\/03\/Muerto-en-Rio-Lagartos1.jpg\" \/>\n\t<meta property=\"og:image:width\" content=\"768\" \/>\n\t<meta property=\"og:image:height\" content=\"432\" \/>\n\t<meta property=\"og:image:type\" content=\"image\/jpeg\" \/>\n<meta name=\"author\" content=\"Reporteros Hoy WP\" \/>\n<meta name=\"twitter:card\" content=\"summary_large_image\" \/>\n<meta name=\"twitter:creator\" content=\"@reporteroshoy\" \/>\n<meta name=\"twitter:site\" content=\"@reporteroshoy\" \/>\n<meta name=\"twitter:label1\" content=\"Escrito por\" \/>\n\t<meta name=\"twitter:data1\" content=\"Reporteros Hoy WP\" \/>\n\t<meta name=\"twitter:label2\" content=\"Tiempo de lectura\" \/>\n\t<meta name=\"twitter:data2\" content=\"1 minuto\" \/>\n<script type=\"application\/ld+json\" class=\"yoast-schema-graph\">{\"@context\":\"https:\\\/\\\/schema.org\",\"@graph\":[{\"@type\":\"Article\",\"@id\":\"https:\\\/\\\/reporteroshoy.mx\\\/noticias\\\/muere-sexagenario-en-malecon-de-rio-lagartos\\\/#article\",\"isPartOf\":{\"@id\":\"https:\\\/\\\/reporteroshoy.mx\\\/noticias\\\/muere-sexagenario-en-malecon-de-rio-lagartos\\\/\"},\"author\":{\"name\":\"Reporteros Hoy WP\",\"@id\":\"https:\\\/\\\/reporteroshoy.mx\\\/noticias\\\/#\\\/schema\\\/person\\\/c977527e57c958a62c5cefe8fe47876e\"},\"headline\":\"Muere sexagenario en malec\u00f3n de R\u00edo Lagartos\",\"datePublished\":\"2021-03-22T16:30:30+00:00\",\"dateModified\":\"2021-03-23T19:21:27+00:00\",\"mainEntityOfPage\":{\"@id\":\"https:\\\/\\\/reporteroshoy.mx\\\/noticias\\\/muere-sexagenario-en-malecon-de-rio-lagartos\\\/\"},\"wordCount\":94,\"commentCount\":0,\"image\":{\"@id\":\"https:\\\/\\\/reporteroshoy.mx\\\/noticias\\\/muere-sexagenario-en-malecon-de-rio-lagartos\\\/#primaryimage\"},\"thumbnailUrl\":\"https:\\\/\\\/reporteroshoy.mx\\\/noticias\\\/wp-content\\\/uploads\\\/2021\\\/03\\\/Muerto-en-Rio-Lagartos1.jpg\",\"keywords\":[\"Malec\u00f3n\",\"R\u00edo Lagartos\",\"Sexagenario\",\"Yucat\u00e1n Oriente\"],\"articleSection\":[\"Municipios\"],\"inLanguage\":\"es\",\"potentialAction\":[{\"@type\":\"CommentAction\",\"name\":\"Comment\",\"target\":[\"https:\\\/\\\/reporteroshoy.mx\\\/noticias\\\/muere-sexagenario-en-malecon-de-rio-lagartos\\\/#respond\"]}]},{\"@type\":\"WebPage\",\"@id\":\"https:\\\/\\\/reporteroshoy.mx\\\/noticias\\\/muere-sexagenario-en-malecon-de-rio-lagartos\\\/\",\"url\":\"https:\\\/\\\/reporteroshoy.mx\\\/noticias\\\/muere-sexagenario-en-malecon-de-rio-lagartos\\\/\",\"name\":\"Muere sexagenario en malec\u00f3n de R\u00edo Lagartos\",\"isPartOf\":{\"@id\":\"https:\\\/\\\/reporteroshoy.mx\\\/noticias\\\/#website\"},\"primaryImageOfPage\":{\"@id\":\"https:\\\/\\\/reporteroshoy.mx\\\/noticias\\\/muere-sexagenario-en-malecon-de-rio-lagartos\\\/#primaryimage\"},\"image\":{\"@id\":\"https:\\\/\\\/reporteroshoy.mx\\\/noticias\\\/muere-sexagenario-en-malecon-de-rio-lagartos\\\/#primaryimage\"},\"thumbnailUrl\":\"https:\\\/\\\/reporteroshoy.mx\\\/noticias\\\/wp-content\\\/uploads\\\/2021\\\/03\\\/Muerto-en-Rio-Lagartos1.jpg\",\"datePublished\":\"2021-03-22T16:30:30+00:00\",\"dateModified\":\"2021-03-23T19:21:27+00:00\",\"author\":{\"@id\":\"https:\\\/\\\/reporteroshoy.mx\\\/noticias\\\/#\\\/schema\\\/person\\\/c977527e57c958a62c5cefe8fe47876e\"},\"description\":\"Habitantes del puerto encontraron el cuerpo flotando debajo del puente de maderas. Se trata de M.L.E., vecino de Las Coloradas.\",\"breadcrumb\":{\"@id\":\"https:\\\/\\\/reporteroshoy.mx\\\/noticias\\\/muere-sexagenario-en-malecon-de-rio-lagartos\\\/#breadcrumb\"},\"inLanguage\":\"es\",\"potentialAction\":[{\"@type\":\"ReadAction\",\"target\":[\"https:\\\/\\\/reporteroshoy.mx\\\/noticias\\\/muere-sexagenario-en-malecon-de-rio-lagartos\\\/\"]}]},{\"@type\":\"ImageObject\",\"inLanguage\":\"es\",\"@id\":\"https:\\\/\\\/reporteroshoy.mx\\\/noticias\\\/muere-sexagenario-en-malecon-de-rio-lagartos\\\/#primaryimage\",\"url\":\"https:\\\/\\\/reporteroshoy.mx\\\/noticias\\\/wp-content\\\/uploads\\\/2021\\\/03\\\/Muerto-en-Rio-Lagartos1.jpg\",\"contentUrl\":\"https:\\\/\\\/reporteroshoy.mx\\\/noticias\\\/wp-content\\\/uploads\\\/2021\\\/03\\\/Muerto-en-Rio-Lagartos1.jpg\",\"width\":768,\"height\":432},{\"@type\":\"BreadcrumbList\",\"@id\":\"https:\\\/\\\/reporteroshoy.mx\\\/noticias\\\/muere-sexagenario-en-malecon-de-rio-lagartos\\\/#breadcrumb\",\"itemListElement\":[{\"@type\":\"ListItem\",\"position\":1,\"name\":\"Portada\",\"item\":\"https:\\\/\\\/reporteroshoy.mx\\\/noticias\\\/\"},{\"@type\":\"ListItem\",\"position\":2,\"name\":\"Muere sexagenario en malec\u00f3n de R\u00edo Lagartos\"}]},{\"@type\":\"WebSite\",\"@id\":\"https:\\\/\\\/reporteroshoy.mx\\\/noticias\\\/#website\",\"url\":\"https:\\\/\\\/reporteroshoy.mx\\\/noticias\\\/\",\"name\":\"Reporteros Hoy | Noticias de Yucat\u00e1n\",\"description\":\"Peri\u00f3dico digital con noticias diarias desde M\u00e9rida, Yucat\u00e1n para el mundo.\",\"potentialAction\":[{\"@type\":\"SearchAction\",\"target\":{\"@type\":\"EntryPoint\",\"urlTemplate\":\"https:\\\/\\\/reporteroshoy.mx\\\/noticias\\\/?s={search_term_string}\"},\"query-input\":{\"@type\":\"PropertyValueSpecification\",\"valueRequired\":true,\"valueName\":\"search_term_string\"}}],\"inLanguage\":\"es\"},{\"@type\":\"Person\",\"@id\":\"https:\\\/\\\/reporteroshoy.mx\\\/noticias\\\/#\\\/schema\\\/person\\\/c977527e57c958a62c5cefe8fe47876e\",\"name\":\"Reporteros Hoy WP\",\"image\":{\"@type\":\"ImageObject\",\"inLanguage\":\"es\",\"@id\":\"https:\\\/\\\/secure.gravatar.com\\\/avatar\\\/fd2917f79a7dae30f8ac9ddc2f35e1756bb59e25e01d1cd09deaa64df7b2f73e?s=96&d=mm&r=g\",\"url\":\"https:\\\/\\\/secure.gravatar.com\\\/avatar\\\/fd2917f79a7dae30f8ac9ddc2f35e1756bb59e25e01d1cd09deaa64df7b2f73e?s=96&d=mm&r=g\",\"contentUrl\":\"https:\\\/\\\/secure.gravatar.com\\\/avatar\\\/fd2917f79a7dae30f8ac9ddc2f35e1756bb59e25e01d1cd09deaa64df7b2f73e?s=96&d=mm&r=g\",\"caption\":\"Reporteros Hoy WP\"},\"url\":\"https:\\\/\\\/reporteroshoy.mx\\\/noticias\\\/author\\\/walfer\\\/\"}]}<\/script>\n<!-- \/ Yoast SEO plugin. -->","yoast_head_json":{"title":"Muere sexagenario en malec\u00f3n de R\u00edo Lagartos","description":"Habitantes del puerto encontraron el cuerpo flotando debajo del puente de maderas. Se trata de M.L.E., vecino de Las Coloradas.","robots":{"index":"index","follow":"follow","max-snippet":"max-snippet:-1","max-image-preview":"max-image-preview:large","max-video-preview":"max-video-preview:-1"},"canonical":"https:\/\/reporteroshoy.mx\/noticias\/muere-sexagenario-en-malecon-de-rio-lagartos\/","og_locale":"es_ES","og_type":"article","og_title":"Muere sexagenario en malec\u00f3n de R\u00edo Lagartos","og_description":"Habitantes del puerto encontraron el cuerpo flotando debajo del puente de maderas. Se trata de M.L.E., vecino de Las Coloradas.","og_url":"https:\/\/reporteroshoy.mx\/noticias\/muere-sexagenario-en-malecon-de-rio-lagartos\/","og_site_name":"Reporteros Hoy | Noticias de Yucat\u00e1n","article_publisher":"http:\/\/www.facebook.com\/reporteroshoymx","article_published_time":"2021-03-22T16:30:30+00:00","article_modified_time":"2021-03-23T19:21:27+00:00","og_image":[{"width":768,"height":432,"url":"https:\/\/reporteroshoy.mx\/noticias\/wp-content\/uploads\/2021\/03\/Muerto-en-Rio-Lagartos1.jpg","type":"image\/jpeg"}],"author":"Reporteros Hoy WP","twitter_card":"summary_large_image","twitter_creator":"@reporteroshoy","twitter_site":"@reporteroshoy","twitter_misc":{"Escrito por":"Reporteros Hoy WP","Tiempo de lectura":"1 minuto"},"schema":{"@context":"https:\/\/schema.org","@graph":[{"@type":"Article","@id":"https:\/\/reporteroshoy.mx\/noticias\/muere-sexagenario-en-malecon-de-rio-lagartos\/#article","isPartOf":{"@id":"https:\/\/reporteroshoy.mx\/noticias\/muere-sexagenario-en-malecon-de-rio-lagartos\/"},"author":{"name":"Reporteros Hoy WP","@id":"https:\/\/reporteroshoy.mx\/noticias\/#\/schema\/person\/c977527e57c958a62c5cefe8fe47876e"},"headline":"Muere sexagenario en malec\u00f3n de R\u00edo Lagartos","datePublished":"2021-03-22T16:30:30+00:00","dateModified":"2021-03-23T19:21:27+00:00","mainEntityOfPage":{"@id":"https:\/\/reporteroshoy.mx\/noticias\/muere-sexagenario-en-malecon-de-rio-lagartos\/"},"wordCount":94,"commentCount":0,"image":{"@id":"https:\/\/reporteroshoy.mx\/noticias\/muere-sexagenario-en-malecon-de-rio-lagartos\/#primaryimage"},"thumbnailUrl":"https:\/\/reporteroshoy.mx\/noticias\/wp-content\/uploads\/2021\/03\/Muerto-en-Rio-Lagartos1.jpg","keywords":["Malec\u00f3n","R\u00edo Lagartos","Sexagenario","Yucat\u00e1n Oriente"],"articleSection":["Municipios"],"inLanguage":"es","potentialAction":[{"@type":"CommentAction","name":"Comment","target":["https:\/\/reporteroshoy.mx\/noticias\/muere-sexagenario-en-malecon-de-rio-lagartos\/#respond"]}]},{"@type":"WebPage","@id":"https:\/\/reporteroshoy.mx\/noticias\/muere-sexagenario-en-malecon-de-rio-lagartos\/","url":"https:\/\/reporteroshoy.mx\/noticias\/muere-sexagenario-en-malecon-de-rio-lagartos\/","name":"Muere sexagenario en malec\u00f3n de R\u00edo Lagartos","isPartOf":{"@id":"https:\/\/reporteroshoy.mx\/noticias\/#website"},"primaryImageOfPage":{"@id":"https:\/\/reporteroshoy.mx\/noticias\/muere-sexagenario-en-malecon-de-rio-lagartos\/#primaryimage"},"image":{"@id":"https:\/\/reporteroshoy.mx\/noticias\/muere-sexagenario-en-malecon-de-rio-lagartos\/#primaryimage"},"thumbnailUrl":"https:\/\/reporteroshoy.mx\/noticias\/wp-content\/uploads\/2021\/03\/Muerto-en-Rio-Lagartos1.jpg","datePublished":"2021-03-22T16:30:30+00:00","dateModified":"2021-03-23T19:21:27+00:00","author":{"@id":"https:\/\/reporteroshoy.mx\/noticias\/#\/schema\/person\/c977527e57c958a62c5cefe8fe47876e"},"description":"Habitantes del puerto encontraron el cuerpo flotando debajo del puente de maderas. Se trata de M.L.E., vecino de Las Coloradas.","breadcrumb":{"@id":"https:\/\/reporteroshoy.mx\/noticias\/muere-sexagenario-en-malecon-de-rio-lagartos\/#breadcrumb"},"inLanguage":"es","potentialAction":[{"@type":"ReadAction","target":["https:\/\/reporteroshoy.mx\/noticias\/muere-sexagenario-en-malecon-de-rio-lagartos\/"]}]},{"@type":"ImageObject","inLanguage":"es","@id":"https:\/\/reporteroshoy.mx\/noticias\/muere-sexagenario-en-malecon-de-rio-lagartos\/#primaryimage","url":"https:\/\/reporteroshoy.mx\/noticias\/wp-content\/uploads\/2021\/03\/Muerto-en-Rio-Lagartos1.jpg","contentUrl":"https:\/\/reporteroshoy.mx\/noticias\/wp-content\/uploads\/2021\/03\/Muerto-en-Rio-Lagartos1.jpg","width":768,"height":432},{"@type":"BreadcrumbList","@id":"https:\/\/reporteroshoy.mx\/noticias\/muere-sexagenario-en-malecon-de-rio-lagartos\/#breadcrumb","itemListElement":[{"@type":"ListItem","position":1,"name":"Portada","item":"https:\/\/reporteroshoy.mx\/noticias\/"},{"@type":"ListItem","position":2,"name":"Muere sexagenario en malec\u00f3n de R\u00edo Lagartos"}]},{"@type":"WebSite","@id":"https:\/\/reporteroshoy.mx\/noticias\/#website","url":"https:\/\/reporteroshoy.mx\/noticias\/","name":"Reporteros Hoy | Noticias de Yucat\u00e1n","description":"Peri\u00f3dico digital con noticias diarias desde M\u00e9rida, Yucat\u00e1n para el mundo.","potentialAction":[{"@type":"SearchAction","target":{"@type":"EntryPoint","urlTemplate":"https:\/\/reporteroshoy.mx\/noticias\/?s={search_term_string}"},"query-input":{"@type":"PropertyValueSpecification","valueRequired":true,"valueName":"search_term_string"}}],"inLanguage":"es"},{"@type":"Person","@id":"https:\/\/reporteroshoy.mx\/noticias\/#\/schema\/person\/c977527e57c958a62c5cefe8fe47876e","name":"Reporteros Hoy WP","image":{"@type":"ImageObject","inLanguage":"es","@id":"https:\/\/secure.gravatar.com\/avatar\/fd2917f79a7dae30f8ac9ddc2f35e1756bb59e25e01d1cd09deaa64df7b2f73e?s=96&d=mm&r=g","url":"https:\/\/secure.gravatar.com\/avatar\/fd2917f79a7dae30f8ac9ddc2f35e1756bb59e25e01d1cd09deaa64df7b2f73e?s=96&d=mm&r=g","contentUrl":"https:\/\/secure.gravatar.com\/avatar\/fd2917f79a7dae30f8ac9ddc2f35e1756bb59e25e01d1cd09deaa64df7b2f73e?s=96&d=mm&r=g","caption":"Reporteros Hoy WP"},"url":"https:\/\/reporteroshoy.mx\/noticias\/author\/walfer\/"}]}},"_links":{"self":[{"href":"https:\/\/reporteroshoy.mx\/noticias\/wp-json\/wp\/v2\/posts\/59854","targetHints":{"allow":["GET"]}}],"collection":[{"href":"https:\/\/reporteroshoy.mx\/noticias\/wp-json\/wp\/v2\/posts"}],"about":[{"href":"https:\/\/reporteroshoy.mx\/noticias\/wp-json\/wp\/v2\/types\/post"}],"author":[{"embeddable":true,"href":"https:\/\/reporteroshoy.mx\/noticias\/wp-json\/wp\/v2\/users\/9"}],"replies":[{"embeddable":true,"href":"https:\/\/reporteroshoy.mx\/noticias\/wp-json\/wp\/v2\/comments?post=59854"}],"version-history":[{"count":0,"href":"https:\/\/reporteroshoy.mx\/noticias\/wp-json\/wp\/v2\/posts\/59854\/revisions"}],"wp:featuredmedia":[{"embeddable":true,"href":"https:\/\/reporteroshoy.mx\/noticias\/wp-json\/wp\/v2\/media\/59856"}],"wp:attachment":[{"href":"https:\/\/reporteroshoy.mx\/noticias\/wp-json\/wp\/v2\/media?parent=59854"}],"wp:term":[{"taxonomy":"category","embeddable":true,"href":"https:\/\/reporteroshoy.mx\/noticias\/wp-json\/wp\/v2\/categories?post=59854"},{"taxonomy":"post_tag","embeddable":true,"href":"https:\/\/reporteroshoy.mx\/noticias\/wp-json\/wp\/v2\/tags?post=59854"}],"curies":[{"name":"wp","href":"https:\/\/api.w.org\/{rel}","templated":true}]}}