{"id":59979,"date":"2021-03-23T17:00:24","date_gmt":"2021-03-23T23:00:24","guid":{"rendered":"https:\/\/reporteroshoy.mx\/noticias\/?p=59979"},"modified":"2021-03-23T21:45:47","modified_gmt":"2021-03-24T03:45:47","slug":"cinco-anos-de-carcel-para-maltratador-del-poniente-de-merida","status":"publish","type":"post","link":"https:\/\/reporteroshoy.mx\/noticias\/cinco-anos-de-carcel-para-maltratador-del-poniente-de-merida\/","title":{"rendered":"Cinco a\u00f1os de c\u00e1rcel para maltratador del poniente de M\u00e9rida"},"content":{"rendered":"<p class=\"x_gmail-MsoNormalCxSpMiddle\" style=\"text-align: justify;\"><span style=\"color: #000000;\"><span lang=\"ES\">M\u00e9rida, Yucat\u00e1n; 23 de marzo de 2021.- En una audiencia de procedimiento abreviado fue sentenciado el ciudadano C.J.S.V. a pasar cinco a\u00f1os y seis meses de prisi\u00f3n al comprobarse su responsabilidad en el delito de violencia familiar, denunciado tras los hechos ocurridos el mes de septiembre del a\u00f1o 2020 en un predio de la colonia Nueva Sambul\u00e1 de esta ciudad de M\u00e9rida.<\/span><span lang=\"ES\">\u00a0<\/span><\/span><\/p>\n<p class=\"x_gmail-MsoNormalCxSpMiddle\" style=\"text-align: justify;\"><span lang=\"ES\" style=\"color: #000000;\">Tras contar con la anuencia de las partes involucradas, la Fiscal\u00eda General del Estado (FGE) expuso los datos de prueba que permitieron a la Juez Primera de Control del Primer Distrito judicial decretar el fallo condenatorio y sentenciar al acusado a la pena privativa de la libertad, adem\u00e1s de brindarle una amonestaci\u00f3n p\u00fablica, suspenderle sus derechos pol\u00edticos y sentenciarlo a no acercarse a la v\u00edctima durante tres a\u00f1os m\u00e1s despu\u00e9s de compurgar la pena en prisi\u00f3n.<\/span><\/p>\n<p><img loading=\"lazy\" decoding=\"async\" class=\"wp-image-59980 aligncenter\" src=\"https:\/\/reporteroshoy.mx\/noticias\/wp-content\/uploads\/2021\/03\/Carcel.jpg\" alt=\"\" width=\"605\" height=\"340\" \/><\/p>\n<p class=\"x_gmail-MsoNormalCxSpMiddle\" style=\"text-align: justify;\"><span lang=\"ES\" style=\"color: #000000;\">De acuerdo con la informaci\u00f3n reunida en la carpeta de investigaci\u00f3n de la causa penal 145\/2020, los hechos ocurrieron el 18 de septiembre del a\u00f1o pasado, en el predio de la citada colonia, donde el encausado ejecut\u00f3 actos abusivos de poder en agravio de su pareja con quien llevaba m\u00e1s de 17 a\u00f1os de relaci\u00f3n y una de las tres hijas menores de edad de ambos, por lo que se present\u00f3 la formal querella que deriv\u00f3 en la presente diligencia judicial.<\/span><\/p>\n","protected":false},"excerpt":{"rendered":"<p>En un procedimiento abreviado, un vecino de la colonia Nueva Sambul\u00e1 fue sentenciado a prisi\u00f3n; golpeaba a su pareja de hace m\u00e1s de 17 a\u00f1os y una de las tres hijas de ambos.<\/p>\n","protected":false},"author":6,"featured_media":59980,"comment_status":"open","ping_status":"closed","sticky":false,"template":"","format":"standard","meta":{"footnotes":""},"categories":[14],"tags":[16907,16906,3471,5429],"class_list":["post-59979","post","type-post","status-publish","format-standard","has-post-thumbnail","hentry","category-policia","tag-abusador","tag-nueva-sambula","tag-prision","tag-violencia-familiar"],"yoast_head":"<!-- This site is optimized with the Yoast SEO plugin v28.3 - https:\/\/yoast.com\/product\/yoast-seo-wordpress\/ -->\n<title>Cinco a\u00f1os de c\u00e1rcel para maltratador del poniente de M\u00e9rida<\/title>\n<meta name=\"description\" content=\"En un procedimiento abreviado, un vecino de la colonia Nueva Sambul\u00e1 fue sentenciado a prisi\u00f3n; golpeaba a su pareja de hace m\u00e1s de 17 a\u00f1os y una de las tres hijas de ambos.\" \/>\n<meta name=\"robots\" content=\"index, follow, max-snippet:-1, max-image-preview:large, max-video-preview:-1\" \/>\n<link rel=\"canonical\" href=\"https:\/\/reporteroshoy.mx\/noticias\/cinco-anos-de-carcel-para-maltratador-del-poniente-de-merida\/\" \/>\n<meta property=\"og:locale\" content=\"es_ES\" \/>\n<meta property=\"og:type\" content=\"article\" \/>\n<meta property=\"og:title\" content=\"Cinco a\u00f1os de c\u00e1rcel para maltratador del poniente de M\u00e9rida\" \/>\n<meta property=\"og:description\" content=\"En un procedimiento abreviado, un vecino de la colonia Nueva Sambul\u00e1 fue sentenciado a prisi\u00f3n; golpeaba a su pareja de hace m\u00e1s de 17 a\u00f1os y una de las tres hijas de ambos.\" \/>\n<meta property=\"og:url\" content=\"https:\/\/reporteroshoy.mx\/noticias\/cinco-anos-de-carcel-para-maltratador-del-poniente-de-merida\/\" \/>\n<meta property=\"og:site_name\" content=\"Reporteros Hoy | Noticias de Yucat\u00e1n\" \/>\n<meta property=\"article:publisher\" content=\"http:\/\/www.facebook.com\/reporteroshoymx\" \/>\n<meta property=\"article:published_time\" content=\"2021-03-23T23:00:24+00:00\" \/>\n<meta property=\"article:modified_time\" content=\"2021-03-24T03:45:47+00:00\" \/>\n<meta property=\"og:image\" content=\"https:\/\/reporteroshoy.mx\/noticias\/wp-content\/uploads\/2021\/03\/Carcel.jpg\" \/>\n\t<meta property=\"og:image:width\" content=\"768\" \/>\n\t<meta property=\"og:image:height\" content=\"432\" \/>\n\t<meta property=\"og:image:type\" content=\"image\/jpeg\" \/>\n<meta name=\"author\" content=\"Reporteros Hoy GS\" \/>\n<meta name=\"twitter:card\" content=\"summary_large_image\" \/>\n<meta name=\"twitter:creator\" content=\"@reporteroshoy\" \/>\n<meta name=\"twitter:site\" content=\"@reporteroshoy\" \/>\n<meta name=\"twitter:label1\" content=\"Escrito por\" \/>\n\t<meta name=\"twitter:data1\" content=\"Reporteros Hoy GS\" \/>\n\t<meta name=\"twitter:label2\" content=\"Tiempo de lectura\" \/>\n\t<meta name=\"twitter:data2\" content=\"2 minutos\" \/>\n<script type=\"application\/ld+json\" class=\"yoast-schema-graph\">{\"@context\":\"https:\\\/\\\/schema.org\",\"@graph\":[{\"@type\":\"Article\",\"@id\":\"https:\\\/\\\/reporteroshoy.mx\\\/noticias\\\/cinco-anos-de-carcel-para-maltratador-del-poniente-de-merida\\\/#article\",\"isPartOf\":{\"@id\":\"https:\\\/\\\/reporteroshoy.mx\\\/noticias\\\/cinco-anos-de-carcel-para-maltratador-del-poniente-de-merida\\\/\"},\"author\":{\"name\":\"Reporteros Hoy GS\",\"@id\":\"https:\\\/\\\/reporteroshoy.mx\\\/noticias\\\/#\\\/schema\\\/person\\\/49ae631fc906b44554e4ba3866c505d7\"},\"headline\":\"Cinco a\u00f1os de c\u00e1rcel para maltratador del poniente de M\u00e9rida\",\"datePublished\":\"2021-03-23T23:00:24+00:00\",\"dateModified\":\"2021-03-24T03:45:47+00:00\",\"mainEntityOfPage\":{\"@id\":\"https:\\\/\\\/reporteroshoy.mx\\\/noticias\\\/cinco-anos-de-carcel-para-maltratador-del-poniente-de-merida\\\/\"},\"wordCount\":252,\"commentCount\":0,\"image\":{\"@id\":\"https:\\\/\\\/reporteroshoy.mx\\\/noticias\\\/cinco-anos-de-carcel-para-maltratador-del-poniente-de-merida\\\/#primaryimage\"},\"thumbnailUrl\":\"https:\\\/\\\/reporteroshoy.mx\\\/noticias\\\/wp-content\\\/uploads\\\/2021\\\/03\\\/Carcel.jpg\",\"keywords\":[\"abusador\",\"Nueva Sambul\u00e1\",\"Prisi\u00f3n\",\"Violencia Familiar\"],\"articleSection\":[\"Polic\u00eda\"],\"inLanguage\":\"es\",\"potentialAction\":[{\"@type\":\"CommentAction\",\"name\":\"Comment\",\"target\":[\"https:\\\/\\\/reporteroshoy.mx\\\/noticias\\\/cinco-anos-de-carcel-para-maltratador-del-poniente-de-merida\\\/#respond\"]}]},{\"@type\":\"WebPage\",\"@id\":\"https:\\\/\\\/reporteroshoy.mx\\\/noticias\\\/cinco-anos-de-carcel-para-maltratador-del-poniente-de-merida\\\/\",\"url\":\"https:\\\/\\\/reporteroshoy.mx\\\/noticias\\\/cinco-anos-de-carcel-para-maltratador-del-poniente-de-merida\\\/\",\"name\":\"Cinco a\u00f1os de c\u00e1rcel para maltratador del poniente de M\u00e9rida\",\"isPartOf\":{\"@id\":\"https:\\\/\\\/reporteroshoy.mx\\\/noticias\\\/#website\"},\"primaryImageOfPage\":{\"@id\":\"https:\\\/\\\/reporteroshoy.mx\\\/noticias\\\/cinco-anos-de-carcel-para-maltratador-del-poniente-de-merida\\\/#primaryimage\"},\"image\":{\"@id\":\"https:\\\/\\\/reporteroshoy.mx\\\/noticias\\\/cinco-anos-de-carcel-para-maltratador-del-poniente-de-merida\\\/#primaryimage\"},\"thumbnailUrl\":\"https:\\\/\\\/reporteroshoy.mx\\\/noticias\\\/wp-content\\\/uploads\\\/2021\\\/03\\\/Carcel.jpg\",\"datePublished\":\"2021-03-23T23:00:24+00:00\",\"dateModified\":\"2021-03-24T03:45:47+00:00\",\"author\":{\"@id\":\"https:\\\/\\\/reporteroshoy.mx\\\/noticias\\\/#\\\/schema\\\/person\\\/49ae631fc906b44554e4ba3866c505d7\"},\"description\":\"En un procedimiento abreviado, un vecino de la colonia Nueva Sambul\u00e1 fue sentenciado a prisi\u00f3n; golpeaba a su pareja de hace m\u00e1s de 17 a\u00f1os y una de las tres hijas de ambos.\",\"breadcrumb\":{\"@id\":\"https:\\\/\\\/reporteroshoy.mx\\\/noticias\\\/cinco-anos-de-carcel-para-maltratador-del-poniente-de-merida\\\/#breadcrumb\"},\"inLanguage\":\"es\",\"potentialAction\":[{\"@type\":\"ReadAction\",\"target\":[\"https:\\\/\\\/reporteroshoy.mx\\\/noticias\\\/cinco-anos-de-carcel-para-maltratador-del-poniente-de-merida\\\/\"]}]},{\"@type\":\"ImageObject\",\"inLanguage\":\"es\",\"@id\":\"https:\\\/\\\/reporteroshoy.mx\\\/noticias\\\/cinco-anos-de-carcel-para-maltratador-del-poniente-de-merida\\\/#primaryimage\",\"url\":\"https:\\\/\\\/reporteroshoy.mx\\\/noticias\\\/wp-content\\\/uploads\\\/2021\\\/03\\\/Carcel.jpg\",\"contentUrl\":\"https:\\\/\\\/reporteroshoy.mx\\\/noticias\\\/wp-content\\\/uploads\\\/2021\\\/03\\\/Carcel.jpg\",\"width\":768,\"height\":432},{\"@type\":\"BreadcrumbList\",\"@id\":\"https:\\\/\\\/reporteroshoy.mx\\\/noticias\\\/cinco-anos-de-carcel-para-maltratador-del-poniente-de-merida\\\/#breadcrumb\",\"itemListElement\":[{\"@type\":\"ListItem\",\"position\":1,\"name\":\"Portada\",\"item\":\"https:\\\/\\\/reporteroshoy.mx\\\/noticias\\\/\"},{\"@type\":\"ListItem\",\"position\":2,\"name\":\"Cinco a\u00f1os de c\u00e1rcel para maltratador del poniente de M\u00e9rida\"}]},{\"@type\":\"WebSite\",\"@id\":\"https:\\\/\\\/reporteroshoy.mx\\\/noticias\\\/#website\",\"url\":\"https:\\\/\\\/reporteroshoy.mx\\\/noticias\\\/\",\"name\":\"Reporteros Hoy | Noticias de Yucat\u00e1n\",\"description\":\"Peri\u00f3dico digital con noticias diarias desde M\u00e9rida, Yucat\u00e1n para el mundo.\",\"potentialAction\":[{\"@type\":\"SearchAction\",\"target\":{\"@type\":\"EntryPoint\",\"urlTemplate\":\"https:\\\/\\\/reporteroshoy.mx\\\/noticias\\\/?s={search_term_string}\"},\"query-input\":{\"@type\":\"PropertyValueSpecification\",\"valueRequired\":true,\"valueName\":\"search_term_string\"}}],\"inLanguage\":\"es\"},{\"@type\":\"Person\",\"@id\":\"https:\\\/\\\/reporteroshoy.mx\\\/noticias\\\/#\\\/schema\\\/person\\\/49ae631fc906b44554e4ba3866c505d7\",\"name\":\"Reporteros Hoy GS\",\"image\":{\"@type\":\"ImageObject\",\"inLanguage\":\"es\",\"@id\":\"https:\\\/\\\/secure.gravatar.com\\\/avatar\\\/00d32adb620345c3db2cfc175917f65c584e1e338fdc49ad126aa1f9830eb6a9?s=96&d=mm&r=g\",\"url\":\"https:\\\/\\\/secure.gravatar.com\\\/avatar\\\/00d32adb620345c3db2cfc175917f65c584e1e338fdc49ad126aa1f9830eb6a9?s=96&d=mm&r=g\",\"contentUrl\":\"https:\\\/\\\/secure.gravatar.com\\\/avatar\\\/00d32adb620345c3db2cfc175917f65c584e1e338fdc49ad126aa1f9830eb6a9?s=96&d=mm&r=g\",\"caption\":\"Reporteros Hoy GS\"},\"url\":\"https:\\\/\\\/reporteroshoy.mx\\\/noticias\\\/author\\\/lupis\\\/\"}]}<\/script>\n<!-- \/ Yoast SEO plugin. -->","yoast_head_json":{"title":"Cinco a\u00f1os de c\u00e1rcel para maltratador del poniente de M\u00e9rida","description":"En un procedimiento abreviado, un vecino de la colonia Nueva Sambul\u00e1 fue sentenciado a prisi\u00f3n; golpeaba a su pareja de hace m\u00e1s de 17 a\u00f1os y una de las tres hijas de ambos.","robots":{"index":"index","follow":"follow","max-snippet":"max-snippet:-1","max-image-preview":"max-image-preview:large","max-video-preview":"max-video-preview:-1"},"canonical":"https:\/\/reporteroshoy.mx\/noticias\/cinco-anos-de-carcel-para-maltratador-del-poniente-de-merida\/","og_locale":"es_ES","og_type":"article","og_title":"Cinco a\u00f1os de c\u00e1rcel para maltratador del poniente de M\u00e9rida","og_description":"En un procedimiento abreviado, un vecino de la colonia Nueva Sambul\u00e1 fue sentenciado a prisi\u00f3n; golpeaba a su pareja de hace m\u00e1s de 17 a\u00f1os y una de las tres hijas de ambos.","og_url":"https:\/\/reporteroshoy.mx\/noticias\/cinco-anos-de-carcel-para-maltratador-del-poniente-de-merida\/","og_site_name":"Reporteros Hoy | Noticias de Yucat\u00e1n","article_publisher":"http:\/\/www.facebook.com\/reporteroshoymx","article_published_time":"2021-03-23T23:00:24+00:00","article_modified_time":"2021-03-24T03:45:47+00:00","og_image":[{"width":768,"height":432,"url":"https:\/\/reporteroshoy.mx\/noticias\/wp-content\/uploads\/2021\/03\/Carcel.jpg","type":"image\/jpeg"}],"author":"Reporteros Hoy GS","twitter_card":"summary_large_image","twitter_creator":"@reporteroshoy","twitter_site":"@reporteroshoy","twitter_misc":{"Escrito por":"Reporteros Hoy GS","Tiempo de lectura":"2 minutos"},"schema":{"@context":"https:\/\/schema.org","@graph":[{"@type":"Article","@id":"https:\/\/reporteroshoy.mx\/noticias\/cinco-anos-de-carcel-para-maltratador-del-poniente-de-merida\/#article","isPartOf":{"@id":"https:\/\/reporteroshoy.mx\/noticias\/cinco-anos-de-carcel-para-maltratador-del-poniente-de-merida\/"},"author":{"name":"Reporteros Hoy GS","@id":"https:\/\/reporteroshoy.mx\/noticias\/#\/schema\/person\/49ae631fc906b44554e4ba3866c505d7"},"headline":"Cinco a\u00f1os de c\u00e1rcel para maltratador del poniente de M\u00e9rida","datePublished":"2021-03-23T23:00:24+00:00","dateModified":"2021-03-24T03:45:47+00:00","mainEntityOfPage":{"@id":"https:\/\/reporteroshoy.mx\/noticias\/cinco-anos-de-carcel-para-maltratador-del-poniente-de-merida\/"},"wordCount":252,"commentCount":0,"image":{"@id":"https:\/\/reporteroshoy.mx\/noticias\/cinco-anos-de-carcel-para-maltratador-del-poniente-de-merida\/#primaryimage"},"thumbnailUrl":"https:\/\/reporteroshoy.mx\/noticias\/wp-content\/uploads\/2021\/03\/Carcel.jpg","keywords":["abusador","Nueva Sambul\u00e1","Prisi\u00f3n","Violencia Familiar"],"articleSection":["Polic\u00eda"],"inLanguage":"es","potentialAction":[{"@type":"CommentAction","name":"Comment","target":["https:\/\/reporteroshoy.mx\/noticias\/cinco-anos-de-carcel-para-maltratador-del-poniente-de-merida\/#respond"]}]},{"@type":"WebPage","@id":"https:\/\/reporteroshoy.mx\/noticias\/cinco-anos-de-carcel-para-maltratador-del-poniente-de-merida\/","url":"https:\/\/reporteroshoy.mx\/noticias\/cinco-anos-de-carcel-para-maltratador-del-poniente-de-merida\/","name":"Cinco a\u00f1os de c\u00e1rcel para maltratador del poniente de M\u00e9rida","isPartOf":{"@id":"https:\/\/reporteroshoy.mx\/noticias\/#website"},"primaryImageOfPage":{"@id":"https:\/\/reporteroshoy.mx\/noticias\/cinco-anos-de-carcel-para-maltratador-del-poniente-de-merida\/#primaryimage"},"image":{"@id":"https:\/\/reporteroshoy.mx\/noticias\/cinco-anos-de-carcel-para-maltratador-del-poniente-de-merida\/#primaryimage"},"thumbnailUrl":"https:\/\/reporteroshoy.mx\/noticias\/wp-content\/uploads\/2021\/03\/Carcel.jpg","datePublished":"2021-03-23T23:00:24+00:00","dateModified":"2021-03-24T03:45:47+00:00","author":{"@id":"https:\/\/reporteroshoy.mx\/noticias\/#\/schema\/person\/49ae631fc906b44554e4ba3866c505d7"},"description":"En un procedimiento abreviado, un vecino de la colonia Nueva Sambul\u00e1 fue sentenciado a prisi\u00f3n; golpeaba a su pareja de hace m\u00e1s de 17 a\u00f1os y una de las tres hijas de ambos.","breadcrumb":{"@id":"https:\/\/reporteroshoy.mx\/noticias\/cinco-anos-de-carcel-para-maltratador-del-poniente-de-merida\/#breadcrumb"},"inLanguage":"es","potentialAction":[{"@type":"ReadAction","target":["https:\/\/reporteroshoy.mx\/noticias\/cinco-anos-de-carcel-para-maltratador-del-poniente-de-merida\/"]}]},{"@type":"ImageObject","inLanguage":"es","@id":"https:\/\/reporteroshoy.mx\/noticias\/cinco-anos-de-carcel-para-maltratador-del-poniente-de-merida\/#primaryimage","url":"https:\/\/reporteroshoy.mx\/noticias\/wp-content\/uploads\/2021\/03\/Carcel.jpg","contentUrl":"https:\/\/reporteroshoy.mx\/noticias\/wp-content\/uploads\/2021\/03\/Carcel.jpg","width":768,"height":432},{"@type":"BreadcrumbList","@id":"https:\/\/reporteroshoy.mx\/noticias\/cinco-anos-de-carcel-para-maltratador-del-poniente-de-merida\/#breadcrumb","itemListElement":[{"@type":"ListItem","position":1,"name":"Portada","item":"https:\/\/reporteroshoy.mx\/noticias\/"},{"@type":"ListItem","position":2,"name":"Cinco a\u00f1os de c\u00e1rcel para maltratador del poniente de M\u00e9rida"}]},{"@type":"WebSite","@id":"https:\/\/reporteroshoy.mx\/noticias\/#website","url":"https:\/\/reporteroshoy.mx\/noticias\/","name":"Reporteros Hoy | Noticias de Yucat\u00e1n","description":"Peri\u00f3dico digital con noticias diarias desde M\u00e9rida, Yucat\u00e1n para el mundo.","potentialAction":[{"@type":"SearchAction","target":{"@type":"EntryPoint","urlTemplate":"https:\/\/reporteroshoy.mx\/noticias\/?s={search_term_string}"},"query-input":{"@type":"PropertyValueSpecification","valueRequired":true,"valueName":"search_term_string"}}],"inLanguage":"es"},{"@type":"Person","@id":"https:\/\/reporteroshoy.mx\/noticias\/#\/schema\/person\/49ae631fc906b44554e4ba3866c505d7","name":"Reporteros Hoy GS","image":{"@type":"ImageObject","inLanguage":"es","@id":"https:\/\/secure.gravatar.com\/avatar\/00d32adb620345c3db2cfc175917f65c584e1e338fdc49ad126aa1f9830eb6a9?s=96&d=mm&r=g","url":"https:\/\/secure.gravatar.com\/avatar\/00d32adb620345c3db2cfc175917f65c584e1e338fdc49ad126aa1f9830eb6a9?s=96&d=mm&r=g","contentUrl":"https:\/\/secure.gravatar.com\/avatar\/00d32adb620345c3db2cfc175917f65c584e1e338fdc49ad126aa1f9830eb6a9?s=96&d=mm&r=g","caption":"Reporteros Hoy GS"},"url":"https:\/\/reporteroshoy.mx\/noticias\/author\/lupis\/"}]}},"_links":{"self":[{"href":"https:\/\/reporteroshoy.mx\/noticias\/wp-json\/wp\/v2\/posts\/59979","targetHints":{"allow":["GET"]}}],"collection":[{"href":"https:\/\/reporteroshoy.mx\/noticias\/wp-json\/wp\/v2\/posts"}],"about":[{"href":"https:\/\/reporteroshoy.mx\/noticias\/wp-json\/wp\/v2\/types\/post"}],"author":[{"embeddable":true,"href":"https:\/\/reporteroshoy.mx\/noticias\/wp-json\/wp\/v2\/users\/6"}],"replies":[{"embeddable":true,"href":"https:\/\/reporteroshoy.mx\/noticias\/wp-json\/wp\/v2\/comments?post=59979"}],"version-history":[{"count":0,"href":"https:\/\/reporteroshoy.mx\/noticias\/wp-json\/wp\/v2\/posts\/59979\/revisions"}],"wp:featuredmedia":[{"embeddable":true,"href":"https:\/\/reporteroshoy.mx\/noticias\/wp-json\/wp\/v2\/media\/59980"}],"wp:attachment":[{"href":"https:\/\/reporteroshoy.mx\/noticias\/wp-json\/wp\/v2\/media?parent=59979"}],"wp:term":[{"taxonomy":"category","embeddable":true,"href":"https:\/\/reporteroshoy.mx\/noticias\/wp-json\/wp\/v2\/categories?post=59979"},{"taxonomy":"post_tag","embeddable":true,"href":"https:\/\/reporteroshoy.mx\/noticias\/wp-json\/wp\/v2\/tags?post=59979"}],"curies":[{"name":"wp","href":"https:\/\/api.w.org\/{rel}","templated":true}]}}