{"id":60457,"date":"2021-03-29T12:30:58","date_gmt":"2021-03-29T18:30:58","guid":{"rendered":"https:\/\/reporteroshoy.mx\/noticias\/?p=60457"},"modified":"2021-03-30T09:33:07","modified_gmt":"2021-03-30T15:33:07","slug":"a-prision-por-agredir-a-su-madre-al-sur-de-merida","status":"publish","type":"post","link":"https:\/\/reporteroshoy.mx\/noticias\/a-prision-por-agredir-a-su-madre-al-sur-de-merida\/","title":{"rendered":"A prisi\u00f3n por agredir a su madre al sur de M\u00e9rida"},"content":{"rendered":"<p style=\"text-align: justify;\">M\u00e9rida, Yucat\u00e1n; 29 de marzo de 2021.- La Fiscal\u00eda General del Estado (FGE) formul\u00f3 la imputaci\u00f3n a A.V.M. por el delito de violencia familiar, denunciado tras los hechos ocurridos el pasado 25 de marzo en un predio de la colonia San Jos\u00e9 Tecoh Sur de esta ciudad en agravio de su madre, por lo que permanecer\u00e1 en prisi\u00f3n.<\/p>\n<p style=\"text-align: justify;\">Tras la denuncia interpuesta, personal del Centro de Justicia para las Mujeres asesoraron y apoyaron a la mujer, quien se\u00f1al\u00f3 que los hechos ocurrieron en el interior del predio que habita junto con su hijo, el hoy imputado, quien reaccion\u00f3 de forma agresiva al enterarse de que continuaba la denuncia en su contra por un caso previo, por lo que ejecut\u00f3 actos de violencia f\u00edsica y psicol\u00f3gica contra la denunciante, por lo que se inici\u00f3 la carpeta correspondiente que deriv\u00f3 en la causa penal 74\/2021.<\/p>\n<p><img loading=\"lazy\" decoding=\"async\" class=\"wp-image-60458 aligncenter\" src=\"https:\/\/reporteroshoy.mx\/noticias\/wp-content\/uploads\/2021\/03\/Prision-preventiva-2.jpg\" alt=\"\" width=\"600\" height=\"337\" \/><\/p>\n<p style=\"text-align: justify;\">Durante la audiencia celebrada en el Centro de Justicia Oral de M\u00e9rida, la Juez Primera de Control del Primer Distrito Judicial decret\u00f3 la legalidad en la detenci\u00f3n del encausado y a continuaci\u00f3n los fiscales de litigaci\u00f3n formularon la imputaci\u00f3n del delito y expusieron los datos de prueba para resolver la situaci\u00f3n legal del imputado, quien solicit\u00f3 la ampliaci\u00f3n del t\u00e9rmino legal para definir su condici\u00f3n jur\u00eddica, por lo que la Juez de Control estableci\u00f3 que la audiencia contin\u00fae el pr\u00f3ximo primero de abril.<\/p>\n<p style=\"text-align: justify;\">Por \u00faltimo, esta representaci\u00f3n social expuso los argumentos para justificar la medida cautelar de prisi\u00f3n preventiva, misma que fue concedida por la autoridad judicial por todo el tiempo que dure el proceso, por lo que el imputado permanecer\u00e1 privado de su libertad hasta esclarecer los hechos denunciados.<\/p>\n","protected":false},"excerpt":{"rendered":"<p>El imputado agredi\u00f3 a su madre al enterarse que continuaba una denuncia en su contra por un caso previo en San Jos\u00e9 Tecoh Sur.<\/p>\n","protected":false},"author":9,"featured_media":60458,"comment_status":"open","ping_status":"closed","sticky":false,"template":"","format":"standard","meta":{"footnotes":""},"categories":[14],"tags":[431,755,16996],"class_list":["post-60457","post","type-post","status-publish","format-standard","has-post-thumbnail","hentry","category-policia","tag-fge","tag-prision-preventiva","tag-san-jose-tecoh-sur"],"yoast_head":"<!-- This site is optimized with the Yoast SEO plugin v28.4 - https:\/\/yoast.com\/product\/yoast-seo-wordpress\/ -->\n<title>A prisi\u00f3n por agredir a su madre al sur de M\u00e9rida<\/title>\n<meta name=\"description\" content=\"El imputado agredi\u00f3 a su madre al enterarse que continuaba una denuncia en su contra por un caso previo en San Jos\u00e9 Tecoh Sur.\" \/>\n<meta name=\"robots\" content=\"index, follow, max-snippet:-1, max-image-preview:large, max-video-preview:-1\" \/>\n<link rel=\"canonical\" href=\"https:\/\/reporteroshoy.mx\/noticias\/a-prision-por-agredir-a-su-madre-al-sur-de-merida\/\" \/>\n<meta property=\"og:locale\" content=\"es_ES\" \/>\n<meta property=\"og:type\" content=\"article\" \/>\n<meta property=\"og:title\" content=\"A prisi\u00f3n por agredir a su madre al sur de M\u00e9rida\" \/>\n<meta property=\"og:description\" content=\"El imputado agredi\u00f3 a su madre al enterarse que continuaba una denuncia en su contra por un caso previo en San Jos\u00e9 Tecoh Sur.\" \/>\n<meta property=\"og:url\" content=\"https:\/\/reporteroshoy.mx\/noticias\/a-prision-por-agredir-a-su-madre-al-sur-de-merida\/\" \/>\n<meta property=\"og:site_name\" content=\"Reporteros Hoy | Noticias de Yucat\u00e1n\" \/>\n<meta property=\"article:publisher\" content=\"http:\/\/www.facebook.com\/reporteroshoymx\" \/>\n<meta property=\"article:published_time\" content=\"2021-03-29T18:30:58+00:00\" \/>\n<meta property=\"article:modified_time\" content=\"2021-03-30T15:33:07+00:00\" \/>\n<meta property=\"og:image\" content=\"https:\/\/reporteroshoy.mx\/noticias\/wp-content\/uploads\/2021\/03\/Prision-preventiva-2.jpg\" \/>\n\t<meta property=\"og:image:width\" content=\"768\" \/>\n\t<meta property=\"og:image:height\" content=\"431\" \/>\n\t<meta property=\"og:image:type\" content=\"image\/jpeg\" \/>\n<meta name=\"author\" content=\"Reporteros Hoy WP\" \/>\n<meta name=\"twitter:card\" content=\"summary_large_image\" \/>\n<meta name=\"twitter:creator\" content=\"@reporteroshoy\" \/>\n<meta name=\"twitter:site\" content=\"@reporteroshoy\" \/>\n<meta name=\"twitter:label1\" content=\"Escrito por\" \/>\n\t<meta name=\"twitter:data1\" content=\"Reporteros Hoy WP\" \/>\n\t<meta name=\"twitter:label2\" content=\"Tiempo de lectura\" \/>\n\t<meta name=\"twitter:data2\" content=\"2 minutos\" \/>\n<script type=\"application\/ld+json\" class=\"yoast-schema-graph\">{\"@context\":\"https:\\\/\\\/schema.org\",\"@graph\":[{\"@type\":\"Article\",\"@id\":\"https:\\\/\\\/reporteroshoy.mx\\\/noticias\\\/a-prision-por-agredir-a-su-madre-al-sur-de-merida\\\/#article\",\"isPartOf\":{\"@id\":\"https:\\\/\\\/reporteroshoy.mx\\\/noticias\\\/a-prision-por-agredir-a-su-madre-al-sur-de-merida\\\/\"},\"author\":{\"name\":\"Reporteros Hoy WP\",\"@id\":\"https:\\\/\\\/reporteroshoy.mx\\\/noticias\\\/#\\\/schema\\\/person\\\/c977527e57c958a62c5cefe8fe47876e\"},\"headline\":\"A prisi\u00f3n por agredir a su madre al sur de M\u00e9rida\",\"datePublished\":\"2021-03-29T18:30:58+00:00\",\"dateModified\":\"2021-03-30T15:33:07+00:00\",\"mainEntityOfPage\":{\"@id\":\"https:\\\/\\\/reporteroshoy.mx\\\/noticias\\\/a-prision-por-agredir-a-su-madre-al-sur-de-merida\\\/\"},\"wordCount\":307,\"commentCount\":0,\"image\":{\"@id\":\"https:\\\/\\\/reporteroshoy.mx\\\/noticias\\\/a-prision-por-agredir-a-su-madre-al-sur-de-merida\\\/#primaryimage\"},\"thumbnailUrl\":\"https:\\\/\\\/reporteroshoy.mx\\\/noticias\\\/wp-content\\\/uploads\\\/2021\\\/03\\\/Prision-preventiva-2.jpg\",\"keywords\":[\"FGE\",\"Prisi\u00f3n Preventiva\",\"San Jos\u00e9 Tecoh Sur\"],\"articleSection\":[\"Polic\u00eda\"],\"inLanguage\":\"es\",\"potentialAction\":[{\"@type\":\"CommentAction\",\"name\":\"Comment\",\"target\":[\"https:\\\/\\\/reporteroshoy.mx\\\/noticias\\\/a-prision-por-agredir-a-su-madre-al-sur-de-merida\\\/#respond\"]}]},{\"@type\":\"WebPage\",\"@id\":\"https:\\\/\\\/reporteroshoy.mx\\\/noticias\\\/a-prision-por-agredir-a-su-madre-al-sur-de-merida\\\/\",\"url\":\"https:\\\/\\\/reporteroshoy.mx\\\/noticias\\\/a-prision-por-agredir-a-su-madre-al-sur-de-merida\\\/\",\"name\":\"A prisi\u00f3n por agredir a su madre al sur de M\u00e9rida\",\"isPartOf\":{\"@id\":\"https:\\\/\\\/reporteroshoy.mx\\\/noticias\\\/#website\"},\"primaryImageOfPage\":{\"@id\":\"https:\\\/\\\/reporteroshoy.mx\\\/noticias\\\/a-prision-por-agredir-a-su-madre-al-sur-de-merida\\\/#primaryimage\"},\"image\":{\"@id\":\"https:\\\/\\\/reporteroshoy.mx\\\/noticias\\\/a-prision-por-agredir-a-su-madre-al-sur-de-merida\\\/#primaryimage\"},\"thumbnailUrl\":\"https:\\\/\\\/reporteroshoy.mx\\\/noticias\\\/wp-content\\\/uploads\\\/2021\\\/03\\\/Prision-preventiva-2.jpg\",\"datePublished\":\"2021-03-29T18:30:58+00:00\",\"dateModified\":\"2021-03-30T15:33:07+00:00\",\"author\":{\"@id\":\"https:\\\/\\\/reporteroshoy.mx\\\/noticias\\\/#\\\/schema\\\/person\\\/c977527e57c958a62c5cefe8fe47876e\"},\"description\":\"El imputado agredi\u00f3 a su madre al enterarse que continuaba una denuncia en su contra por un caso previo en San Jos\u00e9 Tecoh Sur.\",\"breadcrumb\":{\"@id\":\"https:\\\/\\\/reporteroshoy.mx\\\/noticias\\\/a-prision-por-agredir-a-su-madre-al-sur-de-merida\\\/#breadcrumb\"},\"inLanguage\":\"es\",\"potentialAction\":[{\"@type\":\"ReadAction\",\"target\":[\"https:\\\/\\\/reporteroshoy.mx\\\/noticias\\\/a-prision-por-agredir-a-su-madre-al-sur-de-merida\\\/\"]}]},{\"@type\":\"ImageObject\",\"inLanguage\":\"es\",\"@id\":\"https:\\\/\\\/reporteroshoy.mx\\\/noticias\\\/a-prision-por-agredir-a-su-madre-al-sur-de-merida\\\/#primaryimage\",\"url\":\"https:\\\/\\\/reporteroshoy.mx\\\/noticias\\\/wp-content\\\/uploads\\\/2021\\\/03\\\/Prision-preventiva-2.jpg\",\"contentUrl\":\"https:\\\/\\\/reporteroshoy.mx\\\/noticias\\\/wp-content\\\/uploads\\\/2021\\\/03\\\/Prision-preventiva-2.jpg\",\"width\":768,\"height\":431},{\"@type\":\"BreadcrumbList\",\"@id\":\"https:\\\/\\\/reporteroshoy.mx\\\/noticias\\\/a-prision-por-agredir-a-su-madre-al-sur-de-merida\\\/#breadcrumb\",\"itemListElement\":[{\"@type\":\"ListItem\",\"position\":1,\"name\":\"Portada\",\"item\":\"https:\\\/\\\/reporteroshoy.mx\\\/noticias\\\/\"},{\"@type\":\"ListItem\",\"position\":2,\"name\":\"A prisi\u00f3n por agredir a su madre al sur de M\u00e9rida\"}]},{\"@type\":\"WebSite\",\"@id\":\"https:\\\/\\\/reporteroshoy.mx\\\/noticias\\\/#website\",\"url\":\"https:\\\/\\\/reporteroshoy.mx\\\/noticias\\\/\",\"name\":\"Reporteros Hoy | Noticias de Yucat\u00e1n\",\"description\":\"Peri\u00f3dico digital con noticias diarias desde M\u00e9rida, Yucat\u00e1n para el mundo.\",\"potentialAction\":[{\"@type\":\"SearchAction\",\"target\":{\"@type\":\"EntryPoint\",\"urlTemplate\":\"https:\\\/\\\/reporteroshoy.mx\\\/noticias\\\/?s={search_term_string}\"},\"query-input\":{\"@type\":\"PropertyValueSpecification\",\"valueRequired\":true,\"valueName\":\"search_term_string\"}}],\"inLanguage\":\"es\"},{\"@type\":\"Person\",\"@id\":\"https:\\\/\\\/reporteroshoy.mx\\\/noticias\\\/#\\\/schema\\\/person\\\/c977527e57c958a62c5cefe8fe47876e\",\"name\":\"Reporteros Hoy WP\",\"image\":{\"@type\":\"ImageObject\",\"inLanguage\":\"es\",\"@id\":\"https:\\\/\\\/secure.gravatar.com\\\/avatar\\\/fd2917f79a7dae30f8ac9ddc2f35e1756bb59e25e01d1cd09deaa64df7b2f73e?s=96&d=mm&r=g\",\"url\":\"https:\\\/\\\/secure.gravatar.com\\\/avatar\\\/fd2917f79a7dae30f8ac9ddc2f35e1756bb59e25e01d1cd09deaa64df7b2f73e?s=96&d=mm&r=g\",\"contentUrl\":\"https:\\\/\\\/secure.gravatar.com\\\/avatar\\\/fd2917f79a7dae30f8ac9ddc2f35e1756bb59e25e01d1cd09deaa64df7b2f73e?s=96&d=mm&r=g\",\"caption\":\"Reporteros Hoy WP\"},\"url\":\"https:\\\/\\\/reporteroshoy.mx\\\/noticias\\\/author\\\/walfer\\\/\"}]}<\/script>\n<!-- \/ Yoast SEO plugin. -->","yoast_head_json":{"title":"A prisi\u00f3n por agredir a su madre al sur de M\u00e9rida","description":"El imputado agredi\u00f3 a su madre al enterarse que continuaba una denuncia en su contra por un caso previo en San Jos\u00e9 Tecoh Sur.","robots":{"index":"index","follow":"follow","max-snippet":"max-snippet:-1","max-image-preview":"max-image-preview:large","max-video-preview":"max-video-preview:-1"},"canonical":"https:\/\/reporteroshoy.mx\/noticias\/a-prision-por-agredir-a-su-madre-al-sur-de-merida\/","og_locale":"es_ES","og_type":"article","og_title":"A prisi\u00f3n por agredir a su madre al sur de M\u00e9rida","og_description":"El imputado agredi\u00f3 a su madre al enterarse que continuaba una denuncia en su contra por un caso previo en San Jos\u00e9 Tecoh Sur.","og_url":"https:\/\/reporteroshoy.mx\/noticias\/a-prision-por-agredir-a-su-madre-al-sur-de-merida\/","og_site_name":"Reporteros Hoy | Noticias de Yucat\u00e1n","article_publisher":"http:\/\/www.facebook.com\/reporteroshoymx","article_published_time":"2021-03-29T18:30:58+00:00","article_modified_time":"2021-03-30T15:33:07+00:00","og_image":[{"width":768,"height":431,"url":"https:\/\/reporteroshoy.mx\/noticias\/wp-content\/uploads\/2021\/03\/Prision-preventiva-2.jpg","type":"image\/jpeg"}],"author":"Reporteros Hoy WP","twitter_card":"summary_large_image","twitter_creator":"@reporteroshoy","twitter_site":"@reporteroshoy","twitter_misc":{"Escrito por":"Reporteros Hoy WP","Tiempo de lectura":"2 minutos"},"schema":{"@context":"https:\/\/schema.org","@graph":[{"@type":"Article","@id":"https:\/\/reporteroshoy.mx\/noticias\/a-prision-por-agredir-a-su-madre-al-sur-de-merida\/#article","isPartOf":{"@id":"https:\/\/reporteroshoy.mx\/noticias\/a-prision-por-agredir-a-su-madre-al-sur-de-merida\/"},"author":{"name":"Reporteros Hoy WP","@id":"https:\/\/reporteroshoy.mx\/noticias\/#\/schema\/person\/c977527e57c958a62c5cefe8fe47876e"},"headline":"A prisi\u00f3n por agredir a su madre al sur de M\u00e9rida","datePublished":"2021-03-29T18:30:58+00:00","dateModified":"2021-03-30T15:33:07+00:00","mainEntityOfPage":{"@id":"https:\/\/reporteroshoy.mx\/noticias\/a-prision-por-agredir-a-su-madre-al-sur-de-merida\/"},"wordCount":307,"commentCount":0,"image":{"@id":"https:\/\/reporteroshoy.mx\/noticias\/a-prision-por-agredir-a-su-madre-al-sur-de-merida\/#primaryimage"},"thumbnailUrl":"https:\/\/reporteroshoy.mx\/noticias\/wp-content\/uploads\/2021\/03\/Prision-preventiva-2.jpg","keywords":["FGE","Prisi\u00f3n Preventiva","San Jos\u00e9 Tecoh Sur"],"articleSection":["Polic\u00eda"],"inLanguage":"es","potentialAction":[{"@type":"CommentAction","name":"Comment","target":["https:\/\/reporteroshoy.mx\/noticias\/a-prision-por-agredir-a-su-madre-al-sur-de-merida\/#respond"]}]},{"@type":"WebPage","@id":"https:\/\/reporteroshoy.mx\/noticias\/a-prision-por-agredir-a-su-madre-al-sur-de-merida\/","url":"https:\/\/reporteroshoy.mx\/noticias\/a-prision-por-agredir-a-su-madre-al-sur-de-merida\/","name":"A prisi\u00f3n por agredir a su madre al sur de M\u00e9rida","isPartOf":{"@id":"https:\/\/reporteroshoy.mx\/noticias\/#website"},"primaryImageOfPage":{"@id":"https:\/\/reporteroshoy.mx\/noticias\/a-prision-por-agredir-a-su-madre-al-sur-de-merida\/#primaryimage"},"image":{"@id":"https:\/\/reporteroshoy.mx\/noticias\/a-prision-por-agredir-a-su-madre-al-sur-de-merida\/#primaryimage"},"thumbnailUrl":"https:\/\/reporteroshoy.mx\/noticias\/wp-content\/uploads\/2021\/03\/Prision-preventiva-2.jpg","datePublished":"2021-03-29T18:30:58+00:00","dateModified":"2021-03-30T15:33:07+00:00","author":{"@id":"https:\/\/reporteroshoy.mx\/noticias\/#\/schema\/person\/c977527e57c958a62c5cefe8fe47876e"},"description":"El imputado agredi\u00f3 a su madre al enterarse que continuaba una denuncia en su contra por un caso previo en San Jos\u00e9 Tecoh Sur.","breadcrumb":{"@id":"https:\/\/reporteroshoy.mx\/noticias\/a-prision-por-agredir-a-su-madre-al-sur-de-merida\/#breadcrumb"},"inLanguage":"es","potentialAction":[{"@type":"ReadAction","target":["https:\/\/reporteroshoy.mx\/noticias\/a-prision-por-agredir-a-su-madre-al-sur-de-merida\/"]}]},{"@type":"ImageObject","inLanguage":"es","@id":"https:\/\/reporteroshoy.mx\/noticias\/a-prision-por-agredir-a-su-madre-al-sur-de-merida\/#primaryimage","url":"https:\/\/reporteroshoy.mx\/noticias\/wp-content\/uploads\/2021\/03\/Prision-preventiva-2.jpg","contentUrl":"https:\/\/reporteroshoy.mx\/noticias\/wp-content\/uploads\/2021\/03\/Prision-preventiva-2.jpg","width":768,"height":431},{"@type":"BreadcrumbList","@id":"https:\/\/reporteroshoy.mx\/noticias\/a-prision-por-agredir-a-su-madre-al-sur-de-merida\/#breadcrumb","itemListElement":[{"@type":"ListItem","position":1,"name":"Portada","item":"https:\/\/reporteroshoy.mx\/noticias\/"},{"@type":"ListItem","position":2,"name":"A prisi\u00f3n por agredir a su madre al sur de M\u00e9rida"}]},{"@type":"WebSite","@id":"https:\/\/reporteroshoy.mx\/noticias\/#website","url":"https:\/\/reporteroshoy.mx\/noticias\/","name":"Reporteros Hoy | Noticias de Yucat\u00e1n","description":"Peri\u00f3dico digital con noticias diarias desde M\u00e9rida, Yucat\u00e1n para el mundo.","potentialAction":[{"@type":"SearchAction","target":{"@type":"EntryPoint","urlTemplate":"https:\/\/reporteroshoy.mx\/noticias\/?s={search_term_string}"},"query-input":{"@type":"PropertyValueSpecification","valueRequired":true,"valueName":"search_term_string"}}],"inLanguage":"es"},{"@type":"Person","@id":"https:\/\/reporteroshoy.mx\/noticias\/#\/schema\/person\/c977527e57c958a62c5cefe8fe47876e","name":"Reporteros Hoy WP","image":{"@type":"ImageObject","inLanguage":"es","@id":"https:\/\/secure.gravatar.com\/avatar\/fd2917f79a7dae30f8ac9ddc2f35e1756bb59e25e01d1cd09deaa64df7b2f73e?s=96&d=mm&r=g","url":"https:\/\/secure.gravatar.com\/avatar\/fd2917f79a7dae30f8ac9ddc2f35e1756bb59e25e01d1cd09deaa64df7b2f73e?s=96&d=mm&r=g","contentUrl":"https:\/\/secure.gravatar.com\/avatar\/fd2917f79a7dae30f8ac9ddc2f35e1756bb59e25e01d1cd09deaa64df7b2f73e?s=96&d=mm&r=g","caption":"Reporteros Hoy WP"},"url":"https:\/\/reporteroshoy.mx\/noticias\/author\/walfer\/"}]}},"_links":{"self":[{"href":"https:\/\/reporteroshoy.mx\/noticias\/wp-json\/wp\/v2\/posts\/60457","targetHints":{"allow":["GET"]}}],"collection":[{"href":"https:\/\/reporteroshoy.mx\/noticias\/wp-json\/wp\/v2\/posts"}],"about":[{"href":"https:\/\/reporteroshoy.mx\/noticias\/wp-json\/wp\/v2\/types\/post"}],"author":[{"embeddable":true,"href":"https:\/\/reporteroshoy.mx\/noticias\/wp-json\/wp\/v2\/users\/9"}],"replies":[{"embeddable":true,"href":"https:\/\/reporteroshoy.mx\/noticias\/wp-json\/wp\/v2\/comments?post=60457"}],"version-history":[{"count":0,"href":"https:\/\/reporteroshoy.mx\/noticias\/wp-json\/wp\/v2\/posts\/60457\/revisions"}],"wp:featuredmedia":[{"embeddable":true,"href":"https:\/\/reporteroshoy.mx\/noticias\/wp-json\/wp\/v2\/media\/60458"}],"wp:attachment":[{"href":"https:\/\/reporteroshoy.mx\/noticias\/wp-json\/wp\/v2\/media?parent=60457"}],"wp:term":[{"taxonomy":"category","embeddable":true,"href":"https:\/\/reporteroshoy.mx\/noticias\/wp-json\/wp\/v2\/categories?post=60457"},{"taxonomy":"post_tag","embeddable":true,"href":"https:\/\/reporteroshoy.mx\/noticias\/wp-json\/wp\/v2\/tags?post=60457"}],"curies":[{"name":"wp","href":"https:\/\/api.w.org\/{rel}","templated":true}]}}