{"id":60719,"date":"2021-04-01T19:30:36","date_gmt":"2021-04-02T01:30:36","guid":{"rendered":"https:\/\/reporteroshoy.mx\/noticias\/?p=60719"},"modified":"2021-04-02T09:53:53","modified_gmt":"2021-04-02T15:53:53","slug":"pichicatea-la-pension-de-sus-hijos-por-cinco-anos-lo-vinculan-a-proceso","status":"publish","type":"post","link":"https:\/\/reporteroshoy.mx\/noticias\/pichicatea-la-pension-de-sus-hijos-por-cinco-anos-lo-vinculan-a-proceso\/","title":{"rendered":"Pichicatea la pensi\u00f3n de sus hijos por cinco a\u00f1os, lo vinculan a proceso"},"content":{"rendered":"<p style=\"text-align: justify;\"><span style=\"color: #000000;\">M\u00e9rida, Yucat\u00e1n a 1 de abril de 2021.- Tras valorar los datos de prueba presentados por la Fiscal\u00eda General del Estado (FGE), H.R.M.G. fue vinculado a proceso por el delito de incumplimiento de las obligaciones de asistencia familiar, denunciado por su ex pareja sentimental en representaci\u00f3n de sus hijos.<\/span><\/p>\n<p><span style=\"color: #000000;\"><img loading=\"lazy\" decoding=\"async\" class=\"wp-image-59756 aligncenter\" src=\"https:\/\/reporteroshoy.mx\/noticias\/wp-content\/uploads\/2021\/03\/PENSION-ALIMENTICIA.jpg\" alt=\"\" width=\"619\" height=\"411\" \/><\/span><\/p>\n<p style=\"text-align: justify;\"><span style=\"color: #000000;\">Conforme a la indagatoria realizada por la Fiscal\u00eda, se estableci\u00f3 que el imputado y la denunciante tuvieron una relaci\u00f3n de la cual procrearon dos hijos, pero decidieron disolver el v\u00ednculo matrimonial y establecieron el pago por parte del encausado para la manutenci\u00f3n de sus hijos, pero de acuerdo con la denuncia, desde mayo del a\u00f1o 2016 ha realizado pagos incompletos por lo que ha provocado que sus hijos pasen dificultades econ\u00f3micas, por lo que se present\u00f3 la denuncia correspondiente, misma que deriv\u00f3 en la causa penal 24\/2021.<\/span><\/p>\n<p style=\"text-align: justify;\"><span style=\"color: #000000;\">En la audiencia celebrada en el Centro de Justicia Oral de M\u00e9rida, el Juez Segundo de Control valor\u00f3 los datos presentados por los fiscales de litigaci\u00f3n y decret\u00f3 el citado auto de vinculaci\u00f3n a proceso por el delito imputado y otorg\u00f3 adem\u00e1s un plazo de un mes para el cierre de la investigaci\u00f3n complementaria.<\/span><\/p>\n<p style=\"text-align: justify;\"><span style=\"color: #000000;\">Antes de cerrar la audiencia, se ratificaron las medidas cautelares, que incluyen la presentaci\u00f3n peri\u00f3dica ante el Centro Estatal de Medidas Cautelares, se mantiene la prohibici\u00f3n de salir del Estado sin autorizaci\u00f3n judicial y el sometimiento al cuidado y vigilancia del citado Centro, todas estas se mantendr\u00e1n vigentes durante el resto del proceso.<\/span><\/p>\n","protected":false},"excerpt":{"rendered":"<p>Desde mayo del a\u00f1o 2016 ha realizado pagos incompletos y sus hijos pasan dificultades econ\u00f3micas.<\/p>\n","protected":false},"author":6,"featured_media":59756,"comment_status":"open","ping_status":"closed","sticky":false,"template":"","format":"standard","meta":{"footnotes":""},"categories":[14],"tags":[14417,8296,13523],"class_list":["post-60719","post","type-post","status-publish","format-standard","has-post-thumbnail","hentry","category-policia","tag-detenido-en-merida","tag-pension","tag-pension-alimenticia"],"yoast_head":"<!-- This site is optimized with the Yoast SEO plugin v28.3 - https:\/\/yoast.com\/product\/yoast-seo-wordpress\/ -->\n<title>Pichicatea la pensi\u00f3n de sus hijos por cinco a\u00f1os, lo vinculan a proceso<\/title>\n<meta name=\"description\" content=\"Desde mayo del a\u00f1o 2016 ha realizado pagos incompletos y sus hijos pasan dificultades econ\u00f3micas.\" \/>\n<meta name=\"robots\" content=\"index, follow, max-snippet:-1, max-image-preview:large, max-video-preview:-1\" \/>\n<link rel=\"canonical\" href=\"https:\/\/reporteroshoy.mx\/noticias\/pichicatea-la-pension-de-sus-hijos-por-cinco-anos-lo-vinculan-a-proceso\/\" \/>\n<meta property=\"og:locale\" content=\"es_ES\" \/>\n<meta property=\"og:type\" content=\"article\" \/>\n<meta property=\"og:title\" content=\"Pichicatea la pensi\u00f3n de sus hijos por cinco a\u00f1os, lo vinculan a proceso\" \/>\n<meta property=\"og:description\" content=\"Desde mayo del a\u00f1o 2016 ha realizado pagos incompletos y sus hijos pasan dificultades econ\u00f3micas.\" \/>\n<meta property=\"og:url\" content=\"https:\/\/reporteroshoy.mx\/noticias\/pichicatea-la-pension-de-sus-hijos-por-cinco-anos-lo-vinculan-a-proceso\/\" \/>\n<meta property=\"og:site_name\" content=\"Reporteros Hoy | Noticias de Yucat\u00e1n\" \/>\n<meta property=\"article:publisher\" content=\"http:\/\/www.facebook.com\/reporteroshoymx\" \/>\n<meta property=\"article:published_time\" content=\"2021-04-02T01:30:36+00:00\" \/>\n<meta property=\"article:modified_time\" content=\"2021-04-02T15:53:53+00:00\" \/>\n<meta property=\"og:image\" content=\"https:\/\/reporteroshoy.mx\/noticias\/wp-content\/uploads\/2021\/03\/PENSION-ALIMENTICIA.jpg\" \/>\n\t<meta property=\"og:image:width\" content=\"768\" \/>\n\t<meta property=\"og:image:height\" content=\"510\" \/>\n\t<meta property=\"og:image:type\" content=\"image\/jpeg\" \/>\n<meta name=\"author\" content=\"Reporteros Hoy GS\" \/>\n<meta name=\"twitter:card\" content=\"summary_large_image\" \/>\n<meta name=\"twitter:creator\" content=\"@reporteroshoy\" \/>\n<meta name=\"twitter:site\" content=\"@reporteroshoy\" \/>\n<meta name=\"twitter:label1\" content=\"Escrito por\" \/>\n\t<meta name=\"twitter:data1\" content=\"Reporteros Hoy GS\" \/>\n\t<meta name=\"twitter:label2\" content=\"Tiempo de lectura\" \/>\n\t<meta name=\"twitter:data2\" content=\"2 minutos\" \/>\n<script type=\"application\/ld+json\" class=\"yoast-schema-graph\">{\"@context\":\"https:\\\/\\\/schema.org\",\"@graph\":[{\"@type\":\"Article\",\"@id\":\"https:\\\/\\\/reporteroshoy.mx\\\/noticias\\\/pichicatea-la-pension-de-sus-hijos-por-cinco-anos-lo-vinculan-a-proceso\\\/#article\",\"isPartOf\":{\"@id\":\"https:\\\/\\\/reporteroshoy.mx\\\/noticias\\\/pichicatea-la-pension-de-sus-hijos-por-cinco-anos-lo-vinculan-a-proceso\\\/\"},\"author\":{\"name\":\"Reporteros Hoy GS\",\"@id\":\"https:\\\/\\\/reporteroshoy.mx\\\/noticias\\\/#\\\/schema\\\/person\\\/49ae631fc906b44554e4ba3866c505d7\"},\"headline\":\"Pichicatea la pensi\u00f3n de sus hijos por cinco a\u00f1os, lo vinculan a proceso\",\"datePublished\":\"2021-04-02T01:30:36+00:00\",\"dateModified\":\"2021-04-02T15:53:53+00:00\",\"mainEntityOfPage\":{\"@id\":\"https:\\\/\\\/reporteroshoy.mx\\\/noticias\\\/pichicatea-la-pension-de-sus-hijos-por-cinco-anos-lo-vinculan-a-proceso\\\/\"},\"wordCount\":278,\"commentCount\":0,\"image\":{\"@id\":\"https:\\\/\\\/reporteroshoy.mx\\\/noticias\\\/pichicatea-la-pension-de-sus-hijos-por-cinco-anos-lo-vinculan-a-proceso\\\/#primaryimage\"},\"thumbnailUrl\":\"https:\\\/\\\/reporteroshoy.mx\\\/noticias\\\/wp-content\\\/uploads\\\/2021\\\/03\\\/PENSION-ALIMENTICIA.jpg\",\"keywords\":[\"detenido en M\u00e9rida\",\"Pensi\u00f3n\",\"pensi\u00f3n alimenticia\"],\"articleSection\":[\"Polic\u00eda\"],\"inLanguage\":\"es\",\"potentialAction\":[{\"@type\":\"CommentAction\",\"name\":\"Comment\",\"target\":[\"https:\\\/\\\/reporteroshoy.mx\\\/noticias\\\/pichicatea-la-pension-de-sus-hijos-por-cinco-anos-lo-vinculan-a-proceso\\\/#respond\"]}]},{\"@type\":\"WebPage\",\"@id\":\"https:\\\/\\\/reporteroshoy.mx\\\/noticias\\\/pichicatea-la-pension-de-sus-hijos-por-cinco-anos-lo-vinculan-a-proceso\\\/\",\"url\":\"https:\\\/\\\/reporteroshoy.mx\\\/noticias\\\/pichicatea-la-pension-de-sus-hijos-por-cinco-anos-lo-vinculan-a-proceso\\\/\",\"name\":\"Pichicatea la pensi\u00f3n de sus hijos por cinco a\u00f1os, lo vinculan a proceso\",\"isPartOf\":{\"@id\":\"https:\\\/\\\/reporteroshoy.mx\\\/noticias\\\/#website\"},\"primaryImageOfPage\":{\"@id\":\"https:\\\/\\\/reporteroshoy.mx\\\/noticias\\\/pichicatea-la-pension-de-sus-hijos-por-cinco-anos-lo-vinculan-a-proceso\\\/#primaryimage\"},\"image\":{\"@id\":\"https:\\\/\\\/reporteroshoy.mx\\\/noticias\\\/pichicatea-la-pension-de-sus-hijos-por-cinco-anos-lo-vinculan-a-proceso\\\/#primaryimage\"},\"thumbnailUrl\":\"https:\\\/\\\/reporteroshoy.mx\\\/noticias\\\/wp-content\\\/uploads\\\/2021\\\/03\\\/PENSION-ALIMENTICIA.jpg\",\"datePublished\":\"2021-04-02T01:30:36+00:00\",\"dateModified\":\"2021-04-02T15:53:53+00:00\",\"author\":{\"@id\":\"https:\\\/\\\/reporteroshoy.mx\\\/noticias\\\/#\\\/schema\\\/person\\\/49ae631fc906b44554e4ba3866c505d7\"},\"description\":\"Desde mayo del a\u00f1o 2016 ha realizado pagos incompletos y sus hijos pasan dificultades econ\u00f3micas.\",\"breadcrumb\":{\"@id\":\"https:\\\/\\\/reporteroshoy.mx\\\/noticias\\\/pichicatea-la-pension-de-sus-hijos-por-cinco-anos-lo-vinculan-a-proceso\\\/#breadcrumb\"},\"inLanguage\":\"es\",\"potentialAction\":[{\"@type\":\"ReadAction\",\"target\":[\"https:\\\/\\\/reporteroshoy.mx\\\/noticias\\\/pichicatea-la-pension-de-sus-hijos-por-cinco-anos-lo-vinculan-a-proceso\\\/\"]}]},{\"@type\":\"ImageObject\",\"inLanguage\":\"es\",\"@id\":\"https:\\\/\\\/reporteroshoy.mx\\\/noticias\\\/pichicatea-la-pension-de-sus-hijos-por-cinco-anos-lo-vinculan-a-proceso\\\/#primaryimage\",\"url\":\"https:\\\/\\\/reporteroshoy.mx\\\/noticias\\\/wp-content\\\/uploads\\\/2021\\\/03\\\/PENSION-ALIMENTICIA.jpg\",\"contentUrl\":\"https:\\\/\\\/reporteroshoy.mx\\\/noticias\\\/wp-content\\\/uploads\\\/2021\\\/03\\\/PENSION-ALIMENTICIA.jpg\",\"width\":768,\"height\":510},{\"@type\":\"BreadcrumbList\",\"@id\":\"https:\\\/\\\/reporteroshoy.mx\\\/noticias\\\/pichicatea-la-pension-de-sus-hijos-por-cinco-anos-lo-vinculan-a-proceso\\\/#breadcrumb\",\"itemListElement\":[{\"@type\":\"ListItem\",\"position\":1,\"name\":\"Portada\",\"item\":\"https:\\\/\\\/reporteroshoy.mx\\\/noticias\\\/\"},{\"@type\":\"ListItem\",\"position\":2,\"name\":\"Pichicatea la pensi\u00f3n de sus hijos por cinco a\u00f1os, lo vinculan a proceso\"}]},{\"@type\":\"WebSite\",\"@id\":\"https:\\\/\\\/reporteroshoy.mx\\\/noticias\\\/#website\",\"url\":\"https:\\\/\\\/reporteroshoy.mx\\\/noticias\\\/\",\"name\":\"Reporteros Hoy | Noticias de Yucat\u00e1n\",\"description\":\"Peri\u00f3dico digital con noticias diarias desde M\u00e9rida, Yucat\u00e1n para el mundo.\",\"potentialAction\":[{\"@type\":\"SearchAction\",\"target\":{\"@type\":\"EntryPoint\",\"urlTemplate\":\"https:\\\/\\\/reporteroshoy.mx\\\/noticias\\\/?s={search_term_string}\"},\"query-input\":{\"@type\":\"PropertyValueSpecification\",\"valueRequired\":true,\"valueName\":\"search_term_string\"}}],\"inLanguage\":\"es\"},{\"@type\":\"Person\",\"@id\":\"https:\\\/\\\/reporteroshoy.mx\\\/noticias\\\/#\\\/schema\\\/person\\\/49ae631fc906b44554e4ba3866c505d7\",\"name\":\"Reporteros Hoy GS\",\"image\":{\"@type\":\"ImageObject\",\"inLanguage\":\"es\",\"@id\":\"https:\\\/\\\/secure.gravatar.com\\\/avatar\\\/00d32adb620345c3db2cfc175917f65c584e1e338fdc49ad126aa1f9830eb6a9?s=96&d=mm&r=g\",\"url\":\"https:\\\/\\\/secure.gravatar.com\\\/avatar\\\/00d32adb620345c3db2cfc175917f65c584e1e338fdc49ad126aa1f9830eb6a9?s=96&d=mm&r=g\",\"contentUrl\":\"https:\\\/\\\/secure.gravatar.com\\\/avatar\\\/00d32adb620345c3db2cfc175917f65c584e1e338fdc49ad126aa1f9830eb6a9?s=96&d=mm&r=g\",\"caption\":\"Reporteros Hoy GS\"},\"url\":\"https:\\\/\\\/reporteroshoy.mx\\\/noticias\\\/author\\\/lupis\\\/\"}]}<\/script>\n<!-- \/ Yoast SEO plugin. -->","yoast_head_json":{"title":"Pichicatea la pensi\u00f3n de sus hijos por cinco a\u00f1os, lo vinculan a proceso","description":"Desde mayo del a\u00f1o 2016 ha realizado pagos incompletos y sus hijos pasan dificultades econ\u00f3micas.","robots":{"index":"index","follow":"follow","max-snippet":"max-snippet:-1","max-image-preview":"max-image-preview:large","max-video-preview":"max-video-preview:-1"},"canonical":"https:\/\/reporteroshoy.mx\/noticias\/pichicatea-la-pension-de-sus-hijos-por-cinco-anos-lo-vinculan-a-proceso\/","og_locale":"es_ES","og_type":"article","og_title":"Pichicatea la pensi\u00f3n de sus hijos por cinco a\u00f1os, lo vinculan a proceso","og_description":"Desde mayo del a\u00f1o 2016 ha realizado pagos incompletos y sus hijos pasan dificultades econ\u00f3micas.","og_url":"https:\/\/reporteroshoy.mx\/noticias\/pichicatea-la-pension-de-sus-hijos-por-cinco-anos-lo-vinculan-a-proceso\/","og_site_name":"Reporteros Hoy | Noticias de Yucat\u00e1n","article_publisher":"http:\/\/www.facebook.com\/reporteroshoymx","article_published_time":"2021-04-02T01:30:36+00:00","article_modified_time":"2021-04-02T15:53:53+00:00","og_image":[{"width":768,"height":510,"url":"https:\/\/reporteroshoy.mx\/noticias\/wp-content\/uploads\/2021\/03\/PENSION-ALIMENTICIA.jpg","type":"image\/jpeg"}],"author":"Reporteros Hoy GS","twitter_card":"summary_large_image","twitter_creator":"@reporteroshoy","twitter_site":"@reporteroshoy","twitter_misc":{"Escrito por":"Reporteros Hoy GS","Tiempo de lectura":"2 minutos"},"schema":{"@context":"https:\/\/schema.org","@graph":[{"@type":"Article","@id":"https:\/\/reporteroshoy.mx\/noticias\/pichicatea-la-pension-de-sus-hijos-por-cinco-anos-lo-vinculan-a-proceso\/#article","isPartOf":{"@id":"https:\/\/reporteroshoy.mx\/noticias\/pichicatea-la-pension-de-sus-hijos-por-cinco-anos-lo-vinculan-a-proceso\/"},"author":{"name":"Reporteros Hoy GS","@id":"https:\/\/reporteroshoy.mx\/noticias\/#\/schema\/person\/49ae631fc906b44554e4ba3866c505d7"},"headline":"Pichicatea la pensi\u00f3n de sus hijos por cinco a\u00f1os, lo vinculan a proceso","datePublished":"2021-04-02T01:30:36+00:00","dateModified":"2021-04-02T15:53:53+00:00","mainEntityOfPage":{"@id":"https:\/\/reporteroshoy.mx\/noticias\/pichicatea-la-pension-de-sus-hijos-por-cinco-anos-lo-vinculan-a-proceso\/"},"wordCount":278,"commentCount":0,"image":{"@id":"https:\/\/reporteroshoy.mx\/noticias\/pichicatea-la-pension-de-sus-hijos-por-cinco-anos-lo-vinculan-a-proceso\/#primaryimage"},"thumbnailUrl":"https:\/\/reporteroshoy.mx\/noticias\/wp-content\/uploads\/2021\/03\/PENSION-ALIMENTICIA.jpg","keywords":["detenido en M\u00e9rida","Pensi\u00f3n","pensi\u00f3n alimenticia"],"articleSection":["Polic\u00eda"],"inLanguage":"es","potentialAction":[{"@type":"CommentAction","name":"Comment","target":["https:\/\/reporteroshoy.mx\/noticias\/pichicatea-la-pension-de-sus-hijos-por-cinco-anos-lo-vinculan-a-proceso\/#respond"]}]},{"@type":"WebPage","@id":"https:\/\/reporteroshoy.mx\/noticias\/pichicatea-la-pension-de-sus-hijos-por-cinco-anos-lo-vinculan-a-proceso\/","url":"https:\/\/reporteroshoy.mx\/noticias\/pichicatea-la-pension-de-sus-hijos-por-cinco-anos-lo-vinculan-a-proceso\/","name":"Pichicatea la pensi\u00f3n de sus hijos por cinco a\u00f1os, lo vinculan a proceso","isPartOf":{"@id":"https:\/\/reporteroshoy.mx\/noticias\/#website"},"primaryImageOfPage":{"@id":"https:\/\/reporteroshoy.mx\/noticias\/pichicatea-la-pension-de-sus-hijos-por-cinco-anos-lo-vinculan-a-proceso\/#primaryimage"},"image":{"@id":"https:\/\/reporteroshoy.mx\/noticias\/pichicatea-la-pension-de-sus-hijos-por-cinco-anos-lo-vinculan-a-proceso\/#primaryimage"},"thumbnailUrl":"https:\/\/reporteroshoy.mx\/noticias\/wp-content\/uploads\/2021\/03\/PENSION-ALIMENTICIA.jpg","datePublished":"2021-04-02T01:30:36+00:00","dateModified":"2021-04-02T15:53:53+00:00","author":{"@id":"https:\/\/reporteroshoy.mx\/noticias\/#\/schema\/person\/49ae631fc906b44554e4ba3866c505d7"},"description":"Desde mayo del a\u00f1o 2016 ha realizado pagos incompletos y sus hijos pasan dificultades econ\u00f3micas.","breadcrumb":{"@id":"https:\/\/reporteroshoy.mx\/noticias\/pichicatea-la-pension-de-sus-hijos-por-cinco-anos-lo-vinculan-a-proceso\/#breadcrumb"},"inLanguage":"es","potentialAction":[{"@type":"ReadAction","target":["https:\/\/reporteroshoy.mx\/noticias\/pichicatea-la-pension-de-sus-hijos-por-cinco-anos-lo-vinculan-a-proceso\/"]}]},{"@type":"ImageObject","inLanguage":"es","@id":"https:\/\/reporteroshoy.mx\/noticias\/pichicatea-la-pension-de-sus-hijos-por-cinco-anos-lo-vinculan-a-proceso\/#primaryimage","url":"https:\/\/reporteroshoy.mx\/noticias\/wp-content\/uploads\/2021\/03\/PENSION-ALIMENTICIA.jpg","contentUrl":"https:\/\/reporteroshoy.mx\/noticias\/wp-content\/uploads\/2021\/03\/PENSION-ALIMENTICIA.jpg","width":768,"height":510},{"@type":"BreadcrumbList","@id":"https:\/\/reporteroshoy.mx\/noticias\/pichicatea-la-pension-de-sus-hijos-por-cinco-anos-lo-vinculan-a-proceso\/#breadcrumb","itemListElement":[{"@type":"ListItem","position":1,"name":"Portada","item":"https:\/\/reporteroshoy.mx\/noticias\/"},{"@type":"ListItem","position":2,"name":"Pichicatea la pensi\u00f3n de sus hijos por cinco a\u00f1os, lo vinculan a proceso"}]},{"@type":"WebSite","@id":"https:\/\/reporteroshoy.mx\/noticias\/#website","url":"https:\/\/reporteroshoy.mx\/noticias\/","name":"Reporteros Hoy | Noticias de Yucat\u00e1n","description":"Peri\u00f3dico digital con noticias diarias desde M\u00e9rida, Yucat\u00e1n para el mundo.","potentialAction":[{"@type":"SearchAction","target":{"@type":"EntryPoint","urlTemplate":"https:\/\/reporteroshoy.mx\/noticias\/?s={search_term_string}"},"query-input":{"@type":"PropertyValueSpecification","valueRequired":true,"valueName":"search_term_string"}}],"inLanguage":"es"},{"@type":"Person","@id":"https:\/\/reporteroshoy.mx\/noticias\/#\/schema\/person\/49ae631fc906b44554e4ba3866c505d7","name":"Reporteros Hoy GS","image":{"@type":"ImageObject","inLanguage":"es","@id":"https:\/\/secure.gravatar.com\/avatar\/00d32adb620345c3db2cfc175917f65c584e1e338fdc49ad126aa1f9830eb6a9?s=96&d=mm&r=g","url":"https:\/\/secure.gravatar.com\/avatar\/00d32adb620345c3db2cfc175917f65c584e1e338fdc49ad126aa1f9830eb6a9?s=96&d=mm&r=g","contentUrl":"https:\/\/secure.gravatar.com\/avatar\/00d32adb620345c3db2cfc175917f65c584e1e338fdc49ad126aa1f9830eb6a9?s=96&d=mm&r=g","caption":"Reporteros Hoy GS"},"url":"https:\/\/reporteroshoy.mx\/noticias\/author\/lupis\/"}]}},"_links":{"self":[{"href":"https:\/\/reporteroshoy.mx\/noticias\/wp-json\/wp\/v2\/posts\/60719","targetHints":{"allow":["GET"]}}],"collection":[{"href":"https:\/\/reporteroshoy.mx\/noticias\/wp-json\/wp\/v2\/posts"}],"about":[{"href":"https:\/\/reporteroshoy.mx\/noticias\/wp-json\/wp\/v2\/types\/post"}],"author":[{"embeddable":true,"href":"https:\/\/reporteroshoy.mx\/noticias\/wp-json\/wp\/v2\/users\/6"}],"replies":[{"embeddable":true,"href":"https:\/\/reporteroshoy.mx\/noticias\/wp-json\/wp\/v2\/comments?post=60719"}],"version-history":[{"count":0,"href":"https:\/\/reporteroshoy.mx\/noticias\/wp-json\/wp\/v2\/posts\/60719\/revisions"}],"wp:featuredmedia":[{"embeddable":true,"href":"https:\/\/reporteroshoy.mx\/noticias\/wp-json\/wp\/v2\/media\/59756"}],"wp:attachment":[{"href":"https:\/\/reporteroshoy.mx\/noticias\/wp-json\/wp\/v2\/media?parent=60719"}],"wp:term":[{"taxonomy":"category","embeddable":true,"href":"https:\/\/reporteroshoy.mx\/noticias\/wp-json\/wp\/v2\/categories?post=60719"},{"taxonomy":"post_tag","embeddable":true,"href":"https:\/\/reporteroshoy.mx\/noticias\/wp-json\/wp\/v2\/tags?post=60719"}],"curies":[{"name":"wp","href":"https:\/\/api.w.org\/{rel}","templated":true}]}}