{"id":60792,"date":"2021-04-02T20:00:36","date_gmt":"2021-04-03T02:00:36","guid":{"rendered":"https:\/\/reporteroshoy.mx\/noticias\/?p=60792"},"modified":"2021-04-03T08:07:14","modified_gmt":"2021-04-03T14:07:14","slug":"palacio-municipal-se-ilumina-de-azul-para-concienciar-sobre-el-autismo","status":"publish","type":"post","link":"https:\/\/reporteroshoy.mx\/noticias\/palacio-municipal-se-ilumina-de-azul-para-concienciar-sobre-el-autismo\/","title":{"rendered":"Palacio Municipal se ilumina de azul para concienciar sobre el autismo"},"content":{"rendered":"<p style=\"text-align: justify;\"><span style=\"color: #000000;\">M\u00e9rida, Yucat\u00e1n; 2 de abril de 2021.- Con motivo de la celebraci\u00f3n del D\u00eda Internacional del Autismo, decretado por la Organizaci\u00f3n de las Naciones Unidas (ONU) en 2007, el Ayuntamiento de M\u00e9rida ilumin\u00f3 de color azul el Palacio Municipal, color representativo de este trastorno.<\/span><\/p>\n<p style=\"text-align: justify;\"><span style=\"color: #000000;\">Estas acciones forman parte de los compromisos del alcalde Ren\u00e1n Barrera para sentar las bases de un municipio que transite en el camino de la inclusi\u00f3n y el fomento del respeto mutuo entre todos sus habitantes.<\/span><\/p>\n<p style=\"text-align: justify;\"><img loading=\"lazy\" decoding=\"async\" class=\"wp-image-60793 aligncenter\" src=\"https:\/\/reporteroshoy.mx\/noticias\/wp-content\/uploads\/2021\/04\/Autismo-2.jpeg\" alt=\"\" width=\"633\" height=\"453\" \/> <span style=\"color: #000000;\">Con este encendido da inicio todo un mes dedicado a la concienciaci\u00f3n sobre el autismo, al mismo tiempo que se busca continuar informando y sensibilizando a la sociedad en general sobre este trastorno del desarrollo del cerebro.<\/span><\/p>\n<p style=\"text-align: justify;\"><span style=\"color: #000000;\">Este a\u00f1o, a causa de la pandemia, la Asociaci\u00f3n Yucateca de Lucha contra el Autismo y otros Trastornos del Desarrollo A.C., realizar\u00e1 diversos eventos en formato virtual en torno a la efem\u00e9ride.<\/span><\/p>\n<p><img loading=\"lazy\" decoding=\"async\" class=\"size-medium wp-image-60794 aligncenter\" src=\"https:\/\/reporteroshoy.mx\/noticias\/wp-content\/uploads\/2021\/04\/Autismo-3-scaled.jpeg\" alt=\"\" width=\"598\" height=\"768\" \/><\/p>\n<p style=\"text-align: justify;\"><span style=\"color: #000000;\">La Asamblea General de las Naciones Unidas declar\u00f3 el 2 de abril como D\u00eda Internacional del Autismo para poner de relieve la necesidad de contribuir a la mejora de la calidad de vida de las personas con autismo.<\/span><\/p>\n","protected":false},"excerpt":{"rendered":"<p>Con este encendido inicia un mes de promoci\u00f3n y sensibilizaci\u00f3n acerca del trastorno en el municipio.<\/p>\n","protected":false},"author":6,"featured_media":60793,"comment_status":"open","ping_status":"closed","sticky":false,"template":"","format":"standard","meta":{"footnotes":""},"categories":[7],"tags":[2200,17075,17074],"class_list":["post-60792","post","type-post","status-publish","format-standard","has-post-thumbnail","hentry","category-gobierno","tag-autismo","tag-dia-del-autismo","tag-palacio-municipal-de-merida"],"yoast_head":"<!-- This site is optimized with the Yoast SEO plugin v28.4 - https:\/\/yoast.com\/product\/yoast-seo-wordpress\/ -->\n<title>Palacio Municipal se ilumina de azul para concienciar sobre el autismo<\/title>\n<meta name=\"description\" content=\"Con este encendido inicia un mes de promoci\u00f3n y sensibilizaci\u00f3n acerca del trastorno en el municipio.\" \/>\n<meta name=\"robots\" content=\"index, follow, max-snippet:-1, max-image-preview:large, max-video-preview:-1\" \/>\n<link rel=\"canonical\" href=\"https:\/\/reporteroshoy.mx\/noticias\/palacio-municipal-se-ilumina-de-azul-para-concienciar-sobre-el-autismo\/\" \/>\n<meta property=\"og:locale\" content=\"es_ES\" \/>\n<meta property=\"og:type\" content=\"article\" \/>\n<meta property=\"og:title\" content=\"Palacio Municipal se ilumina de azul para concienciar sobre el autismo\" \/>\n<meta property=\"og:description\" content=\"Con este encendido inicia un mes de promoci\u00f3n y sensibilizaci\u00f3n acerca del trastorno en el municipio.\" \/>\n<meta property=\"og:url\" content=\"https:\/\/reporteroshoy.mx\/noticias\/palacio-municipal-se-ilumina-de-azul-para-concienciar-sobre-el-autismo\/\" \/>\n<meta property=\"og:site_name\" content=\"Reporteros Hoy | Noticias de Yucat\u00e1n\" \/>\n<meta property=\"article:publisher\" content=\"http:\/\/www.facebook.com\/reporteroshoymx\" \/>\n<meta property=\"article:published_time\" content=\"2021-04-03T02:00:36+00:00\" \/>\n<meta property=\"article:modified_time\" content=\"2021-04-03T14:07:14+00:00\" \/>\n<meta property=\"og:image\" content=\"https:\/\/reporteroshoy.mx\/noticias\/wp-content\/uploads\/2021\/04\/Autismo-2.jpeg\" \/>\n\t<meta property=\"og:image:width\" content=\"768\" \/>\n\t<meta property=\"og:image:height\" content=\"549\" \/>\n\t<meta property=\"og:image:type\" content=\"image\/jpeg\" \/>\n<meta name=\"author\" content=\"Reporteros Hoy GS\" \/>\n<meta name=\"twitter:card\" content=\"summary_large_image\" \/>\n<meta name=\"twitter:creator\" content=\"@reporteroshoy\" \/>\n<meta name=\"twitter:site\" content=\"@reporteroshoy\" \/>\n<meta name=\"twitter:label1\" content=\"Escrito por\" \/>\n\t<meta name=\"twitter:data1\" content=\"Reporteros Hoy GS\" \/>\n\t<meta name=\"twitter:label2\" content=\"Tiempo de lectura\" \/>\n\t<meta name=\"twitter:data2\" content=\"2 minutos\" \/>\n<script type=\"application\/ld+json\" class=\"yoast-schema-graph\">{\"@context\":\"https:\\\/\\\/schema.org\",\"@graph\":[{\"@type\":\"Article\",\"@id\":\"https:\\\/\\\/reporteroshoy.mx\\\/noticias\\\/palacio-municipal-se-ilumina-de-azul-para-concienciar-sobre-el-autismo\\\/#article\",\"isPartOf\":{\"@id\":\"https:\\\/\\\/reporteroshoy.mx\\\/noticias\\\/palacio-municipal-se-ilumina-de-azul-para-concienciar-sobre-el-autismo\\\/\"},\"author\":{\"name\":\"Reporteros Hoy GS\",\"@id\":\"https:\\\/\\\/reporteroshoy.mx\\\/noticias\\\/#\\\/schema\\\/person\\\/49ae631fc906b44554e4ba3866c505d7\"},\"headline\":\"Palacio Municipal se ilumina de azul para concienciar sobre el autismo\",\"datePublished\":\"2021-04-03T02:00:36+00:00\",\"dateModified\":\"2021-04-03T14:07:14+00:00\",\"mainEntityOfPage\":{\"@id\":\"https:\\\/\\\/reporteroshoy.mx\\\/noticias\\\/palacio-municipal-se-ilumina-de-azul-para-concienciar-sobre-el-autismo\\\/\"},\"wordCount\":209,\"commentCount\":0,\"image\":{\"@id\":\"https:\\\/\\\/reporteroshoy.mx\\\/noticias\\\/palacio-municipal-se-ilumina-de-azul-para-concienciar-sobre-el-autismo\\\/#primaryimage\"},\"thumbnailUrl\":\"https:\\\/\\\/reporteroshoy.mx\\\/noticias\\\/wp-content\\\/uploads\\\/2021\\\/04\\\/Autismo-2.jpeg\",\"keywords\":[\"Autismo\",\"d\u00eda del autismo\",\"Palacio Municipal de M\u00e9rida\"],\"articleSection\":[\"Gobierno\"],\"inLanguage\":\"es\",\"potentialAction\":[{\"@type\":\"CommentAction\",\"name\":\"Comment\",\"target\":[\"https:\\\/\\\/reporteroshoy.mx\\\/noticias\\\/palacio-municipal-se-ilumina-de-azul-para-concienciar-sobre-el-autismo\\\/#respond\"]}]},{\"@type\":\"WebPage\",\"@id\":\"https:\\\/\\\/reporteroshoy.mx\\\/noticias\\\/palacio-municipal-se-ilumina-de-azul-para-concienciar-sobre-el-autismo\\\/\",\"url\":\"https:\\\/\\\/reporteroshoy.mx\\\/noticias\\\/palacio-municipal-se-ilumina-de-azul-para-concienciar-sobre-el-autismo\\\/\",\"name\":\"Palacio Municipal se ilumina de azul para concienciar sobre el autismo\",\"isPartOf\":{\"@id\":\"https:\\\/\\\/reporteroshoy.mx\\\/noticias\\\/#website\"},\"primaryImageOfPage\":{\"@id\":\"https:\\\/\\\/reporteroshoy.mx\\\/noticias\\\/palacio-municipal-se-ilumina-de-azul-para-concienciar-sobre-el-autismo\\\/#primaryimage\"},\"image\":{\"@id\":\"https:\\\/\\\/reporteroshoy.mx\\\/noticias\\\/palacio-municipal-se-ilumina-de-azul-para-concienciar-sobre-el-autismo\\\/#primaryimage\"},\"thumbnailUrl\":\"https:\\\/\\\/reporteroshoy.mx\\\/noticias\\\/wp-content\\\/uploads\\\/2021\\\/04\\\/Autismo-2.jpeg\",\"datePublished\":\"2021-04-03T02:00:36+00:00\",\"dateModified\":\"2021-04-03T14:07:14+00:00\",\"author\":{\"@id\":\"https:\\\/\\\/reporteroshoy.mx\\\/noticias\\\/#\\\/schema\\\/person\\\/49ae631fc906b44554e4ba3866c505d7\"},\"description\":\"Con este encendido inicia un mes de promoci\u00f3n y sensibilizaci\u00f3n acerca del trastorno en el municipio.\",\"breadcrumb\":{\"@id\":\"https:\\\/\\\/reporteroshoy.mx\\\/noticias\\\/palacio-municipal-se-ilumina-de-azul-para-concienciar-sobre-el-autismo\\\/#breadcrumb\"},\"inLanguage\":\"es\",\"potentialAction\":[{\"@type\":\"ReadAction\",\"target\":[\"https:\\\/\\\/reporteroshoy.mx\\\/noticias\\\/palacio-municipal-se-ilumina-de-azul-para-concienciar-sobre-el-autismo\\\/\"]}]},{\"@type\":\"ImageObject\",\"inLanguage\":\"es\",\"@id\":\"https:\\\/\\\/reporteroshoy.mx\\\/noticias\\\/palacio-municipal-se-ilumina-de-azul-para-concienciar-sobre-el-autismo\\\/#primaryimage\",\"url\":\"https:\\\/\\\/reporteroshoy.mx\\\/noticias\\\/wp-content\\\/uploads\\\/2021\\\/04\\\/Autismo-2.jpeg\",\"contentUrl\":\"https:\\\/\\\/reporteroshoy.mx\\\/noticias\\\/wp-content\\\/uploads\\\/2021\\\/04\\\/Autismo-2.jpeg\",\"width\":768,\"height\":549},{\"@type\":\"BreadcrumbList\",\"@id\":\"https:\\\/\\\/reporteroshoy.mx\\\/noticias\\\/palacio-municipal-se-ilumina-de-azul-para-concienciar-sobre-el-autismo\\\/#breadcrumb\",\"itemListElement\":[{\"@type\":\"ListItem\",\"position\":1,\"name\":\"Portada\",\"item\":\"https:\\\/\\\/reporteroshoy.mx\\\/noticias\\\/\"},{\"@type\":\"ListItem\",\"position\":2,\"name\":\"Palacio Municipal se ilumina de azul para concienciar sobre el autismo\"}]},{\"@type\":\"WebSite\",\"@id\":\"https:\\\/\\\/reporteroshoy.mx\\\/noticias\\\/#website\",\"url\":\"https:\\\/\\\/reporteroshoy.mx\\\/noticias\\\/\",\"name\":\"Reporteros Hoy | Noticias de Yucat\u00e1n\",\"description\":\"Peri\u00f3dico digital con noticias diarias desde M\u00e9rida, Yucat\u00e1n para el mundo.\",\"potentialAction\":[{\"@type\":\"SearchAction\",\"target\":{\"@type\":\"EntryPoint\",\"urlTemplate\":\"https:\\\/\\\/reporteroshoy.mx\\\/noticias\\\/?s={search_term_string}\"},\"query-input\":{\"@type\":\"PropertyValueSpecification\",\"valueRequired\":true,\"valueName\":\"search_term_string\"}}],\"inLanguage\":\"es\"},{\"@type\":\"Person\",\"@id\":\"https:\\\/\\\/reporteroshoy.mx\\\/noticias\\\/#\\\/schema\\\/person\\\/49ae631fc906b44554e4ba3866c505d7\",\"name\":\"Reporteros Hoy GS\",\"image\":{\"@type\":\"ImageObject\",\"inLanguage\":\"es\",\"@id\":\"https:\\\/\\\/secure.gravatar.com\\\/avatar\\\/00d32adb620345c3db2cfc175917f65c584e1e338fdc49ad126aa1f9830eb6a9?s=96&d=mm&r=g\",\"url\":\"https:\\\/\\\/secure.gravatar.com\\\/avatar\\\/00d32adb620345c3db2cfc175917f65c584e1e338fdc49ad126aa1f9830eb6a9?s=96&d=mm&r=g\",\"contentUrl\":\"https:\\\/\\\/secure.gravatar.com\\\/avatar\\\/00d32adb620345c3db2cfc175917f65c584e1e338fdc49ad126aa1f9830eb6a9?s=96&d=mm&r=g\",\"caption\":\"Reporteros Hoy GS\"},\"url\":\"https:\\\/\\\/reporteroshoy.mx\\\/noticias\\\/author\\\/lupis\\\/\"}]}<\/script>\n<!-- \/ Yoast SEO plugin. -->","yoast_head_json":{"title":"Palacio Municipal se ilumina de azul para concienciar sobre el autismo","description":"Con este encendido inicia un mes de promoci\u00f3n y sensibilizaci\u00f3n acerca del trastorno en el municipio.","robots":{"index":"index","follow":"follow","max-snippet":"max-snippet:-1","max-image-preview":"max-image-preview:large","max-video-preview":"max-video-preview:-1"},"canonical":"https:\/\/reporteroshoy.mx\/noticias\/palacio-municipal-se-ilumina-de-azul-para-concienciar-sobre-el-autismo\/","og_locale":"es_ES","og_type":"article","og_title":"Palacio Municipal se ilumina de azul para concienciar sobre el autismo","og_description":"Con este encendido inicia un mes de promoci\u00f3n y sensibilizaci\u00f3n acerca del trastorno en el municipio.","og_url":"https:\/\/reporteroshoy.mx\/noticias\/palacio-municipal-se-ilumina-de-azul-para-concienciar-sobre-el-autismo\/","og_site_name":"Reporteros Hoy | Noticias de Yucat\u00e1n","article_publisher":"http:\/\/www.facebook.com\/reporteroshoymx","article_published_time":"2021-04-03T02:00:36+00:00","article_modified_time":"2021-04-03T14:07:14+00:00","og_image":[{"width":768,"height":549,"url":"https:\/\/reporteroshoy.mx\/noticias\/wp-content\/uploads\/2021\/04\/Autismo-2.jpeg","type":"image\/jpeg"}],"author":"Reporteros Hoy GS","twitter_card":"summary_large_image","twitter_creator":"@reporteroshoy","twitter_site":"@reporteroshoy","twitter_misc":{"Escrito por":"Reporteros Hoy GS","Tiempo de lectura":"2 minutos"},"schema":{"@context":"https:\/\/schema.org","@graph":[{"@type":"Article","@id":"https:\/\/reporteroshoy.mx\/noticias\/palacio-municipal-se-ilumina-de-azul-para-concienciar-sobre-el-autismo\/#article","isPartOf":{"@id":"https:\/\/reporteroshoy.mx\/noticias\/palacio-municipal-se-ilumina-de-azul-para-concienciar-sobre-el-autismo\/"},"author":{"name":"Reporteros Hoy GS","@id":"https:\/\/reporteroshoy.mx\/noticias\/#\/schema\/person\/49ae631fc906b44554e4ba3866c505d7"},"headline":"Palacio Municipal se ilumina de azul para concienciar sobre el autismo","datePublished":"2021-04-03T02:00:36+00:00","dateModified":"2021-04-03T14:07:14+00:00","mainEntityOfPage":{"@id":"https:\/\/reporteroshoy.mx\/noticias\/palacio-municipal-se-ilumina-de-azul-para-concienciar-sobre-el-autismo\/"},"wordCount":209,"commentCount":0,"image":{"@id":"https:\/\/reporteroshoy.mx\/noticias\/palacio-municipal-se-ilumina-de-azul-para-concienciar-sobre-el-autismo\/#primaryimage"},"thumbnailUrl":"https:\/\/reporteroshoy.mx\/noticias\/wp-content\/uploads\/2021\/04\/Autismo-2.jpeg","keywords":["Autismo","d\u00eda del autismo","Palacio Municipal de M\u00e9rida"],"articleSection":["Gobierno"],"inLanguage":"es","potentialAction":[{"@type":"CommentAction","name":"Comment","target":["https:\/\/reporteroshoy.mx\/noticias\/palacio-municipal-se-ilumina-de-azul-para-concienciar-sobre-el-autismo\/#respond"]}]},{"@type":"WebPage","@id":"https:\/\/reporteroshoy.mx\/noticias\/palacio-municipal-se-ilumina-de-azul-para-concienciar-sobre-el-autismo\/","url":"https:\/\/reporteroshoy.mx\/noticias\/palacio-municipal-se-ilumina-de-azul-para-concienciar-sobre-el-autismo\/","name":"Palacio Municipal se ilumina de azul para concienciar sobre el autismo","isPartOf":{"@id":"https:\/\/reporteroshoy.mx\/noticias\/#website"},"primaryImageOfPage":{"@id":"https:\/\/reporteroshoy.mx\/noticias\/palacio-municipal-se-ilumina-de-azul-para-concienciar-sobre-el-autismo\/#primaryimage"},"image":{"@id":"https:\/\/reporteroshoy.mx\/noticias\/palacio-municipal-se-ilumina-de-azul-para-concienciar-sobre-el-autismo\/#primaryimage"},"thumbnailUrl":"https:\/\/reporteroshoy.mx\/noticias\/wp-content\/uploads\/2021\/04\/Autismo-2.jpeg","datePublished":"2021-04-03T02:00:36+00:00","dateModified":"2021-04-03T14:07:14+00:00","author":{"@id":"https:\/\/reporteroshoy.mx\/noticias\/#\/schema\/person\/49ae631fc906b44554e4ba3866c505d7"},"description":"Con este encendido inicia un mes de promoci\u00f3n y sensibilizaci\u00f3n acerca del trastorno en el municipio.","breadcrumb":{"@id":"https:\/\/reporteroshoy.mx\/noticias\/palacio-municipal-se-ilumina-de-azul-para-concienciar-sobre-el-autismo\/#breadcrumb"},"inLanguage":"es","potentialAction":[{"@type":"ReadAction","target":["https:\/\/reporteroshoy.mx\/noticias\/palacio-municipal-se-ilumina-de-azul-para-concienciar-sobre-el-autismo\/"]}]},{"@type":"ImageObject","inLanguage":"es","@id":"https:\/\/reporteroshoy.mx\/noticias\/palacio-municipal-se-ilumina-de-azul-para-concienciar-sobre-el-autismo\/#primaryimage","url":"https:\/\/reporteroshoy.mx\/noticias\/wp-content\/uploads\/2021\/04\/Autismo-2.jpeg","contentUrl":"https:\/\/reporteroshoy.mx\/noticias\/wp-content\/uploads\/2021\/04\/Autismo-2.jpeg","width":768,"height":549},{"@type":"BreadcrumbList","@id":"https:\/\/reporteroshoy.mx\/noticias\/palacio-municipal-se-ilumina-de-azul-para-concienciar-sobre-el-autismo\/#breadcrumb","itemListElement":[{"@type":"ListItem","position":1,"name":"Portada","item":"https:\/\/reporteroshoy.mx\/noticias\/"},{"@type":"ListItem","position":2,"name":"Palacio Municipal se ilumina de azul para concienciar sobre el autismo"}]},{"@type":"WebSite","@id":"https:\/\/reporteroshoy.mx\/noticias\/#website","url":"https:\/\/reporteroshoy.mx\/noticias\/","name":"Reporteros Hoy | Noticias de Yucat\u00e1n","description":"Peri\u00f3dico digital con noticias diarias desde M\u00e9rida, Yucat\u00e1n para el mundo.","potentialAction":[{"@type":"SearchAction","target":{"@type":"EntryPoint","urlTemplate":"https:\/\/reporteroshoy.mx\/noticias\/?s={search_term_string}"},"query-input":{"@type":"PropertyValueSpecification","valueRequired":true,"valueName":"search_term_string"}}],"inLanguage":"es"},{"@type":"Person","@id":"https:\/\/reporteroshoy.mx\/noticias\/#\/schema\/person\/49ae631fc906b44554e4ba3866c505d7","name":"Reporteros Hoy GS","image":{"@type":"ImageObject","inLanguage":"es","@id":"https:\/\/secure.gravatar.com\/avatar\/00d32adb620345c3db2cfc175917f65c584e1e338fdc49ad126aa1f9830eb6a9?s=96&d=mm&r=g","url":"https:\/\/secure.gravatar.com\/avatar\/00d32adb620345c3db2cfc175917f65c584e1e338fdc49ad126aa1f9830eb6a9?s=96&d=mm&r=g","contentUrl":"https:\/\/secure.gravatar.com\/avatar\/00d32adb620345c3db2cfc175917f65c584e1e338fdc49ad126aa1f9830eb6a9?s=96&d=mm&r=g","caption":"Reporteros Hoy GS"},"url":"https:\/\/reporteroshoy.mx\/noticias\/author\/lupis\/"}]}},"_links":{"self":[{"href":"https:\/\/reporteroshoy.mx\/noticias\/wp-json\/wp\/v2\/posts\/60792","targetHints":{"allow":["GET"]}}],"collection":[{"href":"https:\/\/reporteroshoy.mx\/noticias\/wp-json\/wp\/v2\/posts"}],"about":[{"href":"https:\/\/reporteroshoy.mx\/noticias\/wp-json\/wp\/v2\/types\/post"}],"author":[{"embeddable":true,"href":"https:\/\/reporteroshoy.mx\/noticias\/wp-json\/wp\/v2\/users\/6"}],"replies":[{"embeddable":true,"href":"https:\/\/reporteroshoy.mx\/noticias\/wp-json\/wp\/v2\/comments?post=60792"}],"version-history":[{"count":0,"href":"https:\/\/reporteroshoy.mx\/noticias\/wp-json\/wp\/v2\/posts\/60792\/revisions"}],"wp:featuredmedia":[{"embeddable":true,"href":"https:\/\/reporteroshoy.mx\/noticias\/wp-json\/wp\/v2\/media\/60793"}],"wp:attachment":[{"href":"https:\/\/reporteroshoy.mx\/noticias\/wp-json\/wp\/v2\/media?parent=60792"}],"wp:term":[{"taxonomy":"category","embeddable":true,"href":"https:\/\/reporteroshoy.mx\/noticias\/wp-json\/wp\/v2\/categories?post=60792"},{"taxonomy":"post_tag","embeddable":true,"href":"https:\/\/reporteroshoy.mx\/noticias\/wp-json\/wp\/v2\/tags?post=60792"}],"curies":[{"name":"wp","href":"https:\/\/api.w.org\/{rel}","templated":true}]}}