{"id":60918,"date":"2021-04-05T14:00:30","date_gmt":"2021-04-05T19:00:30","guid":{"rendered":"https:\/\/reporteroshoy.mx\/noticias\/?p=60918"},"modified":"2021-04-06T13:38:38","modified_gmt":"2021-04-06T18:38:38","slug":"localizador-electronico-a-causante-de-muerte-de-un-ciclista","status":"publish","type":"post","link":"https:\/\/reporteroshoy.mx\/noticias\/localizador-electronico-a-causante-de-muerte-de-un-ciclista\/","title":{"rendered":"Localizador electr\u00f3nico a causante de muerte de un ciclista"},"content":{"rendered":"<p style=\"text-align: justify;\">M\u00e9rida, Yucat\u00e1n, 5 de abril de 2021.- Tras valorar los datos de prueba presentados por la Fiscal\u00eda General del Estado (FGE), F.G.A.M. fue vinculado a proceso por la muerte de un ciclista, ocurrida en d\u00edas pasados en la colonia Jes\u00fas Carranza en esta ciudad, por lo que continuar\u00e1 usando un localizador electr\u00f3nico hasta que concluya el proceso.<\/p>\n<p><img loading=\"lazy\" decoding=\"async\" class=\"wp-image-40557 aligncenter\" src=\"https:\/\/reporteroshoy.mx\/noticias\/wp-content\/uploads\/2020\/06\/JUECES_JUSTICIA-1.jpeg\" alt=\"\" width=\"605\" height=\"454\" \/><\/p>\n<p style=\"text-align: justify;\">De acuerdo con la informaci\u00f3n reunida durante la indagatoria realizada por los especialistas de la Fiscal\u00eda, los hechos ocurrieron el 27 de marzo, cuando el imputado transitaba en un veh\u00edculo tipo tractor, sobre la calle 35 de la citada colonia, y al encontrarse entre las calles 40 y 42, invadi\u00f3 el carril izquierdo sobre el que transitaba un ciclista y lo colision\u00f3, provoc\u00e1ndole lesiones que le causaron la muerte, por lo que se inici\u00f3 la carpeta de investigaci\u00f3n que deriv\u00f3 en la causa penal 73\/2021.<\/p>\n<p style=\"text-align: justify;\">En la audiencia celebrada en el Juzgado Segundo de Control del Primer Distrito Judicial, los fiscales de litigaci\u00f3n aportaron los datos de prueba, mismos que fueron valorados por la Juez de Control, quien decret\u00f3 el auto de vinculaci\u00f3n a proceso del imputado por el delito de homicidio cometido por culpa y otorg\u00f3 un plazo de tres meses para el cierre de la investigaci\u00f3n complementaria.<\/p>\n<p style=\"text-align: justify;\">Por \u00faltimo, antes de concluir, se ratificaron las medidas cautelares establecidas durante la audiencia inicial y que incluyen, adem\u00e1s del localizador electr\u00f3nico, el pago de una garant\u00eda econ\u00f3mica, acudir a firmar peri\u00f3dicamente al Centro Estatal de Medidas Cautelares, la prohibici\u00f3n de salir del Estado sin autorizaci\u00f3n judicial y\u00a0 someterse a la vigilancia del citado Centro, todas se mantendr\u00e1n hasta que concluya el proceso.<\/p>\n","protected":false},"excerpt":{"rendered":"<p>El conductor lo atropell\u00f3 en calles de la colonia Jes\u00fas Carranza al invadir un carril vial.  <\/p>\n","protected":false},"author":5,"featured_media":60337,"comment_status":"open","ping_status":"closed","sticky":false,"template":"","format":"standard","meta":{"footnotes":""},"categories":[14],"tags":[3904,6095,15328],"class_list":["post-60918","post","type-post","status-publish","format-standard","has-post-thumbnail","hentry","category-policia","tag-ciclista-atropellado","tag-jesus-carranza","tag-localizador-electronico"],"yoast_head":"<!-- This site is optimized with the Yoast SEO plugin v28.4 - https:\/\/yoast.com\/product\/yoast-seo-wordpress\/ -->\n<title>Localizador electr\u00f3nico a causante de muerte de un ciclista<\/title>\n<meta name=\"description\" content=\"El conductor lo atropell\u00f3 en calles de la colonia Jes\u00fas Carranza al invadir un carril vial.\" \/>\n<meta name=\"robots\" content=\"index, follow, max-snippet:-1, max-image-preview:large, max-video-preview:-1\" \/>\n<link rel=\"canonical\" href=\"https:\/\/reporteroshoy.mx\/noticias\/localizador-electronico-a-causante-de-muerte-de-un-ciclista\/\" \/>\n<meta property=\"og:locale\" content=\"es_ES\" \/>\n<meta property=\"og:type\" content=\"article\" \/>\n<meta property=\"og:title\" content=\"Localizador electr\u00f3nico a causante de muerte de un ciclista\" \/>\n<meta property=\"og:description\" content=\"El conductor lo atropell\u00f3 en calles de la colonia Jes\u00fas Carranza al invadir un carril vial.\" \/>\n<meta property=\"og:url\" content=\"https:\/\/reporteroshoy.mx\/noticias\/localizador-electronico-a-causante-de-muerte-de-un-ciclista\/\" \/>\n<meta property=\"og:site_name\" content=\"Reporteros Hoy | Noticias de Yucat\u00e1n\" \/>\n<meta property=\"article:publisher\" content=\"http:\/\/www.facebook.com\/reporteroshoymx\" \/>\n<meta property=\"article:published_time\" content=\"2021-04-05T19:00:30+00:00\" \/>\n<meta property=\"article:modified_time\" content=\"2021-04-06T18:38:38+00:00\" \/>\n<meta property=\"og:image\" content=\"https:\/\/reporteroshoy.mx\/noticias\/wp-content\/uploads\/2021\/03\/Garrapata-1.jpg\" \/>\n\t<meta property=\"og:image:width\" content=\"768\" \/>\n\t<meta property=\"og:image:height\" content=\"433\" \/>\n\t<meta property=\"og:image:type\" content=\"image\/jpeg\" \/>\n<meta name=\"author\" content=\"Reporteros Hoy IM\" \/>\n<meta name=\"twitter:card\" content=\"summary_large_image\" \/>\n<meta name=\"twitter:creator\" content=\"@reporteroshoy\" \/>\n<meta name=\"twitter:site\" content=\"@reporteroshoy\" \/>\n<meta name=\"twitter:label1\" content=\"Escrito por\" \/>\n\t<meta name=\"twitter:data1\" content=\"Reporteros Hoy IM\" \/>\n\t<meta name=\"twitter:label2\" content=\"Tiempo de lectura\" \/>\n\t<meta name=\"twitter:data2\" content=\"2 minutos\" \/>\n<script type=\"application\/ld+json\" class=\"yoast-schema-graph\">{\"@context\":\"https:\\\/\\\/schema.org\",\"@graph\":[{\"@type\":\"Article\",\"@id\":\"https:\\\/\\\/reporteroshoy.mx\\\/noticias\\\/localizador-electronico-a-causante-de-muerte-de-un-ciclista\\\/#article\",\"isPartOf\":{\"@id\":\"https:\\\/\\\/reporteroshoy.mx\\\/noticias\\\/localizador-electronico-a-causante-de-muerte-de-un-ciclista\\\/\"},\"author\":{\"name\":\"Reporteros Hoy IM\",\"@id\":\"https:\\\/\\\/reporteroshoy.mx\\\/noticias\\\/#\\\/schema\\\/person\\\/948520f0d88b01be2e5266bc4acbbc15\"},\"headline\":\"Localizador electr\u00f3nico a causante de muerte de un ciclista\",\"datePublished\":\"2021-04-05T19:00:30+00:00\",\"dateModified\":\"2021-04-06T18:38:38+00:00\",\"mainEntityOfPage\":{\"@id\":\"https:\\\/\\\/reporteroshoy.mx\\\/noticias\\\/localizador-electronico-a-causante-de-muerte-de-un-ciclista\\\/\"},\"wordCount\":298,\"commentCount\":0,\"image\":{\"@id\":\"https:\\\/\\\/reporteroshoy.mx\\\/noticias\\\/localizador-electronico-a-causante-de-muerte-de-un-ciclista\\\/#primaryimage\"},\"thumbnailUrl\":\"https:\\\/\\\/reporteroshoy.mx\\\/noticias\\\/wp-content\\\/uploads\\\/2021\\\/03\\\/Garrapata-1.jpg\",\"keywords\":[\"ciclista atropellado\",\"Jes\u00fas Carranza\",\"localizador electr\u00f3nico\"],\"articleSection\":[\"Polic\u00eda\"],\"inLanguage\":\"es\",\"potentialAction\":[{\"@type\":\"CommentAction\",\"name\":\"Comment\",\"target\":[\"https:\\\/\\\/reporteroshoy.mx\\\/noticias\\\/localizador-electronico-a-causante-de-muerte-de-un-ciclista\\\/#respond\"]}]},{\"@type\":\"WebPage\",\"@id\":\"https:\\\/\\\/reporteroshoy.mx\\\/noticias\\\/localizador-electronico-a-causante-de-muerte-de-un-ciclista\\\/\",\"url\":\"https:\\\/\\\/reporteroshoy.mx\\\/noticias\\\/localizador-electronico-a-causante-de-muerte-de-un-ciclista\\\/\",\"name\":\"Localizador electr\u00f3nico a causante de muerte de un ciclista\",\"isPartOf\":{\"@id\":\"https:\\\/\\\/reporteroshoy.mx\\\/noticias\\\/#website\"},\"primaryImageOfPage\":{\"@id\":\"https:\\\/\\\/reporteroshoy.mx\\\/noticias\\\/localizador-electronico-a-causante-de-muerte-de-un-ciclista\\\/#primaryimage\"},\"image\":{\"@id\":\"https:\\\/\\\/reporteroshoy.mx\\\/noticias\\\/localizador-electronico-a-causante-de-muerte-de-un-ciclista\\\/#primaryimage\"},\"thumbnailUrl\":\"https:\\\/\\\/reporteroshoy.mx\\\/noticias\\\/wp-content\\\/uploads\\\/2021\\\/03\\\/Garrapata-1.jpg\",\"datePublished\":\"2021-04-05T19:00:30+00:00\",\"dateModified\":\"2021-04-06T18:38:38+00:00\",\"author\":{\"@id\":\"https:\\\/\\\/reporteroshoy.mx\\\/noticias\\\/#\\\/schema\\\/person\\\/948520f0d88b01be2e5266bc4acbbc15\"},\"description\":\"El conductor lo atropell\u00f3 en calles de la colonia Jes\u00fas Carranza al invadir un carril vial.\",\"breadcrumb\":{\"@id\":\"https:\\\/\\\/reporteroshoy.mx\\\/noticias\\\/localizador-electronico-a-causante-de-muerte-de-un-ciclista\\\/#breadcrumb\"},\"inLanguage\":\"es\",\"potentialAction\":[{\"@type\":\"ReadAction\",\"target\":[\"https:\\\/\\\/reporteroshoy.mx\\\/noticias\\\/localizador-electronico-a-causante-de-muerte-de-un-ciclista\\\/\"]}]},{\"@type\":\"ImageObject\",\"inLanguage\":\"es\",\"@id\":\"https:\\\/\\\/reporteroshoy.mx\\\/noticias\\\/localizador-electronico-a-causante-de-muerte-de-un-ciclista\\\/#primaryimage\",\"url\":\"https:\\\/\\\/reporteroshoy.mx\\\/noticias\\\/wp-content\\\/uploads\\\/2021\\\/03\\\/Garrapata-1.jpg\",\"contentUrl\":\"https:\\\/\\\/reporteroshoy.mx\\\/noticias\\\/wp-content\\\/uploads\\\/2021\\\/03\\\/Garrapata-1.jpg\",\"width\":768,\"height\":433},{\"@type\":\"BreadcrumbList\",\"@id\":\"https:\\\/\\\/reporteroshoy.mx\\\/noticias\\\/localizador-electronico-a-causante-de-muerte-de-un-ciclista\\\/#breadcrumb\",\"itemListElement\":[{\"@type\":\"ListItem\",\"position\":1,\"name\":\"Portada\",\"item\":\"https:\\\/\\\/reporteroshoy.mx\\\/noticias\\\/\"},{\"@type\":\"ListItem\",\"position\":2,\"name\":\"Localizador electr\u00f3nico a causante de muerte de un ciclista\"}]},{\"@type\":\"WebSite\",\"@id\":\"https:\\\/\\\/reporteroshoy.mx\\\/noticias\\\/#website\",\"url\":\"https:\\\/\\\/reporteroshoy.mx\\\/noticias\\\/\",\"name\":\"Reporteros Hoy | Noticias de Yucat\u00e1n\",\"description\":\"Peri\u00f3dico digital con noticias diarias desde M\u00e9rida, Yucat\u00e1n para el mundo.\",\"potentialAction\":[{\"@type\":\"SearchAction\",\"target\":{\"@type\":\"EntryPoint\",\"urlTemplate\":\"https:\\\/\\\/reporteroshoy.mx\\\/noticias\\\/?s={search_term_string}\"},\"query-input\":{\"@type\":\"PropertyValueSpecification\",\"valueRequired\":true,\"valueName\":\"search_term_string\"}}],\"inLanguage\":\"es\"},{\"@type\":\"Person\",\"@id\":\"https:\\\/\\\/reporteroshoy.mx\\\/noticias\\\/#\\\/schema\\\/person\\\/948520f0d88b01be2e5266bc4acbbc15\",\"name\":\"Reporteros Hoy IM\",\"image\":{\"@type\":\"ImageObject\",\"inLanguage\":\"es\",\"@id\":\"https:\\\/\\\/secure.gravatar.com\\\/avatar\\\/d843030b96552826ac048bdfe26f2895604b800ed0c880ee55765a74d95dfc65?s=96&d=mm&r=g\",\"url\":\"https:\\\/\\\/secure.gravatar.com\\\/avatar\\\/d843030b96552826ac048bdfe26f2895604b800ed0c880ee55765a74d95dfc65?s=96&d=mm&r=g\",\"contentUrl\":\"https:\\\/\\\/secure.gravatar.com\\\/avatar\\\/d843030b96552826ac048bdfe26f2895604b800ed0c880ee55765a74d95dfc65?s=96&d=mm&r=g\",\"caption\":\"Reporteros Hoy IM\"},\"url\":\"https:\\\/\\\/reporteroshoy.mx\\\/noticias\\\/author\\\/israel\\\/\"}]}<\/script>\n<!-- \/ Yoast SEO plugin. -->","yoast_head_json":{"title":"Localizador electr\u00f3nico a causante de muerte de un ciclista","description":"El conductor lo atropell\u00f3 en calles de la colonia Jes\u00fas Carranza al invadir un carril vial.","robots":{"index":"index","follow":"follow","max-snippet":"max-snippet:-1","max-image-preview":"max-image-preview:large","max-video-preview":"max-video-preview:-1"},"canonical":"https:\/\/reporteroshoy.mx\/noticias\/localizador-electronico-a-causante-de-muerte-de-un-ciclista\/","og_locale":"es_ES","og_type":"article","og_title":"Localizador electr\u00f3nico a causante de muerte de un ciclista","og_description":"El conductor lo atropell\u00f3 en calles de la colonia Jes\u00fas Carranza al invadir un carril vial.","og_url":"https:\/\/reporteroshoy.mx\/noticias\/localizador-electronico-a-causante-de-muerte-de-un-ciclista\/","og_site_name":"Reporteros Hoy | Noticias de Yucat\u00e1n","article_publisher":"http:\/\/www.facebook.com\/reporteroshoymx","article_published_time":"2021-04-05T19:00:30+00:00","article_modified_time":"2021-04-06T18:38:38+00:00","og_image":[{"width":768,"height":433,"url":"https:\/\/reporteroshoy.mx\/noticias\/wp-content\/uploads\/2021\/03\/Garrapata-1.jpg","type":"image\/jpeg"}],"author":"Reporteros Hoy IM","twitter_card":"summary_large_image","twitter_creator":"@reporteroshoy","twitter_site":"@reporteroshoy","twitter_misc":{"Escrito por":"Reporteros Hoy IM","Tiempo de lectura":"2 minutos"},"schema":{"@context":"https:\/\/schema.org","@graph":[{"@type":"Article","@id":"https:\/\/reporteroshoy.mx\/noticias\/localizador-electronico-a-causante-de-muerte-de-un-ciclista\/#article","isPartOf":{"@id":"https:\/\/reporteroshoy.mx\/noticias\/localizador-electronico-a-causante-de-muerte-de-un-ciclista\/"},"author":{"name":"Reporteros Hoy IM","@id":"https:\/\/reporteroshoy.mx\/noticias\/#\/schema\/person\/948520f0d88b01be2e5266bc4acbbc15"},"headline":"Localizador electr\u00f3nico a causante de muerte de un ciclista","datePublished":"2021-04-05T19:00:30+00:00","dateModified":"2021-04-06T18:38:38+00:00","mainEntityOfPage":{"@id":"https:\/\/reporteroshoy.mx\/noticias\/localizador-electronico-a-causante-de-muerte-de-un-ciclista\/"},"wordCount":298,"commentCount":0,"image":{"@id":"https:\/\/reporteroshoy.mx\/noticias\/localizador-electronico-a-causante-de-muerte-de-un-ciclista\/#primaryimage"},"thumbnailUrl":"https:\/\/reporteroshoy.mx\/noticias\/wp-content\/uploads\/2021\/03\/Garrapata-1.jpg","keywords":["ciclista atropellado","Jes\u00fas Carranza","localizador electr\u00f3nico"],"articleSection":["Polic\u00eda"],"inLanguage":"es","potentialAction":[{"@type":"CommentAction","name":"Comment","target":["https:\/\/reporteroshoy.mx\/noticias\/localizador-electronico-a-causante-de-muerte-de-un-ciclista\/#respond"]}]},{"@type":"WebPage","@id":"https:\/\/reporteroshoy.mx\/noticias\/localizador-electronico-a-causante-de-muerte-de-un-ciclista\/","url":"https:\/\/reporteroshoy.mx\/noticias\/localizador-electronico-a-causante-de-muerte-de-un-ciclista\/","name":"Localizador electr\u00f3nico a causante de muerte de un ciclista","isPartOf":{"@id":"https:\/\/reporteroshoy.mx\/noticias\/#website"},"primaryImageOfPage":{"@id":"https:\/\/reporteroshoy.mx\/noticias\/localizador-electronico-a-causante-de-muerte-de-un-ciclista\/#primaryimage"},"image":{"@id":"https:\/\/reporteroshoy.mx\/noticias\/localizador-electronico-a-causante-de-muerte-de-un-ciclista\/#primaryimage"},"thumbnailUrl":"https:\/\/reporteroshoy.mx\/noticias\/wp-content\/uploads\/2021\/03\/Garrapata-1.jpg","datePublished":"2021-04-05T19:00:30+00:00","dateModified":"2021-04-06T18:38:38+00:00","author":{"@id":"https:\/\/reporteroshoy.mx\/noticias\/#\/schema\/person\/948520f0d88b01be2e5266bc4acbbc15"},"description":"El conductor lo atropell\u00f3 en calles de la colonia Jes\u00fas Carranza al invadir un carril vial.","breadcrumb":{"@id":"https:\/\/reporteroshoy.mx\/noticias\/localizador-electronico-a-causante-de-muerte-de-un-ciclista\/#breadcrumb"},"inLanguage":"es","potentialAction":[{"@type":"ReadAction","target":["https:\/\/reporteroshoy.mx\/noticias\/localizador-electronico-a-causante-de-muerte-de-un-ciclista\/"]}]},{"@type":"ImageObject","inLanguage":"es","@id":"https:\/\/reporteroshoy.mx\/noticias\/localizador-electronico-a-causante-de-muerte-de-un-ciclista\/#primaryimage","url":"https:\/\/reporteroshoy.mx\/noticias\/wp-content\/uploads\/2021\/03\/Garrapata-1.jpg","contentUrl":"https:\/\/reporteroshoy.mx\/noticias\/wp-content\/uploads\/2021\/03\/Garrapata-1.jpg","width":768,"height":433},{"@type":"BreadcrumbList","@id":"https:\/\/reporteroshoy.mx\/noticias\/localizador-electronico-a-causante-de-muerte-de-un-ciclista\/#breadcrumb","itemListElement":[{"@type":"ListItem","position":1,"name":"Portada","item":"https:\/\/reporteroshoy.mx\/noticias\/"},{"@type":"ListItem","position":2,"name":"Localizador electr\u00f3nico a causante de muerte de un ciclista"}]},{"@type":"WebSite","@id":"https:\/\/reporteroshoy.mx\/noticias\/#website","url":"https:\/\/reporteroshoy.mx\/noticias\/","name":"Reporteros Hoy | Noticias de Yucat\u00e1n","description":"Peri\u00f3dico digital con noticias diarias desde M\u00e9rida, Yucat\u00e1n para el mundo.","potentialAction":[{"@type":"SearchAction","target":{"@type":"EntryPoint","urlTemplate":"https:\/\/reporteroshoy.mx\/noticias\/?s={search_term_string}"},"query-input":{"@type":"PropertyValueSpecification","valueRequired":true,"valueName":"search_term_string"}}],"inLanguage":"es"},{"@type":"Person","@id":"https:\/\/reporteroshoy.mx\/noticias\/#\/schema\/person\/948520f0d88b01be2e5266bc4acbbc15","name":"Reporteros Hoy IM","image":{"@type":"ImageObject","inLanguage":"es","@id":"https:\/\/secure.gravatar.com\/avatar\/d843030b96552826ac048bdfe26f2895604b800ed0c880ee55765a74d95dfc65?s=96&d=mm&r=g","url":"https:\/\/secure.gravatar.com\/avatar\/d843030b96552826ac048bdfe26f2895604b800ed0c880ee55765a74d95dfc65?s=96&d=mm&r=g","contentUrl":"https:\/\/secure.gravatar.com\/avatar\/d843030b96552826ac048bdfe26f2895604b800ed0c880ee55765a74d95dfc65?s=96&d=mm&r=g","caption":"Reporteros Hoy IM"},"url":"https:\/\/reporteroshoy.mx\/noticias\/author\/israel\/"}]}},"_links":{"self":[{"href":"https:\/\/reporteroshoy.mx\/noticias\/wp-json\/wp\/v2\/posts\/60918","targetHints":{"allow":["GET"]}}],"collection":[{"href":"https:\/\/reporteroshoy.mx\/noticias\/wp-json\/wp\/v2\/posts"}],"about":[{"href":"https:\/\/reporteroshoy.mx\/noticias\/wp-json\/wp\/v2\/types\/post"}],"author":[{"embeddable":true,"href":"https:\/\/reporteroshoy.mx\/noticias\/wp-json\/wp\/v2\/users\/5"}],"replies":[{"embeddable":true,"href":"https:\/\/reporteroshoy.mx\/noticias\/wp-json\/wp\/v2\/comments?post=60918"}],"version-history":[{"count":0,"href":"https:\/\/reporteroshoy.mx\/noticias\/wp-json\/wp\/v2\/posts\/60918\/revisions"}],"wp:featuredmedia":[{"embeddable":true,"href":"https:\/\/reporteroshoy.mx\/noticias\/wp-json\/wp\/v2\/media\/60337"}],"wp:attachment":[{"href":"https:\/\/reporteroshoy.mx\/noticias\/wp-json\/wp\/v2\/media?parent=60918"}],"wp:term":[{"taxonomy":"category","embeddable":true,"href":"https:\/\/reporteroshoy.mx\/noticias\/wp-json\/wp\/v2\/categories?post=60918"},{"taxonomy":"post_tag","embeddable":true,"href":"https:\/\/reporteroshoy.mx\/noticias\/wp-json\/wp\/v2\/tags?post=60918"}],"curies":[{"name":"wp","href":"https:\/\/api.w.org\/{rel}","templated":true}]}}