{"id":61124,"date":"2021-04-08T10:00:19","date_gmt":"2021-04-08T15:00:19","guid":{"rendered":"https:\/\/reporteroshoy.mx\/noticias\/?p=61124"},"modified":"2021-04-09T10:15:12","modified_gmt":"2021-04-09T15:15:12","slug":"imprudente-conductor-le-fractura-las-piernas-a-motociclista-en-valladolid","status":"publish","type":"post","link":"https:\/\/reporteroshoy.mx\/noticias\/imprudente-conductor-le-fractura-las-piernas-a-motociclista-en-valladolid\/","title":{"rendered":"Imprudente conductor le fractura las piernas a motociclista en Valladolid"},"content":{"rendered":"<p style=\"text-align: justify;\">Valladolid, Yucat\u00e1n; 8 de abril de 2021 (ACOM).- Por su falta de precauci\u00f3n un conductor mand\u00f3 al hospital a un motociclista luego de impactarlo en el entronque del perif\u00e9rico Valladolid-Ebt\u00fan.<\/p>\n<p dir=\"auto\" style=\"text-align: justify;\">El accidente se registr\u00f3 sobre la carretera federal M\u00e9rida-Canc\u00fan cuando J.J.E.M., conductor de un Hyundai, al llegar al entronque se estrell\u00f3 contra un motociclista que transitaba de oriente a poniente.<\/p>\n<p dir=\"auto\"><img loading=\"lazy\" decoding=\"async\" class=\"wp-image-61125 aligncenter\" src=\"https:\/\/reporteroshoy.mx\/noticias\/wp-content\/uploads\/2021\/04\/Choque-en-crucero-scaled.jpg\" alt=\"\" width=\"600\" height=\"338\" \/><\/p>\n<p dir=\"auto\" style=\"text-align: justify;\">Tras el choque, S.D.N.C., de 31 a\u00f1os, sali\u00f3 disparado contra el panor\u00e1mico del auto hasta caer al pavimento.<\/p>\n<div dir=\"auto\">\n<div dir=\"auto\">\n<p dir=\"auto\" style=\"text-align: justify;\">Param\u00e9dicos de la Cruz Roja llegaron al sitio y valoraron al motociclista quien, al parecer, sufri\u00f3 de fractura en ambas piernas y traumatismo craneoencef\u00e1lico. Fue trasladado de urgencias al hospital.<\/p>\n<\/div>\n<\/div>\n","protected":false},"excerpt":{"rendered":"<p>El motociclista fue trasladado de urgencia al hospital ya que tambi\u00e9n sufri\u00f3 de traumatismo craneoencef\u00e1lico.<\/p>\n","protected":false},"author":9,"featured_media":61125,"comment_status":"open","ping_status":"closed","sticky":false,"template":"","format":"standard","meta":{"footnotes":""},"categories":[11],"tags":[3889,139,136],"class_list":["post-61124","post","type-post","status-publish","format-standard","has-post-thumbnail","hentry","category-municipios-de-yucatan","tag-fracturas","tag-valladolid","tag-yucatan-oriente"],"yoast_head":"<!-- This site is optimized with the Yoast SEO plugin v28.4 - https:\/\/yoast.com\/product\/yoast-seo-wordpress\/ -->\n<title>Imprudente conductor le fractura las piernas a motociclista en Valladolid<\/title>\n<meta name=\"description\" content=\"El motociclista fue trasladado de urgencia al hospital ya que tambi\u00e9n sufri\u00f3 de traumatismo craneoencef\u00e1lico.\" \/>\n<meta name=\"robots\" content=\"index, follow, max-snippet:-1, max-image-preview:large, max-video-preview:-1\" \/>\n<link rel=\"canonical\" href=\"https:\/\/reporteroshoy.mx\/noticias\/imprudente-conductor-le-fractura-las-piernas-a-motociclista-en-valladolid\/\" \/>\n<meta property=\"og:locale\" content=\"es_ES\" \/>\n<meta property=\"og:type\" content=\"article\" \/>\n<meta property=\"og:title\" content=\"Imprudente conductor le fractura las piernas a motociclista en Valladolid\" \/>\n<meta property=\"og:description\" content=\"El motociclista fue trasladado de urgencia al hospital ya que tambi\u00e9n sufri\u00f3 de traumatismo craneoencef\u00e1lico.\" \/>\n<meta property=\"og:url\" content=\"https:\/\/reporteroshoy.mx\/noticias\/imprudente-conductor-le-fractura-las-piernas-a-motociclista-en-valladolid\/\" \/>\n<meta property=\"og:site_name\" content=\"Reporteros Hoy | Noticias de Yucat\u00e1n\" \/>\n<meta property=\"article:publisher\" content=\"http:\/\/www.facebook.com\/reporteroshoymx\" \/>\n<meta property=\"article:published_time\" content=\"2021-04-08T15:00:19+00:00\" \/>\n<meta property=\"article:modified_time\" content=\"2021-04-09T15:15:12+00:00\" \/>\n<meta property=\"og:image\" content=\"https:\/\/reporteroshoy.mx\/noticias\/wp-content\/uploads\/2021\/04\/Choque-en-crucero-scaled.jpg\" \/>\n\t<meta property=\"og:image:width\" content=\"768\" \/>\n\t<meta property=\"og:image:height\" content=\"432\" \/>\n\t<meta property=\"og:image:type\" content=\"image\/jpeg\" \/>\n<meta name=\"author\" content=\"Reporteros Hoy WP\" \/>\n<meta name=\"twitter:card\" content=\"summary_large_image\" \/>\n<meta name=\"twitter:creator\" content=\"@reporteroshoy\" \/>\n<meta name=\"twitter:site\" content=\"@reporteroshoy\" \/>\n<meta name=\"twitter:label1\" content=\"Escrito por\" \/>\n\t<meta name=\"twitter:data1\" content=\"Reporteros Hoy WP\" \/>\n\t<meta name=\"twitter:label2\" content=\"Tiempo de lectura\" \/>\n\t<meta name=\"twitter:data2\" content=\"1 minuto\" \/>\n<script type=\"application\/ld+json\" class=\"yoast-schema-graph\">{\"@context\":\"https:\\\/\\\/schema.org\",\"@graph\":[{\"@type\":\"Article\",\"@id\":\"https:\\\/\\\/reporteroshoy.mx\\\/noticias\\\/imprudente-conductor-le-fractura-las-piernas-a-motociclista-en-valladolid\\\/#article\",\"isPartOf\":{\"@id\":\"https:\\\/\\\/reporteroshoy.mx\\\/noticias\\\/imprudente-conductor-le-fractura-las-piernas-a-motociclista-en-valladolid\\\/\"},\"author\":{\"name\":\"Reporteros Hoy WP\",\"@id\":\"https:\\\/\\\/reporteroshoy.mx\\\/noticias\\\/#\\\/schema\\\/person\\\/c977527e57c958a62c5cefe8fe47876e\"},\"headline\":\"Imprudente conductor le fractura las piernas a motociclista en Valladolid\",\"datePublished\":\"2021-04-08T15:00:19+00:00\",\"dateModified\":\"2021-04-09T15:15:12+00:00\",\"mainEntityOfPage\":{\"@id\":\"https:\\\/\\\/reporteroshoy.mx\\\/noticias\\\/imprudente-conductor-le-fractura-las-piernas-a-motociclista-en-valladolid\\\/\"},\"wordCount\":132,\"commentCount\":0,\"image\":{\"@id\":\"https:\\\/\\\/reporteroshoy.mx\\\/noticias\\\/imprudente-conductor-le-fractura-las-piernas-a-motociclista-en-valladolid\\\/#primaryimage\"},\"thumbnailUrl\":\"https:\\\/\\\/reporteroshoy.mx\\\/noticias\\\/wp-content\\\/uploads\\\/2021\\\/04\\\/Choque-en-crucero-scaled.jpg\",\"keywords\":[\"Fracturas\",\"Valladolid\",\"Yucat\u00e1n Oriente\"],\"articleSection\":[\"Municipios\"],\"inLanguage\":\"es\",\"potentialAction\":[{\"@type\":\"CommentAction\",\"name\":\"Comment\",\"target\":[\"https:\\\/\\\/reporteroshoy.mx\\\/noticias\\\/imprudente-conductor-le-fractura-las-piernas-a-motociclista-en-valladolid\\\/#respond\"]}]},{\"@type\":\"WebPage\",\"@id\":\"https:\\\/\\\/reporteroshoy.mx\\\/noticias\\\/imprudente-conductor-le-fractura-las-piernas-a-motociclista-en-valladolid\\\/\",\"url\":\"https:\\\/\\\/reporteroshoy.mx\\\/noticias\\\/imprudente-conductor-le-fractura-las-piernas-a-motociclista-en-valladolid\\\/\",\"name\":\"Imprudente conductor le fractura las piernas a motociclista en Valladolid\",\"isPartOf\":{\"@id\":\"https:\\\/\\\/reporteroshoy.mx\\\/noticias\\\/#website\"},\"primaryImageOfPage\":{\"@id\":\"https:\\\/\\\/reporteroshoy.mx\\\/noticias\\\/imprudente-conductor-le-fractura-las-piernas-a-motociclista-en-valladolid\\\/#primaryimage\"},\"image\":{\"@id\":\"https:\\\/\\\/reporteroshoy.mx\\\/noticias\\\/imprudente-conductor-le-fractura-las-piernas-a-motociclista-en-valladolid\\\/#primaryimage\"},\"thumbnailUrl\":\"https:\\\/\\\/reporteroshoy.mx\\\/noticias\\\/wp-content\\\/uploads\\\/2021\\\/04\\\/Choque-en-crucero-scaled.jpg\",\"datePublished\":\"2021-04-08T15:00:19+00:00\",\"dateModified\":\"2021-04-09T15:15:12+00:00\",\"author\":{\"@id\":\"https:\\\/\\\/reporteroshoy.mx\\\/noticias\\\/#\\\/schema\\\/person\\\/c977527e57c958a62c5cefe8fe47876e\"},\"description\":\"El motociclista fue trasladado de urgencia al hospital ya que tambi\u00e9n sufri\u00f3 de traumatismo craneoencef\u00e1lico.\",\"breadcrumb\":{\"@id\":\"https:\\\/\\\/reporteroshoy.mx\\\/noticias\\\/imprudente-conductor-le-fractura-las-piernas-a-motociclista-en-valladolid\\\/#breadcrumb\"},\"inLanguage\":\"es\",\"potentialAction\":[{\"@type\":\"ReadAction\",\"target\":[\"https:\\\/\\\/reporteroshoy.mx\\\/noticias\\\/imprudente-conductor-le-fractura-las-piernas-a-motociclista-en-valladolid\\\/\"]}]},{\"@type\":\"ImageObject\",\"inLanguage\":\"es\",\"@id\":\"https:\\\/\\\/reporteroshoy.mx\\\/noticias\\\/imprudente-conductor-le-fractura-las-piernas-a-motociclista-en-valladolid\\\/#primaryimage\",\"url\":\"https:\\\/\\\/reporteroshoy.mx\\\/noticias\\\/wp-content\\\/uploads\\\/2021\\\/04\\\/Choque-en-crucero-scaled.jpg\",\"contentUrl\":\"https:\\\/\\\/reporteroshoy.mx\\\/noticias\\\/wp-content\\\/uploads\\\/2021\\\/04\\\/Choque-en-crucero-scaled.jpg\",\"width\":768,\"height\":432},{\"@type\":\"BreadcrumbList\",\"@id\":\"https:\\\/\\\/reporteroshoy.mx\\\/noticias\\\/imprudente-conductor-le-fractura-las-piernas-a-motociclista-en-valladolid\\\/#breadcrumb\",\"itemListElement\":[{\"@type\":\"ListItem\",\"position\":1,\"name\":\"Portada\",\"item\":\"https:\\\/\\\/reporteroshoy.mx\\\/noticias\\\/\"},{\"@type\":\"ListItem\",\"position\":2,\"name\":\"Imprudente conductor le fractura las piernas a motociclista en Valladolid\"}]},{\"@type\":\"WebSite\",\"@id\":\"https:\\\/\\\/reporteroshoy.mx\\\/noticias\\\/#website\",\"url\":\"https:\\\/\\\/reporteroshoy.mx\\\/noticias\\\/\",\"name\":\"Reporteros Hoy | Noticias de Yucat\u00e1n\",\"description\":\"Peri\u00f3dico digital con noticias diarias desde M\u00e9rida, Yucat\u00e1n para el mundo.\",\"potentialAction\":[{\"@type\":\"SearchAction\",\"target\":{\"@type\":\"EntryPoint\",\"urlTemplate\":\"https:\\\/\\\/reporteroshoy.mx\\\/noticias\\\/?s={search_term_string}\"},\"query-input\":{\"@type\":\"PropertyValueSpecification\",\"valueRequired\":true,\"valueName\":\"search_term_string\"}}],\"inLanguage\":\"es\"},{\"@type\":\"Person\",\"@id\":\"https:\\\/\\\/reporteroshoy.mx\\\/noticias\\\/#\\\/schema\\\/person\\\/c977527e57c958a62c5cefe8fe47876e\",\"name\":\"Reporteros Hoy WP\",\"image\":{\"@type\":\"ImageObject\",\"inLanguage\":\"es\",\"@id\":\"https:\\\/\\\/secure.gravatar.com\\\/avatar\\\/fd2917f79a7dae30f8ac9ddc2f35e1756bb59e25e01d1cd09deaa64df7b2f73e?s=96&d=mm&r=g\",\"url\":\"https:\\\/\\\/secure.gravatar.com\\\/avatar\\\/fd2917f79a7dae30f8ac9ddc2f35e1756bb59e25e01d1cd09deaa64df7b2f73e?s=96&d=mm&r=g\",\"contentUrl\":\"https:\\\/\\\/secure.gravatar.com\\\/avatar\\\/fd2917f79a7dae30f8ac9ddc2f35e1756bb59e25e01d1cd09deaa64df7b2f73e?s=96&d=mm&r=g\",\"caption\":\"Reporteros Hoy WP\"},\"url\":\"https:\\\/\\\/reporteroshoy.mx\\\/noticias\\\/author\\\/walfer\\\/\"}]}<\/script>\n<!-- \/ Yoast SEO plugin. -->","yoast_head_json":{"title":"Imprudente conductor le fractura las piernas a motociclista en Valladolid","description":"El motociclista fue trasladado de urgencia al hospital ya que tambi\u00e9n sufri\u00f3 de traumatismo craneoencef\u00e1lico.","robots":{"index":"index","follow":"follow","max-snippet":"max-snippet:-1","max-image-preview":"max-image-preview:large","max-video-preview":"max-video-preview:-1"},"canonical":"https:\/\/reporteroshoy.mx\/noticias\/imprudente-conductor-le-fractura-las-piernas-a-motociclista-en-valladolid\/","og_locale":"es_ES","og_type":"article","og_title":"Imprudente conductor le fractura las piernas a motociclista en Valladolid","og_description":"El motociclista fue trasladado de urgencia al hospital ya que tambi\u00e9n sufri\u00f3 de traumatismo craneoencef\u00e1lico.","og_url":"https:\/\/reporteroshoy.mx\/noticias\/imprudente-conductor-le-fractura-las-piernas-a-motociclista-en-valladolid\/","og_site_name":"Reporteros Hoy | Noticias de Yucat\u00e1n","article_publisher":"http:\/\/www.facebook.com\/reporteroshoymx","article_published_time":"2021-04-08T15:00:19+00:00","article_modified_time":"2021-04-09T15:15:12+00:00","og_image":[{"width":768,"height":432,"url":"https:\/\/reporteroshoy.mx\/noticias\/wp-content\/uploads\/2021\/04\/Choque-en-crucero-scaled.jpg","type":"image\/jpeg"}],"author":"Reporteros Hoy WP","twitter_card":"summary_large_image","twitter_creator":"@reporteroshoy","twitter_site":"@reporteroshoy","twitter_misc":{"Escrito por":"Reporteros Hoy WP","Tiempo de lectura":"1 minuto"},"schema":{"@context":"https:\/\/schema.org","@graph":[{"@type":"Article","@id":"https:\/\/reporteroshoy.mx\/noticias\/imprudente-conductor-le-fractura-las-piernas-a-motociclista-en-valladolid\/#article","isPartOf":{"@id":"https:\/\/reporteroshoy.mx\/noticias\/imprudente-conductor-le-fractura-las-piernas-a-motociclista-en-valladolid\/"},"author":{"name":"Reporteros Hoy WP","@id":"https:\/\/reporteroshoy.mx\/noticias\/#\/schema\/person\/c977527e57c958a62c5cefe8fe47876e"},"headline":"Imprudente conductor le fractura las piernas a motociclista en Valladolid","datePublished":"2021-04-08T15:00:19+00:00","dateModified":"2021-04-09T15:15:12+00:00","mainEntityOfPage":{"@id":"https:\/\/reporteroshoy.mx\/noticias\/imprudente-conductor-le-fractura-las-piernas-a-motociclista-en-valladolid\/"},"wordCount":132,"commentCount":0,"image":{"@id":"https:\/\/reporteroshoy.mx\/noticias\/imprudente-conductor-le-fractura-las-piernas-a-motociclista-en-valladolid\/#primaryimage"},"thumbnailUrl":"https:\/\/reporteroshoy.mx\/noticias\/wp-content\/uploads\/2021\/04\/Choque-en-crucero-scaled.jpg","keywords":["Fracturas","Valladolid","Yucat\u00e1n Oriente"],"articleSection":["Municipios"],"inLanguage":"es","potentialAction":[{"@type":"CommentAction","name":"Comment","target":["https:\/\/reporteroshoy.mx\/noticias\/imprudente-conductor-le-fractura-las-piernas-a-motociclista-en-valladolid\/#respond"]}]},{"@type":"WebPage","@id":"https:\/\/reporteroshoy.mx\/noticias\/imprudente-conductor-le-fractura-las-piernas-a-motociclista-en-valladolid\/","url":"https:\/\/reporteroshoy.mx\/noticias\/imprudente-conductor-le-fractura-las-piernas-a-motociclista-en-valladolid\/","name":"Imprudente conductor le fractura las piernas a motociclista en Valladolid","isPartOf":{"@id":"https:\/\/reporteroshoy.mx\/noticias\/#website"},"primaryImageOfPage":{"@id":"https:\/\/reporteroshoy.mx\/noticias\/imprudente-conductor-le-fractura-las-piernas-a-motociclista-en-valladolid\/#primaryimage"},"image":{"@id":"https:\/\/reporteroshoy.mx\/noticias\/imprudente-conductor-le-fractura-las-piernas-a-motociclista-en-valladolid\/#primaryimage"},"thumbnailUrl":"https:\/\/reporteroshoy.mx\/noticias\/wp-content\/uploads\/2021\/04\/Choque-en-crucero-scaled.jpg","datePublished":"2021-04-08T15:00:19+00:00","dateModified":"2021-04-09T15:15:12+00:00","author":{"@id":"https:\/\/reporteroshoy.mx\/noticias\/#\/schema\/person\/c977527e57c958a62c5cefe8fe47876e"},"description":"El motociclista fue trasladado de urgencia al hospital ya que tambi\u00e9n sufri\u00f3 de traumatismo craneoencef\u00e1lico.","breadcrumb":{"@id":"https:\/\/reporteroshoy.mx\/noticias\/imprudente-conductor-le-fractura-las-piernas-a-motociclista-en-valladolid\/#breadcrumb"},"inLanguage":"es","potentialAction":[{"@type":"ReadAction","target":["https:\/\/reporteroshoy.mx\/noticias\/imprudente-conductor-le-fractura-las-piernas-a-motociclista-en-valladolid\/"]}]},{"@type":"ImageObject","inLanguage":"es","@id":"https:\/\/reporteroshoy.mx\/noticias\/imprudente-conductor-le-fractura-las-piernas-a-motociclista-en-valladolid\/#primaryimage","url":"https:\/\/reporteroshoy.mx\/noticias\/wp-content\/uploads\/2021\/04\/Choque-en-crucero-scaled.jpg","contentUrl":"https:\/\/reporteroshoy.mx\/noticias\/wp-content\/uploads\/2021\/04\/Choque-en-crucero-scaled.jpg","width":768,"height":432},{"@type":"BreadcrumbList","@id":"https:\/\/reporteroshoy.mx\/noticias\/imprudente-conductor-le-fractura-las-piernas-a-motociclista-en-valladolid\/#breadcrumb","itemListElement":[{"@type":"ListItem","position":1,"name":"Portada","item":"https:\/\/reporteroshoy.mx\/noticias\/"},{"@type":"ListItem","position":2,"name":"Imprudente conductor le fractura las piernas a motociclista en Valladolid"}]},{"@type":"WebSite","@id":"https:\/\/reporteroshoy.mx\/noticias\/#website","url":"https:\/\/reporteroshoy.mx\/noticias\/","name":"Reporteros Hoy | Noticias de Yucat\u00e1n","description":"Peri\u00f3dico digital con noticias diarias desde M\u00e9rida, Yucat\u00e1n para el mundo.","potentialAction":[{"@type":"SearchAction","target":{"@type":"EntryPoint","urlTemplate":"https:\/\/reporteroshoy.mx\/noticias\/?s={search_term_string}"},"query-input":{"@type":"PropertyValueSpecification","valueRequired":true,"valueName":"search_term_string"}}],"inLanguage":"es"},{"@type":"Person","@id":"https:\/\/reporteroshoy.mx\/noticias\/#\/schema\/person\/c977527e57c958a62c5cefe8fe47876e","name":"Reporteros Hoy WP","image":{"@type":"ImageObject","inLanguage":"es","@id":"https:\/\/secure.gravatar.com\/avatar\/fd2917f79a7dae30f8ac9ddc2f35e1756bb59e25e01d1cd09deaa64df7b2f73e?s=96&d=mm&r=g","url":"https:\/\/secure.gravatar.com\/avatar\/fd2917f79a7dae30f8ac9ddc2f35e1756bb59e25e01d1cd09deaa64df7b2f73e?s=96&d=mm&r=g","contentUrl":"https:\/\/secure.gravatar.com\/avatar\/fd2917f79a7dae30f8ac9ddc2f35e1756bb59e25e01d1cd09deaa64df7b2f73e?s=96&d=mm&r=g","caption":"Reporteros Hoy WP"},"url":"https:\/\/reporteroshoy.mx\/noticias\/author\/walfer\/"}]}},"_links":{"self":[{"href":"https:\/\/reporteroshoy.mx\/noticias\/wp-json\/wp\/v2\/posts\/61124","targetHints":{"allow":["GET"]}}],"collection":[{"href":"https:\/\/reporteroshoy.mx\/noticias\/wp-json\/wp\/v2\/posts"}],"about":[{"href":"https:\/\/reporteroshoy.mx\/noticias\/wp-json\/wp\/v2\/types\/post"}],"author":[{"embeddable":true,"href":"https:\/\/reporteroshoy.mx\/noticias\/wp-json\/wp\/v2\/users\/9"}],"replies":[{"embeddable":true,"href":"https:\/\/reporteroshoy.mx\/noticias\/wp-json\/wp\/v2\/comments?post=61124"}],"version-history":[{"count":0,"href":"https:\/\/reporteroshoy.mx\/noticias\/wp-json\/wp\/v2\/posts\/61124\/revisions"}],"wp:featuredmedia":[{"embeddable":true,"href":"https:\/\/reporteroshoy.mx\/noticias\/wp-json\/wp\/v2\/media\/61125"}],"wp:attachment":[{"href":"https:\/\/reporteroshoy.mx\/noticias\/wp-json\/wp\/v2\/media?parent=61124"}],"wp:term":[{"taxonomy":"category","embeddable":true,"href":"https:\/\/reporteroshoy.mx\/noticias\/wp-json\/wp\/v2\/categories?post=61124"},{"taxonomy":"post_tag","embeddable":true,"href":"https:\/\/reporteroshoy.mx\/noticias\/wp-json\/wp\/v2\/tags?post=61124"}],"curies":[{"name":"wp","href":"https:\/\/api.w.org\/{rel}","templated":true}]}}