{"id":62163,"date":"2021-04-23T18:00:22","date_gmt":"2021-04-23T23:00:22","guid":{"rendered":"https:\/\/reporteroshoy.mx\/noticias\/?p=62163"},"modified":"2021-04-24T08:07:15","modified_gmt":"2021-04-24T13:07:15","slug":"vinculado-a-proceso-padre-incumplido-no-paga-desde-hace-ano-y-medio","status":"publish","type":"post","link":"https:\/\/reporteroshoy.mx\/noticias\/vinculado-a-proceso-padre-incumplido-no-paga-desde-hace-ano-y-medio\/","title":{"rendered":"Vinculado a proceso padre incumplido, no paga desde hace a\u00f1o y medio"},"content":{"rendered":"<p class=\"x_gmail-MsoNormalCxSpFirst\" style=\"text-align: justify;\"><span lang=\"ES\" style=\"color: #000000;\">M\u00e9rida, Yucat\u00e1n; 23 de abril de 2021.- Despu\u00e9s de valorar los datos de prueba ofrecidos por la Fiscal\u00eda General del Estado (FGE), S.O.C.P. fue vinculado a proceso por el delito de incumplimiento de las obligaciones de asistencia familiar, denunciado por no pagar la pensi\u00f3n alimenticia de sus dos hijos, por lo que se present\u00f3 la formal querella que deriv\u00f3 en la presente diligencia judicial.<\/span><\/p>\n<p class=\"x_gmail-MsoNormalCxSpMiddle\" style=\"text-align: justify;\"><span lang=\"ES\" style=\"color: #000000;\">En la audiencia realizada en el Juzgado Primero de Control del Primer Distrito Judicial, los fiscales de litigaci\u00f3n expusieron los datos de prueba que obran en la carpeta de investigaci\u00f3n de la causa penal 70\/2021 y la autoridad judicial, tras valorarlos, decret\u00f3 el auto de vinculaci\u00f3n a proceso del encausado, otorgando adem\u00e1s un plazo de dos meses para el cierre de la investigaci\u00f3n complementaria.<\/span><\/p>\n<p><img loading=\"lazy\" decoding=\"async\" class=\"wp-image-62165 aligncenter\" src=\"https:\/\/reporteroshoy.mx\/noticias\/wp-content\/uploads\/2021\/04\/pension-alimenticia.jpeg\" alt=\"\" width=\"657\" height=\"424\" \/><\/p>\n<p class=\"x_gmail-MsoNormalCxSpMiddle\" style=\"text-align: justify;\"><span lang=\"ES\" style=\"color: #000000;\">De la indagatoria se desprende que la denunciante y el imputado estuvieron casados y de esta relaci\u00f3n procrearon dos hijos que actualmente son menores de edad, pero en el a\u00f1o 2019 decidieron divorciarse y se celebr\u00f3 un convenio en octubre del citado a\u00f1o, donde el S.O.C.P. se compromet\u00eda a otorgar una pensi\u00f3n alimenticia para sus hijos, pero desde esa fecha ha omitido realizar el pago correspondiente, por lo que se present\u00f3 la presente denuncia.<\/span><\/p>\n<p class=\"x_gmail-MsoNormalCxSpMiddle\" style=\"text-align: justify;\"><span lang=\"ES\" style=\"color: #000000;\">Por \u00faltimo, antes de finalizar la diligencia judicial se ratificaron las medidas cautelares impuestas durante la audiencia inicial, las cuales incluyen la presentaci\u00f3n peri\u00f3dica ante el Centro Estatal de Medidas Cautelares, la exhibici\u00f3n de una garant\u00eda econ\u00f3mica, la prohibici\u00f3n de salir del Estado sin autorizaci\u00f3n judicial y el sometimiento al cuidado y vigilancia del citado Centro, mismas que permanecer\u00e1n vigentes por todo el tiempo que dure el proceso.<\/span><\/p>\n","protected":false},"excerpt":{"rendered":"<p>Acord\u00f3 con su exesposa pasar un dinero para la manutenci\u00f3n de sus dos hijos, pero seg\u00fan la mujer hasta ahora no ha recibido nada.<\/p>\n","protected":false},"author":6,"featured_media":62165,"comment_status":"open","ping_status":"closed","sticky":false,"template":"","format":"standard","meta":{"footnotes":""},"categories":[14],"tags":[8701,13523],"class_list":["post-62163","post","type-post","status-publish","format-standard","has-post-thumbnail","hentry","category-policia","tag-padre-incumplido","tag-pension-alimenticia"],"yoast_head":"<!-- This site is optimized with the Yoast SEO plugin v28.3 - https:\/\/yoast.com\/product\/yoast-seo-wordpress\/ -->\n<title>Vinculado a proceso padre incumplido, no paga desde hace a\u00f1o y medio<\/title>\n<meta name=\"description\" content=\"Acord\u00f3 con su exesposa pasar un dinero para la manutenci\u00f3n de sus dos hijos, pero seg\u00fan la mujer hasta ahora no ha recibido nada.\" \/>\n<meta name=\"robots\" content=\"index, follow, max-snippet:-1, max-image-preview:large, max-video-preview:-1\" \/>\n<link rel=\"canonical\" href=\"https:\/\/reporteroshoy.mx\/noticias\/vinculado-a-proceso-padre-incumplido-no-paga-desde-hace-ano-y-medio\/\" \/>\n<meta property=\"og:locale\" content=\"es_ES\" \/>\n<meta property=\"og:type\" content=\"article\" \/>\n<meta property=\"og:title\" content=\"Vinculado a proceso padre incumplido, no paga desde hace a\u00f1o y medio\" \/>\n<meta property=\"og:description\" content=\"Acord\u00f3 con su exesposa pasar un dinero para la manutenci\u00f3n de sus dos hijos, pero seg\u00fan la mujer hasta ahora no ha recibido nada.\" \/>\n<meta property=\"og:url\" content=\"https:\/\/reporteroshoy.mx\/noticias\/vinculado-a-proceso-padre-incumplido-no-paga-desde-hace-ano-y-medio\/\" \/>\n<meta property=\"og:site_name\" content=\"Reporteros Hoy | Noticias de Yucat\u00e1n\" \/>\n<meta property=\"article:publisher\" content=\"http:\/\/www.facebook.com\/reporteroshoymx\" \/>\n<meta property=\"article:published_time\" content=\"2021-04-23T23:00:22+00:00\" \/>\n<meta property=\"article:modified_time\" content=\"2021-04-24T13:07:15+00:00\" \/>\n<meta property=\"og:image\" content=\"https:\/\/reporteroshoy.mx\/noticias\/wp-content\/uploads\/2021\/04\/pension-alimenticia.jpeg\" \/>\n\t<meta property=\"og:image:width\" content=\"768\" \/>\n\t<meta property=\"og:image:height\" content=\"495\" \/>\n\t<meta property=\"og:image:type\" content=\"image\/jpeg\" \/>\n<meta name=\"author\" content=\"Reporteros Hoy GS\" \/>\n<meta name=\"twitter:card\" content=\"summary_large_image\" \/>\n<meta name=\"twitter:creator\" content=\"@reporteroshoy\" \/>\n<meta name=\"twitter:site\" content=\"@reporteroshoy\" \/>\n<meta name=\"twitter:label1\" content=\"Escrito por\" \/>\n\t<meta name=\"twitter:data1\" content=\"Reporteros Hoy GS\" \/>\n\t<meta name=\"twitter:label2\" content=\"Tiempo de lectura\" \/>\n\t<meta name=\"twitter:data2\" content=\"2 minutos\" \/>\n<script type=\"application\/ld+json\" class=\"yoast-schema-graph\">{\"@context\":\"https:\\\/\\\/schema.org\",\"@graph\":[{\"@type\":\"Article\",\"@id\":\"https:\\\/\\\/reporteroshoy.mx\\\/noticias\\\/vinculado-a-proceso-padre-incumplido-no-paga-desde-hace-ano-y-medio\\\/#article\",\"isPartOf\":{\"@id\":\"https:\\\/\\\/reporteroshoy.mx\\\/noticias\\\/vinculado-a-proceso-padre-incumplido-no-paga-desde-hace-ano-y-medio\\\/\"},\"author\":{\"name\":\"Reporteros Hoy GS\",\"@id\":\"https:\\\/\\\/reporteroshoy.mx\\\/noticias\\\/#\\\/schema\\\/person\\\/49ae631fc906b44554e4ba3866c505d7\"},\"headline\":\"Vinculado a proceso padre incumplido, no paga desde hace a\u00f1o y medio\",\"datePublished\":\"2021-04-23T23:00:22+00:00\",\"dateModified\":\"2021-04-24T13:07:15+00:00\",\"mainEntityOfPage\":{\"@id\":\"https:\\\/\\\/reporteroshoy.mx\\\/noticias\\\/vinculado-a-proceso-padre-incumplido-no-paga-desde-hace-ano-y-medio\\\/\"},\"wordCount\":309,\"commentCount\":0,\"image\":{\"@id\":\"https:\\\/\\\/reporteroshoy.mx\\\/noticias\\\/vinculado-a-proceso-padre-incumplido-no-paga-desde-hace-ano-y-medio\\\/#primaryimage\"},\"thumbnailUrl\":\"https:\\\/\\\/reporteroshoy.mx\\\/noticias\\\/wp-content\\\/uploads\\\/2021\\\/04\\\/pension-alimenticia.jpeg\",\"keywords\":[\"Padre incumplido\",\"pensi\u00f3n alimenticia\"],\"articleSection\":[\"Polic\u00eda\"],\"inLanguage\":\"es\",\"potentialAction\":[{\"@type\":\"CommentAction\",\"name\":\"Comment\",\"target\":[\"https:\\\/\\\/reporteroshoy.mx\\\/noticias\\\/vinculado-a-proceso-padre-incumplido-no-paga-desde-hace-ano-y-medio\\\/#respond\"]}]},{\"@type\":\"WebPage\",\"@id\":\"https:\\\/\\\/reporteroshoy.mx\\\/noticias\\\/vinculado-a-proceso-padre-incumplido-no-paga-desde-hace-ano-y-medio\\\/\",\"url\":\"https:\\\/\\\/reporteroshoy.mx\\\/noticias\\\/vinculado-a-proceso-padre-incumplido-no-paga-desde-hace-ano-y-medio\\\/\",\"name\":\"Vinculado a proceso padre incumplido, no paga desde hace a\u00f1o y medio\",\"isPartOf\":{\"@id\":\"https:\\\/\\\/reporteroshoy.mx\\\/noticias\\\/#website\"},\"primaryImageOfPage\":{\"@id\":\"https:\\\/\\\/reporteroshoy.mx\\\/noticias\\\/vinculado-a-proceso-padre-incumplido-no-paga-desde-hace-ano-y-medio\\\/#primaryimage\"},\"image\":{\"@id\":\"https:\\\/\\\/reporteroshoy.mx\\\/noticias\\\/vinculado-a-proceso-padre-incumplido-no-paga-desde-hace-ano-y-medio\\\/#primaryimage\"},\"thumbnailUrl\":\"https:\\\/\\\/reporteroshoy.mx\\\/noticias\\\/wp-content\\\/uploads\\\/2021\\\/04\\\/pension-alimenticia.jpeg\",\"datePublished\":\"2021-04-23T23:00:22+00:00\",\"dateModified\":\"2021-04-24T13:07:15+00:00\",\"author\":{\"@id\":\"https:\\\/\\\/reporteroshoy.mx\\\/noticias\\\/#\\\/schema\\\/person\\\/49ae631fc906b44554e4ba3866c505d7\"},\"description\":\"Acord\u00f3 con su exesposa pasar un dinero para la manutenci\u00f3n de sus dos hijos, pero seg\u00fan la mujer hasta ahora no ha recibido nada.\",\"breadcrumb\":{\"@id\":\"https:\\\/\\\/reporteroshoy.mx\\\/noticias\\\/vinculado-a-proceso-padre-incumplido-no-paga-desde-hace-ano-y-medio\\\/#breadcrumb\"},\"inLanguage\":\"es\",\"potentialAction\":[{\"@type\":\"ReadAction\",\"target\":[\"https:\\\/\\\/reporteroshoy.mx\\\/noticias\\\/vinculado-a-proceso-padre-incumplido-no-paga-desde-hace-ano-y-medio\\\/\"]}]},{\"@type\":\"ImageObject\",\"inLanguage\":\"es\",\"@id\":\"https:\\\/\\\/reporteroshoy.mx\\\/noticias\\\/vinculado-a-proceso-padre-incumplido-no-paga-desde-hace-ano-y-medio\\\/#primaryimage\",\"url\":\"https:\\\/\\\/reporteroshoy.mx\\\/noticias\\\/wp-content\\\/uploads\\\/2021\\\/04\\\/pension-alimenticia.jpeg\",\"contentUrl\":\"https:\\\/\\\/reporteroshoy.mx\\\/noticias\\\/wp-content\\\/uploads\\\/2021\\\/04\\\/pension-alimenticia.jpeg\",\"width\":768,\"height\":495},{\"@type\":\"BreadcrumbList\",\"@id\":\"https:\\\/\\\/reporteroshoy.mx\\\/noticias\\\/vinculado-a-proceso-padre-incumplido-no-paga-desde-hace-ano-y-medio\\\/#breadcrumb\",\"itemListElement\":[{\"@type\":\"ListItem\",\"position\":1,\"name\":\"Portada\",\"item\":\"https:\\\/\\\/reporteroshoy.mx\\\/noticias\\\/\"},{\"@type\":\"ListItem\",\"position\":2,\"name\":\"Vinculado a proceso padre incumplido, no paga desde hace a\u00f1o y medio\"}]},{\"@type\":\"WebSite\",\"@id\":\"https:\\\/\\\/reporteroshoy.mx\\\/noticias\\\/#website\",\"url\":\"https:\\\/\\\/reporteroshoy.mx\\\/noticias\\\/\",\"name\":\"Reporteros Hoy | Noticias de Yucat\u00e1n\",\"description\":\"Peri\u00f3dico digital con noticias diarias desde M\u00e9rida, Yucat\u00e1n para el mundo.\",\"potentialAction\":[{\"@type\":\"SearchAction\",\"target\":{\"@type\":\"EntryPoint\",\"urlTemplate\":\"https:\\\/\\\/reporteroshoy.mx\\\/noticias\\\/?s={search_term_string}\"},\"query-input\":{\"@type\":\"PropertyValueSpecification\",\"valueRequired\":true,\"valueName\":\"search_term_string\"}}],\"inLanguage\":\"es\"},{\"@type\":\"Person\",\"@id\":\"https:\\\/\\\/reporteroshoy.mx\\\/noticias\\\/#\\\/schema\\\/person\\\/49ae631fc906b44554e4ba3866c505d7\",\"name\":\"Reporteros Hoy GS\",\"image\":{\"@type\":\"ImageObject\",\"inLanguage\":\"es\",\"@id\":\"https:\\\/\\\/secure.gravatar.com\\\/avatar\\\/00d32adb620345c3db2cfc175917f65c584e1e338fdc49ad126aa1f9830eb6a9?s=96&d=mm&r=g\",\"url\":\"https:\\\/\\\/secure.gravatar.com\\\/avatar\\\/00d32adb620345c3db2cfc175917f65c584e1e338fdc49ad126aa1f9830eb6a9?s=96&d=mm&r=g\",\"contentUrl\":\"https:\\\/\\\/secure.gravatar.com\\\/avatar\\\/00d32adb620345c3db2cfc175917f65c584e1e338fdc49ad126aa1f9830eb6a9?s=96&d=mm&r=g\",\"caption\":\"Reporteros Hoy GS\"},\"url\":\"https:\\\/\\\/reporteroshoy.mx\\\/noticias\\\/author\\\/lupis\\\/\"}]}<\/script>\n<!-- \/ Yoast SEO plugin. -->","yoast_head_json":{"title":"Vinculado a proceso padre incumplido, no paga desde hace a\u00f1o y medio","description":"Acord\u00f3 con su exesposa pasar un dinero para la manutenci\u00f3n de sus dos hijos, pero seg\u00fan la mujer hasta ahora no ha recibido nada.","robots":{"index":"index","follow":"follow","max-snippet":"max-snippet:-1","max-image-preview":"max-image-preview:large","max-video-preview":"max-video-preview:-1"},"canonical":"https:\/\/reporteroshoy.mx\/noticias\/vinculado-a-proceso-padre-incumplido-no-paga-desde-hace-ano-y-medio\/","og_locale":"es_ES","og_type":"article","og_title":"Vinculado a proceso padre incumplido, no paga desde hace a\u00f1o y medio","og_description":"Acord\u00f3 con su exesposa pasar un dinero para la manutenci\u00f3n de sus dos hijos, pero seg\u00fan la mujer hasta ahora no ha recibido nada.","og_url":"https:\/\/reporteroshoy.mx\/noticias\/vinculado-a-proceso-padre-incumplido-no-paga-desde-hace-ano-y-medio\/","og_site_name":"Reporteros Hoy | Noticias de Yucat\u00e1n","article_publisher":"http:\/\/www.facebook.com\/reporteroshoymx","article_published_time":"2021-04-23T23:00:22+00:00","article_modified_time":"2021-04-24T13:07:15+00:00","og_image":[{"width":768,"height":495,"url":"https:\/\/reporteroshoy.mx\/noticias\/wp-content\/uploads\/2021\/04\/pension-alimenticia.jpeg","type":"image\/jpeg"}],"author":"Reporteros Hoy GS","twitter_card":"summary_large_image","twitter_creator":"@reporteroshoy","twitter_site":"@reporteroshoy","twitter_misc":{"Escrito por":"Reporteros Hoy GS","Tiempo de lectura":"2 minutos"},"schema":{"@context":"https:\/\/schema.org","@graph":[{"@type":"Article","@id":"https:\/\/reporteroshoy.mx\/noticias\/vinculado-a-proceso-padre-incumplido-no-paga-desde-hace-ano-y-medio\/#article","isPartOf":{"@id":"https:\/\/reporteroshoy.mx\/noticias\/vinculado-a-proceso-padre-incumplido-no-paga-desde-hace-ano-y-medio\/"},"author":{"name":"Reporteros Hoy GS","@id":"https:\/\/reporteroshoy.mx\/noticias\/#\/schema\/person\/49ae631fc906b44554e4ba3866c505d7"},"headline":"Vinculado a proceso padre incumplido, no paga desde hace a\u00f1o y medio","datePublished":"2021-04-23T23:00:22+00:00","dateModified":"2021-04-24T13:07:15+00:00","mainEntityOfPage":{"@id":"https:\/\/reporteroshoy.mx\/noticias\/vinculado-a-proceso-padre-incumplido-no-paga-desde-hace-ano-y-medio\/"},"wordCount":309,"commentCount":0,"image":{"@id":"https:\/\/reporteroshoy.mx\/noticias\/vinculado-a-proceso-padre-incumplido-no-paga-desde-hace-ano-y-medio\/#primaryimage"},"thumbnailUrl":"https:\/\/reporteroshoy.mx\/noticias\/wp-content\/uploads\/2021\/04\/pension-alimenticia.jpeg","keywords":["Padre incumplido","pensi\u00f3n alimenticia"],"articleSection":["Polic\u00eda"],"inLanguage":"es","potentialAction":[{"@type":"CommentAction","name":"Comment","target":["https:\/\/reporteroshoy.mx\/noticias\/vinculado-a-proceso-padre-incumplido-no-paga-desde-hace-ano-y-medio\/#respond"]}]},{"@type":"WebPage","@id":"https:\/\/reporteroshoy.mx\/noticias\/vinculado-a-proceso-padre-incumplido-no-paga-desde-hace-ano-y-medio\/","url":"https:\/\/reporteroshoy.mx\/noticias\/vinculado-a-proceso-padre-incumplido-no-paga-desde-hace-ano-y-medio\/","name":"Vinculado a proceso padre incumplido, no paga desde hace a\u00f1o y medio","isPartOf":{"@id":"https:\/\/reporteroshoy.mx\/noticias\/#website"},"primaryImageOfPage":{"@id":"https:\/\/reporteroshoy.mx\/noticias\/vinculado-a-proceso-padre-incumplido-no-paga-desde-hace-ano-y-medio\/#primaryimage"},"image":{"@id":"https:\/\/reporteroshoy.mx\/noticias\/vinculado-a-proceso-padre-incumplido-no-paga-desde-hace-ano-y-medio\/#primaryimage"},"thumbnailUrl":"https:\/\/reporteroshoy.mx\/noticias\/wp-content\/uploads\/2021\/04\/pension-alimenticia.jpeg","datePublished":"2021-04-23T23:00:22+00:00","dateModified":"2021-04-24T13:07:15+00:00","author":{"@id":"https:\/\/reporteroshoy.mx\/noticias\/#\/schema\/person\/49ae631fc906b44554e4ba3866c505d7"},"description":"Acord\u00f3 con su exesposa pasar un dinero para la manutenci\u00f3n de sus dos hijos, pero seg\u00fan la mujer hasta ahora no ha recibido nada.","breadcrumb":{"@id":"https:\/\/reporteroshoy.mx\/noticias\/vinculado-a-proceso-padre-incumplido-no-paga-desde-hace-ano-y-medio\/#breadcrumb"},"inLanguage":"es","potentialAction":[{"@type":"ReadAction","target":["https:\/\/reporteroshoy.mx\/noticias\/vinculado-a-proceso-padre-incumplido-no-paga-desde-hace-ano-y-medio\/"]}]},{"@type":"ImageObject","inLanguage":"es","@id":"https:\/\/reporteroshoy.mx\/noticias\/vinculado-a-proceso-padre-incumplido-no-paga-desde-hace-ano-y-medio\/#primaryimage","url":"https:\/\/reporteroshoy.mx\/noticias\/wp-content\/uploads\/2021\/04\/pension-alimenticia.jpeg","contentUrl":"https:\/\/reporteroshoy.mx\/noticias\/wp-content\/uploads\/2021\/04\/pension-alimenticia.jpeg","width":768,"height":495},{"@type":"BreadcrumbList","@id":"https:\/\/reporteroshoy.mx\/noticias\/vinculado-a-proceso-padre-incumplido-no-paga-desde-hace-ano-y-medio\/#breadcrumb","itemListElement":[{"@type":"ListItem","position":1,"name":"Portada","item":"https:\/\/reporteroshoy.mx\/noticias\/"},{"@type":"ListItem","position":2,"name":"Vinculado a proceso padre incumplido, no paga desde hace a\u00f1o y medio"}]},{"@type":"WebSite","@id":"https:\/\/reporteroshoy.mx\/noticias\/#website","url":"https:\/\/reporteroshoy.mx\/noticias\/","name":"Reporteros Hoy | Noticias de Yucat\u00e1n","description":"Peri\u00f3dico digital con noticias diarias desde M\u00e9rida, Yucat\u00e1n para el mundo.","potentialAction":[{"@type":"SearchAction","target":{"@type":"EntryPoint","urlTemplate":"https:\/\/reporteroshoy.mx\/noticias\/?s={search_term_string}"},"query-input":{"@type":"PropertyValueSpecification","valueRequired":true,"valueName":"search_term_string"}}],"inLanguage":"es"},{"@type":"Person","@id":"https:\/\/reporteroshoy.mx\/noticias\/#\/schema\/person\/49ae631fc906b44554e4ba3866c505d7","name":"Reporteros Hoy GS","image":{"@type":"ImageObject","inLanguage":"es","@id":"https:\/\/secure.gravatar.com\/avatar\/00d32adb620345c3db2cfc175917f65c584e1e338fdc49ad126aa1f9830eb6a9?s=96&d=mm&r=g","url":"https:\/\/secure.gravatar.com\/avatar\/00d32adb620345c3db2cfc175917f65c584e1e338fdc49ad126aa1f9830eb6a9?s=96&d=mm&r=g","contentUrl":"https:\/\/secure.gravatar.com\/avatar\/00d32adb620345c3db2cfc175917f65c584e1e338fdc49ad126aa1f9830eb6a9?s=96&d=mm&r=g","caption":"Reporteros Hoy GS"},"url":"https:\/\/reporteroshoy.mx\/noticias\/author\/lupis\/"}]}},"_links":{"self":[{"href":"https:\/\/reporteroshoy.mx\/noticias\/wp-json\/wp\/v2\/posts\/62163","targetHints":{"allow":["GET"]}}],"collection":[{"href":"https:\/\/reporteroshoy.mx\/noticias\/wp-json\/wp\/v2\/posts"}],"about":[{"href":"https:\/\/reporteroshoy.mx\/noticias\/wp-json\/wp\/v2\/types\/post"}],"author":[{"embeddable":true,"href":"https:\/\/reporteroshoy.mx\/noticias\/wp-json\/wp\/v2\/users\/6"}],"replies":[{"embeddable":true,"href":"https:\/\/reporteroshoy.mx\/noticias\/wp-json\/wp\/v2\/comments?post=62163"}],"version-history":[{"count":0,"href":"https:\/\/reporteroshoy.mx\/noticias\/wp-json\/wp\/v2\/posts\/62163\/revisions"}],"wp:featuredmedia":[{"embeddable":true,"href":"https:\/\/reporteroshoy.mx\/noticias\/wp-json\/wp\/v2\/media\/62165"}],"wp:attachment":[{"href":"https:\/\/reporteroshoy.mx\/noticias\/wp-json\/wp\/v2\/media?parent=62163"}],"wp:term":[{"taxonomy":"category","embeddable":true,"href":"https:\/\/reporteroshoy.mx\/noticias\/wp-json\/wp\/v2\/categories?post=62163"},{"taxonomy":"post_tag","embeddable":true,"href":"https:\/\/reporteroshoy.mx\/noticias\/wp-json\/wp\/v2\/tags?post=62163"}],"curies":[{"name":"wp","href":"https:\/\/api.w.org\/{rel}","templated":true}]}}