{"id":62314,"date":"2021-04-26T09:30:07","date_gmt":"2021-04-26T14:30:07","guid":{"rendered":"https:\/\/reporteroshoy.mx\/noticias\/?p=62314"},"modified":"2021-04-26T10:02:39","modified_gmt":"2021-04-26T15:02:39","slug":"regresa-a-citilcum-el-cristo-de-la-exaltacion","status":"publish","type":"post","link":"https:\/\/reporteroshoy.mx\/noticias\/regresa-a-citilcum-el-cristo-de-la-exaltacion\/","title":{"rendered":"Regresa a Citilcum el Cristo de la Exaltaci\u00f3n"},"content":{"rendered":"<p style=\"text-align: justify;\">Izamal, Yucat\u00e1n; 26 de abril de 2021 (ACOM).- Despu\u00e9s de aproximadamente cuatro semanas en Kimbil\u00e1, ayer lleg\u00f3 a Citilcum la imagen del Cristo de la Exaltaci\u00f3n.<\/p>\n<p style=\"text-align: justify;\">El p\u00e1rroco, Roger Enrique Mukul Cen, record\u00f3 que la estancia de la venerada imagen representa una oportunidad de recordar que Jes\u00fas, como el Buen Pastor, da su vida por sus ovejas sin importar el precio de su sacrificio.<\/p>\n<p><img loading=\"lazy\" decoding=\"async\" class=\"wp-image-62315 aligncenter\" src=\"https:\/\/reporteroshoy.mx\/noticias\/wp-content\/uploads\/2021\/04\/Cristo-Exaltacion.jpg\" alt=\"\" width=\"604\" height=\"340\" \/><\/p>\n<p style=\"text-align: justify;\">Custodios y vecinos de Citilcum acudieron a la iglesia de \u00abSanta Clara de As\u00eds\u00bb en busca de su santo patrono.<\/p>\n<p style=\"text-align: justify;\">La imagen fue resguardada en su urna de madera para ser trasladada en un veh\u00edculo hasta su lugar de origen.<\/p>\n","protected":false},"excerpt":{"rendered":"<p>La imagen regres\u00f3 a Citilcum luego de permanecer cuatro semanas en Kimbil\u00e1. <\/p>\n","protected":false},"author":9,"featured_media":62315,"comment_status":"open","ping_status":"closed","sticky":false,"template":"","format":"standard","meta":{"footnotes":""},"categories":[11],"tags":[7128,239,241,760],"class_list":["post-62314","post","type-post","status-publish","format-standard","has-post-thumbnail","hentry","category-municipios-de-yucatan","tag-cristo-de-la-exaltacion","tag-izamal","tag-kimbila","tag-yucatan-centro"],"yoast_head":"<!-- This site is optimized with the Yoast SEO plugin v28.4 - https:\/\/yoast.com\/product\/yoast-seo-wordpress\/ -->\n<title>Regresa a Citilcum el Cristo de la Exaltaci\u00f3n<\/title>\n<meta name=\"description\" content=\"La imagen regres\u00f3 a Citilcum luego de permanecer cuatro semanas en Kimbil\u00e1.\" \/>\n<meta name=\"robots\" content=\"index, follow, max-snippet:-1, max-image-preview:large, max-video-preview:-1\" \/>\n<link rel=\"canonical\" href=\"https:\/\/reporteroshoy.mx\/noticias\/regresa-a-citilcum-el-cristo-de-la-exaltacion\/\" \/>\n<meta property=\"og:locale\" content=\"es_ES\" \/>\n<meta property=\"og:type\" content=\"article\" \/>\n<meta property=\"og:title\" content=\"Regresa a Citilcum el Cristo de la Exaltaci\u00f3n\" \/>\n<meta property=\"og:description\" content=\"La imagen regres\u00f3 a Citilcum luego de permanecer cuatro semanas en Kimbil\u00e1.\" \/>\n<meta property=\"og:url\" content=\"https:\/\/reporteroshoy.mx\/noticias\/regresa-a-citilcum-el-cristo-de-la-exaltacion\/\" \/>\n<meta property=\"og:site_name\" content=\"Reporteros Hoy | Noticias de Yucat\u00e1n\" \/>\n<meta property=\"article:publisher\" content=\"http:\/\/www.facebook.com\/reporteroshoymx\" \/>\n<meta property=\"article:published_time\" content=\"2021-04-26T14:30:07+00:00\" \/>\n<meta property=\"article:modified_time\" content=\"2021-04-26T15:02:39+00:00\" \/>\n<meta property=\"og:image\" content=\"https:\/\/reporteroshoy.mx\/noticias\/wp-content\/uploads\/2021\/04\/Cristo-Exaltacion.jpg\" \/>\n\t<meta property=\"og:image:width\" content=\"768\" \/>\n\t<meta property=\"og:image:height\" content=\"432\" \/>\n\t<meta property=\"og:image:type\" content=\"image\/jpeg\" \/>\n<meta name=\"author\" content=\"Reporteros Hoy WP\" \/>\n<meta name=\"twitter:card\" content=\"summary_large_image\" \/>\n<meta name=\"twitter:creator\" content=\"@reporteroshoy\" \/>\n<meta name=\"twitter:site\" content=\"@reporteroshoy\" \/>\n<meta name=\"twitter:label1\" content=\"Escrito por\" \/>\n\t<meta name=\"twitter:data1\" content=\"Reporteros Hoy WP\" \/>\n\t<meta name=\"twitter:label2\" content=\"Tiempo de lectura\" \/>\n\t<meta name=\"twitter:data2\" content=\"1 minuto\" \/>\n<script type=\"application\/ld+json\" class=\"yoast-schema-graph\">{\"@context\":\"https:\\\/\\\/schema.org\",\"@graph\":[{\"@type\":\"Article\",\"@id\":\"https:\\\/\\\/reporteroshoy.mx\\\/noticias\\\/regresa-a-citilcum-el-cristo-de-la-exaltacion\\\/#article\",\"isPartOf\":{\"@id\":\"https:\\\/\\\/reporteroshoy.mx\\\/noticias\\\/regresa-a-citilcum-el-cristo-de-la-exaltacion\\\/\"},\"author\":{\"name\":\"Reporteros Hoy WP\",\"@id\":\"https:\\\/\\\/reporteroshoy.mx\\\/noticias\\\/#\\\/schema\\\/person\\\/c977527e57c958a62c5cefe8fe47876e\"},\"headline\":\"Regresa a Citilcum el Cristo de la Exaltaci\u00f3n\",\"datePublished\":\"2021-04-26T14:30:07+00:00\",\"dateModified\":\"2021-04-26T15:02:39+00:00\",\"mainEntityOfPage\":{\"@id\":\"https:\\\/\\\/reporteroshoy.mx\\\/noticias\\\/regresa-a-citilcum-el-cristo-de-la-exaltacion\\\/\"},\"wordCount\":119,\"commentCount\":0,\"image\":{\"@id\":\"https:\\\/\\\/reporteroshoy.mx\\\/noticias\\\/regresa-a-citilcum-el-cristo-de-la-exaltacion\\\/#primaryimage\"},\"thumbnailUrl\":\"https:\\\/\\\/reporteroshoy.mx\\\/noticias\\\/wp-content\\\/uploads\\\/2021\\\/04\\\/Cristo-Exaltacion.jpg\",\"keywords\":[\"Cristo de la Exaltaci\u00f3n\",\"izamal\",\"kimbil\u00e1\",\"Yucat\u00e1n Centro\"],\"articleSection\":[\"Municipios\"],\"inLanguage\":\"es\",\"potentialAction\":[{\"@type\":\"CommentAction\",\"name\":\"Comment\",\"target\":[\"https:\\\/\\\/reporteroshoy.mx\\\/noticias\\\/regresa-a-citilcum-el-cristo-de-la-exaltacion\\\/#respond\"]}]},{\"@type\":\"WebPage\",\"@id\":\"https:\\\/\\\/reporteroshoy.mx\\\/noticias\\\/regresa-a-citilcum-el-cristo-de-la-exaltacion\\\/\",\"url\":\"https:\\\/\\\/reporteroshoy.mx\\\/noticias\\\/regresa-a-citilcum-el-cristo-de-la-exaltacion\\\/\",\"name\":\"Regresa a Citilcum el Cristo de la Exaltaci\u00f3n\",\"isPartOf\":{\"@id\":\"https:\\\/\\\/reporteroshoy.mx\\\/noticias\\\/#website\"},\"primaryImageOfPage\":{\"@id\":\"https:\\\/\\\/reporteroshoy.mx\\\/noticias\\\/regresa-a-citilcum-el-cristo-de-la-exaltacion\\\/#primaryimage\"},\"image\":{\"@id\":\"https:\\\/\\\/reporteroshoy.mx\\\/noticias\\\/regresa-a-citilcum-el-cristo-de-la-exaltacion\\\/#primaryimage\"},\"thumbnailUrl\":\"https:\\\/\\\/reporteroshoy.mx\\\/noticias\\\/wp-content\\\/uploads\\\/2021\\\/04\\\/Cristo-Exaltacion.jpg\",\"datePublished\":\"2021-04-26T14:30:07+00:00\",\"dateModified\":\"2021-04-26T15:02:39+00:00\",\"author\":{\"@id\":\"https:\\\/\\\/reporteroshoy.mx\\\/noticias\\\/#\\\/schema\\\/person\\\/c977527e57c958a62c5cefe8fe47876e\"},\"description\":\"La imagen regres\u00f3 a Citilcum luego de permanecer cuatro semanas en Kimbil\u00e1.\",\"breadcrumb\":{\"@id\":\"https:\\\/\\\/reporteroshoy.mx\\\/noticias\\\/regresa-a-citilcum-el-cristo-de-la-exaltacion\\\/#breadcrumb\"},\"inLanguage\":\"es\",\"potentialAction\":[{\"@type\":\"ReadAction\",\"target\":[\"https:\\\/\\\/reporteroshoy.mx\\\/noticias\\\/regresa-a-citilcum-el-cristo-de-la-exaltacion\\\/\"]}]},{\"@type\":\"ImageObject\",\"inLanguage\":\"es\",\"@id\":\"https:\\\/\\\/reporteroshoy.mx\\\/noticias\\\/regresa-a-citilcum-el-cristo-de-la-exaltacion\\\/#primaryimage\",\"url\":\"https:\\\/\\\/reporteroshoy.mx\\\/noticias\\\/wp-content\\\/uploads\\\/2021\\\/04\\\/Cristo-Exaltacion.jpg\",\"contentUrl\":\"https:\\\/\\\/reporteroshoy.mx\\\/noticias\\\/wp-content\\\/uploads\\\/2021\\\/04\\\/Cristo-Exaltacion.jpg\",\"width\":768,\"height\":432},{\"@type\":\"BreadcrumbList\",\"@id\":\"https:\\\/\\\/reporteroshoy.mx\\\/noticias\\\/regresa-a-citilcum-el-cristo-de-la-exaltacion\\\/#breadcrumb\",\"itemListElement\":[{\"@type\":\"ListItem\",\"position\":1,\"name\":\"Portada\",\"item\":\"https:\\\/\\\/reporteroshoy.mx\\\/noticias\\\/\"},{\"@type\":\"ListItem\",\"position\":2,\"name\":\"Regresa a Citilcum el Cristo de la Exaltaci\u00f3n\"}]},{\"@type\":\"WebSite\",\"@id\":\"https:\\\/\\\/reporteroshoy.mx\\\/noticias\\\/#website\",\"url\":\"https:\\\/\\\/reporteroshoy.mx\\\/noticias\\\/\",\"name\":\"Reporteros Hoy | Noticias de Yucat\u00e1n\",\"description\":\"Peri\u00f3dico digital con noticias diarias desde M\u00e9rida, Yucat\u00e1n para el mundo.\",\"potentialAction\":[{\"@type\":\"SearchAction\",\"target\":{\"@type\":\"EntryPoint\",\"urlTemplate\":\"https:\\\/\\\/reporteroshoy.mx\\\/noticias\\\/?s={search_term_string}\"},\"query-input\":{\"@type\":\"PropertyValueSpecification\",\"valueRequired\":true,\"valueName\":\"search_term_string\"}}],\"inLanguage\":\"es\"},{\"@type\":\"Person\",\"@id\":\"https:\\\/\\\/reporteroshoy.mx\\\/noticias\\\/#\\\/schema\\\/person\\\/c977527e57c958a62c5cefe8fe47876e\",\"name\":\"Reporteros Hoy WP\",\"image\":{\"@type\":\"ImageObject\",\"inLanguage\":\"es\",\"@id\":\"https:\\\/\\\/secure.gravatar.com\\\/avatar\\\/fd2917f79a7dae30f8ac9ddc2f35e1756bb59e25e01d1cd09deaa64df7b2f73e?s=96&d=mm&r=g\",\"url\":\"https:\\\/\\\/secure.gravatar.com\\\/avatar\\\/fd2917f79a7dae30f8ac9ddc2f35e1756bb59e25e01d1cd09deaa64df7b2f73e?s=96&d=mm&r=g\",\"contentUrl\":\"https:\\\/\\\/secure.gravatar.com\\\/avatar\\\/fd2917f79a7dae30f8ac9ddc2f35e1756bb59e25e01d1cd09deaa64df7b2f73e?s=96&d=mm&r=g\",\"caption\":\"Reporteros Hoy WP\"},\"url\":\"https:\\\/\\\/reporteroshoy.mx\\\/noticias\\\/author\\\/walfer\\\/\"}]}<\/script>\n<!-- \/ Yoast SEO plugin. -->","yoast_head_json":{"title":"Regresa a Citilcum el Cristo de la Exaltaci\u00f3n","description":"La imagen regres\u00f3 a Citilcum luego de permanecer cuatro semanas en Kimbil\u00e1.","robots":{"index":"index","follow":"follow","max-snippet":"max-snippet:-1","max-image-preview":"max-image-preview:large","max-video-preview":"max-video-preview:-1"},"canonical":"https:\/\/reporteroshoy.mx\/noticias\/regresa-a-citilcum-el-cristo-de-la-exaltacion\/","og_locale":"es_ES","og_type":"article","og_title":"Regresa a Citilcum el Cristo de la Exaltaci\u00f3n","og_description":"La imagen regres\u00f3 a Citilcum luego de permanecer cuatro semanas en Kimbil\u00e1.","og_url":"https:\/\/reporteroshoy.mx\/noticias\/regresa-a-citilcum-el-cristo-de-la-exaltacion\/","og_site_name":"Reporteros Hoy | Noticias de Yucat\u00e1n","article_publisher":"http:\/\/www.facebook.com\/reporteroshoymx","article_published_time":"2021-04-26T14:30:07+00:00","article_modified_time":"2021-04-26T15:02:39+00:00","og_image":[{"width":768,"height":432,"url":"https:\/\/reporteroshoy.mx\/noticias\/wp-content\/uploads\/2021\/04\/Cristo-Exaltacion.jpg","type":"image\/jpeg"}],"author":"Reporteros Hoy WP","twitter_card":"summary_large_image","twitter_creator":"@reporteroshoy","twitter_site":"@reporteroshoy","twitter_misc":{"Escrito por":"Reporteros Hoy WP","Tiempo de lectura":"1 minuto"},"schema":{"@context":"https:\/\/schema.org","@graph":[{"@type":"Article","@id":"https:\/\/reporteroshoy.mx\/noticias\/regresa-a-citilcum-el-cristo-de-la-exaltacion\/#article","isPartOf":{"@id":"https:\/\/reporteroshoy.mx\/noticias\/regresa-a-citilcum-el-cristo-de-la-exaltacion\/"},"author":{"name":"Reporteros Hoy WP","@id":"https:\/\/reporteroshoy.mx\/noticias\/#\/schema\/person\/c977527e57c958a62c5cefe8fe47876e"},"headline":"Regresa a Citilcum el Cristo de la Exaltaci\u00f3n","datePublished":"2021-04-26T14:30:07+00:00","dateModified":"2021-04-26T15:02:39+00:00","mainEntityOfPage":{"@id":"https:\/\/reporteroshoy.mx\/noticias\/regresa-a-citilcum-el-cristo-de-la-exaltacion\/"},"wordCount":119,"commentCount":0,"image":{"@id":"https:\/\/reporteroshoy.mx\/noticias\/regresa-a-citilcum-el-cristo-de-la-exaltacion\/#primaryimage"},"thumbnailUrl":"https:\/\/reporteroshoy.mx\/noticias\/wp-content\/uploads\/2021\/04\/Cristo-Exaltacion.jpg","keywords":["Cristo de la Exaltaci\u00f3n","izamal","kimbil\u00e1","Yucat\u00e1n Centro"],"articleSection":["Municipios"],"inLanguage":"es","potentialAction":[{"@type":"CommentAction","name":"Comment","target":["https:\/\/reporteroshoy.mx\/noticias\/regresa-a-citilcum-el-cristo-de-la-exaltacion\/#respond"]}]},{"@type":"WebPage","@id":"https:\/\/reporteroshoy.mx\/noticias\/regresa-a-citilcum-el-cristo-de-la-exaltacion\/","url":"https:\/\/reporteroshoy.mx\/noticias\/regresa-a-citilcum-el-cristo-de-la-exaltacion\/","name":"Regresa a Citilcum el Cristo de la Exaltaci\u00f3n","isPartOf":{"@id":"https:\/\/reporteroshoy.mx\/noticias\/#website"},"primaryImageOfPage":{"@id":"https:\/\/reporteroshoy.mx\/noticias\/regresa-a-citilcum-el-cristo-de-la-exaltacion\/#primaryimage"},"image":{"@id":"https:\/\/reporteroshoy.mx\/noticias\/regresa-a-citilcum-el-cristo-de-la-exaltacion\/#primaryimage"},"thumbnailUrl":"https:\/\/reporteroshoy.mx\/noticias\/wp-content\/uploads\/2021\/04\/Cristo-Exaltacion.jpg","datePublished":"2021-04-26T14:30:07+00:00","dateModified":"2021-04-26T15:02:39+00:00","author":{"@id":"https:\/\/reporteroshoy.mx\/noticias\/#\/schema\/person\/c977527e57c958a62c5cefe8fe47876e"},"description":"La imagen regres\u00f3 a Citilcum luego de permanecer cuatro semanas en Kimbil\u00e1.","breadcrumb":{"@id":"https:\/\/reporteroshoy.mx\/noticias\/regresa-a-citilcum-el-cristo-de-la-exaltacion\/#breadcrumb"},"inLanguage":"es","potentialAction":[{"@type":"ReadAction","target":["https:\/\/reporteroshoy.mx\/noticias\/regresa-a-citilcum-el-cristo-de-la-exaltacion\/"]}]},{"@type":"ImageObject","inLanguage":"es","@id":"https:\/\/reporteroshoy.mx\/noticias\/regresa-a-citilcum-el-cristo-de-la-exaltacion\/#primaryimage","url":"https:\/\/reporteroshoy.mx\/noticias\/wp-content\/uploads\/2021\/04\/Cristo-Exaltacion.jpg","contentUrl":"https:\/\/reporteroshoy.mx\/noticias\/wp-content\/uploads\/2021\/04\/Cristo-Exaltacion.jpg","width":768,"height":432},{"@type":"BreadcrumbList","@id":"https:\/\/reporteroshoy.mx\/noticias\/regresa-a-citilcum-el-cristo-de-la-exaltacion\/#breadcrumb","itemListElement":[{"@type":"ListItem","position":1,"name":"Portada","item":"https:\/\/reporteroshoy.mx\/noticias\/"},{"@type":"ListItem","position":2,"name":"Regresa a Citilcum el Cristo de la Exaltaci\u00f3n"}]},{"@type":"WebSite","@id":"https:\/\/reporteroshoy.mx\/noticias\/#website","url":"https:\/\/reporteroshoy.mx\/noticias\/","name":"Reporteros Hoy | Noticias de Yucat\u00e1n","description":"Peri\u00f3dico digital con noticias diarias desde M\u00e9rida, Yucat\u00e1n para el mundo.","potentialAction":[{"@type":"SearchAction","target":{"@type":"EntryPoint","urlTemplate":"https:\/\/reporteroshoy.mx\/noticias\/?s={search_term_string}"},"query-input":{"@type":"PropertyValueSpecification","valueRequired":true,"valueName":"search_term_string"}}],"inLanguage":"es"},{"@type":"Person","@id":"https:\/\/reporteroshoy.mx\/noticias\/#\/schema\/person\/c977527e57c958a62c5cefe8fe47876e","name":"Reporteros Hoy WP","image":{"@type":"ImageObject","inLanguage":"es","@id":"https:\/\/secure.gravatar.com\/avatar\/fd2917f79a7dae30f8ac9ddc2f35e1756bb59e25e01d1cd09deaa64df7b2f73e?s=96&d=mm&r=g","url":"https:\/\/secure.gravatar.com\/avatar\/fd2917f79a7dae30f8ac9ddc2f35e1756bb59e25e01d1cd09deaa64df7b2f73e?s=96&d=mm&r=g","contentUrl":"https:\/\/secure.gravatar.com\/avatar\/fd2917f79a7dae30f8ac9ddc2f35e1756bb59e25e01d1cd09deaa64df7b2f73e?s=96&d=mm&r=g","caption":"Reporteros Hoy WP"},"url":"https:\/\/reporteroshoy.mx\/noticias\/author\/walfer\/"}]}},"_links":{"self":[{"href":"https:\/\/reporteroshoy.mx\/noticias\/wp-json\/wp\/v2\/posts\/62314","targetHints":{"allow":["GET"]}}],"collection":[{"href":"https:\/\/reporteroshoy.mx\/noticias\/wp-json\/wp\/v2\/posts"}],"about":[{"href":"https:\/\/reporteroshoy.mx\/noticias\/wp-json\/wp\/v2\/types\/post"}],"author":[{"embeddable":true,"href":"https:\/\/reporteroshoy.mx\/noticias\/wp-json\/wp\/v2\/users\/9"}],"replies":[{"embeddable":true,"href":"https:\/\/reporteroshoy.mx\/noticias\/wp-json\/wp\/v2\/comments?post=62314"}],"version-history":[{"count":0,"href":"https:\/\/reporteroshoy.mx\/noticias\/wp-json\/wp\/v2\/posts\/62314\/revisions"}],"wp:featuredmedia":[{"embeddable":true,"href":"https:\/\/reporteroshoy.mx\/noticias\/wp-json\/wp\/v2\/media\/62315"}],"wp:attachment":[{"href":"https:\/\/reporteroshoy.mx\/noticias\/wp-json\/wp\/v2\/media?parent=62314"}],"wp:term":[{"taxonomy":"category","embeddable":true,"href":"https:\/\/reporteroshoy.mx\/noticias\/wp-json\/wp\/v2\/categories?post=62314"},{"taxonomy":"post_tag","embeddable":true,"href":"https:\/\/reporteroshoy.mx\/noticias\/wp-json\/wp\/v2\/tags?post=62314"}],"curies":[{"name":"wp","href":"https:\/\/api.w.org\/{rel}","templated":true}]}}