{"id":62374,"date":"2021-04-26T21:20:33","date_gmt":"2021-04-27T02:20:33","guid":{"rendered":"https:\/\/reporteroshoy.mx\/noticias\/?p=62374"},"modified":"2021-04-28T22:12:01","modified_gmt":"2021-04-29T03:12:01","slug":"prision-preventiva-a-imputados-por-secuestro-y-asesinato-de-empresario-yucateco","status":"publish","type":"post","link":"https:\/\/reporteroshoy.mx\/noticias\/prision-preventiva-a-imputados-por-secuestro-y-asesinato-de-empresario-yucateco\/","title":{"rendered":"Prisi\u00f3n preventiva a imputados por secuestro y asesinato de empresario yucateco"},"content":{"rendered":"<p class=\"x_gmail-MsoNormalCxSpMiddle\" style=\"text-align: justify;\" align=\"right\"><span style=\"color: #000000;\"><span lang=\"ES\">M\u00e9rida, Yucat\u00e1n a 26 de abril de 2021.-\u00a0<\/span><span lang=\"ES\">Tras ejecutarse una orden de aprehensi\u00f3n solicitada por la Fiscal\u00eda General del Estado (FGE) esta tarde se formul\u00f3 la imputaci\u00f3n a\u00a0 G.J.M.L., M.A.P.M., Y.M.M.L., M.A.P.B. y D.L.P.B., involucrados en la privaci\u00f3n de la libertad y\u00a0 posteriormente privar de la vida en Canc\u00fan a un ciudadano yucateco, motivo por el cual permanecer\u00e1n en prisi\u00f3n durante todo el tiempo que dure el proceso.<\/span><\/span><\/p>\n<p class=\"x_gmail-MsoNormalCxSpMiddle\" style=\"text-align: justify;\"><span lang=\"ES\" style=\"color: #000000;\">Despu\u00e9s de reportarse los hechos registrados en d\u00edas pasados en el Oriente de nuestra entidad, elementos policiacos de la FGE y la SSP iniciaron con la indagatoria para dar con el paradero de J.C.P, diligencias que llevaron a los investigadores estatales al vecino estado de Quintana Roo, donde gracias a la colaboraci\u00f3n entre autoridades de ambos Estados, se logr\u00f3 el r\u00e1pido esclarecimiento de los hechos tras la captura de los encausados para judicializar el caso por el delito de secuestro agravado ante el Juez Segundo de Control, del Primer Distrito Judicial.<\/span><\/p>\n<p class=\"x_gmail-MsoNormalCxSpMiddle\" style=\"text-align: justify;\"><span lang=\"ES\" style=\"color: #000000;\">Las investigaciones encabezadas por elementos de la Unidad Especializada en Combate al Secuestro (UECS) de la FGE y de la Polic\u00eda Estatal de Investigaci\u00f3n (PEI) de la SSP, arrojaron r\u00e1pidos resultados que derivaron en la detenci\u00f3n de los involucrados, por lo que una vez formulada la imputaci\u00f3n de los delitos, los fiscales de litigaci\u00f3n expusieron los datos que obran en la carpeta de investigaci\u00f3n para solicitar su vinculaci\u00f3n a proceso.<\/span><\/p>\n<p class=\"x_gmail-MsoNormalCxSpMiddle\" style=\"text-align: justify;\"><span lang=\"ES\" style=\"color: #000000;\">Durante la audiencia de este d\u00eda, los cinco acusados se reservaron el derecho a declarar y pidieron la duplicidad del t\u00e9rmino legal para definir su situaci\u00f3n jur\u00eddica, por lo que el Juez de Control estableci\u00f3 que la audiencia se reanude el pr\u00f3ximo viernes 30 de abril.<\/span><\/p>\n<p><span style=\"color: #000000;\"><img loading=\"lazy\" decoding=\"async\" class=\"wp-image-62347 aligncenter\" src=\"https:\/\/reporteroshoy.mx\/noticias\/wp-content\/uploads\/2021\/04\/SSP_SECUESTRADORES_TIZIMIN.jpg\" alt=\"\" width=\"595\" height=\"446\" \/><\/span><\/p>\n<p class=\"x_gmail-MsoNormalCxSpMiddle\" style=\"text-align: justify;\"><span lang=\"ES\" style=\"color: #000000;\">De acuerdo con lo detallado bajo la causa penal 100\/2021, los hechos ocurrieron el pasado 21 de abril, cuando el ciudadano yucateco fue privado de manera ilegal de su libertad cuando transitaba en el tramo de la carretera Tizim\u00edn-Colonia Yucat\u00e1n, para despu\u00e9s ser llevado al vecino Estado de Quintana Roo, desde donde los acusados se comunicaron con la familia de la v\u00edctima para pedir rescate.<\/span><\/p>\n","protected":false},"excerpt":{"rendered":"<p>G.J.M.L., M.A.P.M., Y.M.M.L., M.A.P.B. y D.L.P.B., privaron de la vida a un vecino de El Cuyo, pidieron rescate y luego asesinaron en Canc\u00fan, Quintana Roo.<\/p>\n","protected":false},"author":6,"featured_media":62347,"comment_status":"open","ping_status":"closed","sticky":false,"template":"","format":"standard","meta":{"footnotes":""},"categories":[14],"tags":[],"class_list":["post-62374","post","type-post","status-publish","format-standard","has-post-thumbnail","hentry","category-policia"],"yoast_head":"<!-- This site is optimized with the Yoast SEO plugin v28.3 - https:\/\/yoast.com\/product\/yoast-seo-wordpress\/ -->\n<title>Prisi\u00f3n preventiva a imputados por secuestro y asesinato de empresario yucateco<\/title>\n<meta name=\"description\" content=\"G.J.M.L., M.A.P.M., Y.M.M.L., M.A.P.B. y D.L.P.B., privaron de la vida a un vecino de El Cuyo, pidieron rescate y luego asesinaron en Canc\u00fan, Quintana Roo.\" \/>\n<meta name=\"robots\" content=\"index, follow, max-snippet:-1, max-image-preview:large, max-video-preview:-1\" \/>\n<link rel=\"canonical\" href=\"https:\/\/reporteroshoy.mx\/noticias\/prision-preventiva-a-imputados-por-secuestro-y-asesinato-de-empresario-yucateco\/\" \/>\n<meta property=\"og:locale\" content=\"es_ES\" \/>\n<meta property=\"og:type\" content=\"article\" \/>\n<meta property=\"og:title\" content=\"Prisi\u00f3n preventiva a imputados por secuestro y asesinato de empresario yucateco\" \/>\n<meta property=\"og:description\" content=\"G.J.M.L., M.A.P.M., Y.M.M.L., M.A.P.B. y D.L.P.B., privaron de la vida a un vecino de El Cuyo, pidieron rescate y luego asesinaron en Canc\u00fan, Quintana Roo.\" \/>\n<meta property=\"og:url\" content=\"https:\/\/reporteroshoy.mx\/noticias\/prision-preventiva-a-imputados-por-secuestro-y-asesinato-de-empresario-yucateco\/\" \/>\n<meta property=\"og:site_name\" content=\"Reporteros Hoy | Noticias de Yucat\u00e1n\" \/>\n<meta property=\"article:publisher\" content=\"http:\/\/www.facebook.com\/reporteroshoymx\" \/>\n<meta property=\"article:published_time\" content=\"2021-04-27T02:20:33+00:00\" \/>\n<meta property=\"article:modified_time\" content=\"2021-04-29T03:12:01+00:00\" \/>\n<meta property=\"og:image\" content=\"https:\/\/reporteroshoy.mx\/noticias\/wp-content\/uploads\/2021\/04\/SSP_SECUESTRADORES_TIZIMIN.jpg\" \/>\n\t<meta property=\"og:image:width\" content=\"768\" \/>\n\t<meta property=\"og:image:height\" content=\"576\" \/>\n\t<meta property=\"og:image:type\" content=\"image\/jpeg\" \/>\n<meta name=\"author\" content=\"Reporteros Hoy GS\" \/>\n<meta name=\"twitter:card\" content=\"summary_large_image\" \/>\n<meta name=\"twitter:creator\" content=\"@reporteroshoy\" \/>\n<meta name=\"twitter:site\" content=\"@reporteroshoy\" \/>\n<meta name=\"twitter:label1\" content=\"Escrito por\" \/>\n\t<meta name=\"twitter:data1\" content=\"Reporteros Hoy GS\" \/>\n\t<meta name=\"twitter:label2\" content=\"Tiempo de lectura\" \/>\n\t<meta name=\"twitter:data2\" content=\"2 minutos\" \/>\n<script type=\"application\/ld+json\" class=\"yoast-schema-graph\">{\"@context\":\"https:\\\/\\\/schema.org\",\"@graph\":[{\"@type\":\"Article\",\"@id\":\"https:\\\/\\\/reporteroshoy.mx\\\/noticias\\\/prision-preventiva-a-imputados-por-secuestro-y-asesinato-de-empresario-yucateco\\\/#article\",\"isPartOf\":{\"@id\":\"https:\\\/\\\/reporteroshoy.mx\\\/noticias\\\/prision-preventiva-a-imputados-por-secuestro-y-asesinato-de-empresario-yucateco\\\/\"},\"author\":{\"name\":\"Reporteros Hoy GS\",\"@id\":\"https:\\\/\\\/reporteroshoy.mx\\\/noticias\\\/#\\\/schema\\\/person\\\/49ae631fc906b44554e4ba3866c505d7\"},\"headline\":\"Prisi\u00f3n preventiva a imputados por secuestro y asesinato de empresario yucateco\",\"datePublished\":\"2021-04-27T02:20:33+00:00\",\"dateModified\":\"2021-04-29T03:12:01+00:00\",\"mainEntityOfPage\":{\"@id\":\"https:\\\/\\\/reporteroshoy.mx\\\/noticias\\\/prision-preventiva-a-imputados-por-secuestro-y-asesinato-de-empresario-yucateco\\\/\"},\"wordCount\":396,\"commentCount\":0,\"image\":{\"@id\":\"https:\\\/\\\/reporteroshoy.mx\\\/noticias\\\/prision-preventiva-a-imputados-por-secuestro-y-asesinato-de-empresario-yucateco\\\/#primaryimage\"},\"thumbnailUrl\":\"https:\\\/\\\/reporteroshoy.mx\\\/noticias\\\/wp-content\\\/uploads\\\/2021\\\/04\\\/SSP_SECUESTRADORES_TIZIMIN.jpg\",\"articleSection\":[\"Polic\u00eda\"],\"inLanguage\":\"es\",\"potentialAction\":[{\"@type\":\"CommentAction\",\"name\":\"Comment\",\"target\":[\"https:\\\/\\\/reporteroshoy.mx\\\/noticias\\\/prision-preventiva-a-imputados-por-secuestro-y-asesinato-de-empresario-yucateco\\\/#respond\"]}]},{\"@type\":\"WebPage\",\"@id\":\"https:\\\/\\\/reporteroshoy.mx\\\/noticias\\\/prision-preventiva-a-imputados-por-secuestro-y-asesinato-de-empresario-yucateco\\\/\",\"url\":\"https:\\\/\\\/reporteroshoy.mx\\\/noticias\\\/prision-preventiva-a-imputados-por-secuestro-y-asesinato-de-empresario-yucateco\\\/\",\"name\":\"Prisi\u00f3n preventiva a imputados por secuestro y asesinato de empresario yucateco\",\"isPartOf\":{\"@id\":\"https:\\\/\\\/reporteroshoy.mx\\\/noticias\\\/#website\"},\"primaryImageOfPage\":{\"@id\":\"https:\\\/\\\/reporteroshoy.mx\\\/noticias\\\/prision-preventiva-a-imputados-por-secuestro-y-asesinato-de-empresario-yucateco\\\/#primaryimage\"},\"image\":{\"@id\":\"https:\\\/\\\/reporteroshoy.mx\\\/noticias\\\/prision-preventiva-a-imputados-por-secuestro-y-asesinato-de-empresario-yucateco\\\/#primaryimage\"},\"thumbnailUrl\":\"https:\\\/\\\/reporteroshoy.mx\\\/noticias\\\/wp-content\\\/uploads\\\/2021\\\/04\\\/SSP_SECUESTRADORES_TIZIMIN.jpg\",\"datePublished\":\"2021-04-27T02:20:33+00:00\",\"dateModified\":\"2021-04-29T03:12:01+00:00\",\"author\":{\"@id\":\"https:\\\/\\\/reporteroshoy.mx\\\/noticias\\\/#\\\/schema\\\/person\\\/49ae631fc906b44554e4ba3866c505d7\"},\"description\":\"G.J.M.L., M.A.P.M., Y.M.M.L., M.A.P.B. y D.L.P.B., privaron de la vida a un vecino de El Cuyo, pidieron rescate y luego asesinaron en Canc\u00fan, Quintana Roo.\",\"breadcrumb\":{\"@id\":\"https:\\\/\\\/reporteroshoy.mx\\\/noticias\\\/prision-preventiva-a-imputados-por-secuestro-y-asesinato-de-empresario-yucateco\\\/#breadcrumb\"},\"inLanguage\":\"es\",\"potentialAction\":[{\"@type\":\"ReadAction\",\"target\":[\"https:\\\/\\\/reporteroshoy.mx\\\/noticias\\\/prision-preventiva-a-imputados-por-secuestro-y-asesinato-de-empresario-yucateco\\\/\"]}]},{\"@type\":\"ImageObject\",\"inLanguage\":\"es\",\"@id\":\"https:\\\/\\\/reporteroshoy.mx\\\/noticias\\\/prision-preventiva-a-imputados-por-secuestro-y-asesinato-de-empresario-yucateco\\\/#primaryimage\",\"url\":\"https:\\\/\\\/reporteroshoy.mx\\\/noticias\\\/wp-content\\\/uploads\\\/2021\\\/04\\\/SSP_SECUESTRADORES_TIZIMIN.jpg\",\"contentUrl\":\"https:\\\/\\\/reporteroshoy.mx\\\/noticias\\\/wp-content\\\/uploads\\\/2021\\\/04\\\/SSP_SECUESTRADORES_TIZIMIN.jpg\",\"width\":768,\"height\":576},{\"@type\":\"BreadcrumbList\",\"@id\":\"https:\\\/\\\/reporteroshoy.mx\\\/noticias\\\/prision-preventiva-a-imputados-por-secuestro-y-asesinato-de-empresario-yucateco\\\/#breadcrumb\",\"itemListElement\":[{\"@type\":\"ListItem\",\"position\":1,\"name\":\"Portada\",\"item\":\"https:\\\/\\\/reporteroshoy.mx\\\/noticias\\\/\"},{\"@type\":\"ListItem\",\"position\":2,\"name\":\"Prisi\u00f3n preventiva a imputados por secuestro y asesinato de empresario yucateco\"}]},{\"@type\":\"WebSite\",\"@id\":\"https:\\\/\\\/reporteroshoy.mx\\\/noticias\\\/#website\",\"url\":\"https:\\\/\\\/reporteroshoy.mx\\\/noticias\\\/\",\"name\":\"Reporteros Hoy | Noticias de Yucat\u00e1n\",\"description\":\"Peri\u00f3dico digital con noticias diarias desde M\u00e9rida, Yucat\u00e1n para el mundo.\",\"potentialAction\":[{\"@type\":\"SearchAction\",\"target\":{\"@type\":\"EntryPoint\",\"urlTemplate\":\"https:\\\/\\\/reporteroshoy.mx\\\/noticias\\\/?s={search_term_string}\"},\"query-input\":{\"@type\":\"PropertyValueSpecification\",\"valueRequired\":true,\"valueName\":\"search_term_string\"}}],\"inLanguage\":\"es\"},{\"@type\":\"Person\",\"@id\":\"https:\\\/\\\/reporteroshoy.mx\\\/noticias\\\/#\\\/schema\\\/person\\\/49ae631fc906b44554e4ba3866c505d7\",\"name\":\"Reporteros Hoy GS\",\"image\":{\"@type\":\"ImageObject\",\"inLanguage\":\"es\",\"@id\":\"https:\\\/\\\/secure.gravatar.com\\\/avatar\\\/00d32adb620345c3db2cfc175917f65c584e1e338fdc49ad126aa1f9830eb6a9?s=96&d=mm&r=g\",\"url\":\"https:\\\/\\\/secure.gravatar.com\\\/avatar\\\/00d32adb620345c3db2cfc175917f65c584e1e338fdc49ad126aa1f9830eb6a9?s=96&d=mm&r=g\",\"contentUrl\":\"https:\\\/\\\/secure.gravatar.com\\\/avatar\\\/00d32adb620345c3db2cfc175917f65c584e1e338fdc49ad126aa1f9830eb6a9?s=96&d=mm&r=g\",\"caption\":\"Reporteros Hoy GS\"},\"url\":\"https:\\\/\\\/reporteroshoy.mx\\\/noticias\\\/author\\\/lupis\\\/\"}]}<\/script>\n<!-- \/ Yoast SEO plugin. -->","yoast_head_json":{"title":"Prisi\u00f3n preventiva a imputados por secuestro y asesinato de empresario yucateco","description":"G.J.M.L., M.A.P.M., Y.M.M.L., M.A.P.B. y D.L.P.B., privaron de la vida a un vecino de El Cuyo, pidieron rescate y luego asesinaron en Canc\u00fan, Quintana Roo.","robots":{"index":"index","follow":"follow","max-snippet":"max-snippet:-1","max-image-preview":"max-image-preview:large","max-video-preview":"max-video-preview:-1"},"canonical":"https:\/\/reporteroshoy.mx\/noticias\/prision-preventiva-a-imputados-por-secuestro-y-asesinato-de-empresario-yucateco\/","og_locale":"es_ES","og_type":"article","og_title":"Prisi\u00f3n preventiva a imputados por secuestro y asesinato de empresario yucateco","og_description":"G.J.M.L., M.A.P.M., Y.M.M.L., M.A.P.B. y D.L.P.B., privaron de la vida a un vecino de El Cuyo, pidieron rescate y luego asesinaron en Canc\u00fan, Quintana Roo.","og_url":"https:\/\/reporteroshoy.mx\/noticias\/prision-preventiva-a-imputados-por-secuestro-y-asesinato-de-empresario-yucateco\/","og_site_name":"Reporteros Hoy | Noticias de Yucat\u00e1n","article_publisher":"http:\/\/www.facebook.com\/reporteroshoymx","article_published_time":"2021-04-27T02:20:33+00:00","article_modified_time":"2021-04-29T03:12:01+00:00","og_image":[{"width":768,"height":576,"url":"https:\/\/reporteroshoy.mx\/noticias\/wp-content\/uploads\/2021\/04\/SSP_SECUESTRADORES_TIZIMIN.jpg","type":"image\/jpeg"}],"author":"Reporteros Hoy GS","twitter_card":"summary_large_image","twitter_creator":"@reporteroshoy","twitter_site":"@reporteroshoy","twitter_misc":{"Escrito por":"Reporteros Hoy GS","Tiempo de lectura":"2 minutos"},"schema":{"@context":"https:\/\/schema.org","@graph":[{"@type":"Article","@id":"https:\/\/reporteroshoy.mx\/noticias\/prision-preventiva-a-imputados-por-secuestro-y-asesinato-de-empresario-yucateco\/#article","isPartOf":{"@id":"https:\/\/reporteroshoy.mx\/noticias\/prision-preventiva-a-imputados-por-secuestro-y-asesinato-de-empresario-yucateco\/"},"author":{"name":"Reporteros Hoy GS","@id":"https:\/\/reporteroshoy.mx\/noticias\/#\/schema\/person\/49ae631fc906b44554e4ba3866c505d7"},"headline":"Prisi\u00f3n preventiva a imputados por secuestro y asesinato de empresario yucateco","datePublished":"2021-04-27T02:20:33+00:00","dateModified":"2021-04-29T03:12:01+00:00","mainEntityOfPage":{"@id":"https:\/\/reporteroshoy.mx\/noticias\/prision-preventiva-a-imputados-por-secuestro-y-asesinato-de-empresario-yucateco\/"},"wordCount":396,"commentCount":0,"image":{"@id":"https:\/\/reporteroshoy.mx\/noticias\/prision-preventiva-a-imputados-por-secuestro-y-asesinato-de-empresario-yucateco\/#primaryimage"},"thumbnailUrl":"https:\/\/reporteroshoy.mx\/noticias\/wp-content\/uploads\/2021\/04\/SSP_SECUESTRADORES_TIZIMIN.jpg","articleSection":["Polic\u00eda"],"inLanguage":"es","potentialAction":[{"@type":"CommentAction","name":"Comment","target":["https:\/\/reporteroshoy.mx\/noticias\/prision-preventiva-a-imputados-por-secuestro-y-asesinato-de-empresario-yucateco\/#respond"]}]},{"@type":"WebPage","@id":"https:\/\/reporteroshoy.mx\/noticias\/prision-preventiva-a-imputados-por-secuestro-y-asesinato-de-empresario-yucateco\/","url":"https:\/\/reporteroshoy.mx\/noticias\/prision-preventiva-a-imputados-por-secuestro-y-asesinato-de-empresario-yucateco\/","name":"Prisi\u00f3n preventiva a imputados por secuestro y asesinato de empresario yucateco","isPartOf":{"@id":"https:\/\/reporteroshoy.mx\/noticias\/#website"},"primaryImageOfPage":{"@id":"https:\/\/reporteroshoy.mx\/noticias\/prision-preventiva-a-imputados-por-secuestro-y-asesinato-de-empresario-yucateco\/#primaryimage"},"image":{"@id":"https:\/\/reporteroshoy.mx\/noticias\/prision-preventiva-a-imputados-por-secuestro-y-asesinato-de-empresario-yucateco\/#primaryimage"},"thumbnailUrl":"https:\/\/reporteroshoy.mx\/noticias\/wp-content\/uploads\/2021\/04\/SSP_SECUESTRADORES_TIZIMIN.jpg","datePublished":"2021-04-27T02:20:33+00:00","dateModified":"2021-04-29T03:12:01+00:00","author":{"@id":"https:\/\/reporteroshoy.mx\/noticias\/#\/schema\/person\/49ae631fc906b44554e4ba3866c505d7"},"description":"G.J.M.L., M.A.P.M., Y.M.M.L., M.A.P.B. y D.L.P.B., privaron de la vida a un vecino de El Cuyo, pidieron rescate y luego asesinaron en Canc\u00fan, Quintana Roo.","breadcrumb":{"@id":"https:\/\/reporteroshoy.mx\/noticias\/prision-preventiva-a-imputados-por-secuestro-y-asesinato-de-empresario-yucateco\/#breadcrumb"},"inLanguage":"es","potentialAction":[{"@type":"ReadAction","target":["https:\/\/reporteroshoy.mx\/noticias\/prision-preventiva-a-imputados-por-secuestro-y-asesinato-de-empresario-yucateco\/"]}]},{"@type":"ImageObject","inLanguage":"es","@id":"https:\/\/reporteroshoy.mx\/noticias\/prision-preventiva-a-imputados-por-secuestro-y-asesinato-de-empresario-yucateco\/#primaryimage","url":"https:\/\/reporteroshoy.mx\/noticias\/wp-content\/uploads\/2021\/04\/SSP_SECUESTRADORES_TIZIMIN.jpg","contentUrl":"https:\/\/reporteroshoy.mx\/noticias\/wp-content\/uploads\/2021\/04\/SSP_SECUESTRADORES_TIZIMIN.jpg","width":768,"height":576},{"@type":"BreadcrumbList","@id":"https:\/\/reporteroshoy.mx\/noticias\/prision-preventiva-a-imputados-por-secuestro-y-asesinato-de-empresario-yucateco\/#breadcrumb","itemListElement":[{"@type":"ListItem","position":1,"name":"Portada","item":"https:\/\/reporteroshoy.mx\/noticias\/"},{"@type":"ListItem","position":2,"name":"Prisi\u00f3n preventiva a imputados por secuestro y asesinato de empresario yucateco"}]},{"@type":"WebSite","@id":"https:\/\/reporteroshoy.mx\/noticias\/#website","url":"https:\/\/reporteroshoy.mx\/noticias\/","name":"Reporteros Hoy | Noticias de Yucat\u00e1n","description":"Peri\u00f3dico digital con noticias diarias desde M\u00e9rida, Yucat\u00e1n para el mundo.","potentialAction":[{"@type":"SearchAction","target":{"@type":"EntryPoint","urlTemplate":"https:\/\/reporteroshoy.mx\/noticias\/?s={search_term_string}"},"query-input":{"@type":"PropertyValueSpecification","valueRequired":true,"valueName":"search_term_string"}}],"inLanguage":"es"},{"@type":"Person","@id":"https:\/\/reporteroshoy.mx\/noticias\/#\/schema\/person\/49ae631fc906b44554e4ba3866c505d7","name":"Reporteros Hoy GS","image":{"@type":"ImageObject","inLanguage":"es","@id":"https:\/\/secure.gravatar.com\/avatar\/00d32adb620345c3db2cfc175917f65c584e1e338fdc49ad126aa1f9830eb6a9?s=96&d=mm&r=g","url":"https:\/\/secure.gravatar.com\/avatar\/00d32adb620345c3db2cfc175917f65c584e1e338fdc49ad126aa1f9830eb6a9?s=96&d=mm&r=g","contentUrl":"https:\/\/secure.gravatar.com\/avatar\/00d32adb620345c3db2cfc175917f65c584e1e338fdc49ad126aa1f9830eb6a9?s=96&d=mm&r=g","caption":"Reporteros Hoy GS"},"url":"https:\/\/reporteroshoy.mx\/noticias\/author\/lupis\/"}]}},"_links":{"self":[{"href":"https:\/\/reporteroshoy.mx\/noticias\/wp-json\/wp\/v2\/posts\/62374","targetHints":{"allow":["GET"]}}],"collection":[{"href":"https:\/\/reporteroshoy.mx\/noticias\/wp-json\/wp\/v2\/posts"}],"about":[{"href":"https:\/\/reporteroshoy.mx\/noticias\/wp-json\/wp\/v2\/types\/post"}],"author":[{"embeddable":true,"href":"https:\/\/reporteroshoy.mx\/noticias\/wp-json\/wp\/v2\/users\/6"}],"replies":[{"embeddable":true,"href":"https:\/\/reporteroshoy.mx\/noticias\/wp-json\/wp\/v2\/comments?post=62374"}],"version-history":[{"count":0,"href":"https:\/\/reporteroshoy.mx\/noticias\/wp-json\/wp\/v2\/posts\/62374\/revisions"}],"wp:featuredmedia":[{"embeddable":true,"href":"https:\/\/reporteroshoy.mx\/noticias\/wp-json\/wp\/v2\/media\/62347"}],"wp:attachment":[{"href":"https:\/\/reporteroshoy.mx\/noticias\/wp-json\/wp\/v2\/media?parent=62374"}],"wp:term":[{"taxonomy":"category","embeddable":true,"href":"https:\/\/reporteroshoy.mx\/noticias\/wp-json\/wp\/v2\/categories?post=62374"},{"taxonomy":"post_tag","embeddable":true,"href":"https:\/\/reporteroshoy.mx\/noticias\/wp-json\/wp\/v2\/tags?post=62374"}],"curies":[{"name":"wp","href":"https:\/\/api.w.org\/{rel}","templated":true}]}}