{"id":62478,"date":"2021-04-28T12:30:45","date_gmt":"2021-04-28T17:30:45","guid":{"rendered":"https:\/\/reporteroshoy.mx\/noticias\/?p=62478"},"modified":"2021-04-28T21:57:34","modified_gmt":"2021-04-29T02:57:34","slug":"imputado-por-no-pagar-pension-alimenticia-para-sus-dos-hijos","status":"publish","type":"post","link":"https:\/\/reporteroshoy.mx\/noticias\/imputado-por-no-pagar-pension-alimenticia-para-sus-dos-hijos\/","title":{"rendered":"Imputado por no pagar pensi\u00f3n alimenticia para sus dos hijos"},"content":{"rendered":"<p class=\"x_MsoNormal\" style=\"text-align: justify;\">M\u00e9rida, Yucat\u00e1n; 28 de abril de 2021.- La Fiscal\u00eda General del Estado (FGE) formul\u00f3 la imputaci\u00f3n a D.E.P.O. por el delito de incumplimiento de las obligaciones de asistencia familiar, por no realizar los pagos de la pensi\u00f3n alimenticia para sus dos hijos, por lo que se present\u00f3 una querella que deriv\u00f3 en la causa penal 71\/2021.<\/p>\n<p class=\"x_MsoNormal\" style=\"text-align: justify;\">Tras la denuncia interpuesta, los especialistas de la Fiscal\u00eda iniciaron con la indagatoria, de la cual se desprende que la denunciante y el imputado mantuvieron una relaci\u00f3n sentimental, de la cual procrearon dos hijos actualmente menores de edad, pero decidieron separarse y suscribieron un convenio para el pago de una pensi\u00f3n alimenticia para ambos menores, pero desde octubre del a\u00f1o 2019 ha sido omiso en su aportaci\u00f3n, dejando de cumplir su deber de asistencia para sus descendientes directos.<\/p>\n<p><img loading=\"lazy\" decoding=\"async\" class=\"wp-image-62479 aligncenter\" src=\"https:\/\/reporteroshoy.mx\/noticias\/wp-content\/uploads\/2021\/04\/Pension.jpg\" alt=\"\" width=\"602\" height=\"338\" \/><\/p>\n<p class=\"x_MsoNormal\" style=\"text-align: justify;\">Durante la audiencia celebrada en el Centro de Justicia Oral de M\u00e9rida, los fiscales de litigaci\u00f3n formularon la imputaci\u00f3n del delito y a continuaci\u00f3n expusieron los datos de prueba que obran en la carpeta de investigaci\u00f3n para solicitar la vinculaci\u00f3n a proceso del encausado, quien pidi\u00f3 la ampliaci\u00f3n del t\u00e9rmino legal para definir su condici\u00f3n jur\u00eddica, por lo que el Juez Segundo de Control del Primer Distrito estableci\u00f3 que la audiencia se reanude este 29 de abril para resolver sobre la situaci\u00f3n del acusado por los hechos denunciados.<\/p>\n<p class=\"x_MsoNormal\" style=\"text-align: justify;\">Por \u00faltimo, los fiscales de litigaci\u00f3n expusieron los argumentos para solicitar la imposici\u00f3n de medidas cautelares y el Juez de Control, tras analizarlo, estableci\u00f3 que el imputado se presente peri\u00f3dicamente ante el Juez, se orden\u00f3 el embargo de bienes y deber\u00e1 someterse a la vigilancia del Centro Estatal de Medidas Cautelares; todas estas medidas se mantendr\u00e1n vigentes por todo el tiempo que dure el proceso.<\/p>\n","protected":false},"excerpt":{"rendered":"<p>El imputado se presentar\u00e1 peri\u00f3dicamente ante el Juez y se orden\u00f3 el embargo de bienes.<\/p>\n","protected":false},"author":9,"featured_media":62479,"comment_status":"open","ping_status":"closed","sticky":false,"template":"","format":"standard","meta":{"footnotes":""},"categories":[14],"tags":[431,3082,13523],"class_list":["post-62478","post","type-post","status-publish","format-standard","has-post-thumbnail","hentry","category-policia","tag-fge","tag-imputado","tag-pension-alimenticia"],"yoast_head":"<!-- This site is optimized with the Yoast SEO plugin v28.3 - https:\/\/yoast.com\/product\/yoast-seo-wordpress\/ -->\n<title>Imputado por no pagar pensi\u00f3n alimenticia para sus dos hijos<\/title>\n<meta name=\"description\" content=\"El imputado se presentar\u00e1 peri\u00f3dicamente ante el Juez y se orden\u00f3 el embargo de bienes.\" \/>\n<meta name=\"robots\" content=\"index, follow, max-snippet:-1, max-image-preview:large, max-video-preview:-1\" \/>\n<link rel=\"canonical\" href=\"https:\/\/reporteroshoy.mx\/noticias\/imputado-por-no-pagar-pension-alimenticia-para-sus-dos-hijos\/\" \/>\n<meta property=\"og:locale\" content=\"es_ES\" \/>\n<meta property=\"og:type\" content=\"article\" \/>\n<meta property=\"og:title\" content=\"Imputado por no pagar pensi\u00f3n alimenticia para sus dos hijos\" \/>\n<meta property=\"og:description\" content=\"El imputado se presentar\u00e1 peri\u00f3dicamente ante el Juez y se orden\u00f3 el embargo de bienes.\" \/>\n<meta property=\"og:url\" content=\"https:\/\/reporteroshoy.mx\/noticias\/imputado-por-no-pagar-pension-alimenticia-para-sus-dos-hijos\/\" \/>\n<meta property=\"og:site_name\" content=\"Reporteros Hoy | Noticias de Yucat\u00e1n\" \/>\n<meta property=\"article:publisher\" content=\"http:\/\/www.facebook.com\/reporteroshoymx\" \/>\n<meta property=\"article:published_time\" content=\"2021-04-28T17:30:45+00:00\" \/>\n<meta property=\"article:modified_time\" content=\"2021-04-29T02:57:34+00:00\" \/>\n<meta property=\"og:image\" content=\"https:\/\/reporteroshoy.mx\/noticias\/wp-content\/uploads\/2021\/04\/Pension.jpg\" \/>\n\t<meta property=\"og:image:width\" content=\"768\" \/>\n\t<meta property=\"og:image:height\" content=\"431\" \/>\n\t<meta property=\"og:image:type\" content=\"image\/jpeg\" \/>\n<meta name=\"author\" content=\"Reporteros Hoy WP\" \/>\n<meta name=\"twitter:card\" content=\"summary_large_image\" \/>\n<meta name=\"twitter:creator\" content=\"@reporteroshoy\" \/>\n<meta name=\"twitter:site\" content=\"@reporteroshoy\" \/>\n<meta name=\"twitter:label1\" content=\"Escrito por\" \/>\n\t<meta name=\"twitter:data1\" content=\"Reporteros Hoy WP\" \/>\n\t<meta name=\"twitter:label2\" content=\"Tiempo de lectura\" \/>\n\t<meta name=\"twitter:data2\" content=\"2 minutos\" \/>\n<script type=\"application\/ld+json\" class=\"yoast-schema-graph\">{\"@context\":\"https:\\\/\\\/schema.org\",\"@graph\":[{\"@type\":\"Article\",\"@id\":\"https:\\\/\\\/reporteroshoy.mx\\\/noticias\\\/imputado-por-no-pagar-pension-alimenticia-para-sus-dos-hijos\\\/#article\",\"isPartOf\":{\"@id\":\"https:\\\/\\\/reporteroshoy.mx\\\/noticias\\\/imputado-por-no-pagar-pension-alimenticia-para-sus-dos-hijos\\\/\"},\"author\":{\"name\":\"Reporteros Hoy WP\",\"@id\":\"https:\\\/\\\/reporteroshoy.mx\\\/noticias\\\/#\\\/schema\\\/person\\\/c977527e57c958a62c5cefe8fe47876e\"},\"headline\":\"Imputado por no pagar pensi\u00f3n alimenticia para sus dos hijos\",\"datePublished\":\"2021-04-28T17:30:45+00:00\",\"dateModified\":\"2021-04-29T02:57:34+00:00\",\"mainEntityOfPage\":{\"@id\":\"https:\\\/\\\/reporteroshoy.mx\\\/noticias\\\/imputado-por-no-pagar-pension-alimenticia-para-sus-dos-hijos\\\/\"},\"wordCount\":322,\"commentCount\":0,\"image\":{\"@id\":\"https:\\\/\\\/reporteroshoy.mx\\\/noticias\\\/imputado-por-no-pagar-pension-alimenticia-para-sus-dos-hijos\\\/#primaryimage\"},\"thumbnailUrl\":\"https:\\\/\\\/reporteroshoy.mx\\\/noticias\\\/wp-content\\\/uploads\\\/2021\\\/04\\\/Pension.jpg\",\"keywords\":[\"FGE\",\"Imputado\",\"pensi\u00f3n alimenticia\"],\"articleSection\":[\"Polic\u00eda\"],\"inLanguage\":\"es\",\"potentialAction\":[{\"@type\":\"CommentAction\",\"name\":\"Comment\",\"target\":[\"https:\\\/\\\/reporteroshoy.mx\\\/noticias\\\/imputado-por-no-pagar-pension-alimenticia-para-sus-dos-hijos\\\/#respond\"]}]},{\"@type\":\"WebPage\",\"@id\":\"https:\\\/\\\/reporteroshoy.mx\\\/noticias\\\/imputado-por-no-pagar-pension-alimenticia-para-sus-dos-hijos\\\/\",\"url\":\"https:\\\/\\\/reporteroshoy.mx\\\/noticias\\\/imputado-por-no-pagar-pension-alimenticia-para-sus-dos-hijos\\\/\",\"name\":\"Imputado por no pagar pensi\u00f3n alimenticia para sus dos hijos\",\"isPartOf\":{\"@id\":\"https:\\\/\\\/reporteroshoy.mx\\\/noticias\\\/#website\"},\"primaryImageOfPage\":{\"@id\":\"https:\\\/\\\/reporteroshoy.mx\\\/noticias\\\/imputado-por-no-pagar-pension-alimenticia-para-sus-dos-hijos\\\/#primaryimage\"},\"image\":{\"@id\":\"https:\\\/\\\/reporteroshoy.mx\\\/noticias\\\/imputado-por-no-pagar-pension-alimenticia-para-sus-dos-hijos\\\/#primaryimage\"},\"thumbnailUrl\":\"https:\\\/\\\/reporteroshoy.mx\\\/noticias\\\/wp-content\\\/uploads\\\/2021\\\/04\\\/Pension.jpg\",\"datePublished\":\"2021-04-28T17:30:45+00:00\",\"dateModified\":\"2021-04-29T02:57:34+00:00\",\"author\":{\"@id\":\"https:\\\/\\\/reporteroshoy.mx\\\/noticias\\\/#\\\/schema\\\/person\\\/c977527e57c958a62c5cefe8fe47876e\"},\"description\":\"El imputado se presentar\u00e1 peri\u00f3dicamente ante el Juez y se orden\u00f3 el embargo de bienes.\",\"breadcrumb\":{\"@id\":\"https:\\\/\\\/reporteroshoy.mx\\\/noticias\\\/imputado-por-no-pagar-pension-alimenticia-para-sus-dos-hijos\\\/#breadcrumb\"},\"inLanguage\":\"es\",\"potentialAction\":[{\"@type\":\"ReadAction\",\"target\":[\"https:\\\/\\\/reporteroshoy.mx\\\/noticias\\\/imputado-por-no-pagar-pension-alimenticia-para-sus-dos-hijos\\\/\"]}]},{\"@type\":\"ImageObject\",\"inLanguage\":\"es\",\"@id\":\"https:\\\/\\\/reporteroshoy.mx\\\/noticias\\\/imputado-por-no-pagar-pension-alimenticia-para-sus-dos-hijos\\\/#primaryimage\",\"url\":\"https:\\\/\\\/reporteroshoy.mx\\\/noticias\\\/wp-content\\\/uploads\\\/2021\\\/04\\\/Pension.jpg\",\"contentUrl\":\"https:\\\/\\\/reporteroshoy.mx\\\/noticias\\\/wp-content\\\/uploads\\\/2021\\\/04\\\/Pension.jpg\",\"width\":768,\"height\":431},{\"@type\":\"BreadcrumbList\",\"@id\":\"https:\\\/\\\/reporteroshoy.mx\\\/noticias\\\/imputado-por-no-pagar-pension-alimenticia-para-sus-dos-hijos\\\/#breadcrumb\",\"itemListElement\":[{\"@type\":\"ListItem\",\"position\":1,\"name\":\"Portada\",\"item\":\"https:\\\/\\\/reporteroshoy.mx\\\/noticias\\\/\"},{\"@type\":\"ListItem\",\"position\":2,\"name\":\"Imputado por no pagar pensi\u00f3n alimenticia para sus dos hijos\"}]},{\"@type\":\"WebSite\",\"@id\":\"https:\\\/\\\/reporteroshoy.mx\\\/noticias\\\/#website\",\"url\":\"https:\\\/\\\/reporteroshoy.mx\\\/noticias\\\/\",\"name\":\"Reporteros Hoy | Noticias de Yucat\u00e1n\",\"description\":\"Peri\u00f3dico digital con noticias diarias desde M\u00e9rida, Yucat\u00e1n para el mundo.\",\"potentialAction\":[{\"@type\":\"SearchAction\",\"target\":{\"@type\":\"EntryPoint\",\"urlTemplate\":\"https:\\\/\\\/reporteroshoy.mx\\\/noticias\\\/?s={search_term_string}\"},\"query-input\":{\"@type\":\"PropertyValueSpecification\",\"valueRequired\":true,\"valueName\":\"search_term_string\"}}],\"inLanguage\":\"es\"},{\"@type\":\"Person\",\"@id\":\"https:\\\/\\\/reporteroshoy.mx\\\/noticias\\\/#\\\/schema\\\/person\\\/c977527e57c958a62c5cefe8fe47876e\",\"name\":\"Reporteros Hoy WP\",\"image\":{\"@type\":\"ImageObject\",\"inLanguage\":\"es\",\"@id\":\"https:\\\/\\\/secure.gravatar.com\\\/avatar\\\/fd2917f79a7dae30f8ac9ddc2f35e1756bb59e25e01d1cd09deaa64df7b2f73e?s=96&d=mm&r=g\",\"url\":\"https:\\\/\\\/secure.gravatar.com\\\/avatar\\\/fd2917f79a7dae30f8ac9ddc2f35e1756bb59e25e01d1cd09deaa64df7b2f73e?s=96&d=mm&r=g\",\"contentUrl\":\"https:\\\/\\\/secure.gravatar.com\\\/avatar\\\/fd2917f79a7dae30f8ac9ddc2f35e1756bb59e25e01d1cd09deaa64df7b2f73e?s=96&d=mm&r=g\",\"caption\":\"Reporteros Hoy WP\"},\"url\":\"https:\\\/\\\/reporteroshoy.mx\\\/noticias\\\/author\\\/walfer\\\/\"}]}<\/script>\n<!-- \/ Yoast SEO plugin. -->","yoast_head_json":{"title":"Imputado por no pagar pensi\u00f3n alimenticia para sus dos hijos","description":"El imputado se presentar\u00e1 peri\u00f3dicamente ante el Juez y se orden\u00f3 el embargo de bienes.","robots":{"index":"index","follow":"follow","max-snippet":"max-snippet:-1","max-image-preview":"max-image-preview:large","max-video-preview":"max-video-preview:-1"},"canonical":"https:\/\/reporteroshoy.mx\/noticias\/imputado-por-no-pagar-pension-alimenticia-para-sus-dos-hijos\/","og_locale":"es_ES","og_type":"article","og_title":"Imputado por no pagar pensi\u00f3n alimenticia para sus dos hijos","og_description":"El imputado se presentar\u00e1 peri\u00f3dicamente ante el Juez y se orden\u00f3 el embargo de bienes.","og_url":"https:\/\/reporteroshoy.mx\/noticias\/imputado-por-no-pagar-pension-alimenticia-para-sus-dos-hijos\/","og_site_name":"Reporteros Hoy | Noticias de Yucat\u00e1n","article_publisher":"http:\/\/www.facebook.com\/reporteroshoymx","article_published_time":"2021-04-28T17:30:45+00:00","article_modified_time":"2021-04-29T02:57:34+00:00","og_image":[{"width":768,"height":431,"url":"https:\/\/reporteroshoy.mx\/noticias\/wp-content\/uploads\/2021\/04\/Pension.jpg","type":"image\/jpeg"}],"author":"Reporteros Hoy WP","twitter_card":"summary_large_image","twitter_creator":"@reporteroshoy","twitter_site":"@reporteroshoy","twitter_misc":{"Escrito por":"Reporteros Hoy WP","Tiempo de lectura":"2 minutos"},"schema":{"@context":"https:\/\/schema.org","@graph":[{"@type":"Article","@id":"https:\/\/reporteroshoy.mx\/noticias\/imputado-por-no-pagar-pension-alimenticia-para-sus-dos-hijos\/#article","isPartOf":{"@id":"https:\/\/reporteroshoy.mx\/noticias\/imputado-por-no-pagar-pension-alimenticia-para-sus-dos-hijos\/"},"author":{"name":"Reporteros Hoy WP","@id":"https:\/\/reporteroshoy.mx\/noticias\/#\/schema\/person\/c977527e57c958a62c5cefe8fe47876e"},"headline":"Imputado por no pagar pensi\u00f3n alimenticia para sus dos hijos","datePublished":"2021-04-28T17:30:45+00:00","dateModified":"2021-04-29T02:57:34+00:00","mainEntityOfPage":{"@id":"https:\/\/reporteroshoy.mx\/noticias\/imputado-por-no-pagar-pension-alimenticia-para-sus-dos-hijos\/"},"wordCount":322,"commentCount":0,"image":{"@id":"https:\/\/reporteroshoy.mx\/noticias\/imputado-por-no-pagar-pension-alimenticia-para-sus-dos-hijos\/#primaryimage"},"thumbnailUrl":"https:\/\/reporteroshoy.mx\/noticias\/wp-content\/uploads\/2021\/04\/Pension.jpg","keywords":["FGE","Imputado","pensi\u00f3n alimenticia"],"articleSection":["Polic\u00eda"],"inLanguage":"es","potentialAction":[{"@type":"CommentAction","name":"Comment","target":["https:\/\/reporteroshoy.mx\/noticias\/imputado-por-no-pagar-pension-alimenticia-para-sus-dos-hijos\/#respond"]}]},{"@type":"WebPage","@id":"https:\/\/reporteroshoy.mx\/noticias\/imputado-por-no-pagar-pension-alimenticia-para-sus-dos-hijos\/","url":"https:\/\/reporteroshoy.mx\/noticias\/imputado-por-no-pagar-pension-alimenticia-para-sus-dos-hijos\/","name":"Imputado por no pagar pensi\u00f3n alimenticia para sus dos hijos","isPartOf":{"@id":"https:\/\/reporteroshoy.mx\/noticias\/#website"},"primaryImageOfPage":{"@id":"https:\/\/reporteroshoy.mx\/noticias\/imputado-por-no-pagar-pension-alimenticia-para-sus-dos-hijos\/#primaryimage"},"image":{"@id":"https:\/\/reporteroshoy.mx\/noticias\/imputado-por-no-pagar-pension-alimenticia-para-sus-dos-hijos\/#primaryimage"},"thumbnailUrl":"https:\/\/reporteroshoy.mx\/noticias\/wp-content\/uploads\/2021\/04\/Pension.jpg","datePublished":"2021-04-28T17:30:45+00:00","dateModified":"2021-04-29T02:57:34+00:00","author":{"@id":"https:\/\/reporteroshoy.mx\/noticias\/#\/schema\/person\/c977527e57c958a62c5cefe8fe47876e"},"description":"El imputado se presentar\u00e1 peri\u00f3dicamente ante el Juez y se orden\u00f3 el embargo de bienes.","breadcrumb":{"@id":"https:\/\/reporteroshoy.mx\/noticias\/imputado-por-no-pagar-pension-alimenticia-para-sus-dos-hijos\/#breadcrumb"},"inLanguage":"es","potentialAction":[{"@type":"ReadAction","target":["https:\/\/reporteroshoy.mx\/noticias\/imputado-por-no-pagar-pension-alimenticia-para-sus-dos-hijos\/"]}]},{"@type":"ImageObject","inLanguage":"es","@id":"https:\/\/reporteroshoy.mx\/noticias\/imputado-por-no-pagar-pension-alimenticia-para-sus-dos-hijos\/#primaryimage","url":"https:\/\/reporteroshoy.mx\/noticias\/wp-content\/uploads\/2021\/04\/Pension.jpg","contentUrl":"https:\/\/reporteroshoy.mx\/noticias\/wp-content\/uploads\/2021\/04\/Pension.jpg","width":768,"height":431},{"@type":"BreadcrumbList","@id":"https:\/\/reporteroshoy.mx\/noticias\/imputado-por-no-pagar-pension-alimenticia-para-sus-dos-hijos\/#breadcrumb","itemListElement":[{"@type":"ListItem","position":1,"name":"Portada","item":"https:\/\/reporteroshoy.mx\/noticias\/"},{"@type":"ListItem","position":2,"name":"Imputado por no pagar pensi\u00f3n alimenticia para sus dos hijos"}]},{"@type":"WebSite","@id":"https:\/\/reporteroshoy.mx\/noticias\/#website","url":"https:\/\/reporteroshoy.mx\/noticias\/","name":"Reporteros Hoy | Noticias de Yucat\u00e1n","description":"Peri\u00f3dico digital con noticias diarias desde M\u00e9rida, Yucat\u00e1n para el mundo.","potentialAction":[{"@type":"SearchAction","target":{"@type":"EntryPoint","urlTemplate":"https:\/\/reporteroshoy.mx\/noticias\/?s={search_term_string}"},"query-input":{"@type":"PropertyValueSpecification","valueRequired":true,"valueName":"search_term_string"}}],"inLanguage":"es"},{"@type":"Person","@id":"https:\/\/reporteroshoy.mx\/noticias\/#\/schema\/person\/c977527e57c958a62c5cefe8fe47876e","name":"Reporteros Hoy WP","image":{"@type":"ImageObject","inLanguage":"es","@id":"https:\/\/secure.gravatar.com\/avatar\/fd2917f79a7dae30f8ac9ddc2f35e1756bb59e25e01d1cd09deaa64df7b2f73e?s=96&d=mm&r=g","url":"https:\/\/secure.gravatar.com\/avatar\/fd2917f79a7dae30f8ac9ddc2f35e1756bb59e25e01d1cd09deaa64df7b2f73e?s=96&d=mm&r=g","contentUrl":"https:\/\/secure.gravatar.com\/avatar\/fd2917f79a7dae30f8ac9ddc2f35e1756bb59e25e01d1cd09deaa64df7b2f73e?s=96&d=mm&r=g","caption":"Reporteros Hoy WP"},"url":"https:\/\/reporteroshoy.mx\/noticias\/author\/walfer\/"}]}},"_links":{"self":[{"href":"https:\/\/reporteroshoy.mx\/noticias\/wp-json\/wp\/v2\/posts\/62478","targetHints":{"allow":["GET"]}}],"collection":[{"href":"https:\/\/reporteroshoy.mx\/noticias\/wp-json\/wp\/v2\/posts"}],"about":[{"href":"https:\/\/reporteroshoy.mx\/noticias\/wp-json\/wp\/v2\/types\/post"}],"author":[{"embeddable":true,"href":"https:\/\/reporteroshoy.mx\/noticias\/wp-json\/wp\/v2\/users\/9"}],"replies":[{"embeddable":true,"href":"https:\/\/reporteroshoy.mx\/noticias\/wp-json\/wp\/v2\/comments?post=62478"}],"version-history":[{"count":0,"href":"https:\/\/reporteroshoy.mx\/noticias\/wp-json\/wp\/v2\/posts\/62478\/revisions"}],"wp:featuredmedia":[{"embeddable":true,"href":"https:\/\/reporteroshoy.mx\/noticias\/wp-json\/wp\/v2\/media\/62479"}],"wp:attachment":[{"href":"https:\/\/reporteroshoy.mx\/noticias\/wp-json\/wp\/v2\/media?parent=62478"}],"wp:term":[{"taxonomy":"category","embeddable":true,"href":"https:\/\/reporteroshoy.mx\/noticias\/wp-json\/wp\/v2\/categories?post=62478"},{"taxonomy":"post_tag","embeddable":true,"href":"https:\/\/reporteroshoy.mx\/noticias\/wp-json\/wp\/v2\/tags?post=62478"}],"curies":[{"name":"wp","href":"https:\/\/api.w.org\/{rel}","templated":true}]}}