{"id":62669,"date":"2021-04-30T18:30:02","date_gmt":"2021-04-30T23:30:02","guid":{"rendered":"https:\/\/reporteroshoy.mx\/noticias\/?p=62669"},"modified":"2021-04-30T20:35:03","modified_gmt":"2021-05-01T01:35:03","slug":"vinculados-a-proceso-por-secuestro-y-asesinato-de-empresario-yucateco","status":"publish","type":"post","link":"https:\/\/reporteroshoy.mx\/noticias\/vinculados-a-proceso-por-secuestro-y-asesinato-de-empresario-yucateco\/","title":{"rendered":"Vinculados a proceso por secuestro y asesinato de empresario yucateco"},"content":{"rendered":"<p class=\"x_gmail-MsoNormalCxSpMiddle\" style=\"text-align: justify;\" align=\"right\"><span lang=\"ES\">M\u00e9rida, Yucat\u00e1n a 30 de abril de 2021.- <\/span><span lang=\"ES\">Despu\u00e9s de ser valorados los datos de prueba aportados por la Fiscal\u00eda General del Estado (FGE), el Juez Segundo de Control del Primer Distrito Judicial vincul\u00f3 a proceso a G.J.M.L., M.A.P.M., Y.M.M.L., M.A.P.B. y D.L.P.B., quienes permanecer\u00e1n en prisi\u00f3n por el delito de secuestro agravado, tras los hechos ocurridos en d\u00edas pasados en el Oriente del <span style=\"color: #000000;\">Estado <\/span><strong><span style=\"color: #000080;\"><a style=\"color: #000080;\" href=\"https:\/\/reporteroshoy.mx\/noticias\/prision-preventiva-a-imputados-por-secuestro-y-asesinato-de-empresario-yucateco\/\">cuando privaron de su libertad y posteriormente de la vida a un empresario yucateco, luego de ser trasladado al vecino estado de Quintana Roo.<\/a><\/span><\/strong><\/span><\/p>\n<p class=\"x_gmail-MsoNormalCxSpMiddle\" style=\"text-align: justify;\"><span lang=\"ES\">En la audiencia celebrada en el Centro de Justicia Oral de M\u00e9rida, los fiscales de litigaci\u00f3n expusieron los datos de prueba obtenidos durante la indagatoria, mismos que establecen que el pasado 21 de abril el ciudadano yucateco fue privado de su libertad cuando transitaba en la v\u00eda Tizim\u00edn-Colonia Yucat\u00e1n, para posteriormente ser llevado al vecino Estado, desde donde los hoy vinculados se comunicaron con la familia de la v\u00edctima para pedir rescate.<\/span><\/p>\n<p><img loading=\"lazy\" decoding=\"async\" class=\"alignnone size-full wp-image-62347\" src=\"https:\/\/reporteroshoy.mx\/noticias\/wp-content\/uploads\/2021\/04\/SSP_SECUESTRADORES_TIZIMIN.jpg\" alt=\"\" width=\"768\" height=\"576\" \/><\/p>\n<p class=\"x_gmail-MsoNormalCxSpMiddle\" style=\"text-align: justify;\"><span lang=\"ES\">La indagatoria, realizada por personal de la Unidad Especializada en el Combate al Secuestro (UECS) de la FGE y especialistas de la Polic\u00eda Estatal de Investigaci\u00f3n (PEI) de la Secretar\u00eda de Seguridad P\u00fablica (SSP), llev\u00f3 a las autoridades yucatecas a trabajar de manera coordinada con las autoridades del vecino Estado, logr\u00e1ndose la detenci\u00f3n de los cinco involucrados tras dar muerte al empresario, por lo que el d\u00eda de hoy fueron vinculados a proceso y el Juez de Control otorg\u00f3 un plazo de cuatro meses para el cierre de la investigaci\u00f3n complementaria.<\/span><\/p>\n<p class=\"x_gmail-MsoNormalCxSpMiddle\" style=\"text-align: justify;\"><span lang=\"ES\">Una vez resuelta la situaci\u00f3n legal de los cinco imputados, se ratific\u00f3 la medida cautelar impuesta durante la audiencia inicial, que consiste en la prisi\u00f3n preventiva oficiosa por todo el tiempo que dure el proceso que se desahoga bajo la causa penal 100\/2021.<\/span><\/p>\n<p class=\"x_gmail-MsoNormalCxSpMiddle\" style=\"text-align: justify;\"><span lang=\"ES\">La Fiscal\u00eda General del Estado reitera su compromiso con la legalidad y la investigaci\u00f3n imparcial, ministerial, t\u00e9cnica, pericial, cient\u00edfica y policial, en cada uno de los casos.<\/span><\/p>\n<p>Bolet\u00edn de prensa<\/p>\n","protected":false},"excerpt":{"rendered":"<p>El pasado 21 de abril el empresario de Tizim\u00edn fue privado de su libertad cuando transitaba en la v\u00eda Tizim\u00edn-Colonia Yucat\u00e1n, para luego ser llevado a Quintana Roo.<\/p>\n","protected":false},"author":6,"featured_media":62347,"comment_status":"open","ping_status":"closed","sticky":false,"template":"","format":"standard","meta":{"footnotes":""},"categories":[14],"tags":[3117,17420],"class_list":["post-62669","post","type-post","status-publish","format-standard","has-post-thumbnail","hentry","category-policia","tag-secuestro","tag-secuestro-en-yucatan"],"yoast_head":"<!-- This site is optimized with the Yoast SEO plugin v28.3 - https:\/\/yoast.com\/product\/yoast-seo-wordpress\/ -->\n<title>Vinculados a proceso por secuestro y asesinato de empresario yucateco<\/title>\n<meta name=\"description\" content=\"El pasado 21 de abril el empresario de Tizim\u00edn fue privado de su libertad cuando transitaba en la v\u00eda Tizim\u00edn-Colonia Yucat\u00e1n, para luego ser llevado a Quintana Roo.\" \/>\n<meta name=\"robots\" content=\"index, follow, max-snippet:-1, max-image-preview:large, max-video-preview:-1\" \/>\n<link rel=\"canonical\" href=\"https:\/\/reporteroshoy.mx\/noticias\/vinculados-a-proceso-por-secuestro-y-asesinato-de-empresario-yucateco\/\" \/>\n<meta property=\"og:locale\" content=\"es_ES\" \/>\n<meta property=\"og:type\" content=\"article\" \/>\n<meta property=\"og:title\" content=\"Vinculados a proceso por secuestro y asesinato de empresario yucateco\" \/>\n<meta property=\"og:description\" content=\"El pasado 21 de abril el empresario de Tizim\u00edn fue privado de su libertad cuando transitaba en la v\u00eda Tizim\u00edn-Colonia Yucat\u00e1n, para luego ser llevado a Quintana Roo.\" \/>\n<meta property=\"og:url\" content=\"https:\/\/reporteroshoy.mx\/noticias\/vinculados-a-proceso-por-secuestro-y-asesinato-de-empresario-yucateco\/\" \/>\n<meta property=\"og:site_name\" content=\"Reporteros Hoy | Noticias de Yucat\u00e1n\" \/>\n<meta property=\"article:publisher\" content=\"http:\/\/www.facebook.com\/reporteroshoymx\" \/>\n<meta property=\"article:published_time\" content=\"2021-04-30T23:30:02+00:00\" \/>\n<meta property=\"article:modified_time\" content=\"2021-05-01T01:35:03+00:00\" \/>\n<meta property=\"og:image\" content=\"https:\/\/reporteroshoy.mx\/noticias\/wp-content\/uploads\/2021\/04\/SSP_SECUESTRADORES_TIZIMIN.jpg\" \/>\n\t<meta property=\"og:image:width\" content=\"768\" \/>\n\t<meta property=\"og:image:height\" content=\"576\" \/>\n\t<meta property=\"og:image:type\" content=\"image\/jpeg\" \/>\n<meta name=\"author\" content=\"Reporteros Hoy GS\" \/>\n<meta name=\"twitter:card\" content=\"summary_large_image\" \/>\n<meta name=\"twitter:creator\" content=\"@reporteroshoy\" \/>\n<meta name=\"twitter:site\" content=\"@reporteroshoy\" \/>\n<meta name=\"twitter:label1\" content=\"Escrito por\" \/>\n\t<meta name=\"twitter:data1\" content=\"Reporteros Hoy GS\" \/>\n\t<meta name=\"twitter:label2\" content=\"Tiempo de lectura\" \/>\n\t<meta name=\"twitter:data2\" content=\"2 minutos\" \/>\n<script type=\"application\/ld+json\" class=\"yoast-schema-graph\">{\"@context\":\"https:\\\/\\\/schema.org\",\"@graph\":[{\"@type\":\"Article\",\"@id\":\"https:\\\/\\\/reporteroshoy.mx\\\/noticias\\\/vinculados-a-proceso-por-secuestro-y-asesinato-de-empresario-yucateco\\\/#article\",\"isPartOf\":{\"@id\":\"https:\\\/\\\/reporteroshoy.mx\\\/noticias\\\/vinculados-a-proceso-por-secuestro-y-asesinato-de-empresario-yucateco\\\/\"},\"author\":{\"name\":\"Reporteros Hoy GS\",\"@id\":\"https:\\\/\\\/reporteroshoy.mx\\\/noticias\\\/#\\\/schema\\\/person\\\/49ae631fc906b44554e4ba3866c505d7\"},\"headline\":\"Vinculados a proceso por secuestro y asesinato de empresario yucateco\",\"datePublished\":\"2021-04-30T23:30:02+00:00\",\"dateModified\":\"2021-05-01T01:35:03+00:00\",\"mainEntityOfPage\":{\"@id\":\"https:\\\/\\\/reporteroshoy.mx\\\/noticias\\\/vinculados-a-proceso-por-secuestro-y-asesinato-de-empresario-yucateco\\\/\"},\"wordCount\":375,\"commentCount\":0,\"image\":{\"@id\":\"https:\\\/\\\/reporteroshoy.mx\\\/noticias\\\/vinculados-a-proceso-por-secuestro-y-asesinato-de-empresario-yucateco\\\/#primaryimage\"},\"thumbnailUrl\":\"https:\\\/\\\/reporteroshoy.mx\\\/noticias\\\/wp-content\\\/uploads\\\/2021\\\/04\\\/SSP_SECUESTRADORES_TIZIMIN.jpg\",\"keywords\":[\"Secuestro\",\"secuestro en Yucat\u00e1n\"],\"articleSection\":[\"Polic\u00eda\"],\"inLanguage\":\"es\",\"potentialAction\":[{\"@type\":\"CommentAction\",\"name\":\"Comment\",\"target\":[\"https:\\\/\\\/reporteroshoy.mx\\\/noticias\\\/vinculados-a-proceso-por-secuestro-y-asesinato-de-empresario-yucateco\\\/#respond\"]}]},{\"@type\":\"WebPage\",\"@id\":\"https:\\\/\\\/reporteroshoy.mx\\\/noticias\\\/vinculados-a-proceso-por-secuestro-y-asesinato-de-empresario-yucateco\\\/\",\"url\":\"https:\\\/\\\/reporteroshoy.mx\\\/noticias\\\/vinculados-a-proceso-por-secuestro-y-asesinato-de-empresario-yucateco\\\/\",\"name\":\"Vinculados a proceso por secuestro y asesinato de empresario yucateco\",\"isPartOf\":{\"@id\":\"https:\\\/\\\/reporteroshoy.mx\\\/noticias\\\/#website\"},\"primaryImageOfPage\":{\"@id\":\"https:\\\/\\\/reporteroshoy.mx\\\/noticias\\\/vinculados-a-proceso-por-secuestro-y-asesinato-de-empresario-yucateco\\\/#primaryimage\"},\"image\":{\"@id\":\"https:\\\/\\\/reporteroshoy.mx\\\/noticias\\\/vinculados-a-proceso-por-secuestro-y-asesinato-de-empresario-yucateco\\\/#primaryimage\"},\"thumbnailUrl\":\"https:\\\/\\\/reporteroshoy.mx\\\/noticias\\\/wp-content\\\/uploads\\\/2021\\\/04\\\/SSP_SECUESTRADORES_TIZIMIN.jpg\",\"datePublished\":\"2021-04-30T23:30:02+00:00\",\"dateModified\":\"2021-05-01T01:35:03+00:00\",\"author\":{\"@id\":\"https:\\\/\\\/reporteroshoy.mx\\\/noticias\\\/#\\\/schema\\\/person\\\/49ae631fc906b44554e4ba3866c505d7\"},\"description\":\"El pasado 21 de abril el empresario de Tizim\u00edn fue privado de su libertad cuando transitaba en la v\u00eda Tizim\u00edn-Colonia Yucat\u00e1n, para luego ser llevado a Quintana Roo.\",\"breadcrumb\":{\"@id\":\"https:\\\/\\\/reporteroshoy.mx\\\/noticias\\\/vinculados-a-proceso-por-secuestro-y-asesinato-de-empresario-yucateco\\\/#breadcrumb\"},\"inLanguage\":\"es\",\"potentialAction\":[{\"@type\":\"ReadAction\",\"target\":[\"https:\\\/\\\/reporteroshoy.mx\\\/noticias\\\/vinculados-a-proceso-por-secuestro-y-asesinato-de-empresario-yucateco\\\/\"]}]},{\"@type\":\"ImageObject\",\"inLanguage\":\"es\",\"@id\":\"https:\\\/\\\/reporteroshoy.mx\\\/noticias\\\/vinculados-a-proceso-por-secuestro-y-asesinato-de-empresario-yucateco\\\/#primaryimage\",\"url\":\"https:\\\/\\\/reporteroshoy.mx\\\/noticias\\\/wp-content\\\/uploads\\\/2021\\\/04\\\/SSP_SECUESTRADORES_TIZIMIN.jpg\",\"contentUrl\":\"https:\\\/\\\/reporteroshoy.mx\\\/noticias\\\/wp-content\\\/uploads\\\/2021\\\/04\\\/SSP_SECUESTRADORES_TIZIMIN.jpg\",\"width\":768,\"height\":576},{\"@type\":\"BreadcrumbList\",\"@id\":\"https:\\\/\\\/reporteroshoy.mx\\\/noticias\\\/vinculados-a-proceso-por-secuestro-y-asesinato-de-empresario-yucateco\\\/#breadcrumb\",\"itemListElement\":[{\"@type\":\"ListItem\",\"position\":1,\"name\":\"Portada\",\"item\":\"https:\\\/\\\/reporteroshoy.mx\\\/noticias\\\/\"},{\"@type\":\"ListItem\",\"position\":2,\"name\":\"Vinculados a proceso por secuestro y asesinato de empresario yucateco\"}]},{\"@type\":\"WebSite\",\"@id\":\"https:\\\/\\\/reporteroshoy.mx\\\/noticias\\\/#website\",\"url\":\"https:\\\/\\\/reporteroshoy.mx\\\/noticias\\\/\",\"name\":\"Reporteros Hoy | Noticias de Yucat\u00e1n\",\"description\":\"Peri\u00f3dico digital con noticias diarias desde M\u00e9rida, Yucat\u00e1n para el mundo.\",\"potentialAction\":[{\"@type\":\"SearchAction\",\"target\":{\"@type\":\"EntryPoint\",\"urlTemplate\":\"https:\\\/\\\/reporteroshoy.mx\\\/noticias\\\/?s={search_term_string}\"},\"query-input\":{\"@type\":\"PropertyValueSpecification\",\"valueRequired\":true,\"valueName\":\"search_term_string\"}}],\"inLanguage\":\"es\"},{\"@type\":\"Person\",\"@id\":\"https:\\\/\\\/reporteroshoy.mx\\\/noticias\\\/#\\\/schema\\\/person\\\/49ae631fc906b44554e4ba3866c505d7\",\"name\":\"Reporteros Hoy GS\",\"image\":{\"@type\":\"ImageObject\",\"inLanguage\":\"es\",\"@id\":\"https:\\\/\\\/secure.gravatar.com\\\/avatar\\\/00d32adb620345c3db2cfc175917f65c584e1e338fdc49ad126aa1f9830eb6a9?s=96&d=mm&r=g\",\"url\":\"https:\\\/\\\/secure.gravatar.com\\\/avatar\\\/00d32adb620345c3db2cfc175917f65c584e1e338fdc49ad126aa1f9830eb6a9?s=96&d=mm&r=g\",\"contentUrl\":\"https:\\\/\\\/secure.gravatar.com\\\/avatar\\\/00d32adb620345c3db2cfc175917f65c584e1e338fdc49ad126aa1f9830eb6a9?s=96&d=mm&r=g\",\"caption\":\"Reporteros Hoy GS\"},\"url\":\"https:\\\/\\\/reporteroshoy.mx\\\/noticias\\\/author\\\/lupis\\\/\"}]}<\/script>\n<!-- \/ Yoast SEO plugin. -->","yoast_head_json":{"title":"Vinculados a proceso por secuestro y asesinato de empresario yucateco","description":"El pasado 21 de abril el empresario de Tizim\u00edn fue privado de su libertad cuando transitaba en la v\u00eda Tizim\u00edn-Colonia Yucat\u00e1n, para luego ser llevado a Quintana Roo.","robots":{"index":"index","follow":"follow","max-snippet":"max-snippet:-1","max-image-preview":"max-image-preview:large","max-video-preview":"max-video-preview:-1"},"canonical":"https:\/\/reporteroshoy.mx\/noticias\/vinculados-a-proceso-por-secuestro-y-asesinato-de-empresario-yucateco\/","og_locale":"es_ES","og_type":"article","og_title":"Vinculados a proceso por secuestro y asesinato de empresario yucateco","og_description":"El pasado 21 de abril el empresario de Tizim\u00edn fue privado de su libertad cuando transitaba en la v\u00eda Tizim\u00edn-Colonia Yucat\u00e1n, para luego ser llevado a Quintana Roo.","og_url":"https:\/\/reporteroshoy.mx\/noticias\/vinculados-a-proceso-por-secuestro-y-asesinato-de-empresario-yucateco\/","og_site_name":"Reporteros Hoy | Noticias de Yucat\u00e1n","article_publisher":"http:\/\/www.facebook.com\/reporteroshoymx","article_published_time":"2021-04-30T23:30:02+00:00","article_modified_time":"2021-05-01T01:35:03+00:00","og_image":[{"width":768,"height":576,"url":"https:\/\/reporteroshoy.mx\/noticias\/wp-content\/uploads\/2021\/04\/SSP_SECUESTRADORES_TIZIMIN.jpg","type":"image\/jpeg"}],"author":"Reporteros Hoy GS","twitter_card":"summary_large_image","twitter_creator":"@reporteroshoy","twitter_site":"@reporteroshoy","twitter_misc":{"Escrito por":"Reporteros Hoy GS","Tiempo de lectura":"2 minutos"},"schema":{"@context":"https:\/\/schema.org","@graph":[{"@type":"Article","@id":"https:\/\/reporteroshoy.mx\/noticias\/vinculados-a-proceso-por-secuestro-y-asesinato-de-empresario-yucateco\/#article","isPartOf":{"@id":"https:\/\/reporteroshoy.mx\/noticias\/vinculados-a-proceso-por-secuestro-y-asesinato-de-empresario-yucateco\/"},"author":{"name":"Reporteros Hoy GS","@id":"https:\/\/reporteroshoy.mx\/noticias\/#\/schema\/person\/49ae631fc906b44554e4ba3866c505d7"},"headline":"Vinculados a proceso por secuestro y asesinato de empresario yucateco","datePublished":"2021-04-30T23:30:02+00:00","dateModified":"2021-05-01T01:35:03+00:00","mainEntityOfPage":{"@id":"https:\/\/reporteroshoy.mx\/noticias\/vinculados-a-proceso-por-secuestro-y-asesinato-de-empresario-yucateco\/"},"wordCount":375,"commentCount":0,"image":{"@id":"https:\/\/reporteroshoy.mx\/noticias\/vinculados-a-proceso-por-secuestro-y-asesinato-de-empresario-yucateco\/#primaryimage"},"thumbnailUrl":"https:\/\/reporteroshoy.mx\/noticias\/wp-content\/uploads\/2021\/04\/SSP_SECUESTRADORES_TIZIMIN.jpg","keywords":["Secuestro","secuestro en Yucat\u00e1n"],"articleSection":["Polic\u00eda"],"inLanguage":"es","potentialAction":[{"@type":"CommentAction","name":"Comment","target":["https:\/\/reporteroshoy.mx\/noticias\/vinculados-a-proceso-por-secuestro-y-asesinato-de-empresario-yucateco\/#respond"]}]},{"@type":"WebPage","@id":"https:\/\/reporteroshoy.mx\/noticias\/vinculados-a-proceso-por-secuestro-y-asesinato-de-empresario-yucateco\/","url":"https:\/\/reporteroshoy.mx\/noticias\/vinculados-a-proceso-por-secuestro-y-asesinato-de-empresario-yucateco\/","name":"Vinculados a proceso por secuestro y asesinato de empresario yucateco","isPartOf":{"@id":"https:\/\/reporteroshoy.mx\/noticias\/#website"},"primaryImageOfPage":{"@id":"https:\/\/reporteroshoy.mx\/noticias\/vinculados-a-proceso-por-secuestro-y-asesinato-de-empresario-yucateco\/#primaryimage"},"image":{"@id":"https:\/\/reporteroshoy.mx\/noticias\/vinculados-a-proceso-por-secuestro-y-asesinato-de-empresario-yucateco\/#primaryimage"},"thumbnailUrl":"https:\/\/reporteroshoy.mx\/noticias\/wp-content\/uploads\/2021\/04\/SSP_SECUESTRADORES_TIZIMIN.jpg","datePublished":"2021-04-30T23:30:02+00:00","dateModified":"2021-05-01T01:35:03+00:00","author":{"@id":"https:\/\/reporteroshoy.mx\/noticias\/#\/schema\/person\/49ae631fc906b44554e4ba3866c505d7"},"description":"El pasado 21 de abril el empresario de Tizim\u00edn fue privado de su libertad cuando transitaba en la v\u00eda Tizim\u00edn-Colonia Yucat\u00e1n, para luego ser llevado a Quintana Roo.","breadcrumb":{"@id":"https:\/\/reporteroshoy.mx\/noticias\/vinculados-a-proceso-por-secuestro-y-asesinato-de-empresario-yucateco\/#breadcrumb"},"inLanguage":"es","potentialAction":[{"@type":"ReadAction","target":["https:\/\/reporteroshoy.mx\/noticias\/vinculados-a-proceso-por-secuestro-y-asesinato-de-empresario-yucateco\/"]}]},{"@type":"ImageObject","inLanguage":"es","@id":"https:\/\/reporteroshoy.mx\/noticias\/vinculados-a-proceso-por-secuestro-y-asesinato-de-empresario-yucateco\/#primaryimage","url":"https:\/\/reporteroshoy.mx\/noticias\/wp-content\/uploads\/2021\/04\/SSP_SECUESTRADORES_TIZIMIN.jpg","contentUrl":"https:\/\/reporteroshoy.mx\/noticias\/wp-content\/uploads\/2021\/04\/SSP_SECUESTRADORES_TIZIMIN.jpg","width":768,"height":576},{"@type":"BreadcrumbList","@id":"https:\/\/reporteroshoy.mx\/noticias\/vinculados-a-proceso-por-secuestro-y-asesinato-de-empresario-yucateco\/#breadcrumb","itemListElement":[{"@type":"ListItem","position":1,"name":"Portada","item":"https:\/\/reporteroshoy.mx\/noticias\/"},{"@type":"ListItem","position":2,"name":"Vinculados a proceso por secuestro y asesinato de empresario yucateco"}]},{"@type":"WebSite","@id":"https:\/\/reporteroshoy.mx\/noticias\/#website","url":"https:\/\/reporteroshoy.mx\/noticias\/","name":"Reporteros Hoy | Noticias de Yucat\u00e1n","description":"Peri\u00f3dico digital con noticias diarias desde M\u00e9rida, Yucat\u00e1n para el mundo.","potentialAction":[{"@type":"SearchAction","target":{"@type":"EntryPoint","urlTemplate":"https:\/\/reporteroshoy.mx\/noticias\/?s={search_term_string}"},"query-input":{"@type":"PropertyValueSpecification","valueRequired":true,"valueName":"search_term_string"}}],"inLanguage":"es"},{"@type":"Person","@id":"https:\/\/reporteroshoy.mx\/noticias\/#\/schema\/person\/49ae631fc906b44554e4ba3866c505d7","name":"Reporteros Hoy GS","image":{"@type":"ImageObject","inLanguage":"es","@id":"https:\/\/secure.gravatar.com\/avatar\/00d32adb620345c3db2cfc175917f65c584e1e338fdc49ad126aa1f9830eb6a9?s=96&d=mm&r=g","url":"https:\/\/secure.gravatar.com\/avatar\/00d32adb620345c3db2cfc175917f65c584e1e338fdc49ad126aa1f9830eb6a9?s=96&d=mm&r=g","contentUrl":"https:\/\/secure.gravatar.com\/avatar\/00d32adb620345c3db2cfc175917f65c584e1e338fdc49ad126aa1f9830eb6a9?s=96&d=mm&r=g","caption":"Reporteros Hoy GS"},"url":"https:\/\/reporteroshoy.mx\/noticias\/author\/lupis\/"}]}},"_links":{"self":[{"href":"https:\/\/reporteroshoy.mx\/noticias\/wp-json\/wp\/v2\/posts\/62669","targetHints":{"allow":["GET"]}}],"collection":[{"href":"https:\/\/reporteroshoy.mx\/noticias\/wp-json\/wp\/v2\/posts"}],"about":[{"href":"https:\/\/reporteroshoy.mx\/noticias\/wp-json\/wp\/v2\/types\/post"}],"author":[{"embeddable":true,"href":"https:\/\/reporteroshoy.mx\/noticias\/wp-json\/wp\/v2\/users\/6"}],"replies":[{"embeddable":true,"href":"https:\/\/reporteroshoy.mx\/noticias\/wp-json\/wp\/v2\/comments?post=62669"}],"version-history":[{"count":0,"href":"https:\/\/reporteroshoy.mx\/noticias\/wp-json\/wp\/v2\/posts\/62669\/revisions"}],"wp:featuredmedia":[{"embeddable":true,"href":"https:\/\/reporteroshoy.mx\/noticias\/wp-json\/wp\/v2\/media\/62347"}],"wp:attachment":[{"href":"https:\/\/reporteroshoy.mx\/noticias\/wp-json\/wp\/v2\/media?parent=62669"}],"wp:term":[{"taxonomy":"category","embeddable":true,"href":"https:\/\/reporteroshoy.mx\/noticias\/wp-json\/wp\/v2\/categories?post=62669"},{"taxonomy":"post_tag","embeddable":true,"href":"https:\/\/reporteroshoy.mx\/noticias\/wp-json\/wp\/v2\/tags?post=62669"}],"curies":[{"name":"wp","href":"https:\/\/api.w.org\/{rel}","templated":true}]}}