{"id":62924,"date":"2021-05-04T20:30:58","date_gmt":"2021-05-05T01:30:58","guid":{"rendered":"https:\/\/reporteroshoy.mx\/noticias\/?p=62924"},"modified":"2021-05-10T02:48:42","modified_gmt":"2021-05-10T07:48:42","slug":"cobratario-entre-la-vida-y-la-muerte-tras-chocar-ebrio-en-carretera","status":"publish","type":"post","link":"https:\/\/reporteroshoy.mx\/noticias\/cobratario-entre-la-vida-y-la-muerte-tras-chocar-ebrio-en-carretera\/","title":{"rendered":"Cobratario entre la vida y la muerte tras chocar ebrio en carretera"},"content":{"rendered":"<p dir=\"ltr\" style=\"text-align: justify;\"><span style=\"color: #000000;\">Kinchil, Yucat\u00e1n; 4 de mayo de 2021 (ACOM).- Un popular cobratario de la regi\u00f3n poniente de Yucat\u00e1n se debate entre la vida y la muerte luego de protagonizar un aparatoso choque en la carretera federal Kinchil-Celest\u00fan, bajo los influjos del alcohol.<\/span><\/p>\n<p dir=\"ltr\" style=\"text-align: justify;\"><span style=\"color: #000000;\">Benedicto M.C., de 40 a\u00f1os de edad, se estrell\u00f3 con su motocicleta contra la parte trasera de un mototaxi y sali\u00f3 proyectado contra el pavimento poco antes de las nueve de la noche de ayer lunes.<\/span><\/p>\n<p dir=\"ltr\"><img loading=\"lazy\" decoding=\"async\" class=\"wp-image-62930 aligncenter\" src=\"https:\/\/reporteroshoy.mx\/noticias\/wp-content\/uploads\/2021\/05\/COBRATARIO-KINCHIL-2-scaled.jpg\" alt=\"\" width=\"603\" height=\"406\" \/><\/p>\n<p dir=\"ltr\" style=\"text-align: justify;\"><span style=\"color: #000000;\">El casco protector que portaba Benedicto qued\u00f3 destruido, por lo que sufri\u00f3 traumatismo craneoncef\u00e1lico severo y fractura en tibia derecha, as\u00ed como heridas abrasivas en ambos brazos. <\/span><\/p>\n<p dir=\"ltr\" style=\"text-align: justify;\"><span style=\"color: #000000;\">Al sitio del brutal encontronazo, en el kil\u00f3metro 40+900, arribaron elementos de la Polic\u00eda Municipal y de la Secretar\u00eda de Seguridad P\u00fablica.<\/span><\/p>\n<p dir=\"ltr\"><img loading=\"lazy\" decoding=\"async\" class=\"wp-image-62931 aligncenter\" src=\"https:\/\/reporteroshoy.mx\/noticias\/wp-content\/uploads\/2021\/05\/COBRATARIO-KINCHIL-scaled.jpg\" alt=\"\" width=\"650\" height=\"441\" \/><\/p>\n<p dir=\"ltr\" style=\"text-align: justify;\"><span style=\"color: #000000;\">Param\u00e9dicos de la unidad Y-23 de la SSP tambi\u00e9n se presentaron para trasladar de urgencia al motociclista a un hospital de la capital yucateca. <\/span><\/p>\n<p dir=\"ltr\" style=\"text-align: justify;\"><span style=\"color: #000000;\">Asimismo, agentes locales acordonaron el \u00e1rea y detuvieron al conductor del veh\u00edculo adaptado para el deslinde de responsabilidades. Se trata del mototaxista Jos\u00e9 Arturo F.T., de 43 a\u00f1os, vecino de Hunucm\u00e1, quien afortunadamente sali\u00f3 ileso del percance.<\/span><\/p>\n","protected":false},"excerpt":{"rendered":"<p>Benedicto fue a dar al hospital con traumatismo craneoencef\u00e1lico severo; hasta el casco que llevaba se destruy\u00f3 en el impacto contra un mototaxi.<\/p>\n","protected":false},"author":2,"featured_media":62931,"comment_status":"open","ping_status":"closed","sticky":false,"template":"","format":"standard","meta":{"footnotes":""},"categories":[11],"tags":[10405,121,4442,123],"class_list":["post-62924","post","type-post","status-publish","format-standard","has-post-thumbnail","hentry","category-municipios-de-yucatan","tag-choque-en-kinchil","tag-kinchil","tag-kinchil-celestun","tag-yucatan-poniente"],"yoast_head":"<!-- This site is optimized with the Yoast SEO plugin v28.4 - https:\/\/yoast.com\/product\/yoast-seo-wordpress\/ -->\n<title>Cobratario entre la vida y la muerte tras chocar ebrio en carretera<\/title>\n<meta name=\"description\" content=\"Benedicto fue a dar al hospital con traumatismo craneoencef\u00e1lico severo; hasta el casco que llevaba se destruy\u00f3 en el impacto contra un mototaxi.\" \/>\n<meta name=\"robots\" content=\"index, follow, max-snippet:-1, max-image-preview:large, max-video-preview:-1\" \/>\n<link rel=\"canonical\" href=\"https:\/\/reporteroshoy.mx\/noticias\/cobratario-entre-la-vida-y-la-muerte-tras-chocar-ebrio-en-carretera\/\" \/>\n<meta property=\"og:locale\" content=\"es_ES\" \/>\n<meta property=\"og:type\" content=\"article\" \/>\n<meta property=\"og:title\" content=\"Cobratario entre la vida y la muerte tras chocar ebrio en carretera\" \/>\n<meta property=\"og:description\" content=\"Benedicto fue a dar al hospital con traumatismo craneoencef\u00e1lico severo; hasta el casco que llevaba se destruy\u00f3 en el impacto contra un mototaxi.\" \/>\n<meta property=\"og:url\" content=\"https:\/\/reporteroshoy.mx\/noticias\/cobratario-entre-la-vida-y-la-muerte-tras-chocar-ebrio-en-carretera\/\" \/>\n<meta property=\"og:site_name\" content=\"Reporteros Hoy | Noticias de Yucat\u00e1n\" \/>\n<meta property=\"article:publisher\" content=\"http:\/\/www.facebook.com\/reporteroshoymx\" \/>\n<meta property=\"article:published_time\" content=\"2021-05-05T01:30:58+00:00\" \/>\n<meta property=\"article:modified_time\" content=\"2021-05-10T07:48:42+00:00\" \/>\n<meta property=\"og:image\" content=\"https:\/\/reporteroshoy.mx\/noticias\/wp-content\/uploads\/2021\/05\/COBRATARIO-KINCHIL-scaled.jpg\" \/>\n\t<meta property=\"og:image:width\" content=\"768\" \/>\n\t<meta property=\"og:image:height\" content=\"521\" \/>\n\t<meta property=\"og:image:type\" content=\"image\/jpeg\" \/>\n<meta name=\"author\" content=\"Reporteros Hoy HY\" \/>\n<meta name=\"twitter:card\" content=\"summary_large_image\" \/>\n<meta name=\"twitter:creator\" content=\"@reporteroshoy\" \/>\n<meta name=\"twitter:site\" content=\"@reporteroshoy\" \/>\n<meta name=\"twitter:label1\" content=\"Escrito por\" \/>\n\t<meta name=\"twitter:data1\" content=\"Reporteros Hoy HY\" \/>\n\t<meta name=\"twitter:label2\" content=\"Tiempo de lectura\" \/>\n\t<meta name=\"twitter:data2\" content=\"2 minutos\" \/>\n<script type=\"application\/ld+json\" class=\"yoast-schema-graph\">{\"@context\":\"https:\\\/\\\/schema.org\",\"@graph\":[{\"@type\":\"Article\",\"@id\":\"https:\\\/\\\/reporteroshoy.mx\\\/noticias\\\/cobratario-entre-la-vida-y-la-muerte-tras-chocar-ebrio-en-carretera\\\/#article\",\"isPartOf\":{\"@id\":\"https:\\\/\\\/reporteroshoy.mx\\\/noticias\\\/cobratario-entre-la-vida-y-la-muerte-tras-chocar-ebrio-en-carretera\\\/\"},\"author\":{\"name\":\"Reporteros Hoy HY\",\"@id\":\"https:\\\/\\\/reporteroshoy.mx\\\/noticias\\\/#\\\/schema\\\/person\\\/d32189074678a9d41498d4248e29aac3\"},\"headline\":\"Cobratario entre la vida y la muerte tras chocar ebrio en carretera\",\"datePublished\":\"2021-05-05T01:30:58+00:00\",\"dateModified\":\"2021-05-10T07:48:42+00:00\",\"mainEntityOfPage\":{\"@id\":\"https:\\\/\\\/reporteroshoy.mx\\\/noticias\\\/cobratario-entre-la-vida-y-la-muerte-tras-chocar-ebrio-en-carretera\\\/\"},\"wordCount\":211,\"commentCount\":0,\"image\":{\"@id\":\"https:\\\/\\\/reporteroshoy.mx\\\/noticias\\\/cobratario-entre-la-vida-y-la-muerte-tras-chocar-ebrio-en-carretera\\\/#primaryimage\"},\"thumbnailUrl\":\"https:\\\/\\\/reporteroshoy.mx\\\/noticias\\\/wp-content\\\/uploads\\\/2021\\\/05\\\/COBRATARIO-KINCHIL-scaled.jpg\",\"keywords\":[\"choque en Kinchil\",\"Kinchil\",\"Kinchil - Celest\u00fan\",\"Yucatan Poniente\"],\"articleSection\":[\"Municipios\"],\"inLanguage\":\"es\",\"potentialAction\":[{\"@type\":\"CommentAction\",\"name\":\"Comment\",\"target\":[\"https:\\\/\\\/reporteroshoy.mx\\\/noticias\\\/cobratario-entre-la-vida-y-la-muerte-tras-chocar-ebrio-en-carretera\\\/#respond\"]}]},{\"@type\":\"WebPage\",\"@id\":\"https:\\\/\\\/reporteroshoy.mx\\\/noticias\\\/cobratario-entre-la-vida-y-la-muerte-tras-chocar-ebrio-en-carretera\\\/\",\"url\":\"https:\\\/\\\/reporteroshoy.mx\\\/noticias\\\/cobratario-entre-la-vida-y-la-muerte-tras-chocar-ebrio-en-carretera\\\/\",\"name\":\"Cobratario entre la vida y la muerte tras chocar ebrio en carretera\",\"isPartOf\":{\"@id\":\"https:\\\/\\\/reporteroshoy.mx\\\/noticias\\\/#website\"},\"primaryImageOfPage\":{\"@id\":\"https:\\\/\\\/reporteroshoy.mx\\\/noticias\\\/cobratario-entre-la-vida-y-la-muerte-tras-chocar-ebrio-en-carretera\\\/#primaryimage\"},\"image\":{\"@id\":\"https:\\\/\\\/reporteroshoy.mx\\\/noticias\\\/cobratario-entre-la-vida-y-la-muerte-tras-chocar-ebrio-en-carretera\\\/#primaryimage\"},\"thumbnailUrl\":\"https:\\\/\\\/reporteroshoy.mx\\\/noticias\\\/wp-content\\\/uploads\\\/2021\\\/05\\\/COBRATARIO-KINCHIL-scaled.jpg\",\"datePublished\":\"2021-05-05T01:30:58+00:00\",\"dateModified\":\"2021-05-10T07:48:42+00:00\",\"author\":{\"@id\":\"https:\\\/\\\/reporteroshoy.mx\\\/noticias\\\/#\\\/schema\\\/person\\\/d32189074678a9d41498d4248e29aac3\"},\"description\":\"Benedicto fue a dar al hospital con traumatismo craneoencef\u00e1lico severo; hasta el casco que llevaba se destruy\u00f3 en el impacto contra un mototaxi.\",\"breadcrumb\":{\"@id\":\"https:\\\/\\\/reporteroshoy.mx\\\/noticias\\\/cobratario-entre-la-vida-y-la-muerte-tras-chocar-ebrio-en-carretera\\\/#breadcrumb\"},\"inLanguage\":\"es\",\"potentialAction\":[{\"@type\":\"ReadAction\",\"target\":[\"https:\\\/\\\/reporteroshoy.mx\\\/noticias\\\/cobratario-entre-la-vida-y-la-muerte-tras-chocar-ebrio-en-carretera\\\/\"]}]},{\"@type\":\"ImageObject\",\"inLanguage\":\"es\",\"@id\":\"https:\\\/\\\/reporteroshoy.mx\\\/noticias\\\/cobratario-entre-la-vida-y-la-muerte-tras-chocar-ebrio-en-carretera\\\/#primaryimage\",\"url\":\"https:\\\/\\\/reporteroshoy.mx\\\/noticias\\\/wp-content\\\/uploads\\\/2021\\\/05\\\/COBRATARIO-KINCHIL-scaled.jpg\",\"contentUrl\":\"https:\\\/\\\/reporteroshoy.mx\\\/noticias\\\/wp-content\\\/uploads\\\/2021\\\/05\\\/COBRATARIO-KINCHIL-scaled.jpg\",\"width\":768,\"height\":521},{\"@type\":\"BreadcrumbList\",\"@id\":\"https:\\\/\\\/reporteroshoy.mx\\\/noticias\\\/cobratario-entre-la-vida-y-la-muerte-tras-chocar-ebrio-en-carretera\\\/#breadcrumb\",\"itemListElement\":[{\"@type\":\"ListItem\",\"position\":1,\"name\":\"Portada\",\"item\":\"https:\\\/\\\/reporteroshoy.mx\\\/noticias\\\/\"},{\"@type\":\"ListItem\",\"position\":2,\"name\":\"Cobratario entre la vida y la muerte tras chocar ebrio en carretera\"}]},{\"@type\":\"WebSite\",\"@id\":\"https:\\\/\\\/reporteroshoy.mx\\\/noticias\\\/#website\",\"url\":\"https:\\\/\\\/reporteroshoy.mx\\\/noticias\\\/\",\"name\":\"Reporteros Hoy | Noticias de Yucat\u00e1n\",\"description\":\"Peri\u00f3dico digital con noticias diarias desde M\u00e9rida, Yucat\u00e1n para el mundo.\",\"potentialAction\":[{\"@type\":\"SearchAction\",\"target\":{\"@type\":\"EntryPoint\",\"urlTemplate\":\"https:\\\/\\\/reporteroshoy.mx\\\/noticias\\\/?s={search_term_string}\"},\"query-input\":{\"@type\":\"PropertyValueSpecification\",\"valueRequired\":true,\"valueName\":\"search_term_string\"}}],\"inLanguage\":\"es\"},{\"@type\":\"Person\",\"@id\":\"https:\\\/\\\/reporteroshoy.mx\\\/noticias\\\/#\\\/schema\\\/person\\\/d32189074678a9d41498d4248e29aac3\",\"name\":\"Reporteros Hoy HY\",\"image\":{\"@type\":\"ImageObject\",\"inLanguage\":\"es\",\"@id\":\"https:\\\/\\\/secure.gravatar.com\\\/avatar\\\/c539a82770f256437b35bda44650bb50f5fd4b7017f8b29672ed9f27a43cec47?s=96&d=mm&r=g\",\"url\":\"https:\\\/\\\/secure.gravatar.com\\\/avatar\\\/c539a82770f256437b35bda44650bb50f5fd4b7017f8b29672ed9f27a43cec47?s=96&d=mm&r=g\",\"contentUrl\":\"https:\\\/\\\/secure.gravatar.com\\\/avatar\\\/c539a82770f256437b35bda44650bb50f5fd4b7017f8b29672ed9f27a43cec47?s=96&d=mm&r=g\",\"caption\":\"Reporteros Hoy HY\"},\"url\":\"https:\\\/\\\/reporteroshoy.mx\\\/noticias\\\/author\\\/thelmo\\\/\"}]}<\/script>\n<!-- \/ Yoast SEO plugin. -->","yoast_head_json":{"title":"Cobratario entre la vida y la muerte tras chocar ebrio en carretera","description":"Benedicto fue a dar al hospital con traumatismo craneoencef\u00e1lico severo; hasta el casco que llevaba se destruy\u00f3 en el impacto contra un mototaxi.","robots":{"index":"index","follow":"follow","max-snippet":"max-snippet:-1","max-image-preview":"max-image-preview:large","max-video-preview":"max-video-preview:-1"},"canonical":"https:\/\/reporteroshoy.mx\/noticias\/cobratario-entre-la-vida-y-la-muerte-tras-chocar-ebrio-en-carretera\/","og_locale":"es_ES","og_type":"article","og_title":"Cobratario entre la vida y la muerte tras chocar ebrio en carretera","og_description":"Benedicto fue a dar al hospital con traumatismo craneoencef\u00e1lico severo; hasta el casco que llevaba se destruy\u00f3 en el impacto contra un mototaxi.","og_url":"https:\/\/reporteroshoy.mx\/noticias\/cobratario-entre-la-vida-y-la-muerte-tras-chocar-ebrio-en-carretera\/","og_site_name":"Reporteros Hoy | Noticias de Yucat\u00e1n","article_publisher":"http:\/\/www.facebook.com\/reporteroshoymx","article_published_time":"2021-05-05T01:30:58+00:00","article_modified_time":"2021-05-10T07:48:42+00:00","og_image":[{"width":768,"height":521,"url":"https:\/\/reporteroshoy.mx\/noticias\/wp-content\/uploads\/2021\/05\/COBRATARIO-KINCHIL-scaled.jpg","type":"image\/jpeg"}],"author":"Reporteros Hoy HY","twitter_card":"summary_large_image","twitter_creator":"@reporteroshoy","twitter_site":"@reporteroshoy","twitter_misc":{"Escrito por":"Reporteros Hoy HY","Tiempo de lectura":"2 minutos"},"schema":{"@context":"https:\/\/schema.org","@graph":[{"@type":"Article","@id":"https:\/\/reporteroshoy.mx\/noticias\/cobratario-entre-la-vida-y-la-muerte-tras-chocar-ebrio-en-carretera\/#article","isPartOf":{"@id":"https:\/\/reporteroshoy.mx\/noticias\/cobratario-entre-la-vida-y-la-muerte-tras-chocar-ebrio-en-carretera\/"},"author":{"name":"Reporteros Hoy HY","@id":"https:\/\/reporteroshoy.mx\/noticias\/#\/schema\/person\/d32189074678a9d41498d4248e29aac3"},"headline":"Cobratario entre la vida y la muerte tras chocar ebrio en carretera","datePublished":"2021-05-05T01:30:58+00:00","dateModified":"2021-05-10T07:48:42+00:00","mainEntityOfPage":{"@id":"https:\/\/reporteroshoy.mx\/noticias\/cobratario-entre-la-vida-y-la-muerte-tras-chocar-ebrio-en-carretera\/"},"wordCount":211,"commentCount":0,"image":{"@id":"https:\/\/reporteroshoy.mx\/noticias\/cobratario-entre-la-vida-y-la-muerte-tras-chocar-ebrio-en-carretera\/#primaryimage"},"thumbnailUrl":"https:\/\/reporteroshoy.mx\/noticias\/wp-content\/uploads\/2021\/05\/COBRATARIO-KINCHIL-scaled.jpg","keywords":["choque en Kinchil","Kinchil","Kinchil - Celest\u00fan","Yucatan Poniente"],"articleSection":["Municipios"],"inLanguage":"es","potentialAction":[{"@type":"CommentAction","name":"Comment","target":["https:\/\/reporteroshoy.mx\/noticias\/cobratario-entre-la-vida-y-la-muerte-tras-chocar-ebrio-en-carretera\/#respond"]}]},{"@type":"WebPage","@id":"https:\/\/reporteroshoy.mx\/noticias\/cobratario-entre-la-vida-y-la-muerte-tras-chocar-ebrio-en-carretera\/","url":"https:\/\/reporteroshoy.mx\/noticias\/cobratario-entre-la-vida-y-la-muerte-tras-chocar-ebrio-en-carretera\/","name":"Cobratario entre la vida y la muerte tras chocar ebrio en carretera","isPartOf":{"@id":"https:\/\/reporteroshoy.mx\/noticias\/#website"},"primaryImageOfPage":{"@id":"https:\/\/reporteroshoy.mx\/noticias\/cobratario-entre-la-vida-y-la-muerte-tras-chocar-ebrio-en-carretera\/#primaryimage"},"image":{"@id":"https:\/\/reporteroshoy.mx\/noticias\/cobratario-entre-la-vida-y-la-muerte-tras-chocar-ebrio-en-carretera\/#primaryimage"},"thumbnailUrl":"https:\/\/reporteroshoy.mx\/noticias\/wp-content\/uploads\/2021\/05\/COBRATARIO-KINCHIL-scaled.jpg","datePublished":"2021-05-05T01:30:58+00:00","dateModified":"2021-05-10T07:48:42+00:00","author":{"@id":"https:\/\/reporteroshoy.mx\/noticias\/#\/schema\/person\/d32189074678a9d41498d4248e29aac3"},"description":"Benedicto fue a dar al hospital con traumatismo craneoencef\u00e1lico severo; hasta el casco que llevaba se destruy\u00f3 en el impacto contra un mototaxi.","breadcrumb":{"@id":"https:\/\/reporteroshoy.mx\/noticias\/cobratario-entre-la-vida-y-la-muerte-tras-chocar-ebrio-en-carretera\/#breadcrumb"},"inLanguage":"es","potentialAction":[{"@type":"ReadAction","target":["https:\/\/reporteroshoy.mx\/noticias\/cobratario-entre-la-vida-y-la-muerte-tras-chocar-ebrio-en-carretera\/"]}]},{"@type":"ImageObject","inLanguage":"es","@id":"https:\/\/reporteroshoy.mx\/noticias\/cobratario-entre-la-vida-y-la-muerte-tras-chocar-ebrio-en-carretera\/#primaryimage","url":"https:\/\/reporteroshoy.mx\/noticias\/wp-content\/uploads\/2021\/05\/COBRATARIO-KINCHIL-scaled.jpg","contentUrl":"https:\/\/reporteroshoy.mx\/noticias\/wp-content\/uploads\/2021\/05\/COBRATARIO-KINCHIL-scaled.jpg","width":768,"height":521},{"@type":"BreadcrumbList","@id":"https:\/\/reporteroshoy.mx\/noticias\/cobratario-entre-la-vida-y-la-muerte-tras-chocar-ebrio-en-carretera\/#breadcrumb","itemListElement":[{"@type":"ListItem","position":1,"name":"Portada","item":"https:\/\/reporteroshoy.mx\/noticias\/"},{"@type":"ListItem","position":2,"name":"Cobratario entre la vida y la muerte tras chocar ebrio en carretera"}]},{"@type":"WebSite","@id":"https:\/\/reporteroshoy.mx\/noticias\/#website","url":"https:\/\/reporteroshoy.mx\/noticias\/","name":"Reporteros Hoy | Noticias de Yucat\u00e1n","description":"Peri\u00f3dico digital con noticias diarias desde M\u00e9rida, Yucat\u00e1n para el mundo.","potentialAction":[{"@type":"SearchAction","target":{"@type":"EntryPoint","urlTemplate":"https:\/\/reporteroshoy.mx\/noticias\/?s={search_term_string}"},"query-input":{"@type":"PropertyValueSpecification","valueRequired":true,"valueName":"search_term_string"}}],"inLanguage":"es"},{"@type":"Person","@id":"https:\/\/reporteroshoy.mx\/noticias\/#\/schema\/person\/d32189074678a9d41498d4248e29aac3","name":"Reporteros Hoy HY","image":{"@type":"ImageObject","inLanguage":"es","@id":"https:\/\/secure.gravatar.com\/avatar\/c539a82770f256437b35bda44650bb50f5fd4b7017f8b29672ed9f27a43cec47?s=96&d=mm&r=g","url":"https:\/\/secure.gravatar.com\/avatar\/c539a82770f256437b35bda44650bb50f5fd4b7017f8b29672ed9f27a43cec47?s=96&d=mm&r=g","contentUrl":"https:\/\/secure.gravatar.com\/avatar\/c539a82770f256437b35bda44650bb50f5fd4b7017f8b29672ed9f27a43cec47?s=96&d=mm&r=g","caption":"Reporteros Hoy HY"},"url":"https:\/\/reporteroshoy.mx\/noticias\/author\/thelmo\/"}]}},"_links":{"self":[{"href":"https:\/\/reporteroshoy.mx\/noticias\/wp-json\/wp\/v2\/posts\/62924","targetHints":{"allow":["GET"]}}],"collection":[{"href":"https:\/\/reporteroshoy.mx\/noticias\/wp-json\/wp\/v2\/posts"}],"about":[{"href":"https:\/\/reporteroshoy.mx\/noticias\/wp-json\/wp\/v2\/types\/post"}],"author":[{"embeddable":true,"href":"https:\/\/reporteroshoy.mx\/noticias\/wp-json\/wp\/v2\/users\/2"}],"replies":[{"embeddable":true,"href":"https:\/\/reporteroshoy.mx\/noticias\/wp-json\/wp\/v2\/comments?post=62924"}],"version-history":[{"count":0,"href":"https:\/\/reporteroshoy.mx\/noticias\/wp-json\/wp\/v2\/posts\/62924\/revisions"}],"wp:featuredmedia":[{"embeddable":true,"href":"https:\/\/reporteroshoy.mx\/noticias\/wp-json\/wp\/v2\/media\/62931"}],"wp:attachment":[{"href":"https:\/\/reporteroshoy.mx\/noticias\/wp-json\/wp\/v2\/media?parent=62924"}],"wp:term":[{"taxonomy":"category","embeddable":true,"href":"https:\/\/reporteroshoy.mx\/noticias\/wp-json\/wp\/v2\/categories?post=62924"},{"taxonomy":"post_tag","embeddable":true,"href":"https:\/\/reporteroshoy.mx\/noticias\/wp-json\/wp\/v2\/tags?post=62924"}],"curies":[{"name":"wp","href":"https:\/\/api.w.org\/{rel}","templated":true}]}}